{"id":8404,"date":"2021-06-05T04:43:57","date_gmt":"2021-06-05T08:43:57","guid":{"rendered":"https:\/\/www.eldiario.net\/portal\/?p=8404"},"modified":"2021-06-05T04:43:57","modified_gmt":"2021-06-05T08:43:57","slug":"precios-de-alimentos-suben-a-nivel-mundial","status":"publish","type":"post","link":"https:\/\/www.eldiario.net\/portal\/2021\/06\/05\/precios-de-alimentos-suben-a-nivel-mundial\/","title":{"rendered":"Precios de alimentos suben a nivel mundial"},"content":{"rendered":"<p>Los precios de alimentos, a nivel mundial, aumentaron en mayo a su tasa mensual m\u00e1s r\u00e1pida en m\u00e1s de una d\u00e9cada, incluso cuando la producci\u00f3n mundial de cereales est\u00e1 camino de alcanzar un nuevo r\u00e9cord, seg\u00fan la Organizaci\u00f3n de las Naciones Unidas para la Agricultura y la Alimentaci\u00f3n (FAO).<br \/>\nEl \u00edndice de precios de los alimentos de la FAO promedi\u00f3 127,1 puntos en mayo, un 4,8 % m\u00e1s que en abril y un 39,7 % m\u00e1s que en mayo de 2020.<br \/>\nUn aumento en los precios internacionales de los aceites vegetales, el az\u00facar y los cereales llev\u00f3 al aumento del \u00edndice, que rastrea los cambios mensuales en los precios internacionales de los productos alimenticios com\u00fanmente comercializados, a su valor m\u00e1s alto desde septiembre de 2011 y solo un 7,6 % por debajo de su valor total.<br \/>\nEl \u00edndice de precios de los cereales de la FAO aument\u00f3 un 6,0 % desde abril, impulsado por los precios internacionales del ma\u00edz, que promediaron un 89,9 % por encima de su valor del a\u00f1o anterior.<br \/>\nSin embargo, los precios del ma\u00edz comenzaron a retroceder a finales de mayo, principalmente debido a la mejora de las perspectivas de producci\u00f3n en los Estados Unidos de Am\u00e9rica. Los precios internacionales del trigo tambi\u00e9n registraron un descenso a fines de mes, pero en mayo fueron un 6,8 % m\u00e1s alto que en abril, mientras que las cotizaciones internacionales del arroz se mantuvieron estables.<br \/>\nEl \u00edndice de precios del aceite vegetal de la FAO subi\u00f3 un 7,8 % en mayo, debido principalmente al aumento de las cotizaciones del aceite de palma, soja y colza. Los precios del aceite de palma subieron debido al lento crecimiento de la producci\u00f3n en los pa\u00edses del sudeste asi\u00e1tico, mientras que las perspectivas de una s\u00f3lida demanda mundial, especialmente del sector del biodi\u00e9sel, hicieron subir los precios del aceite de soja.<br \/>\nEl \u00edndice de precios del az\u00facar de la FAO aument\u00f3 un 6,8 % desde abril, debido en gran parte a retrasos en la cosecha y preocupaciones por la reducci\u00f3n de los rendimientos de los cultivos en Brasil, el mayor exportador de az\u00facar del mundo, incluso cuando los grandes vol\u00famenes de exportaci\u00f3n de la India contribuyeron a aliviar el aumento de los precios.<br \/>\nEl \u00edndice de precios de la carne de la FAO aument\u00f3 un 2,2 % desde abril, y las cotizaciones para todos los tipos de carne aumentaron debido a un ritmo m\u00e1s r\u00e1pido de compras de importaci\u00f3n por parte de China, as\u00ed como al aumento de la demanda interna de carnes de aves y cerdos en las principales regiones productoras.<br \/>\nEl \u00edndice de precios de los productos l\u00e1cteos de la FAO aument\u00f3 un 1,8 % en el mes, con un promedio de 28 % por encima de su nivel de hace un a\u00f1o. El aumento estuvo impulsado por una s\u00f3lida demanda de importaci\u00f3n de leche en polvo desnatada y entera, mientras que los precios de la mantequilla bajaron por primera vez en casi un a\u00f1o debido al aumento de los suministros de exportaci\u00f3n de Nueva Zelandia.<\/p>\n","protected":false},"excerpt":{"rendered":"<p>Los precios de alimentos, a nivel mundial, aumentaron en mayo a su tasa mensual m\u00e1s r\u00e1pida en m\u00e1s de una d\u00e9cada, incluso cuando la producci\u00f3n mundial de cereales est\u00e1 camino de alcanzar un nuevo r\u00e9cord, seg\u00fan la Organizaci\u00f3n de las Naciones Unidas para la Agricultura y la Alimentaci\u00f3n (FAO). El \u00edndice de precios de los [&hellip;]<\/p>\n","protected":false},"author":1,"featured_media":8405,"comment_status":"closed","ping_status":"closed","sticky":false,"template":"","format":"standard","meta":{"_acf_changed":false,"footnotes":""},"categories":[7],"tags":[],"class_list":["post-8404","post","type-post","status-publish","format-standard","has-post-thumbnail","category-economia"],"acf":{"antetitulo":""},"yoast_head":"<!-- This site is optimized with the Yoast SEO plugin v28.3 - https:\/\/yoast.com\/product\/yoast-seo-wordpress\/ -->\n<title>Precios de alimentos suben a nivel mundial - El Diario - Bolivia<\/title>\n<meta name=\"robots\" content=\"index, follow, max-snippet:-1, max-image-preview:large, max-video-preview:-1\" \/>\n<link rel=\"canonical\" href=\"https:\/\/www.eldiario.net\/portal\/2021\/06\/05\/precios-de-alimentos-suben-a-nivel-mundial\/\" \/>\n<meta property=\"og:locale\" content=\"es_ES\" \/>\n<meta property=\"og:type\" content=\"article\" \/>\n<meta property=\"og:title\" content=\"Precios de alimentos suben a nivel mundial - El Diario - Bolivia\" \/>\n<meta property=\"og:description\" content=\"Los precios de alimentos, a nivel mundial, aumentaron en mayo a su tasa mensual m\u00e1s r\u00e1pida en m\u00e1s de una d\u00e9cada, incluso cuando la producci\u00f3n mundial de cereales est\u00e1 camino de alcanzar un nuevo r\u00e9cord, seg\u00fan la Organizaci\u00f3n de las Naciones Unidas para la Agricultura y la Alimentaci\u00f3n (FAO). El \u00edndice de precios de los [&hellip;]\" \/>\n<meta property=\"og:url\" content=\"https:\/\/www.eldiario.net\/portal\/2021\/06\/05\/precios-de-alimentos-suben-a-nivel-mundial\/\" \/>\n<meta property=\"og:site_name\" content=\"El Diario - Bolivia\" \/>\n<meta property=\"article:publisher\" content=\"https:\/\/www.facebook.com\/eldiario.bolivia\/\" \/>\n<meta property=\"article:published_time\" content=\"2021-06-05T08:43:57+00:00\" \/>\n<meta property=\"og:image\" content=\"https:\/\/www.eldiario.net\/portal\/wp-content\/uploads\/2021\/06\/fao.jpeg\" \/>\n\t<meta property=\"og:image:width\" content=\"449\" \/>\n\t<meta property=\"og:image:height\" content=\"220\" \/>\n\t<meta property=\"og:image:type\" content=\"image\/jpeg\" \/>\n<meta name=\"author\" content=\"Jeanette\" \/>\n<meta name=\"twitter:card\" content=\"summary_large_image\" \/>\n<meta name=\"twitter:creator\" content=\"@eldiario_net\" \/>\n<meta name=\"twitter:site\" content=\"@eldiario_net\" \/>\n<meta name=\"twitter:label1\" content=\"Escrito por\" \/>\n\t<meta name=\"twitter:data1\" content=\"Jeanette\" \/>\n\t<meta name=\"twitter:label2\" content=\"Tiempo de lectura\" \/>\n\t<meta name=\"twitter:data2\" content=\"3 minutos\" \/>\n<script type=\"application\/ld+json\" class=\"yoast-schema-graph\">{\"@context\":\"https:\\\/\\\/schema.org\",\"@graph\":[{\"@type\":\"Article\",\"@id\":\"https:\\\/\\\/www.eldiario.net\\\/portal\\\/2021\\\/06\\\/05\\\/precios-de-alimentos-suben-a-nivel-mundial\\\/#article\",\"isPartOf\":{\"@id\":\"https:\\\/\\\/www.eldiario.net\\\/portal\\\/2021\\\/06\\\/05\\\/precios-de-alimentos-suben-a-nivel-mundial\\\/\"},\"author\":{\"name\":\"Jeanette\",\"@id\":\"https:\\\/\\\/www.eldiario.net\\\/portal\\\/#\\\/schema\\\/person\\\/f46445640444750d7d753ccd04ae01b7\"},\"headline\":\"Precios de alimentos suben a nivel mundial\",\"datePublished\":\"2021-06-05T08:43:57+00:00\",\"mainEntityOfPage\":{\"@id\":\"https:\\\/\\\/www.eldiario.net\\\/portal\\\/2021\\\/06\\\/05\\\/precios-de-alimentos-suben-a-nivel-mundial\\\/\"},\"wordCount\":527,\"publisher\":{\"@id\":\"https:\\\/\\\/www.eldiario.net\\\/portal\\\/#organization\"},\"image\":{\"@id\":\"https:\\\/\\\/www.eldiario.net\\\/portal\\\/2021\\\/06\\\/05\\\/precios-de-alimentos-suben-a-nivel-mundial\\\/#primaryimage\"},\"thumbnailUrl\":\"https:\\\/\\\/www.eldiario.net\\\/portal\\\/wp-content\\\/uploads\\\/2021\\\/06\\\/fao.jpeg\",\"articleSection\":[\"Econom\u00eda\"],\"inLanguage\":\"es\"},{\"@type\":\"WebPage\",\"@id\":\"https:\\\/\\\/www.eldiario.net\\\/portal\\\/2021\\\/06\\\/05\\\/precios-de-alimentos-suben-a-nivel-mundial\\\/\",\"url\":\"https:\\\/\\\/www.eldiario.net\\\/portal\\\/2021\\\/06\\\/05\\\/precios-de-alimentos-suben-a-nivel-mundial\\\/\",\"name\":\"Precios de alimentos suben a nivel mundial - El Diario - Bolivia\",\"isPartOf\":{\"@id\":\"https:\\\/\\\/www.eldiario.net\\\/portal\\\/#website\"},\"primaryImageOfPage\":{\"@id\":\"https:\\\/\\\/www.eldiario.net\\\/portal\\\/2021\\\/06\\\/05\\\/precios-de-alimentos-suben-a-nivel-mundial\\\/#primaryimage\"},\"image\":{\"@id\":\"https:\\\/\\\/www.eldiario.net\\\/portal\\\/2021\\\/06\\\/05\\\/precios-de-alimentos-suben-a-nivel-mundial\\\/#primaryimage\"},\"thumbnailUrl\":\"https:\\\/\\\/www.eldiario.net\\\/portal\\\/wp-content\\\/uploads\\\/2021\\\/06\\\/fao.jpeg\",\"datePublished\":\"2021-06-05T08:43:57+00:00\",\"breadcrumb\":{\"@id\":\"https:\\\/\\\/www.eldiario.net\\\/portal\\\/2021\\\/06\\\/05\\\/precios-de-alimentos-suben-a-nivel-mundial\\\/#breadcrumb\"},\"inLanguage\":\"es\",\"potentialAction\":[{\"@type\":\"ReadAction\",\"target\":[\"https:\\\/\\\/www.eldiario.net\\\/portal\\\/2021\\\/06\\\/05\\\/precios-de-alimentos-suben-a-nivel-mundial\\\/\"]}]},{\"@type\":\"ImageObject\",\"inLanguage\":\"es\",\"@id\":\"https:\\\/\\\/www.eldiario.net\\\/portal\\\/2021\\\/06\\\/05\\\/precios-de-alimentos-suben-a-nivel-mundial\\\/#primaryimage\",\"url\":\"https:\\\/\\\/www.eldiario.net\\\/portal\\\/wp-content\\\/uploads\\\/2021\\\/06\\\/fao.jpeg\",\"contentUrl\":\"https:\\\/\\\/www.eldiario.net\\\/portal\\\/wp-content\\\/uploads\\\/2021\\\/06\\\/fao.jpeg\",\"width\":449,\"height\":220},{\"@type\":\"BreadcrumbList\",\"@id\":\"https:\\\/\\\/www.eldiario.net\\\/portal\\\/2021\\\/06\\\/05\\\/precios-de-alimentos-suben-a-nivel-mundial\\\/#breadcrumb\",\"itemListElement\":[{\"@type\":\"ListItem\",\"position\":1,\"name\":\"Portada\",\"item\":\"https:\\\/\\\/www.eldiario.net\\\/portal\\\/\"},{\"@type\":\"ListItem\",\"position\":2,\"name\":\"Precios de alimentos suben a nivel mundial\"}]},{\"@type\":\"WebSite\",\"@id\":\"https:\\\/\\\/www.eldiario.net\\\/portal\\\/#website\",\"url\":\"https:\\\/\\\/www.eldiario.net\\\/portal\\\/\",\"name\":\"El Diario - Decano de la prensa nacional\",\"description\":\"El Diario - Decano de la prensa nacional\",\"publisher\":{\"@id\":\"https:\\\/\\\/www.eldiario.net\\\/portal\\\/#organization\"},\"potentialAction\":[{\"@type\":\"SearchAction\",\"target\":{\"@type\":\"EntryPoint\",\"urlTemplate\":\"https:\\\/\\\/www.eldiario.net\\\/portal\\\/?s={search_term_string}\"},\"query-input\":{\"@type\":\"PropertyValueSpecification\",\"valueRequired\":true,\"valueName\":\"search_term_string\"}}],\"inLanguage\":\"es\"},{\"@type\":\"Organization\",\"@id\":\"https:\\\/\\\/www.eldiario.net\\\/portal\\\/#organization\",\"name\":\"El Diario - Decano de la prensa nacional\",\"url\":\"https:\\\/\\\/www.eldiario.net\\\/portal\\\/\",\"logo\":{\"@type\":\"ImageObject\",\"inLanguage\":\"es\",\"@id\":\"https:\\\/\\\/www.eldiario.net\\\/portal\\\/#\\\/schema\\\/logo\\\/image\\\/\",\"url\":\"https:\\\/\\\/www.eldiario.net\\\/portal\\\/wp-content\\\/uploads\\\/2023\\\/07\\\/logo_ED.jpg\",\"contentUrl\":\"https:\\\/\\\/www.eldiario.net\\\/portal\\\/wp-content\\\/uploads\\\/2023\\\/07\\\/logo_ED.jpg\",\"width\":272,\"height\":52,\"caption\":\"El Diario - Decano de la prensa nacional\"},\"image\":{\"@id\":\"https:\\\/\\\/www.eldiario.net\\\/portal\\\/#\\\/schema\\\/logo\\\/image\\\/\"},\"sameAs\":[\"https:\\\/\\\/www.facebook.com\\\/eldiario.bolivia\\\/\",\"https:\\\/\\\/x.com\\\/eldiario_net\"]},{\"@type\":\"Person\",\"@id\":\"https:\\\/\\\/www.eldiario.net\\\/portal\\\/#\\\/schema\\\/person\\\/f46445640444750d7d753ccd04ae01b7\",\"name\":\"Jeanette\",\"image\":{\"@type\":\"ImageObject\",\"inLanguage\":\"es\",\"@id\":\"https:\\\/\\\/secure.gravatar.com\\\/avatar\\\/3ea2118a5f7dad2b7138b1187a6b7ee55f160b9968b66013c3a3ef39dd7e5798?s=96&d=mm&r=g\",\"url\":\"https:\\\/\\\/secure.gravatar.com\\\/avatar\\\/3ea2118a5f7dad2b7138b1187a6b7ee55f160b9968b66013c3a3ef39dd7e5798?s=96&d=mm&r=g\",\"contentUrl\":\"https:\\\/\\\/secure.gravatar.com\\\/avatar\\\/3ea2118a5f7dad2b7138b1187a6b7ee55f160b9968b66013c3a3ef39dd7e5798?s=96&d=mm&r=g\",\"caption\":\"Jeanette\"},\"sameAs\":[\"https:\\\/\\\/www.eldiario.net\\\/portal\"],\"url\":\"https:\\\/\\\/www.eldiario.net\\\/portal\\\/author\\\/jeanette\\\/\"}]}<\/script>\n<!-- \/ Yoast SEO plugin. -->","yoast_head_json":{"title":"Precios de alimentos suben a nivel mundial - El Diario - Bolivia","robots":{"index":"index","follow":"follow","max-snippet":"max-snippet:-1","max-image-preview":"max-image-preview:large","max-video-preview":"max-video-preview:-1"},"canonical":"https:\/\/www.eldiario.net\/portal\/2021\/06\/05\/precios-de-alimentos-suben-a-nivel-mundial\/","og_locale":"es_ES","og_type":"article","og_title":"Precios de alimentos suben a nivel mundial - El Diario - Bolivia","og_description":"Los precios de alimentos, a nivel mundial, aumentaron en mayo a su tasa mensual m\u00e1s r\u00e1pida en m\u00e1s de una d\u00e9cada, incluso cuando la producci\u00f3n mundial de cereales est\u00e1 camino de alcanzar un nuevo r\u00e9cord, seg\u00fan la Organizaci\u00f3n de las Naciones Unidas para la Agricultura y la Alimentaci\u00f3n (FAO). El \u00edndice de precios de los [&hellip;]","og_url":"https:\/\/www.eldiario.net\/portal\/2021\/06\/05\/precios-de-alimentos-suben-a-nivel-mundial\/","og_site_name":"El Diario - Bolivia","article_publisher":"https:\/\/www.facebook.com\/eldiario.bolivia\/","article_published_time":"2021-06-05T08:43:57+00:00","og_image":[{"width":449,"height":220,"url":"https:\/\/www.eldiario.net\/portal\/wp-content\/uploads\/2021\/06\/fao.jpeg","type":"image\/jpeg"}],"author":"Jeanette","twitter_card":"summary_large_image","twitter_creator":"@eldiario_net","twitter_site":"@eldiario_net","twitter_misc":{"Escrito por":"Jeanette","Tiempo de lectura":"3 minutos"},"schema":{"@context":"https:\/\/schema.org","@graph":[{"@type":"Article","@id":"https:\/\/www.eldiario.net\/portal\/2021\/06\/05\/precios-de-alimentos-suben-a-nivel-mundial\/#article","isPartOf":{"@id":"https:\/\/www.eldiario.net\/portal\/2021\/06\/05\/precios-de-alimentos-suben-a-nivel-mundial\/"},"author":{"name":"Jeanette","@id":"https:\/\/www.eldiario.net\/portal\/#\/schema\/person\/f46445640444750d7d753ccd04ae01b7"},"headline":"Precios de alimentos suben a nivel mundial","datePublished":"2021-06-05T08:43:57+00:00","mainEntityOfPage":{"@id":"https:\/\/www.eldiario.net\/portal\/2021\/06\/05\/precios-de-alimentos-suben-a-nivel-mundial\/"},"wordCount":527,"publisher":{"@id":"https:\/\/www.eldiario.net\/portal\/#organization"},"image":{"@id":"https:\/\/www.eldiario.net\/portal\/2021\/06\/05\/precios-de-alimentos-suben-a-nivel-mundial\/#primaryimage"},"thumbnailUrl":"https:\/\/www.eldiario.net\/portal\/wp-content\/uploads\/2021\/06\/fao.jpeg","articleSection":["Econom\u00eda"],"inLanguage":"es"},{"@type":"WebPage","@id":"https:\/\/www.eldiario.net\/portal\/2021\/06\/05\/precios-de-alimentos-suben-a-nivel-mundial\/","url":"https:\/\/www.eldiario.net\/portal\/2021\/06\/05\/precios-de-alimentos-suben-a-nivel-mundial\/","name":"Precios de alimentos suben a nivel mundial - El Diario - Bolivia","isPartOf":{"@id":"https:\/\/www.eldiario.net\/portal\/#website"},"primaryImageOfPage":{"@id":"https:\/\/www.eldiario.net\/portal\/2021\/06\/05\/precios-de-alimentos-suben-a-nivel-mundial\/#primaryimage"},"image":{"@id":"https:\/\/www.eldiario.net\/portal\/2021\/06\/05\/precios-de-alimentos-suben-a-nivel-mundial\/#primaryimage"},"thumbnailUrl":"https:\/\/www.eldiario.net\/portal\/wp-content\/uploads\/2021\/06\/fao.jpeg","datePublished":"2021-06-05T08:43:57+00:00","breadcrumb":{"@id":"https:\/\/www.eldiario.net\/portal\/2021\/06\/05\/precios-de-alimentos-suben-a-nivel-mundial\/#breadcrumb"},"inLanguage":"es","potentialAction":[{"@type":"ReadAction","target":["https:\/\/www.eldiario.net\/portal\/2021\/06\/05\/precios-de-alimentos-suben-a-nivel-mundial\/"]}]},{"@type":"ImageObject","inLanguage":"es","@id":"https:\/\/www.eldiario.net\/portal\/2021\/06\/05\/precios-de-alimentos-suben-a-nivel-mundial\/#primaryimage","url":"https:\/\/www.eldiario.net\/portal\/wp-content\/uploads\/2021\/06\/fao.jpeg","contentUrl":"https:\/\/www.eldiario.net\/portal\/wp-content\/uploads\/2021\/06\/fao.jpeg","width":449,"height":220},{"@type":"BreadcrumbList","@id":"https:\/\/www.eldiario.net\/portal\/2021\/06\/05\/precios-de-alimentos-suben-a-nivel-mundial\/#breadcrumb","itemListElement":[{"@type":"ListItem","position":1,"name":"Portada","item":"https:\/\/www.eldiario.net\/portal\/"},{"@type":"ListItem","position":2,"name":"Precios de alimentos suben a nivel mundial"}]},{"@type":"WebSite","@id":"https:\/\/www.eldiario.net\/portal\/#website","url":"https:\/\/www.eldiario.net\/portal\/","name":"El Diario - Decano de la prensa nacional","description":"El Diario - Decano de la prensa nacional","publisher":{"@id":"https:\/\/www.eldiario.net\/portal\/#organization"},"potentialAction":[{"@type":"SearchAction","target":{"@type":"EntryPoint","urlTemplate":"https:\/\/www.eldiario.net\/portal\/?s={search_term_string}"},"query-input":{"@type":"PropertyValueSpecification","valueRequired":true,"valueName":"search_term_string"}}],"inLanguage":"es"},{"@type":"Organization","@id":"https:\/\/www.eldiario.net\/portal\/#organization","name":"El Diario - Decano de la prensa nacional","url":"https:\/\/www.eldiario.net\/portal\/","logo":{"@type":"ImageObject","inLanguage":"es","@id":"https:\/\/www.eldiario.net\/portal\/#\/schema\/logo\/image\/","url":"https:\/\/www.eldiario.net\/portal\/wp-content\/uploads\/2023\/07\/logo_ED.jpg","contentUrl":"https:\/\/www.eldiario.net\/portal\/wp-content\/uploads\/2023\/07\/logo_ED.jpg","width":272,"height":52,"caption":"El Diario - Decano de la prensa nacional"},"image":{"@id":"https:\/\/www.eldiario.net\/portal\/#\/schema\/logo\/image\/"},"sameAs":["https:\/\/www.facebook.com\/eldiario.bolivia\/","https:\/\/x.com\/eldiario_net"]},{"@type":"Person","@id":"https:\/\/www.eldiario.net\/portal\/#\/schema\/person\/f46445640444750d7d753ccd04ae01b7","name":"Jeanette","image":{"@type":"ImageObject","inLanguage":"es","@id":"https:\/\/secure.gravatar.com\/avatar\/3ea2118a5f7dad2b7138b1187a6b7ee55f160b9968b66013c3a3ef39dd7e5798?s=96&d=mm&r=g","url":"https:\/\/secure.gravatar.com\/avatar\/3ea2118a5f7dad2b7138b1187a6b7ee55f160b9968b66013c3a3ef39dd7e5798?s=96&d=mm&r=g","contentUrl":"https:\/\/secure.gravatar.com\/avatar\/3ea2118a5f7dad2b7138b1187a6b7ee55f160b9968b66013c3a3ef39dd7e5798?s=96&d=mm&r=g","caption":"Jeanette"},"sameAs":["https:\/\/www.eldiario.net\/portal"],"url":"https:\/\/www.eldiario.net\/portal\/author\/jeanette\/"}]}},"_links":{"self":[{"href":"https:\/\/www.eldiario.net\/portal\/wp-json\/wp\/v2\/posts\/8404","targetHints":{"allow":["GET"]}}],"collection":[{"href":"https:\/\/www.eldiario.net\/portal\/wp-json\/wp\/v2\/posts"}],"about":[{"href":"https:\/\/www.eldiario.net\/portal\/wp-json\/wp\/v2\/types\/post"}],"author":[{"embeddable":true,"href":"https:\/\/www.eldiario.net\/portal\/wp-json\/wp\/v2\/users\/1"}],"replies":[{"embeddable":true,"href":"https:\/\/www.eldiario.net\/portal\/wp-json\/wp\/v2\/comments?post=8404"}],"version-history":[{"count":0,"href":"https:\/\/www.eldiario.net\/portal\/wp-json\/wp\/v2\/posts\/8404\/revisions"}],"wp:featuredmedia":[{"embeddable":true,"href":"https:\/\/www.eldiario.net\/portal\/wp-json\/wp\/v2\/media\/8405"}],"wp:attachment":[{"href":"https:\/\/www.eldiario.net\/portal\/wp-json\/wp\/v2\/media?parent=8404"}],"wp:term":[{"taxonomy":"category","embeddable":true,"href":"https:\/\/www.eldiario.net\/portal\/wp-json\/wp\/v2\/categories?post=8404"},{"taxonomy":"post_tag","embeddable":true,"href":"https:\/\/www.eldiario.net\/portal\/wp-json\/wp\/v2\/tags?post=8404"}],"curies":[{"name":"wp","href":"https:\/\/api.w.org\/{rel}","templated":true}]}}