{"id":8401,"date":"2021-06-05T04:42:53","date_gmt":"2021-06-05T08:42:53","guid":{"rendered":"https:\/\/www.eldiario.net\/portal\/?p=8401"},"modified":"2021-06-05T04:42:53","modified_gmt":"2021-06-05T08:42:53","slug":"mayo-de-2021-registra-mayor-porcentaje-negativo-del-ipc","status":"publish","type":"post","link":"https:\/\/www.eldiario.net\/portal\/2021\/06\/05\/mayo-de-2021-registra-mayor-porcentaje-negativo-del-ipc\/","title":{"rendered":"Mayo de 2021 registra mayor porcentaje negativo del IPC"},"content":{"rendered":"<p>En mayo de 2021, el \u00cdndice de Precios al Consumidor (IPC) registr\u00f3 una variaci\u00f3n de -0,16 % respecto a abril, desde marzo las cifras reportadas son negativas, pero el pasado mes fue la m\u00e1s alta, lo que muestra poca actividad econ\u00f3mica.<br \/>\nLa variaci\u00f3n acumulada a mayo fue positiva de 0,28 % y a doce meses alcanz\u00f3 a 0,54 %, seg\u00fan el Instituto Nacional de Estad\u00edstica.<br \/>\nLa variaci\u00f3n negativa de 0,16 % registrada en mayo de 2021 se explica, principalmente, por el decremento de precios en las divisiones de bienes y servicios diversos y educaci\u00f3n.<br \/>\nLos productos y servicios con mayor incidencia porcentual negativa en mayo fueron: zanahoria, transporte interdepartamental en \u00f3mnibus\/flota, pa\u00f1ales desechables para beb\u00e9, aparato telef\u00f3nico m\u00f3vil\/celular, papel higi\u00e9nico y arveja verde. Por el contrario, los productos con mayor incidencia positiva fueron: pl\u00e1tano\/guineo\/banano, uva, haba verde, huevos, locoto y quesos.<br \/>\nLa variaci\u00f3n negativa de 0,16 % registrada en mayo de 2021, se debi\u00f3 principalmente al decremento de precios en las ciudades capitales y conurbaciones: Cobija -0,33 %; Conurbaci\u00f3n La Paz -0,26 %; Regi\u00f3n Metropolitana Kanata -0,20 %; Conurbaci\u00f3n Santa Cruz -0,14 %; Sucre -0,12 % y Potos\u00ed -0,02 %.<br \/>\nLa variaci\u00f3n acumulada positiva de 0,28 % de enero a mayo 2021, se explica por las variaciones registradas en las ciudades capitales y conurbaciones: Cobija 2,06 %; Trinidad 0,92 %; Regi\u00f3n Metropolitana Kanata 0,58 %; Conurbaci\u00f3n Santa Cruz 0,54 % y Conurbaci\u00f3n La Paz 0,05 %.<br \/>\nLa variaci\u00f3n acumulada positiva de 0,28 %, se debi\u00f3 principalmente al aumento de precios de los productos en las divisiones: educaci\u00f3n 5,88 %; alimentos y bebidas no alcoh\u00f3licas 0,74 %; comunicaciones 0,30 %; salud 0,26 %; muebles, bienes y servicios dom\u00e9sticos 0,12 %; vivienda y servicios b\u00e1sicos 0,10 % y alimentos y bebidas consumidos fuera del hogar 0,06 %.<\/p>\n<p><img loading=\"lazy\" decoding=\"async\" class=\"aligncenter wp-image-8402 size-large\" src=\"https:\/\/www.eldiario.net\/portal\/wp-content\/uploads\/2021\/06\/ipc-909x1024.jpg\" alt=\"\" width=\"909\" height=\"1024\" \/><\/p>\n","protected":false},"excerpt":{"rendered":"<p>En mayo de 2021, el \u00cdndice de Precios al Consumidor (IPC) registr\u00f3 una variaci\u00f3n de -0,16 % respecto a abril, desde marzo las cifras reportadas son negativas, pero el pasado mes fue la m\u00e1s alta, lo que muestra poca actividad econ\u00f3mica. La variaci\u00f3n acumulada a mayo fue positiva de 0,28 % y a doce meses [&hellip;]<\/p>\n","protected":false},"author":1,"featured_media":8402,"comment_status":"closed","ping_status":"closed","sticky":false,"template":"","format":"standard","meta":{"_acf_changed":false,"footnotes":""},"categories":[7],"tags":[],"class_list":["post-8401","post","type-post","status-publish","format-standard","has-post-thumbnail","category-economia"],"acf":{"antetitulo":""},"yoast_head":"<!-- This site is optimized with the Yoast SEO plugin v28.3 - https:\/\/yoast.com\/product\/yoast-seo-wordpress\/ -->\n<title>Mayo de 2021 registra mayor porcentaje negativo del IPC - El Diario - Bolivia<\/title>\n<meta name=\"robots\" content=\"index, follow, max-snippet:-1, max-image-preview:large, max-video-preview:-1\" \/>\n<link rel=\"canonical\" href=\"https:\/\/www.eldiario.net\/portal\/2021\/06\/05\/mayo-de-2021-registra-mayor-porcentaje-negativo-del-ipc\/\" \/>\n<meta property=\"og:locale\" content=\"es_ES\" \/>\n<meta property=\"og:type\" content=\"article\" \/>\n<meta property=\"og:title\" content=\"Mayo de 2021 registra mayor porcentaje negativo del IPC - El Diario - Bolivia\" \/>\n<meta property=\"og:description\" content=\"En mayo de 2021, el \u00cdndice de Precios al Consumidor (IPC) registr\u00f3 una variaci\u00f3n de -0,16 % respecto a abril, desde marzo las cifras reportadas son negativas, pero el pasado mes fue la m\u00e1s alta, lo que muestra poca actividad econ\u00f3mica. La variaci\u00f3n acumulada a mayo fue positiva de 0,28 % y a doce meses [&hellip;]\" \/>\n<meta property=\"og:url\" content=\"https:\/\/www.eldiario.net\/portal\/2021\/06\/05\/mayo-de-2021-registra-mayor-porcentaje-negativo-del-ipc\/\" \/>\n<meta property=\"og:site_name\" content=\"El Diario - Bolivia\" \/>\n<meta property=\"article:publisher\" content=\"https:\/\/www.facebook.com\/eldiario.bolivia\/\" \/>\n<meta property=\"article:published_time\" content=\"2021-06-05T08:42:53+00:00\" \/>\n<meta name=\"author\" content=\"Jeanette\" \/>\n<meta name=\"twitter:card\" content=\"summary_large_image\" \/>\n<meta name=\"twitter:creator\" content=\"@eldiario_net\" \/>\n<meta name=\"twitter:site\" content=\"@eldiario_net\" \/>\n<meta name=\"twitter:label1\" content=\"Escrito por\" \/>\n\t<meta name=\"twitter:data1\" content=\"Jeanette\" \/>\n\t<meta name=\"twitter:label2\" content=\"Tiempo de lectura\" \/>\n\t<meta name=\"twitter:data2\" content=\"2 minutos\" \/>\n<script type=\"application\/ld+json\" class=\"yoast-schema-graph\">{\"@context\":\"https:\\\/\\\/schema.org\",\"@graph\":[{\"@type\":\"Article\",\"@id\":\"https:\\\/\\\/www.eldiario.net\\\/portal\\\/2021\\\/06\\\/05\\\/mayo-de-2021-registra-mayor-porcentaje-negativo-del-ipc\\\/#article\",\"isPartOf\":{\"@id\":\"https:\\\/\\\/www.eldiario.net\\\/portal\\\/2021\\\/06\\\/05\\\/mayo-de-2021-registra-mayor-porcentaje-negativo-del-ipc\\\/\"},\"author\":{\"name\":\"Jeanette\",\"@id\":\"https:\\\/\\\/www.eldiario.net\\\/portal\\\/#\\\/schema\\\/person\\\/f46445640444750d7d753ccd04ae01b7\"},\"headline\":\"Mayo de 2021 registra mayor porcentaje negativo del IPC\",\"datePublished\":\"2021-06-05T08:42:53+00:00\",\"mainEntityOfPage\":{\"@id\":\"https:\\\/\\\/www.eldiario.net\\\/portal\\\/2021\\\/06\\\/05\\\/mayo-de-2021-registra-mayor-porcentaje-negativo-del-ipc\\\/\"},\"wordCount\":286,\"publisher\":{\"@id\":\"https:\\\/\\\/www.eldiario.net\\\/portal\\\/#organization\"},\"image\":{\"@id\":\"https:\\\/\\\/www.eldiario.net\\\/portal\\\/2021\\\/06\\\/05\\\/mayo-de-2021-registra-mayor-porcentaje-negativo-del-ipc\\\/#primaryimage\"},\"thumbnailUrl\":\"\",\"articleSection\":[\"Econom\u00eda\"],\"inLanguage\":\"es\"},{\"@type\":\"WebPage\",\"@id\":\"https:\\\/\\\/www.eldiario.net\\\/portal\\\/2021\\\/06\\\/05\\\/mayo-de-2021-registra-mayor-porcentaje-negativo-del-ipc\\\/\",\"url\":\"https:\\\/\\\/www.eldiario.net\\\/portal\\\/2021\\\/06\\\/05\\\/mayo-de-2021-registra-mayor-porcentaje-negativo-del-ipc\\\/\",\"name\":\"Mayo de 2021 registra mayor porcentaje negativo del IPC - El Diario - Bolivia\",\"isPartOf\":{\"@id\":\"https:\\\/\\\/www.eldiario.net\\\/portal\\\/#website\"},\"primaryImageOfPage\":{\"@id\":\"https:\\\/\\\/www.eldiario.net\\\/portal\\\/2021\\\/06\\\/05\\\/mayo-de-2021-registra-mayor-porcentaje-negativo-del-ipc\\\/#primaryimage\"},\"image\":{\"@id\":\"https:\\\/\\\/www.eldiario.net\\\/portal\\\/2021\\\/06\\\/05\\\/mayo-de-2021-registra-mayor-porcentaje-negativo-del-ipc\\\/#primaryimage\"},\"thumbnailUrl\":\"\",\"datePublished\":\"2021-06-05T08:42:53+00:00\",\"breadcrumb\":{\"@id\":\"https:\\\/\\\/www.eldiario.net\\\/portal\\\/2021\\\/06\\\/05\\\/mayo-de-2021-registra-mayor-porcentaje-negativo-del-ipc\\\/#breadcrumb\"},\"inLanguage\":\"es\",\"potentialAction\":[{\"@type\":\"ReadAction\",\"target\":[\"https:\\\/\\\/www.eldiario.net\\\/portal\\\/2021\\\/06\\\/05\\\/mayo-de-2021-registra-mayor-porcentaje-negativo-del-ipc\\\/\"]}]},{\"@type\":\"ImageObject\",\"inLanguage\":\"es\",\"@id\":\"https:\\\/\\\/www.eldiario.net\\\/portal\\\/2021\\\/06\\\/05\\\/mayo-de-2021-registra-mayor-porcentaje-negativo-del-ipc\\\/#primaryimage\",\"url\":\"\",\"contentUrl\":\"\"},{\"@type\":\"BreadcrumbList\",\"@id\":\"https:\\\/\\\/www.eldiario.net\\\/portal\\\/2021\\\/06\\\/05\\\/mayo-de-2021-registra-mayor-porcentaje-negativo-del-ipc\\\/#breadcrumb\",\"itemListElement\":[{\"@type\":\"ListItem\",\"position\":1,\"name\":\"Portada\",\"item\":\"https:\\\/\\\/www.eldiario.net\\\/portal\\\/\"},{\"@type\":\"ListItem\",\"position\":2,\"name\":\"Mayo de 2021 registra mayor porcentaje negativo del IPC\"}]},{\"@type\":\"WebSite\",\"@id\":\"https:\\\/\\\/www.eldiario.net\\\/portal\\\/#website\",\"url\":\"https:\\\/\\\/www.eldiario.net\\\/portal\\\/\",\"name\":\"El Diario - Decano de la prensa nacional\",\"description\":\"El Diario - Decano de la prensa nacional\",\"publisher\":{\"@id\":\"https:\\\/\\\/www.eldiario.net\\\/portal\\\/#organization\"},\"potentialAction\":[{\"@type\":\"SearchAction\",\"target\":{\"@type\":\"EntryPoint\",\"urlTemplate\":\"https:\\\/\\\/www.eldiario.net\\\/portal\\\/?s={search_term_string}\"},\"query-input\":{\"@type\":\"PropertyValueSpecification\",\"valueRequired\":true,\"valueName\":\"search_term_string\"}}],\"inLanguage\":\"es\"},{\"@type\":\"Organization\",\"@id\":\"https:\\\/\\\/www.eldiario.net\\\/portal\\\/#organization\",\"name\":\"El Diario - Decano de la prensa nacional\",\"url\":\"https:\\\/\\\/www.eldiario.net\\\/portal\\\/\",\"logo\":{\"@type\":\"ImageObject\",\"inLanguage\":\"es\",\"@id\":\"https:\\\/\\\/www.eldiario.net\\\/portal\\\/#\\\/schema\\\/logo\\\/image\\\/\",\"url\":\"https:\\\/\\\/www.eldiario.net\\\/portal\\\/wp-content\\\/uploads\\\/2023\\\/07\\\/logo_ED.jpg\",\"contentUrl\":\"https:\\\/\\\/www.eldiario.net\\\/portal\\\/wp-content\\\/uploads\\\/2023\\\/07\\\/logo_ED.jpg\",\"width\":272,\"height\":52,\"caption\":\"El Diario - Decano de la prensa nacional\"},\"image\":{\"@id\":\"https:\\\/\\\/www.eldiario.net\\\/portal\\\/#\\\/schema\\\/logo\\\/image\\\/\"},\"sameAs\":[\"https:\\\/\\\/www.facebook.com\\\/eldiario.bolivia\\\/\",\"https:\\\/\\\/x.com\\\/eldiario_net\"]},{\"@type\":\"Person\",\"@id\":\"https:\\\/\\\/www.eldiario.net\\\/portal\\\/#\\\/schema\\\/person\\\/f46445640444750d7d753ccd04ae01b7\",\"name\":\"Jeanette\",\"image\":{\"@type\":\"ImageObject\",\"inLanguage\":\"es\",\"@id\":\"https:\\\/\\\/secure.gravatar.com\\\/avatar\\\/3ea2118a5f7dad2b7138b1187a6b7ee55f160b9968b66013c3a3ef39dd7e5798?s=96&d=mm&r=g\",\"url\":\"https:\\\/\\\/secure.gravatar.com\\\/avatar\\\/3ea2118a5f7dad2b7138b1187a6b7ee55f160b9968b66013c3a3ef39dd7e5798?s=96&d=mm&r=g\",\"contentUrl\":\"https:\\\/\\\/secure.gravatar.com\\\/avatar\\\/3ea2118a5f7dad2b7138b1187a6b7ee55f160b9968b66013c3a3ef39dd7e5798?s=96&d=mm&r=g\",\"caption\":\"Jeanette\"},\"sameAs\":[\"https:\\\/\\\/www.eldiario.net\\\/portal\"],\"url\":\"https:\\\/\\\/www.eldiario.net\\\/portal\\\/author\\\/jeanette\\\/\"}]}<\/script>\n<!-- \/ Yoast SEO plugin. -->","yoast_head_json":{"title":"Mayo de 2021 registra mayor porcentaje negativo del IPC - El Diario - Bolivia","robots":{"index":"index","follow":"follow","max-snippet":"max-snippet:-1","max-image-preview":"max-image-preview:large","max-video-preview":"max-video-preview:-1"},"canonical":"https:\/\/www.eldiario.net\/portal\/2021\/06\/05\/mayo-de-2021-registra-mayor-porcentaje-negativo-del-ipc\/","og_locale":"es_ES","og_type":"article","og_title":"Mayo de 2021 registra mayor porcentaje negativo del IPC - El Diario - Bolivia","og_description":"En mayo de 2021, el \u00cdndice de Precios al Consumidor (IPC) registr\u00f3 una variaci\u00f3n de -0,16 % respecto a abril, desde marzo las cifras reportadas son negativas, pero el pasado mes fue la m\u00e1s alta, lo que muestra poca actividad econ\u00f3mica. La variaci\u00f3n acumulada a mayo fue positiva de 0,28 % y a doce meses [&hellip;]","og_url":"https:\/\/www.eldiario.net\/portal\/2021\/06\/05\/mayo-de-2021-registra-mayor-porcentaje-negativo-del-ipc\/","og_site_name":"El Diario - Bolivia","article_publisher":"https:\/\/www.facebook.com\/eldiario.bolivia\/","article_published_time":"2021-06-05T08:42:53+00:00","author":"Jeanette","twitter_card":"summary_large_image","twitter_creator":"@eldiario_net","twitter_site":"@eldiario_net","twitter_misc":{"Escrito por":"Jeanette","Tiempo de lectura":"2 minutos"},"schema":{"@context":"https:\/\/schema.org","@graph":[{"@type":"Article","@id":"https:\/\/www.eldiario.net\/portal\/2021\/06\/05\/mayo-de-2021-registra-mayor-porcentaje-negativo-del-ipc\/#article","isPartOf":{"@id":"https:\/\/www.eldiario.net\/portal\/2021\/06\/05\/mayo-de-2021-registra-mayor-porcentaje-negativo-del-ipc\/"},"author":{"name":"Jeanette","@id":"https:\/\/www.eldiario.net\/portal\/#\/schema\/person\/f46445640444750d7d753ccd04ae01b7"},"headline":"Mayo de 2021 registra mayor porcentaje negativo del IPC","datePublished":"2021-06-05T08:42:53+00:00","mainEntityOfPage":{"@id":"https:\/\/www.eldiario.net\/portal\/2021\/06\/05\/mayo-de-2021-registra-mayor-porcentaje-negativo-del-ipc\/"},"wordCount":286,"publisher":{"@id":"https:\/\/www.eldiario.net\/portal\/#organization"},"image":{"@id":"https:\/\/www.eldiario.net\/portal\/2021\/06\/05\/mayo-de-2021-registra-mayor-porcentaje-negativo-del-ipc\/#primaryimage"},"thumbnailUrl":"","articleSection":["Econom\u00eda"],"inLanguage":"es"},{"@type":"WebPage","@id":"https:\/\/www.eldiario.net\/portal\/2021\/06\/05\/mayo-de-2021-registra-mayor-porcentaje-negativo-del-ipc\/","url":"https:\/\/www.eldiario.net\/portal\/2021\/06\/05\/mayo-de-2021-registra-mayor-porcentaje-negativo-del-ipc\/","name":"Mayo de 2021 registra mayor porcentaje negativo del IPC - El Diario - Bolivia","isPartOf":{"@id":"https:\/\/www.eldiario.net\/portal\/#website"},"primaryImageOfPage":{"@id":"https:\/\/www.eldiario.net\/portal\/2021\/06\/05\/mayo-de-2021-registra-mayor-porcentaje-negativo-del-ipc\/#primaryimage"},"image":{"@id":"https:\/\/www.eldiario.net\/portal\/2021\/06\/05\/mayo-de-2021-registra-mayor-porcentaje-negativo-del-ipc\/#primaryimage"},"thumbnailUrl":"","datePublished":"2021-06-05T08:42:53+00:00","breadcrumb":{"@id":"https:\/\/www.eldiario.net\/portal\/2021\/06\/05\/mayo-de-2021-registra-mayor-porcentaje-negativo-del-ipc\/#breadcrumb"},"inLanguage":"es","potentialAction":[{"@type":"ReadAction","target":["https:\/\/www.eldiario.net\/portal\/2021\/06\/05\/mayo-de-2021-registra-mayor-porcentaje-negativo-del-ipc\/"]}]},{"@type":"ImageObject","inLanguage":"es","@id":"https:\/\/www.eldiario.net\/portal\/2021\/06\/05\/mayo-de-2021-registra-mayor-porcentaje-negativo-del-ipc\/#primaryimage","url":"","contentUrl":""},{"@type":"BreadcrumbList","@id":"https:\/\/www.eldiario.net\/portal\/2021\/06\/05\/mayo-de-2021-registra-mayor-porcentaje-negativo-del-ipc\/#breadcrumb","itemListElement":[{"@type":"ListItem","position":1,"name":"Portada","item":"https:\/\/www.eldiario.net\/portal\/"},{"@type":"ListItem","position":2,"name":"Mayo de 2021 registra mayor porcentaje negativo del IPC"}]},{"@type":"WebSite","@id":"https:\/\/www.eldiario.net\/portal\/#website","url":"https:\/\/www.eldiario.net\/portal\/","name":"El Diario - Decano de la prensa nacional","description":"El Diario - Decano de la prensa nacional","publisher":{"@id":"https:\/\/www.eldiario.net\/portal\/#organization"},"potentialAction":[{"@type":"SearchAction","target":{"@type":"EntryPoint","urlTemplate":"https:\/\/www.eldiario.net\/portal\/?s={search_term_string}"},"query-input":{"@type":"PropertyValueSpecification","valueRequired":true,"valueName":"search_term_string"}}],"inLanguage":"es"},{"@type":"Organization","@id":"https:\/\/www.eldiario.net\/portal\/#organization","name":"El Diario - Decano de la prensa nacional","url":"https:\/\/www.eldiario.net\/portal\/","logo":{"@type":"ImageObject","inLanguage":"es","@id":"https:\/\/www.eldiario.net\/portal\/#\/schema\/logo\/image\/","url":"https:\/\/www.eldiario.net\/portal\/wp-content\/uploads\/2023\/07\/logo_ED.jpg","contentUrl":"https:\/\/www.eldiario.net\/portal\/wp-content\/uploads\/2023\/07\/logo_ED.jpg","width":272,"height":52,"caption":"El Diario - Decano de la prensa nacional"},"image":{"@id":"https:\/\/www.eldiario.net\/portal\/#\/schema\/logo\/image\/"},"sameAs":["https:\/\/www.facebook.com\/eldiario.bolivia\/","https:\/\/x.com\/eldiario_net"]},{"@type":"Person","@id":"https:\/\/www.eldiario.net\/portal\/#\/schema\/person\/f46445640444750d7d753ccd04ae01b7","name":"Jeanette","image":{"@type":"ImageObject","inLanguage":"es","@id":"https:\/\/secure.gravatar.com\/avatar\/3ea2118a5f7dad2b7138b1187a6b7ee55f160b9968b66013c3a3ef39dd7e5798?s=96&d=mm&r=g","url":"https:\/\/secure.gravatar.com\/avatar\/3ea2118a5f7dad2b7138b1187a6b7ee55f160b9968b66013c3a3ef39dd7e5798?s=96&d=mm&r=g","contentUrl":"https:\/\/secure.gravatar.com\/avatar\/3ea2118a5f7dad2b7138b1187a6b7ee55f160b9968b66013c3a3ef39dd7e5798?s=96&d=mm&r=g","caption":"Jeanette"},"sameAs":["https:\/\/www.eldiario.net\/portal"],"url":"https:\/\/www.eldiario.net\/portal\/author\/jeanette\/"}]}},"_links":{"self":[{"href":"https:\/\/www.eldiario.net\/portal\/wp-json\/wp\/v2\/posts\/8401","targetHints":{"allow":["GET"]}}],"collection":[{"href":"https:\/\/www.eldiario.net\/portal\/wp-json\/wp\/v2\/posts"}],"about":[{"href":"https:\/\/www.eldiario.net\/portal\/wp-json\/wp\/v2\/types\/post"}],"author":[{"embeddable":true,"href":"https:\/\/www.eldiario.net\/portal\/wp-json\/wp\/v2\/users\/1"}],"replies":[{"embeddable":true,"href":"https:\/\/www.eldiario.net\/portal\/wp-json\/wp\/v2\/comments?post=8401"}],"version-history":[{"count":0,"href":"https:\/\/www.eldiario.net\/portal\/wp-json\/wp\/v2\/posts\/8401\/revisions"}],"wp:attachment":[{"href":"https:\/\/www.eldiario.net\/portal\/wp-json\/wp\/v2\/media?parent=8401"}],"wp:term":[{"taxonomy":"category","embeddable":true,"href":"https:\/\/www.eldiario.net\/portal\/wp-json\/wp\/v2\/categories?post=8401"},{"taxonomy":"post_tag","embeddable":true,"href":"https:\/\/www.eldiario.net\/portal\/wp-json\/wp\/v2\/tags?post=8401"}],"curies":[{"name":"wp","href":"https:\/\/api.w.org\/{rel}","templated":true}]}}