{"id":8346,"date":"2021-06-05T04:13:21","date_gmt":"2021-06-05T08:13:21","guid":{"rendered":"https:\/\/www.eldiario.net\/portal\/?p=8346"},"modified":"2021-06-05T04:13:21","modified_gmt":"2021-06-05T08:13:21","slug":"brasil-es-el-lider-absoluto-y-con-puntaje-perfecto","status":"publish","type":"post","link":"https:\/\/www.eldiario.net\/portal\/2021\/06\/05\/brasil-es-el-lider-absoluto-y-con-puntaje-perfecto\/","title":{"rendered":"Brasil es el l\u00edder absoluto y con puntaje perfecto"},"content":{"rendered":"<p>En un partido que tuvo una gran controversia sobre el final, Brasil logr\u00f3 una victoria ante Ecuador que le permite seguir como \u00fanico l\u00edder de las Eliminatorias Sudamericanas, con cinco triunfos en la misma cantidad de partidos. El equipo de Tit\u00e9 se impuso por 2-0 ante los de Gustavo Alfaro en Porto Alegre y dio un paso m\u00e1s en busca de la clasificaci\u00f3n hacia el Mundial de Qatar 2022.<br \/>\nEl conjunto Tricolor present\u00f3 una presi\u00f3n alta que le impidi\u00f3 a Brasil salir con claridad. Es cierto que con el correr de los minutos los locales lograron romper algo de ese cerco. Sin embargo, nunca pudieron generar peligro real cerca del arco defendido por Alexander Dom\u00ednguez. Lo m\u00e1s claro del conjunto de Tit\u00e9 lleg\u00f3 sobre el cierre de los primeros 45 minutos, primero con un tanto de Gabigol que fue anulado por una posici\u00f3n adelantada y, m\u00e1s tarde, con un remate de lejos de Neymar que encontr\u00f3 atento al portero de la visita.<br \/>\nEn el arranque del complemento Ecuador sigui\u00f3 con la misma t\u00f3nica y hasta se anim\u00f3 a ir un poco m\u00e1s arriba. Sin embargo, pronto Brasil hizo gala de su poder\u00edo y desmoron\u00f3 las ilusiones de los de Alfaro. Iban 19 minutos cuando Neymar habilit\u00f3 a Richarlison, quien sac\u00f3 un remate al arco que no encontr\u00f3 una s\u00f3lida respuesta de parte del arquero Dom\u00ednguez. Fue as\u00ed como el jugador del Everton de Inglaterra marc\u00f3 el 1-0 e inmediatamente corri\u00f3 hacia el banco de suplentes para abrazar a su entrenador. El final del partido tuvo esc\u00e1ndalo. Sobre los 44\u2032, y a instancias del VAR, el \u00e1rbitro venezolano Alexis Herrera cobr\u00f3 penal para Brasil. Neymar sac\u00f3 un remate d\u00e9bil y centrado que fue atajado por Alexander Dom\u00ednguez. Sin embargo, a\u00fan cuando nadie se hab\u00eda quejado, desde la asistencia tecnol\u00f3gica le avisaron al juez principal que el arquero se hab\u00eda adelantado, por lo que se determin\u00f3 ejecutarlo otra vez. Esta vez el atacante del PSG esper\u00f3 a que el jugador de V\u00e9lez se tirara hasta uno de sus costados para sacar un suave remate y sellar el 2-0. Fue alegr\u00eda para los locales y furia para la visita.<\/p>\n<p>Tiene Brasil, l\u00edder absoluto de las eliminatorias, le siguen Argentina, con 11, y Ecuador, con 9.<\/p>\n<p>PR\u00d3XIMO RETO<br \/>\nEl pr\u00f3ximo partido del Scratch ser\u00e1 el pr\u00f3ximo martes en condici\u00f3n de visitante ante Paraguay. Ecuador, por su parte, recibir\u00e1 a Per\u00fa.<\/p>\n","protected":false},"excerpt":{"rendered":"<p>En un partido que tuvo una gran controversia sobre el final, Brasil logr\u00f3 una victoria ante Ecuador que le permite seguir como \u00fanico l\u00edder de las Eliminatorias Sudamericanas, con cinco triunfos en la misma cantidad de partidos. El equipo de Tit\u00e9 se impuso por 2-0 ante los de Gustavo Alfaro en Porto Alegre y dio [&hellip;]<\/p>\n","protected":false},"author":1,"featured_media":8347,"comment_status":"closed","ping_status":"closed","sticky":false,"template":"","format":"standard","meta":{"_acf_changed":false,"footnotes":""},"categories":[6],"tags":[],"class_list":["post-8346","post","type-post","status-publish","format-standard","has-post-thumbnail","category-deportes"],"acf":{"antetitulo":""},"yoast_head":"<!-- This site is optimized with the Yoast SEO plugin v28.3 - https:\/\/yoast.com\/product\/yoast-seo-wordpress\/ -->\n<title>Brasil es el l\u00edder absoluto y con puntaje perfecto - El Diario - Bolivia<\/title>\n<meta name=\"robots\" content=\"index, follow, max-snippet:-1, max-image-preview:large, max-video-preview:-1\" \/>\n<link rel=\"canonical\" href=\"https:\/\/www.eldiario.net\/portal\/2021\/06\/05\/brasil-es-el-lider-absoluto-y-con-puntaje-perfecto\/\" \/>\n<meta property=\"og:locale\" content=\"es_ES\" \/>\n<meta property=\"og:type\" content=\"article\" \/>\n<meta property=\"og:title\" content=\"Brasil es el l\u00edder absoluto y con puntaje perfecto - El Diario - Bolivia\" \/>\n<meta property=\"og:description\" content=\"En un partido que tuvo una gran controversia sobre el final, Brasil logr\u00f3 una victoria ante Ecuador que le permite seguir como \u00fanico l\u00edder de las Eliminatorias Sudamericanas, con cinco triunfos en la misma cantidad de partidos. El equipo de Tit\u00e9 se impuso por 2-0 ante los de Gustavo Alfaro en Porto Alegre y dio [&hellip;]\" \/>\n<meta property=\"og:url\" content=\"https:\/\/www.eldiario.net\/portal\/2021\/06\/05\/brasil-es-el-lider-absoluto-y-con-puntaje-perfecto\/\" \/>\n<meta property=\"og:site_name\" content=\"El Diario - Bolivia\" \/>\n<meta property=\"article:publisher\" content=\"https:\/\/www.facebook.com\/eldiario.bolivia\/\" \/>\n<meta property=\"article:published_time\" content=\"2021-06-05T08:13:21+00:00\" \/>\n<meta name=\"author\" content=\"Jeanette\" \/>\n<meta name=\"twitter:card\" content=\"summary_large_image\" \/>\n<meta name=\"twitter:creator\" content=\"@eldiario_net\" \/>\n<meta name=\"twitter:site\" content=\"@eldiario_net\" \/>\n<meta name=\"twitter:label1\" content=\"Escrito por\" \/>\n\t<meta name=\"twitter:data1\" content=\"Jeanette\" \/>\n\t<meta name=\"twitter:label2\" content=\"Tiempo de lectura\" \/>\n\t<meta name=\"twitter:data2\" content=\"2 minutos\" \/>\n<script type=\"application\/ld+json\" class=\"yoast-schema-graph\">{\"@context\":\"https:\\\/\\\/schema.org\",\"@graph\":[{\"@type\":\"Article\",\"@id\":\"https:\\\/\\\/www.eldiario.net\\\/portal\\\/2021\\\/06\\\/05\\\/brasil-es-el-lider-absoluto-y-con-puntaje-perfecto\\\/#article\",\"isPartOf\":{\"@id\":\"https:\\\/\\\/www.eldiario.net\\\/portal\\\/2021\\\/06\\\/05\\\/brasil-es-el-lider-absoluto-y-con-puntaje-perfecto\\\/\"},\"author\":{\"name\":\"Jeanette\",\"@id\":\"https:\\\/\\\/www.eldiario.net\\\/portal\\\/#\\\/schema\\\/person\\\/f46445640444750d7d753ccd04ae01b7\"},\"headline\":\"Brasil es el l\u00edder absoluto y con puntaje perfecto\",\"datePublished\":\"2021-06-05T08:13:21+00:00\",\"mainEntityOfPage\":{\"@id\":\"https:\\\/\\\/www.eldiario.net\\\/portal\\\/2021\\\/06\\\/05\\\/brasil-es-el-lider-absoluto-y-con-puntaje-perfecto\\\/\"},\"wordCount\":427,\"publisher\":{\"@id\":\"https:\\\/\\\/www.eldiario.net\\\/portal\\\/#organization\"},\"image\":{\"@id\":\"https:\\\/\\\/www.eldiario.net\\\/portal\\\/2021\\\/06\\\/05\\\/brasil-es-el-lider-absoluto-y-con-puntaje-perfecto\\\/#primaryimage\"},\"thumbnailUrl\":\"\",\"articleSection\":[\"Deportes\"],\"inLanguage\":\"es\"},{\"@type\":\"WebPage\",\"@id\":\"https:\\\/\\\/www.eldiario.net\\\/portal\\\/2021\\\/06\\\/05\\\/brasil-es-el-lider-absoluto-y-con-puntaje-perfecto\\\/\",\"url\":\"https:\\\/\\\/www.eldiario.net\\\/portal\\\/2021\\\/06\\\/05\\\/brasil-es-el-lider-absoluto-y-con-puntaje-perfecto\\\/\",\"name\":\"Brasil es el l\u00edder absoluto y con puntaje perfecto - El Diario - Bolivia\",\"isPartOf\":{\"@id\":\"https:\\\/\\\/www.eldiario.net\\\/portal\\\/#website\"},\"primaryImageOfPage\":{\"@id\":\"https:\\\/\\\/www.eldiario.net\\\/portal\\\/2021\\\/06\\\/05\\\/brasil-es-el-lider-absoluto-y-con-puntaje-perfecto\\\/#primaryimage\"},\"image\":{\"@id\":\"https:\\\/\\\/www.eldiario.net\\\/portal\\\/2021\\\/06\\\/05\\\/brasil-es-el-lider-absoluto-y-con-puntaje-perfecto\\\/#primaryimage\"},\"thumbnailUrl\":\"\",\"datePublished\":\"2021-06-05T08:13:21+00:00\",\"breadcrumb\":{\"@id\":\"https:\\\/\\\/www.eldiario.net\\\/portal\\\/2021\\\/06\\\/05\\\/brasil-es-el-lider-absoluto-y-con-puntaje-perfecto\\\/#breadcrumb\"},\"inLanguage\":\"es\",\"potentialAction\":[{\"@type\":\"ReadAction\",\"target\":[\"https:\\\/\\\/www.eldiario.net\\\/portal\\\/2021\\\/06\\\/05\\\/brasil-es-el-lider-absoluto-y-con-puntaje-perfecto\\\/\"]}]},{\"@type\":\"ImageObject\",\"inLanguage\":\"es\",\"@id\":\"https:\\\/\\\/www.eldiario.net\\\/portal\\\/2021\\\/06\\\/05\\\/brasil-es-el-lider-absoluto-y-con-puntaje-perfecto\\\/#primaryimage\",\"url\":\"\",\"contentUrl\":\"\"},{\"@type\":\"BreadcrumbList\",\"@id\":\"https:\\\/\\\/www.eldiario.net\\\/portal\\\/2021\\\/06\\\/05\\\/brasil-es-el-lider-absoluto-y-con-puntaje-perfecto\\\/#breadcrumb\",\"itemListElement\":[{\"@type\":\"ListItem\",\"position\":1,\"name\":\"Portada\",\"item\":\"https:\\\/\\\/www.eldiario.net\\\/portal\\\/\"},{\"@type\":\"ListItem\",\"position\":2,\"name\":\"Brasil es el l\u00edder absoluto y con puntaje perfecto\"}]},{\"@type\":\"WebSite\",\"@id\":\"https:\\\/\\\/www.eldiario.net\\\/portal\\\/#website\",\"url\":\"https:\\\/\\\/www.eldiario.net\\\/portal\\\/\",\"name\":\"El Diario - Decano de la prensa nacional\",\"description\":\"El Diario - Decano de la prensa nacional\",\"publisher\":{\"@id\":\"https:\\\/\\\/www.eldiario.net\\\/portal\\\/#organization\"},\"potentialAction\":[{\"@type\":\"SearchAction\",\"target\":{\"@type\":\"EntryPoint\",\"urlTemplate\":\"https:\\\/\\\/www.eldiario.net\\\/portal\\\/?s={search_term_string}\"},\"query-input\":{\"@type\":\"PropertyValueSpecification\",\"valueRequired\":true,\"valueName\":\"search_term_string\"}}],\"inLanguage\":\"es\"},{\"@type\":\"Organization\",\"@id\":\"https:\\\/\\\/www.eldiario.net\\\/portal\\\/#organization\",\"name\":\"El Diario - Decano de la prensa nacional\",\"url\":\"https:\\\/\\\/www.eldiario.net\\\/portal\\\/\",\"logo\":{\"@type\":\"ImageObject\",\"inLanguage\":\"es\",\"@id\":\"https:\\\/\\\/www.eldiario.net\\\/portal\\\/#\\\/schema\\\/logo\\\/image\\\/\",\"url\":\"https:\\\/\\\/www.eldiario.net\\\/portal\\\/wp-content\\\/uploads\\\/2023\\\/07\\\/logo_ED.jpg\",\"contentUrl\":\"https:\\\/\\\/www.eldiario.net\\\/portal\\\/wp-content\\\/uploads\\\/2023\\\/07\\\/logo_ED.jpg\",\"width\":272,\"height\":52,\"caption\":\"El Diario - Decano de la prensa nacional\"},\"image\":{\"@id\":\"https:\\\/\\\/www.eldiario.net\\\/portal\\\/#\\\/schema\\\/logo\\\/image\\\/\"},\"sameAs\":[\"https:\\\/\\\/www.facebook.com\\\/eldiario.bolivia\\\/\",\"https:\\\/\\\/x.com\\\/eldiario_net\"]},{\"@type\":\"Person\",\"@id\":\"https:\\\/\\\/www.eldiario.net\\\/portal\\\/#\\\/schema\\\/person\\\/f46445640444750d7d753ccd04ae01b7\",\"name\":\"Jeanette\",\"image\":{\"@type\":\"ImageObject\",\"inLanguage\":\"es\",\"@id\":\"https:\\\/\\\/secure.gravatar.com\\\/avatar\\\/3ea2118a5f7dad2b7138b1187a6b7ee55f160b9968b66013c3a3ef39dd7e5798?s=96&d=mm&r=g\",\"url\":\"https:\\\/\\\/secure.gravatar.com\\\/avatar\\\/3ea2118a5f7dad2b7138b1187a6b7ee55f160b9968b66013c3a3ef39dd7e5798?s=96&d=mm&r=g\",\"contentUrl\":\"https:\\\/\\\/secure.gravatar.com\\\/avatar\\\/3ea2118a5f7dad2b7138b1187a6b7ee55f160b9968b66013c3a3ef39dd7e5798?s=96&d=mm&r=g\",\"caption\":\"Jeanette\"},\"sameAs\":[\"https:\\\/\\\/www.eldiario.net\\\/portal\"],\"url\":\"https:\\\/\\\/www.eldiario.net\\\/portal\\\/author\\\/jeanette\\\/\"}]}<\/script>\n<!-- \/ Yoast SEO plugin. -->","yoast_head_json":{"title":"Brasil es el l\u00edder absoluto y con puntaje perfecto - El Diario - Bolivia","robots":{"index":"index","follow":"follow","max-snippet":"max-snippet:-1","max-image-preview":"max-image-preview:large","max-video-preview":"max-video-preview:-1"},"canonical":"https:\/\/www.eldiario.net\/portal\/2021\/06\/05\/brasil-es-el-lider-absoluto-y-con-puntaje-perfecto\/","og_locale":"es_ES","og_type":"article","og_title":"Brasil es el l\u00edder absoluto y con puntaje perfecto - El Diario - Bolivia","og_description":"En un partido que tuvo una gran controversia sobre el final, Brasil logr\u00f3 una victoria ante Ecuador que le permite seguir como \u00fanico l\u00edder de las Eliminatorias Sudamericanas, con cinco triunfos en la misma cantidad de partidos. El equipo de Tit\u00e9 se impuso por 2-0 ante los de Gustavo Alfaro en Porto Alegre y dio [&hellip;]","og_url":"https:\/\/www.eldiario.net\/portal\/2021\/06\/05\/brasil-es-el-lider-absoluto-y-con-puntaje-perfecto\/","og_site_name":"El Diario - Bolivia","article_publisher":"https:\/\/www.facebook.com\/eldiario.bolivia\/","article_published_time":"2021-06-05T08:13:21+00:00","author":"Jeanette","twitter_card":"summary_large_image","twitter_creator":"@eldiario_net","twitter_site":"@eldiario_net","twitter_misc":{"Escrito por":"Jeanette","Tiempo de lectura":"2 minutos"},"schema":{"@context":"https:\/\/schema.org","@graph":[{"@type":"Article","@id":"https:\/\/www.eldiario.net\/portal\/2021\/06\/05\/brasil-es-el-lider-absoluto-y-con-puntaje-perfecto\/#article","isPartOf":{"@id":"https:\/\/www.eldiario.net\/portal\/2021\/06\/05\/brasil-es-el-lider-absoluto-y-con-puntaje-perfecto\/"},"author":{"name":"Jeanette","@id":"https:\/\/www.eldiario.net\/portal\/#\/schema\/person\/f46445640444750d7d753ccd04ae01b7"},"headline":"Brasil es el l\u00edder absoluto y con puntaje perfecto","datePublished":"2021-06-05T08:13:21+00:00","mainEntityOfPage":{"@id":"https:\/\/www.eldiario.net\/portal\/2021\/06\/05\/brasil-es-el-lider-absoluto-y-con-puntaje-perfecto\/"},"wordCount":427,"publisher":{"@id":"https:\/\/www.eldiario.net\/portal\/#organization"},"image":{"@id":"https:\/\/www.eldiario.net\/portal\/2021\/06\/05\/brasil-es-el-lider-absoluto-y-con-puntaje-perfecto\/#primaryimage"},"thumbnailUrl":"","articleSection":["Deportes"],"inLanguage":"es"},{"@type":"WebPage","@id":"https:\/\/www.eldiario.net\/portal\/2021\/06\/05\/brasil-es-el-lider-absoluto-y-con-puntaje-perfecto\/","url":"https:\/\/www.eldiario.net\/portal\/2021\/06\/05\/brasil-es-el-lider-absoluto-y-con-puntaje-perfecto\/","name":"Brasil es el l\u00edder absoluto y con puntaje perfecto - El Diario - Bolivia","isPartOf":{"@id":"https:\/\/www.eldiario.net\/portal\/#website"},"primaryImageOfPage":{"@id":"https:\/\/www.eldiario.net\/portal\/2021\/06\/05\/brasil-es-el-lider-absoluto-y-con-puntaje-perfecto\/#primaryimage"},"image":{"@id":"https:\/\/www.eldiario.net\/portal\/2021\/06\/05\/brasil-es-el-lider-absoluto-y-con-puntaje-perfecto\/#primaryimage"},"thumbnailUrl":"","datePublished":"2021-06-05T08:13:21+00:00","breadcrumb":{"@id":"https:\/\/www.eldiario.net\/portal\/2021\/06\/05\/brasil-es-el-lider-absoluto-y-con-puntaje-perfecto\/#breadcrumb"},"inLanguage":"es","potentialAction":[{"@type":"ReadAction","target":["https:\/\/www.eldiario.net\/portal\/2021\/06\/05\/brasil-es-el-lider-absoluto-y-con-puntaje-perfecto\/"]}]},{"@type":"ImageObject","inLanguage":"es","@id":"https:\/\/www.eldiario.net\/portal\/2021\/06\/05\/brasil-es-el-lider-absoluto-y-con-puntaje-perfecto\/#primaryimage","url":"","contentUrl":""},{"@type":"BreadcrumbList","@id":"https:\/\/www.eldiario.net\/portal\/2021\/06\/05\/brasil-es-el-lider-absoluto-y-con-puntaje-perfecto\/#breadcrumb","itemListElement":[{"@type":"ListItem","position":1,"name":"Portada","item":"https:\/\/www.eldiario.net\/portal\/"},{"@type":"ListItem","position":2,"name":"Brasil es el l\u00edder absoluto y con puntaje perfecto"}]},{"@type":"WebSite","@id":"https:\/\/www.eldiario.net\/portal\/#website","url":"https:\/\/www.eldiario.net\/portal\/","name":"El Diario - Decano de la prensa nacional","description":"El Diario - Decano de la prensa nacional","publisher":{"@id":"https:\/\/www.eldiario.net\/portal\/#organization"},"potentialAction":[{"@type":"SearchAction","target":{"@type":"EntryPoint","urlTemplate":"https:\/\/www.eldiario.net\/portal\/?s={search_term_string}"},"query-input":{"@type":"PropertyValueSpecification","valueRequired":true,"valueName":"search_term_string"}}],"inLanguage":"es"},{"@type":"Organization","@id":"https:\/\/www.eldiario.net\/portal\/#organization","name":"El Diario - Decano de la prensa nacional","url":"https:\/\/www.eldiario.net\/portal\/","logo":{"@type":"ImageObject","inLanguage":"es","@id":"https:\/\/www.eldiario.net\/portal\/#\/schema\/logo\/image\/","url":"https:\/\/www.eldiario.net\/portal\/wp-content\/uploads\/2023\/07\/logo_ED.jpg","contentUrl":"https:\/\/www.eldiario.net\/portal\/wp-content\/uploads\/2023\/07\/logo_ED.jpg","width":272,"height":52,"caption":"El Diario - Decano de la prensa nacional"},"image":{"@id":"https:\/\/www.eldiario.net\/portal\/#\/schema\/logo\/image\/"},"sameAs":["https:\/\/www.facebook.com\/eldiario.bolivia\/","https:\/\/x.com\/eldiario_net"]},{"@type":"Person","@id":"https:\/\/www.eldiario.net\/portal\/#\/schema\/person\/f46445640444750d7d753ccd04ae01b7","name":"Jeanette","image":{"@type":"ImageObject","inLanguage":"es","@id":"https:\/\/secure.gravatar.com\/avatar\/3ea2118a5f7dad2b7138b1187a6b7ee55f160b9968b66013c3a3ef39dd7e5798?s=96&d=mm&r=g","url":"https:\/\/secure.gravatar.com\/avatar\/3ea2118a5f7dad2b7138b1187a6b7ee55f160b9968b66013c3a3ef39dd7e5798?s=96&d=mm&r=g","contentUrl":"https:\/\/secure.gravatar.com\/avatar\/3ea2118a5f7dad2b7138b1187a6b7ee55f160b9968b66013c3a3ef39dd7e5798?s=96&d=mm&r=g","caption":"Jeanette"},"sameAs":["https:\/\/www.eldiario.net\/portal"],"url":"https:\/\/www.eldiario.net\/portal\/author\/jeanette\/"}]}},"_links":{"self":[{"href":"https:\/\/www.eldiario.net\/portal\/wp-json\/wp\/v2\/posts\/8346","targetHints":{"allow":["GET"]}}],"collection":[{"href":"https:\/\/www.eldiario.net\/portal\/wp-json\/wp\/v2\/posts"}],"about":[{"href":"https:\/\/www.eldiario.net\/portal\/wp-json\/wp\/v2\/types\/post"}],"author":[{"embeddable":true,"href":"https:\/\/www.eldiario.net\/portal\/wp-json\/wp\/v2\/users\/1"}],"replies":[{"embeddable":true,"href":"https:\/\/www.eldiario.net\/portal\/wp-json\/wp\/v2\/comments?post=8346"}],"version-history":[{"count":0,"href":"https:\/\/www.eldiario.net\/portal\/wp-json\/wp\/v2\/posts\/8346\/revisions"}],"wp:attachment":[{"href":"https:\/\/www.eldiario.net\/portal\/wp-json\/wp\/v2\/media?parent=8346"}],"wp:term":[{"taxonomy":"category","embeddable":true,"href":"https:\/\/www.eldiario.net\/portal\/wp-json\/wp\/v2\/categories?post=8346"},{"taxonomy":"post_tag","embeddable":true,"href":"https:\/\/www.eldiario.net\/portal\/wp-json\/wp\/v2\/tags?post=8346"}],"curies":[{"name":"wp","href":"https:\/\/api.w.org\/{rel}","templated":true}]}}