{"id":8340,"date":"2021-06-05T04:11:23","date_gmt":"2021-06-05T08:11:23","guid":{"rendered":"https:\/\/www.eldiario.net\/portal\/?p=8340"},"modified":"2021-06-05T04:11:23","modified_gmt":"2021-06-05T08:11:23","slug":"jugadores-de-brasil-le-dicen-no-a-copa-america","status":"publish","type":"post","link":"https:\/\/www.eldiario.net\/portal\/2021\/06\/05\/jugadores-de-brasil-le-dicen-no-a-copa-america\/","title":{"rendered":"Jugadores de Brasil le dicen no a Copa Am\u00e9rica"},"content":{"rendered":"<p>La Conmebol est\u00e1 decidida a realizar la Copa Am\u00e9rica contra viento y marea, pero se le est\u00e1 formando un fuerte hurac\u00e1n que podr\u00eda ponerla en m\u00e1ximo riesgo. En la \u00faltimas hora se revel\u00f3 indisposici\u00f3n de los jugadores de Brasil por el certamen, pero m\u00e1s que malestar, est\u00e1n decididos a que no se juegue.El mot\u00edn de los convocados de Tit\u00e9 inici\u00f3 cuando Argentina renunci\u00f3 a ser sede debido a la crisis sanitaria, situaci\u00f3n que es m\u00e1s aguda en territorio brasile\u00f1o, pero que no fue considerada al aceptar llevar a cabo el torneo.El grupo ya se encontraba concentrado prerparando los juegos de Eliminatoria, pero al enterarse de la noticia hubo indignaci\u00f3n general y se lo hicieron saber a las directivas de la directiva de la CBF, por lo que se reunieron con el presidente de la Federaci\u00f3n, Rogerio Caboclo.Los futbolistas consideran que es innecesario jugar la Copa Am\u00e9rica en medio de una pandemia que ha cobrado medio mill\u00f3n de vidas en su pa\u00eds, por lo que expresaron su preocupaci\u00f3n en el encuentro, pero este termin\u00f3 encendiendo m\u00e1s los \u00e1nimos porque Caboclo amenaz\u00f3 con echar Juninho Paulista, coordinador de la selecci\u00f3n, por la revuelta del vestuario.Hay una rotura total entre los deportistas y la CBF, ya que el pasado jueves se le impidi\u00f3 a Casemiro, capit\u00e1n del equipo, hablar ante los medios de comunicaci\u00f3n ya que ten\u00eda contemplado hacer p\u00fablico la posici\u00f3n del seleccionado contra la Copa Am\u00e9rica. (MARCA)<\/p>\n","protected":false},"excerpt":{"rendered":"<p>La Conmebol est\u00e1 decidida a realizar la Copa Am\u00e9rica contra viento y marea, pero se le est\u00e1 formando un fuerte hurac\u00e1n que podr\u00eda ponerla en m\u00e1ximo riesgo. En la \u00faltimas hora se revel\u00f3 indisposici\u00f3n de los jugadores de Brasil por el certamen, pero m\u00e1s que malestar, est\u00e1n decididos a que no se juegue.El mot\u00edn de [&hellip;]<\/p>\n","protected":false},"author":1,"featured_media":8341,"comment_status":"closed","ping_status":"closed","sticky":false,"template":"","format":"standard","meta":{"_acf_changed":false,"footnotes":""},"categories":[6],"tags":[],"class_list":["post-8340","post","type-post","status-publish","format-standard","has-post-thumbnail","category-deportes"],"acf":{"antetitulo":""},"yoast_head":"<!-- This site is optimized with the Yoast SEO plugin v28.3 - https:\/\/yoast.com\/product\/yoast-seo-wordpress\/ -->\n<title>Jugadores de Brasil le dicen no a Copa Am\u00e9rica - El Diario - Bolivia<\/title>\n<meta name=\"robots\" content=\"index, follow, max-snippet:-1, max-image-preview:large, max-video-preview:-1\" \/>\n<link rel=\"canonical\" href=\"https:\/\/www.eldiario.net\/portal\/2021\/06\/05\/jugadores-de-brasil-le-dicen-no-a-copa-america\/\" \/>\n<meta property=\"og:locale\" content=\"es_ES\" \/>\n<meta property=\"og:type\" content=\"article\" \/>\n<meta property=\"og:title\" content=\"Jugadores de Brasil le dicen no a Copa Am\u00e9rica - El Diario - Bolivia\" \/>\n<meta property=\"og:description\" content=\"La Conmebol est\u00e1 decidida a realizar la Copa Am\u00e9rica contra viento y marea, pero se le est\u00e1 formando un fuerte hurac\u00e1n que podr\u00eda ponerla en m\u00e1ximo riesgo. En la \u00faltimas hora se revel\u00f3 indisposici\u00f3n de los jugadores de Brasil por el certamen, pero m\u00e1s que malestar, est\u00e1n decididos a que no se juegue.El mot\u00edn de [&hellip;]\" \/>\n<meta property=\"og:url\" content=\"https:\/\/www.eldiario.net\/portal\/2021\/06\/05\/jugadores-de-brasil-le-dicen-no-a-copa-america\/\" \/>\n<meta property=\"og:site_name\" content=\"El Diario - Bolivia\" \/>\n<meta property=\"article:publisher\" content=\"https:\/\/www.facebook.com\/eldiario.bolivia\/\" \/>\n<meta property=\"article:published_time\" content=\"2021-06-05T08:11:23+00:00\" \/>\n<meta name=\"author\" content=\"Jeanette\" \/>\n<meta name=\"twitter:card\" content=\"summary_large_image\" \/>\n<meta name=\"twitter:creator\" content=\"@eldiario_net\" \/>\n<meta name=\"twitter:site\" content=\"@eldiario_net\" \/>\n<meta name=\"twitter:label1\" content=\"Escrito por\" \/>\n\t<meta name=\"twitter:data1\" content=\"Jeanette\" \/>\n\t<meta name=\"twitter:label2\" content=\"Tiempo de lectura\" \/>\n\t<meta name=\"twitter:data2\" content=\"2 minutos\" \/>\n<script type=\"application\/ld+json\" class=\"yoast-schema-graph\">{\"@context\":\"https:\\\/\\\/schema.org\",\"@graph\":[{\"@type\":\"Article\",\"@id\":\"https:\\\/\\\/www.eldiario.net\\\/portal\\\/2021\\\/06\\\/05\\\/jugadores-de-brasil-le-dicen-no-a-copa-america\\\/#article\",\"isPartOf\":{\"@id\":\"https:\\\/\\\/www.eldiario.net\\\/portal\\\/2021\\\/06\\\/05\\\/jugadores-de-brasil-le-dicen-no-a-copa-america\\\/\"},\"author\":{\"name\":\"Jeanette\",\"@id\":\"https:\\\/\\\/www.eldiario.net\\\/portal\\\/#\\\/schema\\\/person\\\/f46445640444750d7d753ccd04ae01b7\"},\"headline\":\"Jugadores de Brasil le dicen no a Copa Am\u00e9rica\",\"datePublished\":\"2021-06-05T08:11:23+00:00\",\"mainEntityOfPage\":{\"@id\":\"https:\\\/\\\/www.eldiario.net\\\/portal\\\/2021\\\/06\\\/05\\\/jugadores-de-brasil-le-dicen-no-a-copa-america\\\/\"},\"wordCount\":275,\"publisher\":{\"@id\":\"https:\\\/\\\/www.eldiario.net\\\/portal\\\/#organization\"},\"image\":{\"@id\":\"https:\\\/\\\/www.eldiario.net\\\/portal\\\/2021\\\/06\\\/05\\\/jugadores-de-brasil-le-dicen-no-a-copa-america\\\/#primaryimage\"},\"thumbnailUrl\":\"\",\"articleSection\":[\"Deportes\"],\"inLanguage\":\"es\"},{\"@type\":\"WebPage\",\"@id\":\"https:\\\/\\\/www.eldiario.net\\\/portal\\\/2021\\\/06\\\/05\\\/jugadores-de-brasil-le-dicen-no-a-copa-america\\\/\",\"url\":\"https:\\\/\\\/www.eldiario.net\\\/portal\\\/2021\\\/06\\\/05\\\/jugadores-de-brasil-le-dicen-no-a-copa-america\\\/\",\"name\":\"Jugadores de Brasil le dicen no a Copa Am\u00e9rica - El Diario - Bolivia\",\"isPartOf\":{\"@id\":\"https:\\\/\\\/www.eldiario.net\\\/portal\\\/#website\"},\"primaryImageOfPage\":{\"@id\":\"https:\\\/\\\/www.eldiario.net\\\/portal\\\/2021\\\/06\\\/05\\\/jugadores-de-brasil-le-dicen-no-a-copa-america\\\/#primaryimage\"},\"image\":{\"@id\":\"https:\\\/\\\/www.eldiario.net\\\/portal\\\/2021\\\/06\\\/05\\\/jugadores-de-brasil-le-dicen-no-a-copa-america\\\/#primaryimage\"},\"thumbnailUrl\":\"\",\"datePublished\":\"2021-06-05T08:11:23+00:00\",\"breadcrumb\":{\"@id\":\"https:\\\/\\\/www.eldiario.net\\\/portal\\\/2021\\\/06\\\/05\\\/jugadores-de-brasil-le-dicen-no-a-copa-america\\\/#breadcrumb\"},\"inLanguage\":\"es\",\"potentialAction\":[{\"@type\":\"ReadAction\",\"target\":[\"https:\\\/\\\/www.eldiario.net\\\/portal\\\/2021\\\/06\\\/05\\\/jugadores-de-brasil-le-dicen-no-a-copa-america\\\/\"]}]},{\"@type\":\"ImageObject\",\"inLanguage\":\"es\",\"@id\":\"https:\\\/\\\/www.eldiario.net\\\/portal\\\/2021\\\/06\\\/05\\\/jugadores-de-brasil-le-dicen-no-a-copa-america\\\/#primaryimage\",\"url\":\"\",\"contentUrl\":\"\"},{\"@type\":\"BreadcrumbList\",\"@id\":\"https:\\\/\\\/www.eldiario.net\\\/portal\\\/2021\\\/06\\\/05\\\/jugadores-de-brasil-le-dicen-no-a-copa-america\\\/#breadcrumb\",\"itemListElement\":[{\"@type\":\"ListItem\",\"position\":1,\"name\":\"Portada\",\"item\":\"https:\\\/\\\/www.eldiario.net\\\/portal\\\/\"},{\"@type\":\"ListItem\",\"position\":2,\"name\":\"Jugadores de Brasil le dicen no a Copa Am\u00e9rica\"}]},{\"@type\":\"WebSite\",\"@id\":\"https:\\\/\\\/www.eldiario.net\\\/portal\\\/#website\",\"url\":\"https:\\\/\\\/www.eldiario.net\\\/portal\\\/\",\"name\":\"El Diario - Decano de la prensa nacional\",\"description\":\"El Diario - Decano de la prensa nacional\",\"publisher\":{\"@id\":\"https:\\\/\\\/www.eldiario.net\\\/portal\\\/#organization\"},\"potentialAction\":[{\"@type\":\"SearchAction\",\"target\":{\"@type\":\"EntryPoint\",\"urlTemplate\":\"https:\\\/\\\/www.eldiario.net\\\/portal\\\/?s={search_term_string}\"},\"query-input\":{\"@type\":\"PropertyValueSpecification\",\"valueRequired\":true,\"valueName\":\"search_term_string\"}}],\"inLanguage\":\"es\"},{\"@type\":\"Organization\",\"@id\":\"https:\\\/\\\/www.eldiario.net\\\/portal\\\/#organization\",\"name\":\"El Diario - Decano de la prensa nacional\",\"url\":\"https:\\\/\\\/www.eldiario.net\\\/portal\\\/\",\"logo\":{\"@type\":\"ImageObject\",\"inLanguage\":\"es\",\"@id\":\"https:\\\/\\\/www.eldiario.net\\\/portal\\\/#\\\/schema\\\/logo\\\/image\\\/\",\"url\":\"https:\\\/\\\/www.eldiario.net\\\/portal\\\/wp-content\\\/uploads\\\/2023\\\/07\\\/logo_ED.jpg\",\"contentUrl\":\"https:\\\/\\\/www.eldiario.net\\\/portal\\\/wp-content\\\/uploads\\\/2023\\\/07\\\/logo_ED.jpg\",\"width\":272,\"height\":52,\"caption\":\"El Diario - Decano de la prensa nacional\"},\"image\":{\"@id\":\"https:\\\/\\\/www.eldiario.net\\\/portal\\\/#\\\/schema\\\/logo\\\/image\\\/\"},\"sameAs\":[\"https:\\\/\\\/www.facebook.com\\\/eldiario.bolivia\\\/\",\"https:\\\/\\\/x.com\\\/eldiario_net\"]},{\"@type\":\"Person\",\"@id\":\"https:\\\/\\\/www.eldiario.net\\\/portal\\\/#\\\/schema\\\/person\\\/f46445640444750d7d753ccd04ae01b7\",\"name\":\"Jeanette\",\"image\":{\"@type\":\"ImageObject\",\"inLanguage\":\"es\",\"@id\":\"https:\\\/\\\/secure.gravatar.com\\\/avatar\\\/3ea2118a5f7dad2b7138b1187a6b7ee55f160b9968b66013c3a3ef39dd7e5798?s=96&d=mm&r=g\",\"url\":\"https:\\\/\\\/secure.gravatar.com\\\/avatar\\\/3ea2118a5f7dad2b7138b1187a6b7ee55f160b9968b66013c3a3ef39dd7e5798?s=96&d=mm&r=g\",\"contentUrl\":\"https:\\\/\\\/secure.gravatar.com\\\/avatar\\\/3ea2118a5f7dad2b7138b1187a6b7ee55f160b9968b66013c3a3ef39dd7e5798?s=96&d=mm&r=g\",\"caption\":\"Jeanette\"},\"sameAs\":[\"https:\\\/\\\/www.eldiario.net\\\/portal\"],\"url\":\"https:\\\/\\\/www.eldiario.net\\\/portal\\\/author\\\/jeanette\\\/\"}]}<\/script>\n<!-- \/ Yoast SEO plugin. -->","yoast_head_json":{"title":"Jugadores de Brasil le dicen no a Copa Am\u00e9rica - El Diario - Bolivia","robots":{"index":"index","follow":"follow","max-snippet":"max-snippet:-1","max-image-preview":"max-image-preview:large","max-video-preview":"max-video-preview:-1"},"canonical":"https:\/\/www.eldiario.net\/portal\/2021\/06\/05\/jugadores-de-brasil-le-dicen-no-a-copa-america\/","og_locale":"es_ES","og_type":"article","og_title":"Jugadores de Brasil le dicen no a Copa Am\u00e9rica - El Diario - Bolivia","og_description":"La Conmebol est\u00e1 decidida a realizar la Copa Am\u00e9rica contra viento y marea, pero se le est\u00e1 formando un fuerte hurac\u00e1n que podr\u00eda ponerla en m\u00e1ximo riesgo. En la \u00faltimas hora se revel\u00f3 indisposici\u00f3n de los jugadores de Brasil por el certamen, pero m\u00e1s que malestar, est\u00e1n decididos a que no se juegue.El mot\u00edn de [&hellip;]","og_url":"https:\/\/www.eldiario.net\/portal\/2021\/06\/05\/jugadores-de-brasil-le-dicen-no-a-copa-america\/","og_site_name":"El Diario - Bolivia","article_publisher":"https:\/\/www.facebook.com\/eldiario.bolivia\/","article_published_time":"2021-06-05T08:11:23+00:00","author":"Jeanette","twitter_card":"summary_large_image","twitter_creator":"@eldiario_net","twitter_site":"@eldiario_net","twitter_misc":{"Escrito por":"Jeanette","Tiempo de lectura":"2 minutos"},"schema":{"@context":"https:\/\/schema.org","@graph":[{"@type":"Article","@id":"https:\/\/www.eldiario.net\/portal\/2021\/06\/05\/jugadores-de-brasil-le-dicen-no-a-copa-america\/#article","isPartOf":{"@id":"https:\/\/www.eldiario.net\/portal\/2021\/06\/05\/jugadores-de-brasil-le-dicen-no-a-copa-america\/"},"author":{"name":"Jeanette","@id":"https:\/\/www.eldiario.net\/portal\/#\/schema\/person\/f46445640444750d7d753ccd04ae01b7"},"headline":"Jugadores de Brasil le dicen no a Copa Am\u00e9rica","datePublished":"2021-06-05T08:11:23+00:00","mainEntityOfPage":{"@id":"https:\/\/www.eldiario.net\/portal\/2021\/06\/05\/jugadores-de-brasil-le-dicen-no-a-copa-america\/"},"wordCount":275,"publisher":{"@id":"https:\/\/www.eldiario.net\/portal\/#organization"},"image":{"@id":"https:\/\/www.eldiario.net\/portal\/2021\/06\/05\/jugadores-de-brasil-le-dicen-no-a-copa-america\/#primaryimage"},"thumbnailUrl":"","articleSection":["Deportes"],"inLanguage":"es"},{"@type":"WebPage","@id":"https:\/\/www.eldiario.net\/portal\/2021\/06\/05\/jugadores-de-brasil-le-dicen-no-a-copa-america\/","url":"https:\/\/www.eldiario.net\/portal\/2021\/06\/05\/jugadores-de-brasil-le-dicen-no-a-copa-america\/","name":"Jugadores de Brasil le dicen no a Copa Am\u00e9rica - El Diario - Bolivia","isPartOf":{"@id":"https:\/\/www.eldiario.net\/portal\/#website"},"primaryImageOfPage":{"@id":"https:\/\/www.eldiario.net\/portal\/2021\/06\/05\/jugadores-de-brasil-le-dicen-no-a-copa-america\/#primaryimage"},"image":{"@id":"https:\/\/www.eldiario.net\/portal\/2021\/06\/05\/jugadores-de-brasil-le-dicen-no-a-copa-america\/#primaryimage"},"thumbnailUrl":"","datePublished":"2021-06-05T08:11:23+00:00","breadcrumb":{"@id":"https:\/\/www.eldiario.net\/portal\/2021\/06\/05\/jugadores-de-brasil-le-dicen-no-a-copa-america\/#breadcrumb"},"inLanguage":"es","potentialAction":[{"@type":"ReadAction","target":["https:\/\/www.eldiario.net\/portal\/2021\/06\/05\/jugadores-de-brasil-le-dicen-no-a-copa-america\/"]}]},{"@type":"ImageObject","inLanguage":"es","@id":"https:\/\/www.eldiario.net\/portal\/2021\/06\/05\/jugadores-de-brasil-le-dicen-no-a-copa-america\/#primaryimage","url":"","contentUrl":""},{"@type":"BreadcrumbList","@id":"https:\/\/www.eldiario.net\/portal\/2021\/06\/05\/jugadores-de-brasil-le-dicen-no-a-copa-america\/#breadcrumb","itemListElement":[{"@type":"ListItem","position":1,"name":"Portada","item":"https:\/\/www.eldiario.net\/portal\/"},{"@type":"ListItem","position":2,"name":"Jugadores de Brasil le dicen no a Copa Am\u00e9rica"}]},{"@type":"WebSite","@id":"https:\/\/www.eldiario.net\/portal\/#website","url":"https:\/\/www.eldiario.net\/portal\/","name":"El Diario - Decano de la prensa nacional","description":"El Diario - Decano de la prensa nacional","publisher":{"@id":"https:\/\/www.eldiario.net\/portal\/#organization"},"potentialAction":[{"@type":"SearchAction","target":{"@type":"EntryPoint","urlTemplate":"https:\/\/www.eldiario.net\/portal\/?s={search_term_string}"},"query-input":{"@type":"PropertyValueSpecification","valueRequired":true,"valueName":"search_term_string"}}],"inLanguage":"es"},{"@type":"Organization","@id":"https:\/\/www.eldiario.net\/portal\/#organization","name":"El Diario - Decano de la prensa nacional","url":"https:\/\/www.eldiario.net\/portal\/","logo":{"@type":"ImageObject","inLanguage":"es","@id":"https:\/\/www.eldiario.net\/portal\/#\/schema\/logo\/image\/","url":"https:\/\/www.eldiario.net\/portal\/wp-content\/uploads\/2023\/07\/logo_ED.jpg","contentUrl":"https:\/\/www.eldiario.net\/portal\/wp-content\/uploads\/2023\/07\/logo_ED.jpg","width":272,"height":52,"caption":"El Diario - Decano de la prensa nacional"},"image":{"@id":"https:\/\/www.eldiario.net\/portal\/#\/schema\/logo\/image\/"},"sameAs":["https:\/\/www.facebook.com\/eldiario.bolivia\/","https:\/\/x.com\/eldiario_net"]},{"@type":"Person","@id":"https:\/\/www.eldiario.net\/portal\/#\/schema\/person\/f46445640444750d7d753ccd04ae01b7","name":"Jeanette","image":{"@type":"ImageObject","inLanguage":"es","@id":"https:\/\/secure.gravatar.com\/avatar\/3ea2118a5f7dad2b7138b1187a6b7ee55f160b9968b66013c3a3ef39dd7e5798?s=96&d=mm&r=g","url":"https:\/\/secure.gravatar.com\/avatar\/3ea2118a5f7dad2b7138b1187a6b7ee55f160b9968b66013c3a3ef39dd7e5798?s=96&d=mm&r=g","contentUrl":"https:\/\/secure.gravatar.com\/avatar\/3ea2118a5f7dad2b7138b1187a6b7ee55f160b9968b66013c3a3ef39dd7e5798?s=96&d=mm&r=g","caption":"Jeanette"},"sameAs":["https:\/\/www.eldiario.net\/portal"],"url":"https:\/\/www.eldiario.net\/portal\/author\/jeanette\/"}]}},"_links":{"self":[{"href":"https:\/\/www.eldiario.net\/portal\/wp-json\/wp\/v2\/posts\/8340","targetHints":{"allow":["GET"]}}],"collection":[{"href":"https:\/\/www.eldiario.net\/portal\/wp-json\/wp\/v2\/posts"}],"about":[{"href":"https:\/\/www.eldiario.net\/portal\/wp-json\/wp\/v2\/types\/post"}],"author":[{"embeddable":true,"href":"https:\/\/www.eldiario.net\/portal\/wp-json\/wp\/v2\/users\/1"}],"replies":[{"embeddable":true,"href":"https:\/\/www.eldiario.net\/portal\/wp-json\/wp\/v2\/comments?post=8340"}],"version-history":[{"count":0,"href":"https:\/\/www.eldiario.net\/portal\/wp-json\/wp\/v2\/posts\/8340\/revisions"}],"wp:attachment":[{"href":"https:\/\/www.eldiario.net\/portal\/wp-json\/wp\/v2\/media?parent=8340"}],"wp:term":[{"taxonomy":"category","embeddable":true,"href":"https:\/\/www.eldiario.net\/portal\/wp-json\/wp\/v2\/categories?post=8340"},{"taxonomy":"post_tag","embeddable":true,"href":"https:\/\/www.eldiario.net\/portal\/wp-json\/wp\/v2\/tags?post=8340"}],"curies":[{"name":"wp","href":"https:\/\/api.w.org\/{rel}","templated":true}]}}