{"id":8335,"date":"2021-06-05T04:09:38","date_gmt":"2021-06-05T08:09:38","guid":{"rendered":"https:\/\/www.eldiario.net\/portal\/?p=8335"},"modified":"2021-06-05T04:09:38","modified_gmt":"2021-06-05T08:09:38","slug":"coquito-galvez-vuelve-a-bolivia-luego-de-pasar-por-europa","status":"publish","type":"post","link":"https:\/\/www.eldiario.net\/portal\/2021\/06\/05\/coquito-galvez-vuelve-a-bolivia-luego-de-pasar-por-europa\/","title":{"rendered":"\u201cCoquito\u201d G\u00e1lvez vuelve a Bolivia luego de pasar por Europa"},"content":{"rendered":"<p>Con la experiencia europea y los pies llenos de talento, la jugadora boliviana Mar\u00eda Cristina \u201cCoquito\u201d G\u00e1lvez retornar\u00e1 al pa\u00eds luego de militar en Espa\u00f1a, con el CD H\u00e9rcules de Ceuta, equipo de segunda divisi\u00f3n del f\u00fatbol de sal\u00f3n femenino.<br \/>\nLuego de varios cotejos, la boliviana cont\u00f3 en exclusiva a Deportes el Diario que \u201cno he podido cumplir el objetivo de permanecer en Espa\u00f1a, en unos d\u00edas vuelvo al pa\u00eds y con muchas ganas de ver a mi familia\u201d.<br \/>\n\u2018Coquito\u2019 G\u00e1lvez, de 20 a\u00f1os, lleg\u00f3 al club ceut\u00ed procedente del Cerro Porte\u00f1o de Paraguay, con el cual disput\u00f3 la Copa Libertadores femenina en 2020.<br \/>\nMar\u00eda Cristina G\u00e1lvez Talavera, natural de Santa Cruz, es un ala zurda que se inici\u00f3 en las filas del Plan Tres Mil de su ciudad natal, desde donde pas\u00f3 a otros clubes como La Crema o Racing Junior.<br \/>\nLa internacional boliviana disput\u00f3 con su selecci\u00f3n las Olimpiadas de la Juventud en octubre de 2018 en Buenos Aires y los Juegos Suramericanos de Cochabamba de ese mismo a\u00f1o, en los que logr\u00f3 la medalla de bronce.<br \/>\nSu habilitad, su regate y sus goles hicieron que G\u00e1lvez fuera una de las jugadoras destacadas del campeonato, lo que le abri\u00f3 las puertas del UCAM ElPozo de Murcia, con el que firm\u00f3 en febrero de 2019 para militar en la Primera Divisi\u00f3n femenina de f\u00fatbol sala.<br \/>\nLa boliviana jug\u00f3 con el equipo murciano hasta agosto de 2019, tras lo cual decidi\u00f3 regresar a su pa\u00eds y, posteriormente, milit\u00f3 en el Cerro Porte\u00f1o paraguayo.<br \/>\nG\u00e1lvez manifest\u00f3 que el secreto de salir al exterior es la \u201cpersistencia, la pr\u00e1ctica con el bal\u00f3n\u201d, formas con las que se ganan el dominio de la pelota.<br \/>\nEmpero, \u201ces muy complicado (salir al exterior), ya que lo que ven en el nivel es muy bajo en el pa\u00eds y le toman mucha atenci\u00f3n a los talentos que hay ac\u00e1\u201d.<br \/>\nSubray\u00f3 que en Espa\u00f1a \u201chay mucha diferencia con la preparaci\u00f3n f\u00edsica, la formaci\u00f3n que van tomando parte desde muy peque\u00f1o\u201d, lo que da mejores resultados a futuro. En el an\u00e1lisis, la talentosa boliviana sostuvo que \u201cse deber\u00eda mejorar el apoyo a nuestra preparaci\u00f3n, tambi\u00e9n que los peque\u00f1os puedan ir form\u00e1ndose y tengan oportunidad de poder de entrenar\u201d. G\u00e1lvez se dirigir\u00e1 al pa\u00eds en unos d\u00edas, luego comenzar\u00e1 con su preparaci\u00f3n personal y b\u00fasqueda de fichar para otro club. En la pasada temporada recibi\u00f3 ofertas de varios clubes en Eurora y Sudam\u00e9rica, para este a\u00f1o no ser\u00e1 la excepci\u00f3n para la jugadora cruce\u00f1a.<\/p>\n<p><strong>FRASES<\/strong><\/p>\n<p>FAMILIA. \u201cCuesta mucho alejarse de la familia, pero en otros lugares hay muchas y mejores oportunidades que se presentan. As\u00ed que no queda otra que alejarse para lograr hacer lo que m\u00e1s te gusta y concretar metas\u201d.<br \/>\nCONSEJO A LA JUVENTUD. \u201cNosotros nos preocupamos mucho de que no tenemos harto apoyo, pero lo que deber\u00edamos hacer es entrenar individualmente persiguiendo nuestros sue\u00f1os y no quedarnos ah\u00ed. A futuro habr\u00e1 personas que valoren tu trabajo y el talento que tienes\u201d.<br \/>\nLIBERTADORES EN CERRO PORTE\u00d1O. \u201cFue una bonita experiencia, ya que ten\u00eda compa\u00f1eras de distintos pa\u00edses\u201d.<\/p>\n<p>20 a\u00f1os tiene Mar\u00eda Cristina G\u00e1lvez. Pis\u00f3 dos veces el f\u00fatbol de sal\u00f3n en Espa\u00f1a.<\/p>\n<figure id=\"attachment_8337\" aria-describedby=\"caption-attachment-8337\" style=\"width: 300px\" class=\"wp-caption aligncenter\"><img loading=\"lazy\" decoding=\"async\" class=\"wp-image-8337 size-medium\" src=\"https:\/\/www.eldiario.net\/portal\/wp-content\/uploads\/2021\/06\/pag-3-FEM-foto-1-300x200.jpg\" alt=\"\" width=\"300\" height=\"200\" \/><figcaption id=\"caption-attachment-8337\" class=\"wp-caption-text\">La jugadora boliviana, Mar\u00eda Cristina G\u00e1lvez, en uno de sus juegos en el CD H\u00e9rcules de Espa\u00f1a.<\/figcaption><\/figure>\n<figure id=\"attachment_8338\" aria-describedby=\"caption-attachment-8338\" style=\"width: 1024px\" class=\"wp-caption aligncenter\"><img loading=\"lazy\" decoding=\"async\" class=\"size-large wp-image-8338\" src=\"https:\/\/www.eldiario.net\/portal\/wp-content\/uploads\/2021\/06\/pag-3-FEM-foto-3-equipo-1024x1024.jpg\" alt=\"\" width=\"1024\" height=\"1024\" \/><figcaption id=\"caption-attachment-8338\" class=\"wp-caption-text\">La boliviana G\u00e1lvez junto a sus compa\u00f1eras de equipo.<\/figcaption><\/figure>\n","protected":false},"excerpt":{"rendered":"<p>Con la experiencia europea y los pies llenos de talento, la jugadora boliviana Mar\u00eda Cristina \u201cCoquito\u201d G\u00e1lvez retornar\u00e1 al pa\u00eds luego de militar en Espa\u00f1a, con el CD H\u00e9rcules de Ceuta, equipo de segunda divisi\u00f3n del f\u00fatbol de sal\u00f3n femenino. Luego de varios cotejos, la boliviana cont\u00f3 en exclusiva a Deportes el Diario que \u201cno [&hellip;]<\/p>\n","protected":false},"author":1,"featured_media":8336,"comment_status":"closed","ping_status":"closed","sticky":false,"template":"","format":"standard","meta":{"_acf_changed":false,"footnotes":""},"categories":[6],"tags":[],"class_list":["post-8335","post","type-post","status-publish","format-standard","has-post-thumbnail","category-deportes"],"acf":{"antetitulo":""},"yoast_head":"<!-- This site is optimized with the Yoast SEO plugin v28.4 - https:\/\/yoast.com\/product\/yoast-seo-wordpress\/ -->\n<title>\u201cCoquito\u201d G\u00e1lvez vuelve a Bolivia luego de pasar por Europa - El Diario - Bolivia<\/title>\n<meta name=\"robots\" content=\"index, follow, max-snippet:-1, max-image-preview:large, max-video-preview:-1\" \/>\n<link rel=\"canonical\" href=\"https:\/\/www.eldiario.net\/portal\/2021\/06\/05\/coquito-galvez-vuelve-a-bolivia-luego-de-pasar-por-europa\/\" \/>\n<meta property=\"og:locale\" content=\"es_ES\" \/>\n<meta property=\"og:type\" content=\"article\" \/>\n<meta property=\"og:title\" content=\"\u201cCoquito\u201d G\u00e1lvez vuelve a Bolivia luego de pasar por Europa - El Diario - Bolivia\" \/>\n<meta property=\"og:description\" content=\"Con la experiencia europea y los pies llenos de talento, la jugadora boliviana Mar\u00eda Cristina \u201cCoquito\u201d G\u00e1lvez retornar\u00e1 al pa\u00eds luego de militar en Espa\u00f1a, con el CD H\u00e9rcules de Ceuta, equipo de segunda divisi\u00f3n del f\u00fatbol de sal\u00f3n femenino. Luego de varios cotejos, la boliviana cont\u00f3 en exclusiva a Deportes el Diario que \u201cno [&hellip;]\" \/>\n<meta property=\"og:url\" content=\"https:\/\/www.eldiario.net\/portal\/2021\/06\/05\/coquito-galvez-vuelve-a-bolivia-luego-de-pasar-por-europa\/\" \/>\n<meta property=\"og:site_name\" content=\"El Diario - Bolivia\" \/>\n<meta property=\"article:publisher\" content=\"https:\/\/www.facebook.com\/eldiario.bolivia\/\" \/>\n<meta property=\"article:published_time\" content=\"2021-06-05T08:09:38+00:00\" \/>\n<meta name=\"author\" content=\"Jeanette\" \/>\n<meta name=\"twitter:card\" content=\"summary_large_image\" \/>\n<meta name=\"twitter:creator\" content=\"@eldiario_net\" \/>\n<meta name=\"twitter:site\" content=\"@eldiario_net\" \/>\n<meta name=\"twitter:label1\" content=\"Escrito por\" \/>\n\t<meta name=\"twitter:data1\" content=\"Jeanette\" \/>\n\t<meta name=\"twitter:label2\" content=\"Tiempo de lectura\" \/>\n\t<meta name=\"twitter:data2\" content=\"3 minutos\" \/>\n<script type=\"application\/ld+json\" class=\"yoast-schema-graph\">{\"@context\":\"https:\\\/\\\/schema.org\",\"@graph\":[{\"@type\":\"Article\",\"@id\":\"https:\\\/\\\/www.eldiario.net\\\/portal\\\/2021\\\/06\\\/05\\\/coquito-galvez-vuelve-a-bolivia-luego-de-pasar-por-europa\\\/#article\",\"isPartOf\":{\"@id\":\"https:\\\/\\\/www.eldiario.net\\\/portal\\\/2021\\\/06\\\/05\\\/coquito-galvez-vuelve-a-bolivia-luego-de-pasar-por-europa\\\/\"},\"author\":{\"name\":\"Jeanette\",\"@id\":\"https:\\\/\\\/www.eldiario.net\\\/portal\\\/#\\\/schema\\\/person\\\/f46445640444750d7d753ccd04ae01b7\"},\"headline\":\"\u201cCoquito\u201d G\u00e1lvez vuelve a Bolivia luego de pasar por Europa\",\"datePublished\":\"2021-06-05T08:09:38+00:00\",\"mainEntityOfPage\":{\"@id\":\"https:\\\/\\\/www.eldiario.net\\\/portal\\\/2021\\\/06\\\/05\\\/coquito-galvez-vuelve-a-bolivia-luego-de-pasar-por-europa\\\/\"},\"wordCount\":637,\"publisher\":{\"@id\":\"https:\\\/\\\/www.eldiario.net\\\/portal\\\/#organization\"},\"image\":{\"@id\":\"https:\\\/\\\/www.eldiario.net\\\/portal\\\/2021\\\/06\\\/05\\\/coquito-galvez-vuelve-a-bolivia-luego-de-pasar-por-europa\\\/#primaryimage\"},\"thumbnailUrl\":\"\",\"articleSection\":[\"Deportes\"],\"inLanguage\":\"es\"},{\"@type\":\"WebPage\",\"@id\":\"https:\\\/\\\/www.eldiario.net\\\/portal\\\/2021\\\/06\\\/05\\\/coquito-galvez-vuelve-a-bolivia-luego-de-pasar-por-europa\\\/\",\"url\":\"https:\\\/\\\/www.eldiario.net\\\/portal\\\/2021\\\/06\\\/05\\\/coquito-galvez-vuelve-a-bolivia-luego-de-pasar-por-europa\\\/\",\"name\":\"\u201cCoquito\u201d G\u00e1lvez vuelve a Bolivia luego de pasar por Europa - El Diario - Bolivia\",\"isPartOf\":{\"@id\":\"https:\\\/\\\/www.eldiario.net\\\/portal\\\/#website\"},\"primaryImageOfPage\":{\"@id\":\"https:\\\/\\\/www.eldiario.net\\\/portal\\\/2021\\\/06\\\/05\\\/coquito-galvez-vuelve-a-bolivia-luego-de-pasar-por-europa\\\/#primaryimage\"},\"image\":{\"@id\":\"https:\\\/\\\/www.eldiario.net\\\/portal\\\/2021\\\/06\\\/05\\\/coquito-galvez-vuelve-a-bolivia-luego-de-pasar-por-europa\\\/#primaryimage\"},\"thumbnailUrl\":\"\",\"datePublished\":\"2021-06-05T08:09:38+00:00\",\"breadcrumb\":{\"@id\":\"https:\\\/\\\/www.eldiario.net\\\/portal\\\/2021\\\/06\\\/05\\\/coquito-galvez-vuelve-a-bolivia-luego-de-pasar-por-europa\\\/#breadcrumb\"},\"inLanguage\":\"es\",\"potentialAction\":[{\"@type\":\"ReadAction\",\"target\":[\"https:\\\/\\\/www.eldiario.net\\\/portal\\\/2021\\\/06\\\/05\\\/coquito-galvez-vuelve-a-bolivia-luego-de-pasar-por-europa\\\/\"]}]},{\"@type\":\"ImageObject\",\"inLanguage\":\"es\",\"@id\":\"https:\\\/\\\/www.eldiario.net\\\/portal\\\/2021\\\/06\\\/05\\\/coquito-galvez-vuelve-a-bolivia-luego-de-pasar-por-europa\\\/#primaryimage\",\"url\":\"\",\"contentUrl\":\"\"},{\"@type\":\"BreadcrumbList\",\"@id\":\"https:\\\/\\\/www.eldiario.net\\\/portal\\\/2021\\\/06\\\/05\\\/coquito-galvez-vuelve-a-bolivia-luego-de-pasar-por-europa\\\/#breadcrumb\",\"itemListElement\":[{\"@type\":\"ListItem\",\"position\":1,\"name\":\"Portada\",\"item\":\"https:\\\/\\\/www.eldiario.net\\\/portal\\\/\"},{\"@type\":\"ListItem\",\"position\":2,\"name\":\"\u201cCoquito\u201d G\u00e1lvez vuelve a Bolivia luego de pasar por Europa\"}]},{\"@type\":\"WebSite\",\"@id\":\"https:\\\/\\\/www.eldiario.net\\\/portal\\\/#website\",\"url\":\"https:\\\/\\\/www.eldiario.net\\\/portal\\\/\",\"name\":\"El Diario - Decano de la prensa nacional\",\"description\":\"El Diario - Decano de la prensa nacional\",\"publisher\":{\"@id\":\"https:\\\/\\\/www.eldiario.net\\\/portal\\\/#organization\"},\"potentialAction\":[{\"@type\":\"SearchAction\",\"target\":{\"@type\":\"EntryPoint\",\"urlTemplate\":\"https:\\\/\\\/www.eldiario.net\\\/portal\\\/?s={search_term_string}\"},\"query-input\":{\"@type\":\"PropertyValueSpecification\",\"valueRequired\":true,\"valueName\":\"search_term_string\"}}],\"inLanguage\":\"es\"},{\"@type\":\"Organization\",\"@id\":\"https:\\\/\\\/www.eldiario.net\\\/portal\\\/#organization\",\"name\":\"El Diario - Decano de la prensa nacional\",\"url\":\"https:\\\/\\\/www.eldiario.net\\\/portal\\\/\",\"logo\":{\"@type\":\"ImageObject\",\"inLanguage\":\"es\",\"@id\":\"https:\\\/\\\/www.eldiario.net\\\/portal\\\/#\\\/schema\\\/logo\\\/image\\\/\",\"url\":\"https:\\\/\\\/www.eldiario.net\\\/portal\\\/wp-content\\\/uploads\\\/2023\\\/07\\\/logo_ED.jpg\",\"contentUrl\":\"https:\\\/\\\/www.eldiario.net\\\/portal\\\/wp-content\\\/uploads\\\/2023\\\/07\\\/logo_ED.jpg\",\"width\":272,\"height\":52,\"caption\":\"El Diario - Decano de la prensa nacional\"},\"image\":{\"@id\":\"https:\\\/\\\/www.eldiario.net\\\/portal\\\/#\\\/schema\\\/logo\\\/image\\\/\"},\"sameAs\":[\"https:\\\/\\\/www.facebook.com\\\/eldiario.bolivia\\\/\",\"https:\\\/\\\/x.com\\\/eldiario_net\"]},{\"@type\":\"Person\",\"@id\":\"https:\\\/\\\/www.eldiario.net\\\/portal\\\/#\\\/schema\\\/person\\\/f46445640444750d7d753ccd04ae01b7\",\"name\":\"Jeanette\",\"image\":{\"@type\":\"ImageObject\",\"inLanguage\":\"es\",\"@id\":\"https:\\\/\\\/secure.gravatar.com\\\/avatar\\\/3ea2118a5f7dad2b7138b1187a6b7ee55f160b9968b66013c3a3ef39dd7e5798?s=96&d=mm&r=g\",\"url\":\"https:\\\/\\\/secure.gravatar.com\\\/avatar\\\/3ea2118a5f7dad2b7138b1187a6b7ee55f160b9968b66013c3a3ef39dd7e5798?s=96&d=mm&r=g\",\"contentUrl\":\"https:\\\/\\\/secure.gravatar.com\\\/avatar\\\/3ea2118a5f7dad2b7138b1187a6b7ee55f160b9968b66013c3a3ef39dd7e5798?s=96&d=mm&r=g\",\"caption\":\"Jeanette\"},\"sameAs\":[\"https:\\\/\\\/www.eldiario.net\\\/portal\"],\"url\":\"https:\\\/\\\/www.eldiario.net\\\/portal\\\/author\\\/jeanette\\\/\"}]}<\/script>\n<!-- \/ Yoast SEO plugin. -->","yoast_head_json":{"title":"\u201cCoquito\u201d G\u00e1lvez vuelve a Bolivia luego de pasar por Europa - El Diario - Bolivia","robots":{"index":"index","follow":"follow","max-snippet":"max-snippet:-1","max-image-preview":"max-image-preview:large","max-video-preview":"max-video-preview:-1"},"canonical":"https:\/\/www.eldiario.net\/portal\/2021\/06\/05\/coquito-galvez-vuelve-a-bolivia-luego-de-pasar-por-europa\/","og_locale":"es_ES","og_type":"article","og_title":"\u201cCoquito\u201d G\u00e1lvez vuelve a Bolivia luego de pasar por Europa - El Diario - Bolivia","og_description":"Con la experiencia europea y los pies llenos de talento, la jugadora boliviana Mar\u00eda Cristina \u201cCoquito\u201d G\u00e1lvez retornar\u00e1 al pa\u00eds luego de militar en Espa\u00f1a, con el CD H\u00e9rcules de Ceuta, equipo de segunda divisi\u00f3n del f\u00fatbol de sal\u00f3n femenino. Luego de varios cotejos, la boliviana cont\u00f3 en exclusiva a Deportes el Diario que \u201cno [&hellip;]","og_url":"https:\/\/www.eldiario.net\/portal\/2021\/06\/05\/coquito-galvez-vuelve-a-bolivia-luego-de-pasar-por-europa\/","og_site_name":"El Diario - Bolivia","article_publisher":"https:\/\/www.facebook.com\/eldiario.bolivia\/","article_published_time":"2021-06-05T08:09:38+00:00","author":"Jeanette","twitter_card":"summary_large_image","twitter_creator":"@eldiario_net","twitter_site":"@eldiario_net","twitter_misc":{"Escrito por":"Jeanette","Tiempo de lectura":"3 minutos"},"schema":{"@context":"https:\/\/schema.org","@graph":[{"@type":"Article","@id":"https:\/\/www.eldiario.net\/portal\/2021\/06\/05\/coquito-galvez-vuelve-a-bolivia-luego-de-pasar-por-europa\/#article","isPartOf":{"@id":"https:\/\/www.eldiario.net\/portal\/2021\/06\/05\/coquito-galvez-vuelve-a-bolivia-luego-de-pasar-por-europa\/"},"author":{"name":"Jeanette","@id":"https:\/\/www.eldiario.net\/portal\/#\/schema\/person\/f46445640444750d7d753ccd04ae01b7"},"headline":"\u201cCoquito\u201d G\u00e1lvez vuelve a Bolivia luego de pasar por Europa","datePublished":"2021-06-05T08:09:38+00:00","mainEntityOfPage":{"@id":"https:\/\/www.eldiario.net\/portal\/2021\/06\/05\/coquito-galvez-vuelve-a-bolivia-luego-de-pasar-por-europa\/"},"wordCount":637,"publisher":{"@id":"https:\/\/www.eldiario.net\/portal\/#organization"},"image":{"@id":"https:\/\/www.eldiario.net\/portal\/2021\/06\/05\/coquito-galvez-vuelve-a-bolivia-luego-de-pasar-por-europa\/#primaryimage"},"thumbnailUrl":"","articleSection":["Deportes"],"inLanguage":"es"},{"@type":"WebPage","@id":"https:\/\/www.eldiario.net\/portal\/2021\/06\/05\/coquito-galvez-vuelve-a-bolivia-luego-de-pasar-por-europa\/","url":"https:\/\/www.eldiario.net\/portal\/2021\/06\/05\/coquito-galvez-vuelve-a-bolivia-luego-de-pasar-por-europa\/","name":"\u201cCoquito\u201d G\u00e1lvez vuelve a Bolivia luego de pasar por Europa - El Diario - Bolivia","isPartOf":{"@id":"https:\/\/www.eldiario.net\/portal\/#website"},"primaryImageOfPage":{"@id":"https:\/\/www.eldiario.net\/portal\/2021\/06\/05\/coquito-galvez-vuelve-a-bolivia-luego-de-pasar-por-europa\/#primaryimage"},"image":{"@id":"https:\/\/www.eldiario.net\/portal\/2021\/06\/05\/coquito-galvez-vuelve-a-bolivia-luego-de-pasar-por-europa\/#primaryimage"},"thumbnailUrl":"","datePublished":"2021-06-05T08:09:38+00:00","breadcrumb":{"@id":"https:\/\/www.eldiario.net\/portal\/2021\/06\/05\/coquito-galvez-vuelve-a-bolivia-luego-de-pasar-por-europa\/#breadcrumb"},"inLanguage":"es","potentialAction":[{"@type":"ReadAction","target":["https:\/\/www.eldiario.net\/portal\/2021\/06\/05\/coquito-galvez-vuelve-a-bolivia-luego-de-pasar-por-europa\/"]}]},{"@type":"ImageObject","inLanguage":"es","@id":"https:\/\/www.eldiario.net\/portal\/2021\/06\/05\/coquito-galvez-vuelve-a-bolivia-luego-de-pasar-por-europa\/#primaryimage","url":"","contentUrl":""},{"@type":"BreadcrumbList","@id":"https:\/\/www.eldiario.net\/portal\/2021\/06\/05\/coquito-galvez-vuelve-a-bolivia-luego-de-pasar-por-europa\/#breadcrumb","itemListElement":[{"@type":"ListItem","position":1,"name":"Portada","item":"https:\/\/www.eldiario.net\/portal\/"},{"@type":"ListItem","position":2,"name":"\u201cCoquito\u201d G\u00e1lvez vuelve a Bolivia luego de pasar por Europa"}]},{"@type":"WebSite","@id":"https:\/\/www.eldiario.net\/portal\/#website","url":"https:\/\/www.eldiario.net\/portal\/","name":"El Diario - Decano de la prensa nacional","description":"El Diario - Decano de la prensa nacional","publisher":{"@id":"https:\/\/www.eldiario.net\/portal\/#organization"},"potentialAction":[{"@type":"SearchAction","target":{"@type":"EntryPoint","urlTemplate":"https:\/\/www.eldiario.net\/portal\/?s={search_term_string}"},"query-input":{"@type":"PropertyValueSpecification","valueRequired":true,"valueName":"search_term_string"}}],"inLanguage":"es"},{"@type":"Organization","@id":"https:\/\/www.eldiario.net\/portal\/#organization","name":"El Diario - Decano de la prensa nacional","url":"https:\/\/www.eldiario.net\/portal\/","logo":{"@type":"ImageObject","inLanguage":"es","@id":"https:\/\/www.eldiario.net\/portal\/#\/schema\/logo\/image\/","url":"https:\/\/www.eldiario.net\/portal\/wp-content\/uploads\/2023\/07\/logo_ED.jpg","contentUrl":"https:\/\/www.eldiario.net\/portal\/wp-content\/uploads\/2023\/07\/logo_ED.jpg","width":272,"height":52,"caption":"El Diario - Decano de la prensa nacional"},"image":{"@id":"https:\/\/www.eldiario.net\/portal\/#\/schema\/logo\/image\/"},"sameAs":["https:\/\/www.facebook.com\/eldiario.bolivia\/","https:\/\/x.com\/eldiario_net"]},{"@type":"Person","@id":"https:\/\/www.eldiario.net\/portal\/#\/schema\/person\/f46445640444750d7d753ccd04ae01b7","name":"Jeanette","image":{"@type":"ImageObject","inLanguage":"es","@id":"https:\/\/secure.gravatar.com\/avatar\/3ea2118a5f7dad2b7138b1187a6b7ee55f160b9968b66013c3a3ef39dd7e5798?s=96&d=mm&r=g","url":"https:\/\/secure.gravatar.com\/avatar\/3ea2118a5f7dad2b7138b1187a6b7ee55f160b9968b66013c3a3ef39dd7e5798?s=96&d=mm&r=g","contentUrl":"https:\/\/secure.gravatar.com\/avatar\/3ea2118a5f7dad2b7138b1187a6b7ee55f160b9968b66013c3a3ef39dd7e5798?s=96&d=mm&r=g","caption":"Jeanette"},"sameAs":["https:\/\/www.eldiario.net\/portal"],"url":"https:\/\/www.eldiario.net\/portal\/author\/jeanette\/"}]}},"_links":{"self":[{"href":"https:\/\/www.eldiario.net\/portal\/wp-json\/wp\/v2\/posts\/8335","targetHints":{"allow":["GET"]}}],"collection":[{"href":"https:\/\/www.eldiario.net\/portal\/wp-json\/wp\/v2\/posts"}],"about":[{"href":"https:\/\/www.eldiario.net\/portal\/wp-json\/wp\/v2\/types\/post"}],"author":[{"embeddable":true,"href":"https:\/\/www.eldiario.net\/portal\/wp-json\/wp\/v2\/users\/1"}],"replies":[{"embeddable":true,"href":"https:\/\/www.eldiario.net\/portal\/wp-json\/wp\/v2\/comments?post=8335"}],"version-history":[{"count":0,"href":"https:\/\/www.eldiario.net\/portal\/wp-json\/wp\/v2\/posts\/8335\/revisions"}],"wp:attachment":[{"href":"https:\/\/www.eldiario.net\/portal\/wp-json\/wp\/v2\/media?parent=8335"}],"wp:term":[{"taxonomy":"category","embeddable":true,"href":"https:\/\/www.eldiario.net\/portal\/wp-json\/wp\/v2\/categories?post=8335"},{"taxonomy":"post_tag","embeddable":true,"href":"https:\/\/www.eldiario.net\/portal\/wp-json\/wp\/v2\/tags?post=8335"}],"curies":[{"name":"wp","href":"https:\/\/api.w.org\/{rel}","templated":true}]}}