{"id":8332,"date":"2021-06-05T04:06:51","date_gmt":"2021-06-05T08:06:51","guid":{"rendered":"https:\/\/www.eldiario.net\/portal\/?p=8332"},"modified":"2021-06-05T04:06:51","modified_gmt":"2021-06-05T08:06:51","slug":"costa-destaco-a-martins-y-relievo-la-unidad-de-la-verde","status":"publish","type":"post","link":"https:\/\/www.eldiario.net\/portal\/2021\/06\/05\/costa-destaco-a-martins-y-relievo-la-unidad-de-la-verde\/","title":{"rendered":"Costa destac\u00f3 a Martins y  reliev\u00f3 la unidad de la Verde"},"content":{"rendered":"<p>\u201cNuestra Selecci\u00f3n Absoluta nos ha dado una lecci\u00f3n, una reflexi\u00f3n, pese a las dificultades y cuando uno se une vienen los resultados, as\u00ed que apoyar a la Selecci\u00f3n y a creer que se puede lograr los objetivos\u201d, afirm\u00f3 el Presidente de la FBF, Fernando Costa, un d\u00eda despu\u00e9s del triunfo con autoridad ante Venezuela, que le dio aire a la Verde en las Eliminatorias Mundialistas de Catar 2022.<br \/>\nEl titular de la FBF habl\u00f3 con el programa Futbolman\u00eda, dejando claramente establecido los objetivos en las Eliminatorias y la Copa Am\u00e9rica.<br \/>\nBolivia le gan\u00f3 por 3-1 a Venezuela y dej\u00f3 el \u00faltimo lugar de las Eliminatorias. \u201cEra justo y necesario regalarle una alegr\u00eda a toda Bolivia, contento porque hemos visto a los muchachos dejarlo todo en la cancha, eso gusta a todos quienes amamos el f\u00fatbol, espero que estas alegr\u00edas nos sigan regalando a todo el pa\u00eds\u201d, agreg\u00f3 el mandam\u00e1s federativo, quien no se cans\u00f3 de elogiar a los jugadores, adem\u00e1s tuvo palabras hacia Marcelo Martins. \u201cLa verdad que se tiene que felicitar a Marcelo, tuvo un desempe\u00f1o importante, una gran entrega, eso ha animado a todo el plantel, hay que seguir apoyando a Martins y a todos nuestros seleccionados, espero que sigan mejorando en las eliminatorias y tambi\u00e9n en la Copa Am\u00e9rica\u201d, recalc\u00f3 Costa, quien intentar\u00e1 \u201cengancharse\u201d con la Selecci\u00f3n Nacional en Santiago de Chile, el pr\u00f3ximo martes.<br \/>\nC\u00c9SAR FAR\u00cdAS<br \/>\nAntes del partido ante Venezuela, Costa hab\u00eda manifestado la necesidad de que la Verde gane, meti\u00f3- en cierta medida- presi\u00f3n a la Selecci\u00f3n y a su DT C\u00e9sar Far\u00edas.<br \/>\n\u201cHemos estado apoyando el trabajo del profesor Far\u00edas, hemos sido exigentes en cuanto a que se brinden los resultados, hemos tenido una concentraci\u00f3n bastante peculiar, fraterna, eso ha unido m\u00e1s al primer plantel y se ha desarrollado un trabajo importante, por eso es que hemos visto los frutos del trabajo, esperemos que todo este trabajo rinda frutos\u201d, agreg\u00f3 el titular de la FBF.<br \/>\nPor ello, fue importante el triunfo ante Venezuela, \u201cnos emocionamos todos, la Verde une a todo el pa\u00eds, eso necesitamos a todo nivel\u201d, dijo.<br \/>\nLOS PREMIOS<br \/>\nTambi\u00e9n, Costa habl\u00f3 en torno a los premios a los jugadores, tanto en Eliminatorias como Copa Am\u00e9rica. El presidente de la FBF confirm\u00f3 que se reunieron con los capitanes, para ratificar el compromiso en la gesti\u00f3n pasada, \u201cse han reducido algunos \u00edtems en base a la realidad que vivimos por la pandemia, la FBF no puede acomodar taquillas hasta que tengamos la debida autorizaci\u00f3n, as\u00ed lo han comprendido los capitanes, es por ello el bono de presentaci\u00f3n de la Copa Am\u00e9rica se han ratificado en base al acuerdo con mis antecesores, los premios por partido ganado y empatado, sobre todo de visitante en los encuentros de eliminatorias, han sido reducidos en base al compromiso de mis antecesores\u201d, explic\u00f3 el dirigente de la FBF.<br \/>\nEsto significa que hay un bono de presentaci\u00f3n de 1.500 d\u00f3lares, 3.000 d\u00f3lares por ganar de local, 5.000 por vencer de visitante, y 2.000 d\u00f3lares por empate.<\/p>\n<p>13 de junio la Copa Am\u00e9rica iniciar\u00e1 el viernes 13 de junio y concluir\u00e1 el s\u00e1bado 10 de julio. Tras la incertidumbre de la sede de este torneo, Brasil se qued\u00f3 a cargo de la organizaci\u00f3n.<\/p>\n<p>GRUPO \u201cA\u201d<\/p>\n<p>En la Copa Am\u00e9rica la Selecci\u00f3n boliviana de f\u00fatbol es parte del Grupo \u201cA\u201d junto a Argentina, Chile, Uruguay y Paraguay. La Serie \u201cB\u201d est\u00e1 formada por Brasil, Colombia, Ecuador, Per\u00fa y Venezuela.<\/p>\n","protected":false},"excerpt":{"rendered":"<p>\u201cNuestra Selecci\u00f3n Absoluta nos ha dado una lecci\u00f3n, una reflexi\u00f3n, pese a las dificultades y cuando uno se une vienen los resultados, as\u00ed que apoyar a la Selecci\u00f3n y a creer que se puede lograr los objetivos\u201d, afirm\u00f3 el Presidente de la FBF, Fernando Costa, un d\u00eda despu\u00e9s del triunfo con autoridad ante Venezuela, que [&hellip;]<\/p>\n","protected":false},"author":1,"featured_media":8333,"comment_status":"closed","ping_status":"closed","sticky":false,"template":"","format":"standard","meta":{"_acf_changed":false,"footnotes":""},"categories":[6],"tags":[],"class_list":["post-8332","post","type-post","status-publish","format-standard","has-post-thumbnail","category-deportes"],"acf":{"antetitulo":""},"yoast_head":"<!-- This site is optimized with the Yoast SEO plugin v28.3 - https:\/\/yoast.com\/product\/yoast-seo-wordpress\/ -->\n<title>Costa destac\u00f3 a Martins y reliev\u00f3 la unidad de la Verde - El Diario - Bolivia<\/title>\n<meta name=\"robots\" content=\"index, follow, max-snippet:-1, max-image-preview:large, max-video-preview:-1\" \/>\n<link rel=\"canonical\" href=\"https:\/\/www.eldiario.net\/portal\/2021\/06\/05\/costa-destaco-a-martins-y-relievo-la-unidad-de-la-verde\/\" \/>\n<meta property=\"og:locale\" content=\"es_ES\" \/>\n<meta property=\"og:type\" content=\"article\" \/>\n<meta property=\"og:title\" content=\"Costa destac\u00f3 a Martins y reliev\u00f3 la unidad de la Verde - El Diario - Bolivia\" \/>\n<meta property=\"og:description\" content=\"\u201cNuestra Selecci\u00f3n Absoluta nos ha dado una lecci\u00f3n, una reflexi\u00f3n, pese a las dificultades y cuando uno se une vienen los resultados, as\u00ed que apoyar a la Selecci\u00f3n y a creer que se puede lograr los objetivos\u201d, afirm\u00f3 el Presidente de la FBF, Fernando Costa, un d\u00eda despu\u00e9s del triunfo con autoridad ante Venezuela, que [&hellip;]\" \/>\n<meta property=\"og:url\" content=\"https:\/\/www.eldiario.net\/portal\/2021\/06\/05\/costa-destaco-a-martins-y-relievo-la-unidad-de-la-verde\/\" \/>\n<meta property=\"og:site_name\" content=\"El Diario - Bolivia\" \/>\n<meta property=\"article:publisher\" content=\"https:\/\/www.facebook.com\/eldiario.bolivia\/\" \/>\n<meta property=\"article:published_time\" content=\"2021-06-05T08:06:51+00:00\" \/>\n<meta name=\"author\" content=\"Jeanette\" \/>\n<meta name=\"twitter:card\" content=\"summary_large_image\" \/>\n<meta name=\"twitter:creator\" content=\"@eldiario_net\" \/>\n<meta name=\"twitter:site\" content=\"@eldiario_net\" \/>\n<meta name=\"twitter:label1\" content=\"Escrito por\" \/>\n\t<meta name=\"twitter:data1\" content=\"Jeanette\" \/>\n\t<meta name=\"twitter:label2\" content=\"Tiempo de lectura\" \/>\n\t<meta name=\"twitter:data2\" content=\"3 minutos\" \/>\n<script type=\"application\/ld+json\" class=\"yoast-schema-graph\">{\"@context\":\"https:\\\/\\\/schema.org\",\"@graph\":[{\"@type\":\"Article\",\"@id\":\"https:\\\/\\\/www.eldiario.net\\\/portal\\\/2021\\\/06\\\/05\\\/costa-destaco-a-martins-y-relievo-la-unidad-de-la-verde\\\/#article\",\"isPartOf\":{\"@id\":\"https:\\\/\\\/www.eldiario.net\\\/portal\\\/2021\\\/06\\\/05\\\/costa-destaco-a-martins-y-relievo-la-unidad-de-la-verde\\\/\"},\"author\":{\"name\":\"Jeanette\",\"@id\":\"https:\\\/\\\/www.eldiario.net\\\/portal\\\/#\\\/schema\\\/person\\\/f46445640444750d7d753ccd04ae01b7\"},\"headline\":\"Costa destac\u00f3 a Martins y reliev\u00f3 la unidad de la Verde\",\"datePublished\":\"2021-06-05T08:06:51+00:00\",\"mainEntityOfPage\":{\"@id\":\"https:\\\/\\\/www.eldiario.net\\\/portal\\\/2021\\\/06\\\/05\\\/costa-destaco-a-martins-y-relievo-la-unidad-de-la-verde\\\/\"},\"wordCount\":619,\"publisher\":{\"@id\":\"https:\\\/\\\/www.eldiario.net\\\/portal\\\/#organization\"},\"image\":{\"@id\":\"https:\\\/\\\/www.eldiario.net\\\/portal\\\/2021\\\/06\\\/05\\\/costa-destaco-a-martins-y-relievo-la-unidad-de-la-verde\\\/#primaryimage\"},\"thumbnailUrl\":\"\",\"articleSection\":[\"Deportes\"],\"inLanguage\":\"es\"},{\"@type\":\"WebPage\",\"@id\":\"https:\\\/\\\/www.eldiario.net\\\/portal\\\/2021\\\/06\\\/05\\\/costa-destaco-a-martins-y-relievo-la-unidad-de-la-verde\\\/\",\"url\":\"https:\\\/\\\/www.eldiario.net\\\/portal\\\/2021\\\/06\\\/05\\\/costa-destaco-a-martins-y-relievo-la-unidad-de-la-verde\\\/\",\"name\":\"Costa destac\u00f3 a Martins y reliev\u00f3 la unidad de la Verde - El Diario - Bolivia\",\"isPartOf\":{\"@id\":\"https:\\\/\\\/www.eldiario.net\\\/portal\\\/#website\"},\"primaryImageOfPage\":{\"@id\":\"https:\\\/\\\/www.eldiario.net\\\/portal\\\/2021\\\/06\\\/05\\\/costa-destaco-a-martins-y-relievo-la-unidad-de-la-verde\\\/#primaryimage\"},\"image\":{\"@id\":\"https:\\\/\\\/www.eldiario.net\\\/portal\\\/2021\\\/06\\\/05\\\/costa-destaco-a-martins-y-relievo-la-unidad-de-la-verde\\\/#primaryimage\"},\"thumbnailUrl\":\"\",\"datePublished\":\"2021-06-05T08:06:51+00:00\",\"breadcrumb\":{\"@id\":\"https:\\\/\\\/www.eldiario.net\\\/portal\\\/2021\\\/06\\\/05\\\/costa-destaco-a-martins-y-relievo-la-unidad-de-la-verde\\\/#breadcrumb\"},\"inLanguage\":\"es\",\"potentialAction\":[{\"@type\":\"ReadAction\",\"target\":[\"https:\\\/\\\/www.eldiario.net\\\/portal\\\/2021\\\/06\\\/05\\\/costa-destaco-a-martins-y-relievo-la-unidad-de-la-verde\\\/\"]}]},{\"@type\":\"ImageObject\",\"inLanguage\":\"es\",\"@id\":\"https:\\\/\\\/www.eldiario.net\\\/portal\\\/2021\\\/06\\\/05\\\/costa-destaco-a-martins-y-relievo-la-unidad-de-la-verde\\\/#primaryimage\",\"url\":\"\",\"contentUrl\":\"\"},{\"@type\":\"BreadcrumbList\",\"@id\":\"https:\\\/\\\/www.eldiario.net\\\/portal\\\/2021\\\/06\\\/05\\\/costa-destaco-a-martins-y-relievo-la-unidad-de-la-verde\\\/#breadcrumb\",\"itemListElement\":[{\"@type\":\"ListItem\",\"position\":1,\"name\":\"Portada\",\"item\":\"https:\\\/\\\/www.eldiario.net\\\/portal\\\/\"},{\"@type\":\"ListItem\",\"position\":2,\"name\":\"Costa destac\u00f3 a Martins y reliev\u00f3 la unidad de la Verde\"}]},{\"@type\":\"WebSite\",\"@id\":\"https:\\\/\\\/www.eldiario.net\\\/portal\\\/#website\",\"url\":\"https:\\\/\\\/www.eldiario.net\\\/portal\\\/\",\"name\":\"El Diario - Decano de la prensa nacional\",\"description\":\"El Diario - Decano de la prensa nacional\",\"publisher\":{\"@id\":\"https:\\\/\\\/www.eldiario.net\\\/portal\\\/#organization\"},\"potentialAction\":[{\"@type\":\"SearchAction\",\"target\":{\"@type\":\"EntryPoint\",\"urlTemplate\":\"https:\\\/\\\/www.eldiario.net\\\/portal\\\/?s={search_term_string}\"},\"query-input\":{\"@type\":\"PropertyValueSpecification\",\"valueRequired\":true,\"valueName\":\"search_term_string\"}}],\"inLanguage\":\"es\"},{\"@type\":\"Organization\",\"@id\":\"https:\\\/\\\/www.eldiario.net\\\/portal\\\/#organization\",\"name\":\"El Diario - Decano de la prensa nacional\",\"url\":\"https:\\\/\\\/www.eldiario.net\\\/portal\\\/\",\"logo\":{\"@type\":\"ImageObject\",\"inLanguage\":\"es\",\"@id\":\"https:\\\/\\\/www.eldiario.net\\\/portal\\\/#\\\/schema\\\/logo\\\/image\\\/\",\"url\":\"https:\\\/\\\/www.eldiario.net\\\/portal\\\/wp-content\\\/uploads\\\/2023\\\/07\\\/logo_ED.jpg\",\"contentUrl\":\"https:\\\/\\\/www.eldiario.net\\\/portal\\\/wp-content\\\/uploads\\\/2023\\\/07\\\/logo_ED.jpg\",\"width\":272,\"height\":52,\"caption\":\"El Diario - Decano de la prensa nacional\"},\"image\":{\"@id\":\"https:\\\/\\\/www.eldiario.net\\\/portal\\\/#\\\/schema\\\/logo\\\/image\\\/\"},\"sameAs\":[\"https:\\\/\\\/www.facebook.com\\\/eldiario.bolivia\\\/\",\"https:\\\/\\\/x.com\\\/eldiario_net\"]},{\"@type\":\"Person\",\"@id\":\"https:\\\/\\\/www.eldiario.net\\\/portal\\\/#\\\/schema\\\/person\\\/f46445640444750d7d753ccd04ae01b7\",\"name\":\"Jeanette\",\"image\":{\"@type\":\"ImageObject\",\"inLanguage\":\"es\",\"@id\":\"https:\\\/\\\/secure.gravatar.com\\\/avatar\\\/3ea2118a5f7dad2b7138b1187a6b7ee55f160b9968b66013c3a3ef39dd7e5798?s=96&d=mm&r=g\",\"url\":\"https:\\\/\\\/secure.gravatar.com\\\/avatar\\\/3ea2118a5f7dad2b7138b1187a6b7ee55f160b9968b66013c3a3ef39dd7e5798?s=96&d=mm&r=g\",\"contentUrl\":\"https:\\\/\\\/secure.gravatar.com\\\/avatar\\\/3ea2118a5f7dad2b7138b1187a6b7ee55f160b9968b66013c3a3ef39dd7e5798?s=96&d=mm&r=g\",\"caption\":\"Jeanette\"},\"sameAs\":[\"https:\\\/\\\/www.eldiario.net\\\/portal\"],\"url\":\"https:\\\/\\\/www.eldiario.net\\\/portal\\\/author\\\/jeanette\\\/\"}]}<\/script>\n<!-- \/ Yoast SEO plugin. -->","yoast_head_json":{"title":"Costa destac\u00f3 a Martins y reliev\u00f3 la unidad de la Verde - El Diario - Bolivia","robots":{"index":"index","follow":"follow","max-snippet":"max-snippet:-1","max-image-preview":"max-image-preview:large","max-video-preview":"max-video-preview:-1"},"canonical":"https:\/\/www.eldiario.net\/portal\/2021\/06\/05\/costa-destaco-a-martins-y-relievo-la-unidad-de-la-verde\/","og_locale":"es_ES","og_type":"article","og_title":"Costa destac\u00f3 a Martins y reliev\u00f3 la unidad de la Verde - El Diario - Bolivia","og_description":"\u201cNuestra Selecci\u00f3n Absoluta nos ha dado una lecci\u00f3n, una reflexi\u00f3n, pese a las dificultades y cuando uno se une vienen los resultados, as\u00ed que apoyar a la Selecci\u00f3n y a creer que se puede lograr los objetivos\u201d, afirm\u00f3 el Presidente de la FBF, Fernando Costa, un d\u00eda despu\u00e9s del triunfo con autoridad ante Venezuela, que [&hellip;]","og_url":"https:\/\/www.eldiario.net\/portal\/2021\/06\/05\/costa-destaco-a-martins-y-relievo-la-unidad-de-la-verde\/","og_site_name":"El Diario - Bolivia","article_publisher":"https:\/\/www.facebook.com\/eldiario.bolivia\/","article_published_time":"2021-06-05T08:06:51+00:00","author":"Jeanette","twitter_card":"summary_large_image","twitter_creator":"@eldiario_net","twitter_site":"@eldiario_net","twitter_misc":{"Escrito por":"Jeanette","Tiempo de lectura":"3 minutos"},"schema":{"@context":"https:\/\/schema.org","@graph":[{"@type":"Article","@id":"https:\/\/www.eldiario.net\/portal\/2021\/06\/05\/costa-destaco-a-martins-y-relievo-la-unidad-de-la-verde\/#article","isPartOf":{"@id":"https:\/\/www.eldiario.net\/portal\/2021\/06\/05\/costa-destaco-a-martins-y-relievo-la-unidad-de-la-verde\/"},"author":{"name":"Jeanette","@id":"https:\/\/www.eldiario.net\/portal\/#\/schema\/person\/f46445640444750d7d753ccd04ae01b7"},"headline":"Costa destac\u00f3 a Martins y reliev\u00f3 la unidad de la Verde","datePublished":"2021-06-05T08:06:51+00:00","mainEntityOfPage":{"@id":"https:\/\/www.eldiario.net\/portal\/2021\/06\/05\/costa-destaco-a-martins-y-relievo-la-unidad-de-la-verde\/"},"wordCount":619,"publisher":{"@id":"https:\/\/www.eldiario.net\/portal\/#organization"},"image":{"@id":"https:\/\/www.eldiario.net\/portal\/2021\/06\/05\/costa-destaco-a-martins-y-relievo-la-unidad-de-la-verde\/#primaryimage"},"thumbnailUrl":"","articleSection":["Deportes"],"inLanguage":"es"},{"@type":"WebPage","@id":"https:\/\/www.eldiario.net\/portal\/2021\/06\/05\/costa-destaco-a-martins-y-relievo-la-unidad-de-la-verde\/","url":"https:\/\/www.eldiario.net\/portal\/2021\/06\/05\/costa-destaco-a-martins-y-relievo-la-unidad-de-la-verde\/","name":"Costa destac\u00f3 a Martins y reliev\u00f3 la unidad de la Verde - El Diario - Bolivia","isPartOf":{"@id":"https:\/\/www.eldiario.net\/portal\/#website"},"primaryImageOfPage":{"@id":"https:\/\/www.eldiario.net\/portal\/2021\/06\/05\/costa-destaco-a-martins-y-relievo-la-unidad-de-la-verde\/#primaryimage"},"image":{"@id":"https:\/\/www.eldiario.net\/portal\/2021\/06\/05\/costa-destaco-a-martins-y-relievo-la-unidad-de-la-verde\/#primaryimage"},"thumbnailUrl":"","datePublished":"2021-06-05T08:06:51+00:00","breadcrumb":{"@id":"https:\/\/www.eldiario.net\/portal\/2021\/06\/05\/costa-destaco-a-martins-y-relievo-la-unidad-de-la-verde\/#breadcrumb"},"inLanguage":"es","potentialAction":[{"@type":"ReadAction","target":["https:\/\/www.eldiario.net\/portal\/2021\/06\/05\/costa-destaco-a-martins-y-relievo-la-unidad-de-la-verde\/"]}]},{"@type":"ImageObject","inLanguage":"es","@id":"https:\/\/www.eldiario.net\/portal\/2021\/06\/05\/costa-destaco-a-martins-y-relievo-la-unidad-de-la-verde\/#primaryimage","url":"","contentUrl":""},{"@type":"BreadcrumbList","@id":"https:\/\/www.eldiario.net\/portal\/2021\/06\/05\/costa-destaco-a-martins-y-relievo-la-unidad-de-la-verde\/#breadcrumb","itemListElement":[{"@type":"ListItem","position":1,"name":"Portada","item":"https:\/\/www.eldiario.net\/portal\/"},{"@type":"ListItem","position":2,"name":"Costa destac\u00f3 a Martins y reliev\u00f3 la unidad de la Verde"}]},{"@type":"WebSite","@id":"https:\/\/www.eldiario.net\/portal\/#website","url":"https:\/\/www.eldiario.net\/portal\/","name":"El Diario - Decano de la prensa nacional","description":"El Diario - Decano de la prensa nacional","publisher":{"@id":"https:\/\/www.eldiario.net\/portal\/#organization"},"potentialAction":[{"@type":"SearchAction","target":{"@type":"EntryPoint","urlTemplate":"https:\/\/www.eldiario.net\/portal\/?s={search_term_string}"},"query-input":{"@type":"PropertyValueSpecification","valueRequired":true,"valueName":"search_term_string"}}],"inLanguage":"es"},{"@type":"Organization","@id":"https:\/\/www.eldiario.net\/portal\/#organization","name":"El Diario - Decano de la prensa nacional","url":"https:\/\/www.eldiario.net\/portal\/","logo":{"@type":"ImageObject","inLanguage":"es","@id":"https:\/\/www.eldiario.net\/portal\/#\/schema\/logo\/image\/","url":"https:\/\/www.eldiario.net\/portal\/wp-content\/uploads\/2023\/07\/logo_ED.jpg","contentUrl":"https:\/\/www.eldiario.net\/portal\/wp-content\/uploads\/2023\/07\/logo_ED.jpg","width":272,"height":52,"caption":"El Diario - Decano de la prensa nacional"},"image":{"@id":"https:\/\/www.eldiario.net\/portal\/#\/schema\/logo\/image\/"},"sameAs":["https:\/\/www.facebook.com\/eldiario.bolivia\/","https:\/\/x.com\/eldiario_net"]},{"@type":"Person","@id":"https:\/\/www.eldiario.net\/portal\/#\/schema\/person\/f46445640444750d7d753ccd04ae01b7","name":"Jeanette","image":{"@type":"ImageObject","inLanguage":"es","@id":"https:\/\/secure.gravatar.com\/avatar\/3ea2118a5f7dad2b7138b1187a6b7ee55f160b9968b66013c3a3ef39dd7e5798?s=96&d=mm&r=g","url":"https:\/\/secure.gravatar.com\/avatar\/3ea2118a5f7dad2b7138b1187a6b7ee55f160b9968b66013c3a3ef39dd7e5798?s=96&d=mm&r=g","contentUrl":"https:\/\/secure.gravatar.com\/avatar\/3ea2118a5f7dad2b7138b1187a6b7ee55f160b9968b66013c3a3ef39dd7e5798?s=96&d=mm&r=g","caption":"Jeanette"},"sameAs":["https:\/\/www.eldiario.net\/portal"],"url":"https:\/\/www.eldiario.net\/portal\/author\/jeanette\/"}]}},"_links":{"self":[{"href":"https:\/\/www.eldiario.net\/portal\/wp-json\/wp\/v2\/posts\/8332","targetHints":{"allow":["GET"]}}],"collection":[{"href":"https:\/\/www.eldiario.net\/portal\/wp-json\/wp\/v2\/posts"}],"about":[{"href":"https:\/\/www.eldiario.net\/portal\/wp-json\/wp\/v2\/types\/post"}],"author":[{"embeddable":true,"href":"https:\/\/www.eldiario.net\/portal\/wp-json\/wp\/v2\/users\/1"}],"replies":[{"embeddable":true,"href":"https:\/\/www.eldiario.net\/portal\/wp-json\/wp\/v2\/comments?post=8332"}],"version-history":[{"count":0,"href":"https:\/\/www.eldiario.net\/portal\/wp-json\/wp\/v2\/posts\/8332\/revisions"}],"wp:attachment":[{"href":"https:\/\/www.eldiario.net\/portal\/wp-json\/wp\/v2\/media?parent=8332"}],"wp:term":[{"taxonomy":"category","embeddable":true,"href":"https:\/\/www.eldiario.net\/portal\/wp-json\/wp\/v2\/categories?post=8332"},{"taxonomy":"post_tag","embeddable":true,"href":"https:\/\/www.eldiario.net\/portal\/wp-json\/wp\/v2\/tags?post=8332"}],"curies":[{"name":"wp","href":"https:\/\/api.w.org\/{rel}","templated":true}]}}