{"id":8325,"date":"2021-06-05T04:04:17","date_gmt":"2021-06-05T08:04:17","guid":{"rendered":"https:\/\/www.eldiario.net\/portal\/?p=8325"},"modified":"2021-06-05T04:04:17","modified_gmt":"2021-06-05T08:04:17","slug":"marco-bulacia-en-el-camino-del-afianzamiento","status":"publish","type":"post","link":"https:\/\/www.eldiario.net\/portal\/2021\/06\/05\/marco-bulacia-en-el-camino-del-afianzamiento\/","title":{"rendered":"Marco Bulacia, en el camino del afianzamiento"},"content":{"rendered":"<p>No comparte or\u00edgenes, no comparte tampoco sus habilidades ni siquiera el mismo \u00edmpetu a la hora de alcanzar su maquinaci\u00f3n, por eso Marco Bulacia Wilkinson consolid\u00f3 el tercer espacio en la Clase WRC2 del Campeonato Mundial, en el primer d\u00eda del Rally Sardegna.<br \/>\nBulacia tiene una cualidad, atesorar el coche porque empoll\u00f3 que se debe \u201candar\u201d r\u00e1pido pero seguro, es evidente que en la primera etapa existieron culpas m\u00ednimas adecuadas a las circunstancias lo que enlaza una correcci\u00f3n en el binomio.<br \/>\nLos pilotos \u201ct\u00e9cnicos\u201d a un accionar imperceptible son tranquilos porque est\u00e1n acostumbrados a trabajar con comodidad, no soportan contratiempos, porque esa dedicaci\u00f3n mostrada tiene objetivo y \u00e9l sabe que se puede.<br \/>\nEl binomio boliviano-argentino esta sosegado con su producci\u00f3n de este viernes adem\u00e1s, falta m\u00e1s del cincuenta por ciento del rally italiano, lo importante es anexar los puntos valiosos.<br \/>\nLa nota discrepante del d\u00eda fue el incidente de Andreas Milkensen, compa\u00f1ero de escuder\u00eda del nacional, de manera tal, que el responsable de agregar para la escuder\u00eda es nuestro representante.<br \/>\nEste s\u00e1bado transitar\u00e1n 8 PE y ma\u00f1ana domingo es el cierre, donde el \u201cpower stage\u201d suele especificar al ganador de la quinta fecha del Campeonato Mundial de Rally.<\/p>\n<p>SU PALABRA<br \/>\nAl final de la prueba, Marco Bulacia Wilkinson expres\u00f3 su alegr\u00eda por el buen tiempo, logrado ayer. \u201cContentos por la posici\u00f3n. Estamos sumando todos los puntos por equipo y somos terceros, sin embargo, no estoy satisfecho con mi ritmo. Hicimos varios cambios durante el d\u00eda que fueron alentadores. Ma\u00f1ana (hoy) buscaremos incrementar nuestro rendimiento..\u201d, dijo el piloto nacional.<\/p>\n<p>LA CLASIFICACI\u00d3N<br \/>\nWRC2 OVERALL :<br \/>\n1. \u00d8STBERG 1h:30:39.7<br \/>\n2. HUTTUNEN +27.0<br \/>\n3. BULACIA +2:03.8<br \/>\n4. PROKOP +5:02.3<br \/>\n5. BRAZZOLI +14:26.3<br \/>\n*M\u00e1s de 75 kil\u00f3metros de enlace rumbo al \u00faltimo Service en Olbia, previos al reagrupamiento nocturno.<\/p>\n<p><strong>FER ARAMAYO<\/strong><\/p>\n<p><img loading=\"lazy\" decoding=\"async\" class=\"aligncenter size-large wp-image-8327\" src=\"https:\/\/www.eldiario.net\/portal\/wp-content\/uploads\/2021\/06\/PAG-8-FOTO-2-ABAJO-1018x1024.jpg\" alt=\"\" width=\"1018\" height=\"1024\" \/><\/p>\n","protected":false},"excerpt":{"rendered":"<p>No comparte or\u00edgenes, no comparte tampoco sus habilidades ni siquiera el mismo \u00edmpetu a la hora de alcanzar su maquinaci\u00f3n, por eso Marco Bulacia Wilkinson consolid\u00f3 el tercer espacio en la Clase WRC2 del Campeonato Mundial, en el primer d\u00eda del Rally Sardegna. Bulacia tiene una cualidad, atesorar el coche porque empoll\u00f3 que se debe [&hellip;]<\/p>\n","protected":false},"author":1,"featured_media":8326,"comment_status":"closed","ping_status":"closed","sticky":false,"template":"","format":"standard","meta":{"_acf_changed":false,"footnotes":""},"categories":[6],"tags":[],"class_list":["post-8325","post","type-post","status-publish","format-standard","has-post-thumbnail","category-deportes"],"acf":{"antetitulo":""},"yoast_head":"<!-- This site is optimized with the Yoast SEO plugin v28.3 - https:\/\/yoast.com\/product\/yoast-seo-wordpress\/ -->\n<title>Marco Bulacia, en el camino del afianzamiento - El Diario - Bolivia<\/title>\n<meta name=\"robots\" content=\"index, follow, max-snippet:-1, max-image-preview:large, max-video-preview:-1\" \/>\n<link rel=\"canonical\" href=\"https:\/\/www.eldiario.net\/portal\/2021\/06\/05\/marco-bulacia-en-el-camino-del-afianzamiento\/\" \/>\n<meta property=\"og:locale\" content=\"es_ES\" \/>\n<meta property=\"og:type\" content=\"article\" \/>\n<meta property=\"og:title\" content=\"Marco Bulacia, en el camino del afianzamiento - El Diario - Bolivia\" \/>\n<meta property=\"og:description\" content=\"No comparte or\u00edgenes, no comparte tampoco sus habilidades ni siquiera el mismo \u00edmpetu a la hora de alcanzar su maquinaci\u00f3n, por eso Marco Bulacia Wilkinson consolid\u00f3 el tercer espacio en la Clase WRC2 del Campeonato Mundial, en el primer d\u00eda del Rally Sardegna. Bulacia tiene una cualidad, atesorar el coche porque empoll\u00f3 que se debe [&hellip;]\" \/>\n<meta property=\"og:url\" content=\"https:\/\/www.eldiario.net\/portal\/2021\/06\/05\/marco-bulacia-en-el-camino-del-afianzamiento\/\" \/>\n<meta property=\"og:site_name\" content=\"El Diario - Bolivia\" \/>\n<meta property=\"article:publisher\" content=\"https:\/\/www.facebook.com\/eldiario.bolivia\/\" \/>\n<meta property=\"article:published_time\" content=\"2021-06-05T08:04:17+00:00\" \/>\n<meta name=\"author\" content=\"Jeanette\" \/>\n<meta name=\"twitter:card\" content=\"summary_large_image\" \/>\n<meta name=\"twitter:creator\" content=\"@eldiario_net\" \/>\n<meta name=\"twitter:site\" content=\"@eldiario_net\" \/>\n<meta name=\"twitter:label1\" content=\"Escrito por\" \/>\n\t<meta name=\"twitter:data1\" content=\"Jeanette\" \/>\n\t<meta name=\"twitter:label2\" content=\"Tiempo de lectura\" \/>\n\t<meta name=\"twitter:data2\" content=\"2 minutos\" \/>\n<script type=\"application\/ld+json\" class=\"yoast-schema-graph\">{\"@context\":\"https:\\\/\\\/schema.org\",\"@graph\":[{\"@type\":\"Article\",\"@id\":\"https:\\\/\\\/www.eldiario.net\\\/portal\\\/2021\\\/06\\\/05\\\/marco-bulacia-en-el-camino-del-afianzamiento\\\/#article\",\"isPartOf\":{\"@id\":\"https:\\\/\\\/www.eldiario.net\\\/portal\\\/2021\\\/06\\\/05\\\/marco-bulacia-en-el-camino-del-afianzamiento\\\/\"},\"author\":{\"name\":\"Jeanette\",\"@id\":\"https:\\\/\\\/www.eldiario.net\\\/portal\\\/#\\\/schema\\\/person\\\/f46445640444750d7d753ccd04ae01b7\"},\"headline\":\"Marco Bulacia, en el camino del afianzamiento\",\"datePublished\":\"2021-06-05T08:04:17+00:00\",\"mainEntityOfPage\":{\"@id\":\"https:\\\/\\\/www.eldiario.net\\\/portal\\\/2021\\\/06\\\/05\\\/marco-bulacia-en-el-camino-del-afianzamiento\\\/\"},\"wordCount\":317,\"publisher\":{\"@id\":\"https:\\\/\\\/www.eldiario.net\\\/portal\\\/#organization\"},\"image\":{\"@id\":\"https:\\\/\\\/www.eldiario.net\\\/portal\\\/2021\\\/06\\\/05\\\/marco-bulacia-en-el-camino-del-afianzamiento\\\/#primaryimage\"},\"thumbnailUrl\":\"\",\"articleSection\":[\"Deportes\"],\"inLanguage\":\"es\"},{\"@type\":\"WebPage\",\"@id\":\"https:\\\/\\\/www.eldiario.net\\\/portal\\\/2021\\\/06\\\/05\\\/marco-bulacia-en-el-camino-del-afianzamiento\\\/\",\"url\":\"https:\\\/\\\/www.eldiario.net\\\/portal\\\/2021\\\/06\\\/05\\\/marco-bulacia-en-el-camino-del-afianzamiento\\\/\",\"name\":\"Marco Bulacia, en el camino del afianzamiento - El Diario - Bolivia\",\"isPartOf\":{\"@id\":\"https:\\\/\\\/www.eldiario.net\\\/portal\\\/#website\"},\"primaryImageOfPage\":{\"@id\":\"https:\\\/\\\/www.eldiario.net\\\/portal\\\/2021\\\/06\\\/05\\\/marco-bulacia-en-el-camino-del-afianzamiento\\\/#primaryimage\"},\"image\":{\"@id\":\"https:\\\/\\\/www.eldiario.net\\\/portal\\\/2021\\\/06\\\/05\\\/marco-bulacia-en-el-camino-del-afianzamiento\\\/#primaryimage\"},\"thumbnailUrl\":\"\",\"datePublished\":\"2021-06-05T08:04:17+00:00\",\"breadcrumb\":{\"@id\":\"https:\\\/\\\/www.eldiario.net\\\/portal\\\/2021\\\/06\\\/05\\\/marco-bulacia-en-el-camino-del-afianzamiento\\\/#breadcrumb\"},\"inLanguage\":\"es\",\"potentialAction\":[{\"@type\":\"ReadAction\",\"target\":[\"https:\\\/\\\/www.eldiario.net\\\/portal\\\/2021\\\/06\\\/05\\\/marco-bulacia-en-el-camino-del-afianzamiento\\\/\"]}]},{\"@type\":\"ImageObject\",\"inLanguage\":\"es\",\"@id\":\"https:\\\/\\\/www.eldiario.net\\\/portal\\\/2021\\\/06\\\/05\\\/marco-bulacia-en-el-camino-del-afianzamiento\\\/#primaryimage\",\"url\":\"\",\"contentUrl\":\"\"},{\"@type\":\"BreadcrumbList\",\"@id\":\"https:\\\/\\\/www.eldiario.net\\\/portal\\\/2021\\\/06\\\/05\\\/marco-bulacia-en-el-camino-del-afianzamiento\\\/#breadcrumb\",\"itemListElement\":[{\"@type\":\"ListItem\",\"position\":1,\"name\":\"Portada\",\"item\":\"https:\\\/\\\/www.eldiario.net\\\/portal\\\/\"},{\"@type\":\"ListItem\",\"position\":2,\"name\":\"Marco Bulacia, en el camino del afianzamiento\"}]},{\"@type\":\"WebSite\",\"@id\":\"https:\\\/\\\/www.eldiario.net\\\/portal\\\/#website\",\"url\":\"https:\\\/\\\/www.eldiario.net\\\/portal\\\/\",\"name\":\"El Diario - Decano de la prensa nacional\",\"description\":\"El Diario - Decano de la prensa nacional\",\"publisher\":{\"@id\":\"https:\\\/\\\/www.eldiario.net\\\/portal\\\/#organization\"},\"potentialAction\":[{\"@type\":\"SearchAction\",\"target\":{\"@type\":\"EntryPoint\",\"urlTemplate\":\"https:\\\/\\\/www.eldiario.net\\\/portal\\\/?s={search_term_string}\"},\"query-input\":{\"@type\":\"PropertyValueSpecification\",\"valueRequired\":true,\"valueName\":\"search_term_string\"}}],\"inLanguage\":\"es\"},{\"@type\":\"Organization\",\"@id\":\"https:\\\/\\\/www.eldiario.net\\\/portal\\\/#organization\",\"name\":\"El Diario - Decano de la prensa nacional\",\"url\":\"https:\\\/\\\/www.eldiario.net\\\/portal\\\/\",\"logo\":{\"@type\":\"ImageObject\",\"inLanguage\":\"es\",\"@id\":\"https:\\\/\\\/www.eldiario.net\\\/portal\\\/#\\\/schema\\\/logo\\\/image\\\/\",\"url\":\"https:\\\/\\\/www.eldiario.net\\\/portal\\\/wp-content\\\/uploads\\\/2023\\\/07\\\/logo_ED.jpg\",\"contentUrl\":\"https:\\\/\\\/www.eldiario.net\\\/portal\\\/wp-content\\\/uploads\\\/2023\\\/07\\\/logo_ED.jpg\",\"width\":272,\"height\":52,\"caption\":\"El Diario - Decano de la prensa nacional\"},\"image\":{\"@id\":\"https:\\\/\\\/www.eldiario.net\\\/portal\\\/#\\\/schema\\\/logo\\\/image\\\/\"},\"sameAs\":[\"https:\\\/\\\/www.facebook.com\\\/eldiario.bolivia\\\/\",\"https:\\\/\\\/x.com\\\/eldiario_net\"]},{\"@type\":\"Person\",\"@id\":\"https:\\\/\\\/www.eldiario.net\\\/portal\\\/#\\\/schema\\\/person\\\/f46445640444750d7d753ccd04ae01b7\",\"name\":\"Jeanette\",\"image\":{\"@type\":\"ImageObject\",\"inLanguage\":\"es\",\"@id\":\"https:\\\/\\\/secure.gravatar.com\\\/avatar\\\/3ea2118a5f7dad2b7138b1187a6b7ee55f160b9968b66013c3a3ef39dd7e5798?s=96&d=mm&r=g\",\"url\":\"https:\\\/\\\/secure.gravatar.com\\\/avatar\\\/3ea2118a5f7dad2b7138b1187a6b7ee55f160b9968b66013c3a3ef39dd7e5798?s=96&d=mm&r=g\",\"contentUrl\":\"https:\\\/\\\/secure.gravatar.com\\\/avatar\\\/3ea2118a5f7dad2b7138b1187a6b7ee55f160b9968b66013c3a3ef39dd7e5798?s=96&d=mm&r=g\",\"caption\":\"Jeanette\"},\"sameAs\":[\"https:\\\/\\\/www.eldiario.net\\\/portal\"],\"url\":\"https:\\\/\\\/www.eldiario.net\\\/portal\\\/author\\\/jeanette\\\/\"}]}<\/script>\n<!-- \/ Yoast SEO plugin. -->","yoast_head_json":{"title":"Marco Bulacia, en el camino del afianzamiento - El Diario - Bolivia","robots":{"index":"index","follow":"follow","max-snippet":"max-snippet:-1","max-image-preview":"max-image-preview:large","max-video-preview":"max-video-preview:-1"},"canonical":"https:\/\/www.eldiario.net\/portal\/2021\/06\/05\/marco-bulacia-en-el-camino-del-afianzamiento\/","og_locale":"es_ES","og_type":"article","og_title":"Marco Bulacia, en el camino del afianzamiento - El Diario - Bolivia","og_description":"No comparte or\u00edgenes, no comparte tampoco sus habilidades ni siquiera el mismo \u00edmpetu a la hora de alcanzar su maquinaci\u00f3n, por eso Marco Bulacia Wilkinson consolid\u00f3 el tercer espacio en la Clase WRC2 del Campeonato Mundial, en el primer d\u00eda del Rally Sardegna. Bulacia tiene una cualidad, atesorar el coche porque empoll\u00f3 que se debe [&hellip;]","og_url":"https:\/\/www.eldiario.net\/portal\/2021\/06\/05\/marco-bulacia-en-el-camino-del-afianzamiento\/","og_site_name":"El Diario - Bolivia","article_publisher":"https:\/\/www.facebook.com\/eldiario.bolivia\/","article_published_time":"2021-06-05T08:04:17+00:00","author":"Jeanette","twitter_card":"summary_large_image","twitter_creator":"@eldiario_net","twitter_site":"@eldiario_net","twitter_misc":{"Escrito por":"Jeanette","Tiempo de lectura":"2 minutos"},"schema":{"@context":"https:\/\/schema.org","@graph":[{"@type":"Article","@id":"https:\/\/www.eldiario.net\/portal\/2021\/06\/05\/marco-bulacia-en-el-camino-del-afianzamiento\/#article","isPartOf":{"@id":"https:\/\/www.eldiario.net\/portal\/2021\/06\/05\/marco-bulacia-en-el-camino-del-afianzamiento\/"},"author":{"name":"Jeanette","@id":"https:\/\/www.eldiario.net\/portal\/#\/schema\/person\/f46445640444750d7d753ccd04ae01b7"},"headline":"Marco Bulacia, en el camino del afianzamiento","datePublished":"2021-06-05T08:04:17+00:00","mainEntityOfPage":{"@id":"https:\/\/www.eldiario.net\/portal\/2021\/06\/05\/marco-bulacia-en-el-camino-del-afianzamiento\/"},"wordCount":317,"publisher":{"@id":"https:\/\/www.eldiario.net\/portal\/#organization"},"image":{"@id":"https:\/\/www.eldiario.net\/portal\/2021\/06\/05\/marco-bulacia-en-el-camino-del-afianzamiento\/#primaryimage"},"thumbnailUrl":"","articleSection":["Deportes"],"inLanguage":"es"},{"@type":"WebPage","@id":"https:\/\/www.eldiario.net\/portal\/2021\/06\/05\/marco-bulacia-en-el-camino-del-afianzamiento\/","url":"https:\/\/www.eldiario.net\/portal\/2021\/06\/05\/marco-bulacia-en-el-camino-del-afianzamiento\/","name":"Marco Bulacia, en el camino del afianzamiento - El Diario - Bolivia","isPartOf":{"@id":"https:\/\/www.eldiario.net\/portal\/#website"},"primaryImageOfPage":{"@id":"https:\/\/www.eldiario.net\/portal\/2021\/06\/05\/marco-bulacia-en-el-camino-del-afianzamiento\/#primaryimage"},"image":{"@id":"https:\/\/www.eldiario.net\/portal\/2021\/06\/05\/marco-bulacia-en-el-camino-del-afianzamiento\/#primaryimage"},"thumbnailUrl":"","datePublished":"2021-06-05T08:04:17+00:00","breadcrumb":{"@id":"https:\/\/www.eldiario.net\/portal\/2021\/06\/05\/marco-bulacia-en-el-camino-del-afianzamiento\/#breadcrumb"},"inLanguage":"es","potentialAction":[{"@type":"ReadAction","target":["https:\/\/www.eldiario.net\/portal\/2021\/06\/05\/marco-bulacia-en-el-camino-del-afianzamiento\/"]}]},{"@type":"ImageObject","inLanguage":"es","@id":"https:\/\/www.eldiario.net\/portal\/2021\/06\/05\/marco-bulacia-en-el-camino-del-afianzamiento\/#primaryimage","url":"","contentUrl":""},{"@type":"BreadcrumbList","@id":"https:\/\/www.eldiario.net\/portal\/2021\/06\/05\/marco-bulacia-en-el-camino-del-afianzamiento\/#breadcrumb","itemListElement":[{"@type":"ListItem","position":1,"name":"Portada","item":"https:\/\/www.eldiario.net\/portal\/"},{"@type":"ListItem","position":2,"name":"Marco Bulacia, en el camino del afianzamiento"}]},{"@type":"WebSite","@id":"https:\/\/www.eldiario.net\/portal\/#website","url":"https:\/\/www.eldiario.net\/portal\/","name":"El Diario - Decano de la prensa nacional","description":"El Diario - Decano de la prensa nacional","publisher":{"@id":"https:\/\/www.eldiario.net\/portal\/#organization"},"potentialAction":[{"@type":"SearchAction","target":{"@type":"EntryPoint","urlTemplate":"https:\/\/www.eldiario.net\/portal\/?s={search_term_string}"},"query-input":{"@type":"PropertyValueSpecification","valueRequired":true,"valueName":"search_term_string"}}],"inLanguage":"es"},{"@type":"Organization","@id":"https:\/\/www.eldiario.net\/portal\/#organization","name":"El Diario - Decano de la prensa nacional","url":"https:\/\/www.eldiario.net\/portal\/","logo":{"@type":"ImageObject","inLanguage":"es","@id":"https:\/\/www.eldiario.net\/portal\/#\/schema\/logo\/image\/","url":"https:\/\/www.eldiario.net\/portal\/wp-content\/uploads\/2023\/07\/logo_ED.jpg","contentUrl":"https:\/\/www.eldiario.net\/portal\/wp-content\/uploads\/2023\/07\/logo_ED.jpg","width":272,"height":52,"caption":"El Diario - Decano de la prensa nacional"},"image":{"@id":"https:\/\/www.eldiario.net\/portal\/#\/schema\/logo\/image\/"},"sameAs":["https:\/\/www.facebook.com\/eldiario.bolivia\/","https:\/\/x.com\/eldiario_net"]},{"@type":"Person","@id":"https:\/\/www.eldiario.net\/portal\/#\/schema\/person\/f46445640444750d7d753ccd04ae01b7","name":"Jeanette","image":{"@type":"ImageObject","inLanguage":"es","@id":"https:\/\/secure.gravatar.com\/avatar\/3ea2118a5f7dad2b7138b1187a6b7ee55f160b9968b66013c3a3ef39dd7e5798?s=96&d=mm&r=g","url":"https:\/\/secure.gravatar.com\/avatar\/3ea2118a5f7dad2b7138b1187a6b7ee55f160b9968b66013c3a3ef39dd7e5798?s=96&d=mm&r=g","contentUrl":"https:\/\/secure.gravatar.com\/avatar\/3ea2118a5f7dad2b7138b1187a6b7ee55f160b9968b66013c3a3ef39dd7e5798?s=96&d=mm&r=g","caption":"Jeanette"},"sameAs":["https:\/\/www.eldiario.net\/portal"],"url":"https:\/\/www.eldiario.net\/portal\/author\/jeanette\/"}]}},"_links":{"self":[{"href":"https:\/\/www.eldiario.net\/portal\/wp-json\/wp\/v2\/posts\/8325","targetHints":{"allow":["GET"]}}],"collection":[{"href":"https:\/\/www.eldiario.net\/portal\/wp-json\/wp\/v2\/posts"}],"about":[{"href":"https:\/\/www.eldiario.net\/portal\/wp-json\/wp\/v2\/types\/post"}],"author":[{"embeddable":true,"href":"https:\/\/www.eldiario.net\/portal\/wp-json\/wp\/v2\/users\/1"}],"replies":[{"embeddable":true,"href":"https:\/\/www.eldiario.net\/portal\/wp-json\/wp\/v2\/comments?post=8325"}],"version-history":[{"count":0,"href":"https:\/\/www.eldiario.net\/portal\/wp-json\/wp\/v2\/posts\/8325\/revisions"}],"wp:attachment":[{"href":"https:\/\/www.eldiario.net\/portal\/wp-json\/wp\/v2\/media?parent=8325"}],"wp:term":[{"taxonomy":"category","embeddable":true,"href":"https:\/\/www.eldiario.net\/portal\/wp-json\/wp\/v2\/categories?post=8325"},{"taxonomy":"post_tag","embeddable":true,"href":"https:\/\/www.eldiario.net\/portal\/wp-json\/wp\/v2\/tags?post=8325"}],"curies":[{"name":"wp","href":"https:\/\/api.w.org\/{rel}","templated":true}]}}