{"id":8278,"date":"2021-06-04T06:50:24","date_gmt":"2021-06-04T10:50:24","guid":{"rendered":"https:\/\/www.eldiario.net\/portal\/?p=8278"},"modified":"2021-06-04T06:50:24","modified_gmt":"2021-06-04T10:50:24","slug":"compras-directas-nacen-con-ley-y-decreto-de-armas-de-morales","status":"publish","type":"post","link":"https:\/\/www.eldiario.net\/portal\/2021\/06\/04\/compras-directas-nacen-con-ley-y-decreto-de-armas-de-morales\/","title":{"rendered":"Compras directas nacen con ley  y decreto de armas de Morales"},"content":{"rendered":"<p>La corrupci\u00f3n que hoy se investiga por la adquisici\u00f3n de gases lacrim\u00f3genos en la gesti\u00f3n de la expresidenta Jeanine A\u00f1ez y que llega a su gabinete por la firma de tres decretos que autorizaron dicha compra, nace en el periodo de Evo Morales con la ley que permite la compra directa y sin impuestos de estos materiales, seg\u00fan Franz Barrios.<br \/>\nEl investigador jur\u00eddico record\u00f3 que est\u00e1 vigente la Ley 400 de Control de Armas de Fuego, Municiones, Explosivos y otros materiales, que Morales promulg\u00f3 en septiembre de 2013, en la que se incluye la figura de adquisici\u00f3n de manera directa, es decir sin licitaciones, adem\u00e1s de permitir al Ministerio de Defensa evadir el tributo fiscal respectivo.<br \/>\n\u201cEl Ministerio de Defensa en funci\u00f3n a los requerimientos y necesidades de las Fuerzas Armadas, en casos de peligro y\/o amenaza a la seguridad y defensa del Estado, adquirir\u00e1 de manera directa armas de fuego, municiones, explosivos, material b\u00e9lico y otros materiales relacionados, de acuerdo a reglamentaci\u00f3n\u201d, se\u00f1ala el art. 32 de Adquisici\u00f3n Extraordinaria.<br \/>\n\u201cII. Este procedimiento queda exento de todo pago, de todo impuesto o tributo, ya sean fiscales, aduaneros o municipales\u201d, a\u00f1ade el mismo art\u00edculo de la Ley 400.<br \/>\n\u201cErgo, si la justicia sospecha de la emisi\u00f3n Decreto Supremo 4116 de diciembre de 2019, entonces debe coprocesar a Evo Morales Ayma, David Choquehuanca C\u00e9spedes, Juan Ram\u00f3n Quintana Taborga, Rub\u00e9n Aldo Saavedra Soto, Juan Carlos Calvimontes Camargo, Nemesia Achacollo Tola, Amanda D\u00e1vila Torres, Lilly Gabriela Monta\u00f1o Via\u00f1a, Lucio Marca Mamani, entre otros\u201d quienes fueron parte de su tratamiento, sanci\u00f3n y promulgaci\u00f3n; reitero, con tales irregulares permisiones que inducen a la corrupci\u00f3n\u201d, escribi\u00f3 Barrios.<br \/>\nEl jurista sugiri\u00f3 a los actuales parlamentarios de oposici\u00f3n conformar una comisi\u00f3n en la Asamblea Legislativa, \u201cque investigue todos los irregulares procesos de compra de armas de fuego, municiones, explosivos, material b\u00e9lico y otros materiales relacionados, de manera directa y eximidos de todo impuesto o tributo, desde hace ocho a\u00f1os, al amparo de la Ley 400 de 2013\u201d.<br \/>\nEl Gobierno aprovech\u00f3 el esc\u00e1ndalo de la detenci\u00f3n del exministro de Gobierno, Arturo Murillo, en Estados Unidos, para tratar de implicar, a nivel interno, en el caso de presunto sobreprecio en la compra de material antidisturbios de noviembre de 2019, a A\u00f1ez y todo su gabinete, por la firma de tres decretos que activaron esa adquisici\u00f3n.<br \/>\nSin embargo, seg\u00fan revel\u00f3 el abogado Gary Prado, todo el proceso de compra ya hab\u00eda sido abierto en la \u00faltima fase de gesti\u00f3n del entonces ministro de Gobierno de Evo Morales, Carlos Romero, en octubre de 2019, antes de la crisis pol\u00edtica que termin\u00f3 con la renuncia y huida de Morales y su c\u00fapula del poder.<br \/>\nEn EEUU, el Bur\u00f3 Federal de Investigaci\u00f3n (cuya sigla en ingl\u00e9s es FBI) abri\u00f3 el caso contra el exjefe de gabinete de Murillo, Rodrigo M\u00e9ndez, por el movimiento irregular en cuentas de bancos norteamericanos por 600 mil d\u00f3lares. La denuncia estableci\u00f3 los posibles delitos de soborno y conspiraci\u00f3n en lavado de dinero del total de $us 5 millones que movi\u00f3 la firma Bravo Tactical Solutions LLC.<br \/>\nJunto a los dos bolivianos se investig\u00f3 y detuvo a los empresarios Luis Berkman, Bryan Berkman y Philip Lichtenfeld. Dos de ellos lograron el pago de fianzas por encima de los 300 mil d\u00f3lares y Murillo deber\u00e1 comparecer en audiencia el 7 de junio, cuando el Juzgado Federal de Florida determine su situaci\u00f3n procesal, que podr\u00eda derivar en una sentencia de uno a 20 a\u00f1os de c\u00e1rcel.<br \/>\nEn Bolivia el caso de presunto sobreprecio no avanz\u00f3 y solo en enero se comenz\u00f3 a trabajar la \u201cetapa preparatoria\u201d desde la Fiscal\u00eda General. Una serie de allanamientos a viviendas de Murillo y su familia termin\u00f3 la semana pasada con la aprehensi\u00f3n de su hermana Magda Murillo, su cu\u00f1ado Leonardo Aliss, y los polic\u00edas, capit\u00e1n Daniel Bellot, exedec\u00e1n del otrora ministro, y el oficial \u00cdvar V\u00edctor G\u00f3mez.<br \/>\nEl pasado 31 de mayo, el ministro de Justicia, Iv\u00e1n Lima, solicit\u00f3 a la Fiscal\u00eda citar a los exministros de Jeanine A\u00f1ez que firmaron decretos que autorizaron al Ministerio de Defensa las adquisiciones directas y el presupuesto para la compra de gases lacrim\u00f3genos.<br \/>\nEn esa l\u00ednea, la exministra de Relaciones Exteriores Karen Longaric fue citada para que el martes 1 de junio se presente ante la Fiscal\u00eda anticorrupci\u00f3n a declarar en calidad de testigo, dentro del caso gases lacrim\u00f3genos.<br \/>\nLongaric solicit\u00f3, mediante memorial, a la Fiscal\u00eda que su declaraci\u00f3n se realice de modo virtual, dado que no se encuentra en el pa\u00eds por compromisos acad\u00e9micos y se prev\u00e9 su regreso despu\u00e9s del 15 de julio.<br \/>\n\u201cEstoy con muchas actividades acad\u00e9micas con diferentes universidades y ahora estoy en Chile con actividades acad\u00e9micas, y es posible hacer la audiencia para que preste mis declaraciones como testigo, es absolutamente posible hacerlo de manera online, entonces eso hemos pedido por un memorial\u201d, dijo Longaric.<br \/>\nPor ese mismo caso, el alcalde de La Paz, Iv\u00e1n Arias, deber\u00e1 prestar su declaraci\u00f3n informativa al mediod\u00eda de hoy, en calidad de testigo. (EL DIARIO y VisorBolivia)<\/p>\n","protected":false},"excerpt":{"rendered":"<p>La corrupci\u00f3n que hoy se investiga por la adquisici\u00f3n de gases lacrim\u00f3genos en la gesti\u00f3n de la expresidenta Jeanine A\u00f1ez y que llega a su gabinete por la firma de tres decretos que autorizaron dicha compra, nace en el periodo de Evo Morales con la ley que permite la compra directa y sin impuestos de [&hellip;]<\/p>\n","protected":false},"author":1,"featured_media":8279,"comment_status":"closed","ping_status":"closed","sticky":false,"template":"","format":"standard","meta":{"_acf_changed":false,"footnotes":""},"categories":[14],"tags":[],"class_list":["post-8278","post","type-post","status-publish","format-standard","has-post-thumbnail","category-politica"],"acf":{"antetitulo":""},"yoast_head":"<!-- This site is optimized with the Yoast SEO plugin v28.4 - https:\/\/yoast.com\/product\/yoast-seo-wordpress\/ -->\n<title>Compras directas nacen con ley y decreto de armas de Morales - El Diario - Bolivia<\/title>\n<meta name=\"robots\" content=\"index, follow, max-snippet:-1, max-image-preview:large, max-video-preview:-1\" \/>\n<link rel=\"canonical\" href=\"https:\/\/www.eldiario.net\/portal\/2021\/06\/04\/compras-directas-nacen-con-ley-y-decreto-de-armas-de-morales\/\" \/>\n<meta property=\"og:locale\" content=\"es_ES\" \/>\n<meta property=\"og:type\" content=\"article\" \/>\n<meta property=\"og:title\" content=\"Compras directas nacen con ley y decreto de armas de Morales - El Diario - Bolivia\" \/>\n<meta property=\"og:description\" content=\"La corrupci\u00f3n que hoy se investiga por la adquisici\u00f3n de gases lacrim\u00f3genos en la gesti\u00f3n de la expresidenta Jeanine A\u00f1ez y que llega a su gabinete por la firma de tres decretos que autorizaron dicha compra, nace en el periodo de Evo Morales con la ley que permite la compra directa y sin impuestos de [&hellip;]\" \/>\n<meta property=\"og:url\" content=\"https:\/\/www.eldiario.net\/portal\/2021\/06\/04\/compras-directas-nacen-con-ley-y-decreto-de-armas-de-morales\/\" \/>\n<meta property=\"og:site_name\" content=\"El Diario - Bolivia\" \/>\n<meta property=\"article:publisher\" content=\"https:\/\/www.facebook.com\/eldiario.bolivia\/\" \/>\n<meta property=\"article:published_time\" content=\"2021-06-04T10:50:24+00:00\" \/>\n<meta name=\"author\" content=\"Jeanette\" \/>\n<meta name=\"twitter:card\" content=\"summary_large_image\" \/>\n<meta name=\"twitter:creator\" content=\"@eldiario_net\" \/>\n<meta name=\"twitter:site\" content=\"@eldiario_net\" \/>\n<meta name=\"twitter:label1\" content=\"Escrito por\" \/>\n\t<meta name=\"twitter:data1\" content=\"Jeanette\" \/>\n\t<meta name=\"twitter:label2\" content=\"Tiempo de lectura\" \/>\n\t<meta name=\"twitter:data2\" content=\"4 minutos\" \/>\n<script type=\"application\/ld+json\" class=\"yoast-schema-graph\">{\"@context\":\"https:\\\/\\\/schema.org\",\"@graph\":[{\"@type\":\"Article\",\"@id\":\"https:\\\/\\\/www.eldiario.net\\\/portal\\\/2021\\\/06\\\/04\\\/compras-directas-nacen-con-ley-y-decreto-de-armas-de-morales\\\/#article\",\"isPartOf\":{\"@id\":\"https:\\\/\\\/www.eldiario.net\\\/portal\\\/2021\\\/06\\\/04\\\/compras-directas-nacen-con-ley-y-decreto-de-armas-de-morales\\\/\"},\"author\":{\"name\":\"Jeanette\",\"@id\":\"https:\\\/\\\/www.eldiario.net\\\/portal\\\/#\\\/schema\\\/person\\\/f46445640444750d7d753ccd04ae01b7\"},\"headline\":\"Compras directas nacen con ley y decreto de armas de Morales\",\"datePublished\":\"2021-06-04T10:50:24+00:00\",\"mainEntityOfPage\":{\"@id\":\"https:\\\/\\\/www.eldiario.net\\\/portal\\\/2021\\\/06\\\/04\\\/compras-directas-nacen-con-ley-y-decreto-de-armas-de-morales\\\/\"},\"wordCount\":897,\"publisher\":{\"@id\":\"https:\\\/\\\/www.eldiario.net\\\/portal\\\/#organization\"},\"image\":{\"@id\":\"https:\\\/\\\/www.eldiario.net\\\/portal\\\/2021\\\/06\\\/04\\\/compras-directas-nacen-con-ley-y-decreto-de-armas-de-morales\\\/#primaryimage\"},\"thumbnailUrl\":\"\",\"articleSection\":[\"Pol\u00edtica\"],\"inLanguage\":\"es\"},{\"@type\":\"WebPage\",\"@id\":\"https:\\\/\\\/www.eldiario.net\\\/portal\\\/2021\\\/06\\\/04\\\/compras-directas-nacen-con-ley-y-decreto-de-armas-de-morales\\\/\",\"url\":\"https:\\\/\\\/www.eldiario.net\\\/portal\\\/2021\\\/06\\\/04\\\/compras-directas-nacen-con-ley-y-decreto-de-armas-de-morales\\\/\",\"name\":\"Compras directas nacen con ley y decreto de armas de Morales - El Diario - Bolivia\",\"isPartOf\":{\"@id\":\"https:\\\/\\\/www.eldiario.net\\\/portal\\\/#website\"},\"primaryImageOfPage\":{\"@id\":\"https:\\\/\\\/www.eldiario.net\\\/portal\\\/2021\\\/06\\\/04\\\/compras-directas-nacen-con-ley-y-decreto-de-armas-de-morales\\\/#primaryimage\"},\"image\":{\"@id\":\"https:\\\/\\\/www.eldiario.net\\\/portal\\\/2021\\\/06\\\/04\\\/compras-directas-nacen-con-ley-y-decreto-de-armas-de-morales\\\/#primaryimage\"},\"thumbnailUrl\":\"\",\"datePublished\":\"2021-06-04T10:50:24+00:00\",\"breadcrumb\":{\"@id\":\"https:\\\/\\\/www.eldiario.net\\\/portal\\\/2021\\\/06\\\/04\\\/compras-directas-nacen-con-ley-y-decreto-de-armas-de-morales\\\/#breadcrumb\"},\"inLanguage\":\"es\",\"potentialAction\":[{\"@type\":\"ReadAction\",\"target\":[\"https:\\\/\\\/www.eldiario.net\\\/portal\\\/2021\\\/06\\\/04\\\/compras-directas-nacen-con-ley-y-decreto-de-armas-de-morales\\\/\"]}]},{\"@type\":\"ImageObject\",\"inLanguage\":\"es\",\"@id\":\"https:\\\/\\\/www.eldiario.net\\\/portal\\\/2021\\\/06\\\/04\\\/compras-directas-nacen-con-ley-y-decreto-de-armas-de-morales\\\/#primaryimage\",\"url\":\"\",\"contentUrl\":\"\"},{\"@type\":\"BreadcrumbList\",\"@id\":\"https:\\\/\\\/www.eldiario.net\\\/portal\\\/2021\\\/06\\\/04\\\/compras-directas-nacen-con-ley-y-decreto-de-armas-de-morales\\\/#breadcrumb\",\"itemListElement\":[{\"@type\":\"ListItem\",\"position\":1,\"name\":\"Portada\",\"item\":\"https:\\\/\\\/www.eldiario.net\\\/portal\\\/\"},{\"@type\":\"ListItem\",\"position\":2,\"name\":\"Compras directas nacen con ley y decreto de armas de Morales\"}]},{\"@type\":\"WebSite\",\"@id\":\"https:\\\/\\\/www.eldiario.net\\\/portal\\\/#website\",\"url\":\"https:\\\/\\\/www.eldiario.net\\\/portal\\\/\",\"name\":\"El Diario - Decano de la prensa nacional\",\"description\":\"El Diario - Decano de la prensa nacional\",\"publisher\":{\"@id\":\"https:\\\/\\\/www.eldiario.net\\\/portal\\\/#organization\"},\"potentialAction\":[{\"@type\":\"SearchAction\",\"target\":{\"@type\":\"EntryPoint\",\"urlTemplate\":\"https:\\\/\\\/www.eldiario.net\\\/portal\\\/?s={search_term_string}\"},\"query-input\":{\"@type\":\"PropertyValueSpecification\",\"valueRequired\":true,\"valueName\":\"search_term_string\"}}],\"inLanguage\":\"es\"},{\"@type\":\"Organization\",\"@id\":\"https:\\\/\\\/www.eldiario.net\\\/portal\\\/#organization\",\"name\":\"El Diario - Decano de la prensa nacional\",\"url\":\"https:\\\/\\\/www.eldiario.net\\\/portal\\\/\",\"logo\":{\"@type\":\"ImageObject\",\"inLanguage\":\"es\",\"@id\":\"https:\\\/\\\/www.eldiario.net\\\/portal\\\/#\\\/schema\\\/logo\\\/image\\\/\",\"url\":\"https:\\\/\\\/www.eldiario.net\\\/portal\\\/wp-content\\\/uploads\\\/2023\\\/07\\\/logo_ED.jpg\",\"contentUrl\":\"https:\\\/\\\/www.eldiario.net\\\/portal\\\/wp-content\\\/uploads\\\/2023\\\/07\\\/logo_ED.jpg\",\"width\":272,\"height\":52,\"caption\":\"El Diario - Decano de la prensa nacional\"},\"image\":{\"@id\":\"https:\\\/\\\/www.eldiario.net\\\/portal\\\/#\\\/schema\\\/logo\\\/image\\\/\"},\"sameAs\":[\"https:\\\/\\\/www.facebook.com\\\/eldiario.bolivia\\\/\",\"https:\\\/\\\/x.com\\\/eldiario_net\"]},{\"@type\":\"Person\",\"@id\":\"https:\\\/\\\/www.eldiario.net\\\/portal\\\/#\\\/schema\\\/person\\\/f46445640444750d7d753ccd04ae01b7\",\"name\":\"Jeanette\",\"image\":{\"@type\":\"ImageObject\",\"inLanguage\":\"es\",\"@id\":\"https:\\\/\\\/secure.gravatar.com\\\/avatar\\\/3ea2118a5f7dad2b7138b1187a6b7ee55f160b9968b66013c3a3ef39dd7e5798?s=96&d=mm&r=g\",\"url\":\"https:\\\/\\\/secure.gravatar.com\\\/avatar\\\/3ea2118a5f7dad2b7138b1187a6b7ee55f160b9968b66013c3a3ef39dd7e5798?s=96&d=mm&r=g\",\"contentUrl\":\"https:\\\/\\\/secure.gravatar.com\\\/avatar\\\/3ea2118a5f7dad2b7138b1187a6b7ee55f160b9968b66013c3a3ef39dd7e5798?s=96&d=mm&r=g\",\"caption\":\"Jeanette\"},\"sameAs\":[\"https:\\\/\\\/www.eldiario.net\\\/portal\"],\"url\":\"https:\\\/\\\/www.eldiario.net\\\/portal\\\/author\\\/jeanette\\\/\"}]}<\/script>\n<!-- \/ Yoast SEO plugin. -->","yoast_head_json":{"title":"Compras directas nacen con ley y decreto de armas de Morales - El Diario - Bolivia","robots":{"index":"index","follow":"follow","max-snippet":"max-snippet:-1","max-image-preview":"max-image-preview:large","max-video-preview":"max-video-preview:-1"},"canonical":"https:\/\/www.eldiario.net\/portal\/2021\/06\/04\/compras-directas-nacen-con-ley-y-decreto-de-armas-de-morales\/","og_locale":"es_ES","og_type":"article","og_title":"Compras directas nacen con ley y decreto de armas de Morales - El Diario - Bolivia","og_description":"La corrupci\u00f3n que hoy se investiga por la adquisici\u00f3n de gases lacrim\u00f3genos en la gesti\u00f3n de la expresidenta Jeanine A\u00f1ez y que llega a su gabinete por la firma de tres decretos que autorizaron dicha compra, nace en el periodo de Evo Morales con la ley que permite la compra directa y sin impuestos de [&hellip;]","og_url":"https:\/\/www.eldiario.net\/portal\/2021\/06\/04\/compras-directas-nacen-con-ley-y-decreto-de-armas-de-morales\/","og_site_name":"El Diario - Bolivia","article_publisher":"https:\/\/www.facebook.com\/eldiario.bolivia\/","article_published_time":"2021-06-04T10:50:24+00:00","author":"Jeanette","twitter_card":"summary_large_image","twitter_creator":"@eldiario_net","twitter_site":"@eldiario_net","twitter_misc":{"Escrito por":"Jeanette","Tiempo de lectura":"4 minutos"},"schema":{"@context":"https:\/\/schema.org","@graph":[{"@type":"Article","@id":"https:\/\/www.eldiario.net\/portal\/2021\/06\/04\/compras-directas-nacen-con-ley-y-decreto-de-armas-de-morales\/#article","isPartOf":{"@id":"https:\/\/www.eldiario.net\/portal\/2021\/06\/04\/compras-directas-nacen-con-ley-y-decreto-de-armas-de-morales\/"},"author":{"name":"Jeanette","@id":"https:\/\/www.eldiario.net\/portal\/#\/schema\/person\/f46445640444750d7d753ccd04ae01b7"},"headline":"Compras directas nacen con ley y decreto de armas de Morales","datePublished":"2021-06-04T10:50:24+00:00","mainEntityOfPage":{"@id":"https:\/\/www.eldiario.net\/portal\/2021\/06\/04\/compras-directas-nacen-con-ley-y-decreto-de-armas-de-morales\/"},"wordCount":897,"publisher":{"@id":"https:\/\/www.eldiario.net\/portal\/#organization"},"image":{"@id":"https:\/\/www.eldiario.net\/portal\/2021\/06\/04\/compras-directas-nacen-con-ley-y-decreto-de-armas-de-morales\/#primaryimage"},"thumbnailUrl":"","articleSection":["Pol\u00edtica"],"inLanguage":"es"},{"@type":"WebPage","@id":"https:\/\/www.eldiario.net\/portal\/2021\/06\/04\/compras-directas-nacen-con-ley-y-decreto-de-armas-de-morales\/","url":"https:\/\/www.eldiario.net\/portal\/2021\/06\/04\/compras-directas-nacen-con-ley-y-decreto-de-armas-de-morales\/","name":"Compras directas nacen con ley y decreto de armas de Morales - El Diario - Bolivia","isPartOf":{"@id":"https:\/\/www.eldiario.net\/portal\/#website"},"primaryImageOfPage":{"@id":"https:\/\/www.eldiario.net\/portal\/2021\/06\/04\/compras-directas-nacen-con-ley-y-decreto-de-armas-de-morales\/#primaryimage"},"image":{"@id":"https:\/\/www.eldiario.net\/portal\/2021\/06\/04\/compras-directas-nacen-con-ley-y-decreto-de-armas-de-morales\/#primaryimage"},"thumbnailUrl":"","datePublished":"2021-06-04T10:50:24+00:00","breadcrumb":{"@id":"https:\/\/www.eldiario.net\/portal\/2021\/06\/04\/compras-directas-nacen-con-ley-y-decreto-de-armas-de-morales\/#breadcrumb"},"inLanguage":"es","potentialAction":[{"@type":"ReadAction","target":["https:\/\/www.eldiario.net\/portal\/2021\/06\/04\/compras-directas-nacen-con-ley-y-decreto-de-armas-de-morales\/"]}]},{"@type":"ImageObject","inLanguage":"es","@id":"https:\/\/www.eldiario.net\/portal\/2021\/06\/04\/compras-directas-nacen-con-ley-y-decreto-de-armas-de-morales\/#primaryimage","url":"","contentUrl":""},{"@type":"BreadcrumbList","@id":"https:\/\/www.eldiario.net\/portal\/2021\/06\/04\/compras-directas-nacen-con-ley-y-decreto-de-armas-de-morales\/#breadcrumb","itemListElement":[{"@type":"ListItem","position":1,"name":"Portada","item":"https:\/\/www.eldiario.net\/portal\/"},{"@type":"ListItem","position":2,"name":"Compras directas nacen con ley y decreto de armas de Morales"}]},{"@type":"WebSite","@id":"https:\/\/www.eldiario.net\/portal\/#website","url":"https:\/\/www.eldiario.net\/portal\/","name":"El Diario - Decano de la prensa nacional","description":"El Diario - Decano de la prensa nacional","publisher":{"@id":"https:\/\/www.eldiario.net\/portal\/#organization"},"potentialAction":[{"@type":"SearchAction","target":{"@type":"EntryPoint","urlTemplate":"https:\/\/www.eldiario.net\/portal\/?s={search_term_string}"},"query-input":{"@type":"PropertyValueSpecification","valueRequired":true,"valueName":"search_term_string"}}],"inLanguage":"es"},{"@type":"Organization","@id":"https:\/\/www.eldiario.net\/portal\/#organization","name":"El Diario - Decano de la prensa nacional","url":"https:\/\/www.eldiario.net\/portal\/","logo":{"@type":"ImageObject","inLanguage":"es","@id":"https:\/\/www.eldiario.net\/portal\/#\/schema\/logo\/image\/","url":"https:\/\/www.eldiario.net\/portal\/wp-content\/uploads\/2023\/07\/logo_ED.jpg","contentUrl":"https:\/\/www.eldiario.net\/portal\/wp-content\/uploads\/2023\/07\/logo_ED.jpg","width":272,"height":52,"caption":"El Diario - Decano de la prensa nacional"},"image":{"@id":"https:\/\/www.eldiario.net\/portal\/#\/schema\/logo\/image\/"},"sameAs":["https:\/\/www.facebook.com\/eldiario.bolivia\/","https:\/\/x.com\/eldiario_net"]},{"@type":"Person","@id":"https:\/\/www.eldiario.net\/portal\/#\/schema\/person\/f46445640444750d7d753ccd04ae01b7","name":"Jeanette","image":{"@type":"ImageObject","inLanguage":"es","@id":"https:\/\/secure.gravatar.com\/avatar\/3ea2118a5f7dad2b7138b1187a6b7ee55f160b9968b66013c3a3ef39dd7e5798?s=96&d=mm&r=g","url":"https:\/\/secure.gravatar.com\/avatar\/3ea2118a5f7dad2b7138b1187a6b7ee55f160b9968b66013c3a3ef39dd7e5798?s=96&d=mm&r=g","contentUrl":"https:\/\/secure.gravatar.com\/avatar\/3ea2118a5f7dad2b7138b1187a6b7ee55f160b9968b66013c3a3ef39dd7e5798?s=96&d=mm&r=g","caption":"Jeanette"},"sameAs":["https:\/\/www.eldiario.net\/portal"],"url":"https:\/\/www.eldiario.net\/portal\/author\/jeanette\/"}]}},"_links":{"self":[{"href":"https:\/\/www.eldiario.net\/portal\/wp-json\/wp\/v2\/posts\/8278","targetHints":{"allow":["GET"]}}],"collection":[{"href":"https:\/\/www.eldiario.net\/portal\/wp-json\/wp\/v2\/posts"}],"about":[{"href":"https:\/\/www.eldiario.net\/portal\/wp-json\/wp\/v2\/types\/post"}],"author":[{"embeddable":true,"href":"https:\/\/www.eldiario.net\/portal\/wp-json\/wp\/v2\/users\/1"}],"replies":[{"embeddable":true,"href":"https:\/\/www.eldiario.net\/portal\/wp-json\/wp\/v2\/comments?post=8278"}],"version-history":[{"count":0,"href":"https:\/\/www.eldiario.net\/portal\/wp-json\/wp\/v2\/posts\/8278\/revisions"}],"wp:attachment":[{"href":"https:\/\/www.eldiario.net\/portal\/wp-json\/wp\/v2\/media?parent=8278"}],"wp:term":[{"taxonomy":"category","embeddable":true,"href":"https:\/\/www.eldiario.net\/portal\/wp-json\/wp\/v2\/categories?post=8278"},{"taxonomy":"post_tag","embeddable":true,"href":"https:\/\/www.eldiario.net\/portal\/wp-json\/wp\/v2\/tags?post=8278"}],"curies":[{"name":"wp","href":"https:\/\/api.w.org\/{rel}","templated":true}]}}