{"id":8273,"date":"2021-06-04T06:49:14","date_gmt":"2021-06-04T10:49:14","guid":{"rendered":"https:\/\/www.eldiario.net\/portal\/?p=8273"},"modified":"2021-06-04T06:49:14","modified_gmt":"2021-06-04T10:49:14","slug":"mesa-repudia-decision-politica-del-mas-que-afecta-al-gamlp","status":"publish","type":"post","link":"https:\/\/www.eldiario.net\/portal\/2021\/06\/04\/mesa-repudia-decision-politica-del-mas-que-afecta-al-gamlp\/","title":{"rendered":"Mesa \u201crepudia decisi\u00f3n pol\u00edtica  del MAS\u201d que afecta al Gamlp"},"content":{"rendered":"<p>El expresidente y l\u00edder de Comunidad Ciudadana (CC), Carlos Mesa, \u201crepudi\u00f3\u201d ayer la decisi\u00f3n \u201cpol\u00edtica\u201d del Movimiento al Socialismo (MAS) de congelar las cuentas financieras del Gobierno Aut\u00f3nomo Municipal de La Paz (Gamlp).<br \/>\n\u201cRepudiamos la decisi\u00f3n pol\u00edtica del MAS que, usando al sistema judicial, congela las cuentas del Gobierno Municipal de La Paz, y le impide al Alcalde @ivanariasduran asumir medidas urgentes y necesarias para enfrentar la grave crisis sanitaria y econ\u00f3mica que sufre la ciudadan\u00eda\u201d, escribi\u00f3 ayer Mesa en sus redes sociales.<br \/>\nEl mi\u00e9rcoles, el alcalde de La Paz, Iv\u00e1n Arias, que ayer cumpli\u00f3 un mes al frente de la comuna pace\u00f1a fue notificado para que se presente a declarar hoy como parte de dos procesos penales: el primero por un supuesto ilegal nombramiento cuando era ministro de Obras P\u00fablicas y, otro, por el caso gases lacrim\u00f3genos. Adem\u00e1s, un juez orden\u00f3 al Ministerio de Econom\u00eda y Finanzas el congelamiento de las cuentas a la Alcald\u00eda de La Paz por un juicio laboral del siglo pasado.<br \/>\n\u201cQuer\u00eda expresarle a la ciudad de La Paz que pase lo que pase, nosotros seguiremos luchando, seguiremos trabajando para que nuestros ciudadanos no mueran por la covid-19, para que a nuestros ciudadanos no les falte seguridad ciudadana, no les falte salud, no me voy a rendir, no me voy a escapar\u201d, afirm\u00f3 Arias la noche del mi\u00e9rcoles.<\/p>\n<p>CONTRADICCIONES<br \/>\nEl viceministro del Tesoro y Cr\u00e9dito P\u00fablico del Ministerio de Econom\u00eda, Sergio Cusicanqui, contradijo ayer a una carta enviada por el Ministerio de Econom\u00eda y Finanzas el mi\u00e9rcoles al alcalde Iv\u00e1n Arias, al se\u00f1alar que el Gobierno solo retuvo 296 mil bolivianos y no procedi\u00f3 a \u201cla retenci\u00f3n de fondos de las cuentas corrientes fiscales pertenecientes al Gobierno Aut\u00f3nomo Municipal de La Paz\u201d como dice la misiva.<br \/>\nEn un comunicado, la Alcald\u00eda de La Paz precisa que \u201cla declaraci\u00f3n del Viceministro (Cusicanqui) contradice la carta enviada por el Ministerio de Econom\u00eda y Finanzas en la que se se\u00f1ala que se retienen los fondos de la totalidad de las cuentas fiscales y no se\u00f1ala que hubiera un l\u00edmite en el monto retenido\u201d.<br \/>\nCusicanqui dijo a los periodistas, pasado el mediod\u00eda de ayer en plaza Murillo, que \u201cno es un problema (retenci\u00f3n) que surge en el Ministerio de Econom\u00eda, han dejado que llegue a este punto, esta retenci\u00f3n judicial es el 0,02 % de los recursos que tiene la Alcald\u00eda (de La Paz), que tiene m\u00e1s de 134 millones bolivianos\u201d.<br \/>\nLa carta enviada al alcalde Arias el mi\u00e9rcoles por el Ministerio de Econom\u00eda se\u00f1ala: \u201cComunico a usted que el Banco Uni\u00f3n S.A. a trav\u00e9s de nota CA:NAC\/GNO\/SNOE\/00501\/2021, informa que procedi\u00f3 a la retenci\u00f3n de fondos de las cuentas corrientes fiscales pertenecientes al Gobierno Aut\u00f3nomo Municipal de La Paz\u201d.<br \/>\nLa carta al alcalde Arias est\u00e1 firmada por la directora general de Administraci\u00f3n y Finanzas Territoriales, Patricia Valencia, dependiente del Viceministerio del Tesoro y Cr\u00e9dito P\u00fablico del Ministerio de Econom\u00eda y Finanzas.<br \/>\nEn el comunicado, la Alcald\u00eda de La Paz afirma que \u201cel viceministro del Tesoro y Cr\u00e9dito P\u00fablico ha se\u00f1alado ayer, en una declaraci\u00f3n, que la retenci\u00f3n de las cuentas fiscales del Gobierno Aut\u00f3nomo Municipal de La Paz solo afecta al monto de 296.000 bolivianos como resultado de un juicio laboral\u201d.<br \/>\nPor tanto, contin\u00faa el comunicado municipal, \u201cla Alcald\u00eda de La Paz celebra que el Gobierno hubiera rectificado su posici\u00f3n inicial, sobre todo, en momentos en los que se debe luchar denodadamente contra el coronavirus\u201d pues el \u201calcalde Iv\u00e1n Arias seguir\u00e1 trabajando por el bienestar de los pace\u00f1os\u201d.<br \/>\nOcho extrabajadores iniciaron un juicio laboral contra la Alcald\u00eda en 1998. Entonces denunciaron que el c\u00e1lculo de sus beneficios sociales no era el correcto. El caso lleg\u00f3 al Tribunal Supremo de Justicia que en 2017 fall\u00f3 en favor de los exfuncionarios.<br \/>\nLa activaci\u00f3n del caso en La Paz por el juez s\u00e9ptimo de Trabajo y Seguridad Social, del Tribunal Departamental de Justicia, mediante los decretos del 5 de noviembre de 2020 y 9 de abril de 2021, dio lugar a la retenci\u00f3n de recursos de la Alcald\u00eda de La Paz el mi\u00e9rcoles 2 de junio.<br \/>\nDe acuerdo con un comunicado del Ministerio de Econom\u00eda, el caso fue comunicado a la gesti\u00f3n municipal de Luis Revilla, en noviembre pasado. \u201cLa autoridad judicial dio a conocer sobre la retenci\u00f3n a la anterior autoridad edil del Gobierno Municipal de La Paz, en el mes de noviembre de 2020\u201d.<\/p>\n<p>AUDIENCIAS<br \/>\nPor otro lado, Arias anunci\u00f3 que acudir\u00e1 a las convocatorias judiciales. \u201cNo me voy a escapar, voy dar la cara, pero por supuesto aprovechando que es feriado, que es viernes y luego viene s\u00e1bado y domingo, aparecen estas citaciones\u201d, afirm\u00f3 el Alcalde y detall\u00f3 que la primera audiencia es a las 10.00 del viernes y la segunda al mediod\u00eda.<br \/>\nEl Juzgado Tercero Anticorrupci\u00f3n convoc\u00f3 al alcalde Arias a una audiencia de medidas cautelares por el presunto irregular nombramiento de un funcionario sin t\u00edtulo profesional, para el viernes 4 de junio a las 10.00. Tambi\u00e9n para este viernes, el burgomaestre fue citado como testigo en el caso de la compra de gases lacrim\u00f3genos por el fiscal de materia, Alexis Vilela.<\/p>\n<figure id=\"attachment_8275\" aria-describedby=\"caption-attachment-8275\" style=\"width: 300px\" class=\"wp-caption alignleft\"><img loading=\"lazy\" decoding=\"async\" class=\"size-medium wp-image-8275\" src=\"https:\/\/www.eldiario.net\/portal\/wp-content\/uploads\/2021\/06\/Mesa-300x225.jpg\" alt=\"\" width=\"300\" height=\"225\" srcset=\"https:\/\/www.eldiario.net\/portal\/wp-content\/uploads\/2021\/06\/Mesa-300x225.jpg 300w, https:\/\/www.eldiario.net\/portal\/wp-content\/uploads\/2021\/06\/Mesa-1024x768.jpg 1024w, https:\/\/www.eldiario.net\/portal\/wp-content\/uploads\/2021\/06\/Mesa-768x576.jpg 768w, https:\/\/www.eldiario.net\/portal\/wp-content\/uploads\/2021\/06\/Mesa-696x522.jpg 696w, https:\/\/www.eldiario.net\/portal\/wp-content\/uploads\/2021\/06\/Mesa-1068x801.jpg 1068w, https:\/\/www.eldiario.net\/portal\/wp-content\/uploads\/2021\/06\/Mesa.jpg 1280w\" sizes=\"auto, (max-width: 300px) 100vw, 300px\" \/><figcaption id=\"caption-attachment-8275\" class=\"wp-caption-text\">CARLOS MESA, L\u00cdDER DE CC.<\/figcaption><\/figure>\n<figure id=\"attachment_8276\" aria-describedby=\"caption-attachment-8276\" style=\"width: 300px\" class=\"wp-caption alignleft\"><img loading=\"lazy\" decoding=\"async\" class=\"size-medium wp-image-8276\" src=\"https:\/\/www.eldiario.net\/portal\/wp-content\/uploads\/2021\/06\/VICE-300x225.jpg\" alt=\"\" width=\"300\" height=\"225\" \/><figcaption id=\"caption-attachment-8276\" class=\"wp-caption-text\">SERGIO CUSICANQUI, VICEMINISTRO.<\/figcaption><\/figure>\n","protected":false},"excerpt":{"rendered":"<p>El expresidente y l\u00edder de Comunidad Ciudadana (CC), Carlos Mesa, \u201crepudi\u00f3\u201d ayer la decisi\u00f3n \u201cpol\u00edtica\u201d del Movimiento al Socialismo (MAS) de congelar las cuentas financieras del Gobierno Aut\u00f3nomo Municipal de La Paz (Gamlp). \u201cRepudiamos la decisi\u00f3n pol\u00edtica del MAS que, usando al sistema judicial, congela las cuentas del Gobierno Municipal de La Paz, y le [&hellip;]<\/p>\n","protected":false},"author":1,"featured_media":8274,"comment_status":"closed","ping_status":"closed","sticky":false,"template":"","format":"standard","meta":{"_acf_changed":false,"footnotes":""},"categories":[14],"tags":[],"class_list":["post-8273","post","type-post","status-publish","format-standard","has-post-thumbnail","category-politica"],"acf":{"antetitulo":""},"yoast_head":"<!-- This site is optimized with the Yoast SEO plugin v28.4 - https:\/\/yoast.com\/product\/yoast-seo-wordpress\/ -->\n<title>Mesa \u201crepudia decisi\u00f3n pol\u00edtica del MAS\u201d que afecta al Gamlp - El Diario - Bolivia<\/title>\n<meta name=\"robots\" content=\"index, follow, max-snippet:-1, max-image-preview:large, max-video-preview:-1\" \/>\n<link rel=\"canonical\" href=\"https:\/\/www.eldiario.net\/portal\/2021\/06\/04\/mesa-repudia-decision-politica-del-mas-que-afecta-al-gamlp\/\" \/>\n<meta property=\"og:locale\" content=\"es_ES\" \/>\n<meta property=\"og:type\" content=\"article\" \/>\n<meta property=\"og:title\" content=\"Mesa \u201crepudia decisi\u00f3n pol\u00edtica del MAS\u201d que afecta al Gamlp - El Diario - Bolivia\" \/>\n<meta property=\"og:description\" content=\"El expresidente y l\u00edder de Comunidad Ciudadana (CC), Carlos Mesa, \u201crepudi\u00f3\u201d ayer la decisi\u00f3n \u201cpol\u00edtica\u201d del Movimiento al Socialismo (MAS) de congelar las cuentas financieras del Gobierno Aut\u00f3nomo Municipal de La Paz (Gamlp). \u201cRepudiamos la decisi\u00f3n pol\u00edtica del MAS que, usando al sistema judicial, congela las cuentas del Gobierno Municipal de La Paz, y le [&hellip;]\" \/>\n<meta property=\"og:url\" content=\"https:\/\/www.eldiario.net\/portal\/2021\/06\/04\/mesa-repudia-decision-politica-del-mas-que-afecta-al-gamlp\/\" \/>\n<meta property=\"og:site_name\" content=\"El Diario - Bolivia\" \/>\n<meta property=\"article:publisher\" content=\"https:\/\/www.facebook.com\/eldiario.bolivia\/\" \/>\n<meta property=\"article:published_time\" content=\"2021-06-04T10:49:14+00:00\" \/>\n<meta name=\"author\" content=\"Jeanette\" \/>\n<meta name=\"twitter:card\" content=\"summary_large_image\" \/>\n<meta name=\"twitter:creator\" content=\"@eldiario_net\" \/>\n<meta name=\"twitter:site\" content=\"@eldiario_net\" \/>\n<meta name=\"twitter:label1\" content=\"Escrito por\" \/>\n\t<meta name=\"twitter:data1\" content=\"Jeanette\" \/>\n\t<meta name=\"twitter:label2\" content=\"Tiempo de lectura\" \/>\n\t<meta name=\"twitter:data2\" content=\"5 minutos\" \/>\n<script type=\"application\/ld+json\" class=\"yoast-schema-graph\">{\"@context\":\"https:\\\/\\\/schema.org\",\"@graph\":[{\"@type\":\"Article\",\"@id\":\"https:\\\/\\\/www.eldiario.net\\\/portal\\\/2021\\\/06\\\/04\\\/mesa-repudia-decision-politica-del-mas-que-afecta-al-gamlp\\\/#article\",\"isPartOf\":{\"@id\":\"https:\\\/\\\/www.eldiario.net\\\/portal\\\/2021\\\/06\\\/04\\\/mesa-repudia-decision-politica-del-mas-que-afecta-al-gamlp\\\/\"},\"author\":{\"name\":\"Jeanette\",\"@id\":\"https:\\\/\\\/www.eldiario.net\\\/portal\\\/#\\\/schema\\\/person\\\/f46445640444750d7d753ccd04ae01b7\"},\"headline\":\"Mesa \u201crepudia decisi\u00f3n pol\u00edtica del MAS\u201d que afecta al Gamlp\",\"datePublished\":\"2021-06-04T10:49:14+00:00\",\"mainEntityOfPage\":{\"@id\":\"https:\\\/\\\/www.eldiario.net\\\/portal\\\/2021\\\/06\\\/04\\\/mesa-repudia-decision-politica-del-mas-que-afecta-al-gamlp\\\/\"},\"wordCount\":945,\"publisher\":{\"@id\":\"https:\\\/\\\/www.eldiario.net\\\/portal\\\/#organization\"},\"image\":{\"@id\":\"https:\\\/\\\/www.eldiario.net\\\/portal\\\/2021\\\/06\\\/04\\\/mesa-repudia-decision-politica-del-mas-que-afecta-al-gamlp\\\/#primaryimage\"},\"thumbnailUrl\":\"\",\"articleSection\":[\"Pol\u00edtica\"],\"inLanguage\":\"es\"},{\"@type\":\"WebPage\",\"@id\":\"https:\\\/\\\/www.eldiario.net\\\/portal\\\/2021\\\/06\\\/04\\\/mesa-repudia-decision-politica-del-mas-que-afecta-al-gamlp\\\/\",\"url\":\"https:\\\/\\\/www.eldiario.net\\\/portal\\\/2021\\\/06\\\/04\\\/mesa-repudia-decision-politica-del-mas-que-afecta-al-gamlp\\\/\",\"name\":\"Mesa \u201crepudia decisi\u00f3n pol\u00edtica del MAS\u201d que afecta al Gamlp - El Diario - Bolivia\",\"isPartOf\":{\"@id\":\"https:\\\/\\\/www.eldiario.net\\\/portal\\\/#website\"},\"primaryImageOfPage\":{\"@id\":\"https:\\\/\\\/www.eldiario.net\\\/portal\\\/2021\\\/06\\\/04\\\/mesa-repudia-decision-politica-del-mas-que-afecta-al-gamlp\\\/#primaryimage\"},\"image\":{\"@id\":\"https:\\\/\\\/www.eldiario.net\\\/portal\\\/2021\\\/06\\\/04\\\/mesa-repudia-decision-politica-del-mas-que-afecta-al-gamlp\\\/#primaryimage\"},\"thumbnailUrl\":\"\",\"datePublished\":\"2021-06-04T10:49:14+00:00\",\"breadcrumb\":{\"@id\":\"https:\\\/\\\/www.eldiario.net\\\/portal\\\/2021\\\/06\\\/04\\\/mesa-repudia-decision-politica-del-mas-que-afecta-al-gamlp\\\/#breadcrumb\"},\"inLanguage\":\"es\",\"potentialAction\":[{\"@type\":\"ReadAction\",\"target\":[\"https:\\\/\\\/www.eldiario.net\\\/portal\\\/2021\\\/06\\\/04\\\/mesa-repudia-decision-politica-del-mas-que-afecta-al-gamlp\\\/\"]}]},{\"@type\":\"ImageObject\",\"inLanguage\":\"es\",\"@id\":\"https:\\\/\\\/www.eldiario.net\\\/portal\\\/2021\\\/06\\\/04\\\/mesa-repudia-decision-politica-del-mas-que-afecta-al-gamlp\\\/#primaryimage\",\"url\":\"\",\"contentUrl\":\"\"},{\"@type\":\"BreadcrumbList\",\"@id\":\"https:\\\/\\\/www.eldiario.net\\\/portal\\\/2021\\\/06\\\/04\\\/mesa-repudia-decision-politica-del-mas-que-afecta-al-gamlp\\\/#breadcrumb\",\"itemListElement\":[{\"@type\":\"ListItem\",\"position\":1,\"name\":\"Portada\",\"item\":\"https:\\\/\\\/www.eldiario.net\\\/portal\\\/\"},{\"@type\":\"ListItem\",\"position\":2,\"name\":\"Mesa \u201crepudia decisi\u00f3n pol\u00edtica del MAS\u201d que afecta al Gamlp\"}]},{\"@type\":\"WebSite\",\"@id\":\"https:\\\/\\\/www.eldiario.net\\\/portal\\\/#website\",\"url\":\"https:\\\/\\\/www.eldiario.net\\\/portal\\\/\",\"name\":\"El Diario - Decano de la prensa nacional\",\"description\":\"El Diario - Decano de la prensa nacional\",\"publisher\":{\"@id\":\"https:\\\/\\\/www.eldiario.net\\\/portal\\\/#organization\"},\"potentialAction\":[{\"@type\":\"SearchAction\",\"target\":{\"@type\":\"EntryPoint\",\"urlTemplate\":\"https:\\\/\\\/www.eldiario.net\\\/portal\\\/?s={search_term_string}\"},\"query-input\":{\"@type\":\"PropertyValueSpecification\",\"valueRequired\":true,\"valueName\":\"search_term_string\"}}],\"inLanguage\":\"es\"},{\"@type\":\"Organization\",\"@id\":\"https:\\\/\\\/www.eldiario.net\\\/portal\\\/#organization\",\"name\":\"El Diario - Decano de la prensa nacional\",\"url\":\"https:\\\/\\\/www.eldiario.net\\\/portal\\\/\",\"logo\":{\"@type\":\"ImageObject\",\"inLanguage\":\"es\",\"@id\":\"https:\\\/\\\/www.eldiario.net\\\/portal\\\/#\\\/schema\\\/logo\\\/image\\\/\",\"url\":\"https:\\\/\\\/www.eldiario.net\\\/portal\\\/wp-content\\\/uploads\\\/2023\\\/07\\\/logo_ED.jpg\",\"contentUrl\":\"https:\\\/\\\/www.eldiario.net\\\/portal\\\/wp-content\\\/uploads\\\/2023\\\/07\\\/logo_ED.jpg\",\"width\":272,\"height\":52,\"caption\":\"El Diario - Decano de la prensa nacional\"},\"image\":{\"@id\":\"https:\\\/\\\/www.eldiario.net\\\/portal\\\/#\\\/schema\\\/logo\\\/image\\\/\"},\"sameAs\":[\"https:\\\/\\\/www.facebook.com\\\/eldiario.bolivia\\\/\",\"https:\\\/\\\/x.com\\\/eldiario_net\"]},{\"@type\":\"Person\",\"@id\":\"https:\\\/\\\/www.eldiario.net\\\/portal\\\/#\\\/schema\\\/person\\\/f46445640444750d7d753ccd04ae01b7\",\"name\":\"Jeanette\",\"image\":{\"@type\":\"ImageObject\",\"inLanguage\":\"es\",\"@id\":\"https:\\\/\\\/secure.gravatar.com\\\/avatar\\\/3ea2118a5f7dad2b7138b1187a6b7ee55f160b9968b66013c3a3ef39dd7e5798?s=96&d=mm&r=g\",\"url\":\"https:\\\/\\\/secure.gravatar.com\\\/avatar\\\/3ea2118a5f7dad2b7138b1187a6b7ee55f160b9968b66013c3a3ef39dd7e5798?s=96&d=mm&r=g\",\"contentUrl\":\"https:\\\/\\\/secure.gravatar.com\\\/avatar\\\/3ea2118a5f7dad2b7138b1187a6b7ee55f160b9968b66013c3a3ef39dd7e5798?s=96&d=mm&r=g\",\"caption\":\"Jeanette\"},\"sameAs\":[\"https:\\\/\\\/www.eldiario.net\\\/portal\"],\"url\":\"https:\\\/\\\/www.eldiario.net\\\/portal\\\/author\\\/jeanette\\\/\"}]}<\/script>\n<!-- \/ Yoast SEO plugin. -->","yoast_head_json":{"title":"Mesa \u201crepudia decisi\u00f3n pol\u00edtica del MAS\u201d que afecta al Gamlp - El Diario - Bolivia","robots":{"index":"index","follow":"follow","max-snippet":"max-snippet:-1","max-image-preview":"max-image-preview:large","max-video-preview":"max-video-preview:-1"},"canonical":"https:\/\/www.eldiario.net\/portal\/2021\/06\/04\/mesa-repudia-decision-politica-del-mas-que-afecta-al-gamlp\/","og_locale":"es_ES","og_type":"article","og_title":"Mesa \u201crepudia decisi\u00f3n pol\u00edtica del MAS\u201d que afecta al Gamlp - El Diario - Bolivia","og_description":"El expresidente y l\u00edder de Comunidad Ciudadana (CC), Carlos Mesa, \u201crepudi\u00f3\u201d ayer la decisi\u00f3n \u201cpol\u00edtica\u201d del Movimiento al Socialismo (MAS) de congelar las cuentas financieras del Gobierno Aut\u00f3nomo Municipal de La Paz (Gamlp). \u201cRepudiamos la decisi\u00f3n pol\u00edtica del MAS que, usando al sistema judicial, congela las cuentas del Gobierno Municipal de La Paz, y le [&hellip;]","og_url":"https:\/\/www.eldiario.net\/portal\/2021\/06\/04\/mesa-repudia-decision-politica-del-mas-que-afecta-al-gamlp\/","og_site_name":"El Diario - Bolivia","article_publisher":"https:\/\/www.facebook.com\/eldiario.bolivia\/","article_published_time":"2021-06-04T10:49:14+00:00","author":"Jeanette","twitter_card":"summary_large_image","twitter_creator":"@eldiario_net","twitter_site":"@eldiario_net","twitter_misc":{"Escrito por":"Jeanette","Tiempo de lectura":"5 minutos"},"schema":{"@context":"https:\/\/schema.org","@graph":[{"@type":"Article","@id":"https:\/\/www.eldiario.net\/portal\/2021\/06\/04\/mesa-repudia-decision-politica-del-mas-que-afecta-al-gamlp\/#article","isPartOf":{"@id":"https:\/\/www.eldiario.net\/portal\/2021\/06\/04\/mesa-repudia-decision-politica-del-mas-que-afecta-al-gamlp\/"},"author":{"name":"Jeanette","@id":"https:\/\/www.eldiario.net\/portal\/#\/schema\/person\/f46445640444750d7d753ccd04ae01b7"},"headline":"Mesa \u201crepudia decisi\u00f3n pol\u00edtica del MAS\u201d que afecta al Gamlp","datePublished":"2021-06-04T10:49:14+00:00","mainEntityOfPage":{"@id":"https:\/\/www.eldiario.net\/portal\/2021\/06\/04\/mesa-repudia-decision-politica-del-mas-que-afecta-al-gamlp\/"},"wordCount":945,"publisher":{"@id":"https:\/\/www.eldiario.net\/portal\/#organization"},"image":{"@id":"https:\/\/www.eldiario.net\/portal\/2021\/06\/04\/mesa-repudia-decision-politica-del-mas-que-afecta-al-gamlp\/#primaryimage"},"thumbnailUrl":"","articleSection":["Pol\u00edtica"],"inLanguage":"es"},{"@type":"WebPage","@id":"https:\/\/www.eldiario.net\/portal\/2021\/06\/04\/mesa-repudia-decision-politica-del-mas-que-afecta-al-gamlp\/","url":"https:\/\/www.eldiario.net\/portal\/2021\/06\/04\/mesa-repudia-decision-politica-del-mas-que-afecta-al-gamlp\/","name":"Mesa \u201crepudia decisi\u00f3n pol\u00edtica del MAS\u201d que afecta al Gamlp - El Diario - Bolivia","isPartOf":{"@id":"https:\/\/www.eldiario.net\/portal\/#website"},"primaryImageOfPage":{"@id":"https:\/\/www.eldiario.net\/portal\/2021\/06\/04\/mesa-repudia-decision-politica-del-mas-que-afecta-al-gamlp\/#primaryimage"},"image":{"@id":"https:\/\/www.eldiario.net\/portal\/2021\/06\/04\/mesa-repudia-decision-politica-del-mas-que-afecta-al-gamlp\/#primaryimage"},"thumbnailUrl":"","datePublished":"2021-06-04T10:49:14+00:00","breadcrumb":{"@id":"https:\/\/www.eldiario.net\/portal\/2021\/06\/04\/mesa-repudia-decision-politica-del-mas-que-afecta-al-gamlp\/#breadcrumb"},"inLanguage":"es","potentialAction":[{"@type":"ReadAction","target":["https:\/\/www.eldiario.net\/portal\/2021\/06\/04\/mesa-repudia-decision-politica-del-mas-que-afecta-al-gamlp\/"]}]},{"@type":"ImageObject","inLanguage":"es","@id":"https:\/\/www.eldiario.net\/portal\/2021\/06\/04\/mesa-repudia-decision-politica-del-mas-que-afecta-al-gamlp\/#primaryimage","url":"","contentUrl":""},{"@type":"BreadcrumbList","@id":"https:\/\/www.eldiario.net\/portal\/2021\/06\/04\/mesa-repudia-decision-politica-del-mas-que-afecta-al-gamlp\/#breadcrumb","itemListElement":[{"@type":"ListItem","position":1,"name":"Portada","item":"https:\/\/www.eldiario.net\/portal\/"},{"@type":"ListItem","position":2,"name":"Mesa \u201crepudia decisi\u00f3n pol\u00edtica del MAS\u201d que afecta al Gamlp"}]},{"@type":"WebSite","@id":"https:\/\/www.eldiario.net\/portal\/#website","url":"https:\/\/www.eldiario.net\/portal\/","name":"El Diario - Decano de la prensa nacional","description":"El Diario - Decano de la prensa nacional","publisher":{"@id":"https:\/\/www.eldiario.net\/portal\/#organization"},"potentialAction":[{"@type":"SearchAction","target":{"@type":"EntryPoint","urlTemplate":"https:\/\/www.eldiario.net\/portal\/?s={search_term_string}"},"query-input":{"@type":"PropertyValueSpecification","valueRequired":true,"valueName":"search_term_string"}}],"inLanguage":"es"},{"@type":"Organization","@id":"https:\/\/www.eldiario.net\/portal\/#organization","name":"El Diario - Decano de la prensa nacional","url":"https:\/\/www.eldiario.net\/portal\/","logo":{"@type":"ImageObject","inLanguage":"es","@id":"https:\/\/www.eldiario.net\/portal\/#\/schema\/logo\/image\/","url":"https:\/\/www.eldiario.net\/portal\/wp-content\/uploads\/2023\/07\/logo_ED.jpg","contentUrl":"https:\/\/www.eldiario.net\/portal\/wp-content\/uploads\/2023\/07\/logo_ED.jpg","width":272,"height":52,"caption":"El Diario - Decano de la prensa nacional"},"image":{"@id":"https:\/\/www.eldiario.net\/portal\/#\/schema\/logo\/image\/"},"sameAs":["https:\/\/www.facebook.com\/eldiario.bolivia\/","https:\/\/x.com\/eldiario_net"]},{"@type":"Person","@id":"https:\/\/www.eldiario.net\/portal\/#\/schema\/person\/f46445640444750d7d753ccd04ae01b7","name":"Jeanette","image":{"@type":"ImageObject","inLanguage":"es","@id":"https:\/\/secure.gravatar.com\/avatar\/3ea2118a5f7dad2b7138b1187a6b7ee55f160b9968b66013c3a3ef39dd7e5798?s=96&d=mm&r=g","url":"https:\/\/secure.gravatar.com\/avatar\/3ea2118a5f7dad2b7138b1187a6b7ee55f160b9968b66013c3a3ef39dd7e5798?s=96&d=mm&r=g","contentUrl":"https:\/\/secure.gravatar.com\/avatar\/3ea2118a5f7dad2b7138b1187a6b7ee55f160b9968b66013c3a3ef39dd7e5798?s=96&d=mm&r=g","caption":"Jeanette"},"sameAs":["https:\/\/www.eldiario.net\/portal"],"url":"https:\/\/www.eldiario.net\/portal\/author\/jeanette\/"}]}},"_links":{"self":[{"href":"https:\/\/www.eldiario.net\/portal\/wp-json\/wp\/v2\/posts\/8273","targetHints":{"allow":["GET"]}}],"collection":[{"href":"https:\/\/www.eldiario.net\/portal\/wp-json\/wp\/v2\/posts"}],"about":[{"href":"https:\/\/www.eldiario.net\/portal\/wp-json\/wp\/v2\/types\/post"}],"author":[{"embeddable":true,"href":"https:\/\/www.eldiario.net\/portal\/wp-json\/wp\/v2\/users\/1"}],"replies":[{"embeddable":true,"href":"https:\/\/www.eldiario.net\/portal\/wp-json\/wp\/v2\/comments?post=8273"}],"version-history":[{"count":0,"href":"https:\/\/www.eldiario.net\/portal\/wp-json\/wp\/v2\/posts\/8273\/revisions"}],"wp:attachment":[{"href":"https:\/\/www.eldiario.net\/portal\/wp-json\/wp\/v2\/media?parent=8273"}],"wp:term":[{"taxonomy":"category","embeddable":true,"href":"https:\/\/www.eldiario.net\/portal\/wp-json\/wp\/v2\/categories?post=8273"},{"taxonomy":"post_tag","embeddable":true,"href":"https:\/\/www.eldiario.net\/portal\/wp-json\/wp\/v2\/tags?post=8273"}],"curies":[{"name":"wp","href":"https:\/\/api.w.org\/{rel}","templated":true}]}}