{"id":8270,"date":"2021-06-04T06:46:58","date_gmt":"2021-06-04T10:46:58","guid":{"rendered":"https:\/\/www.eldiario.net\/portal\/?p=8270"},"modified":"2021-06-04T06:46:58","modified_gmt":"2021-06-04T10:46:58","slug":"joe-biden-anuncio-donacion-de-seis-millones-de-vacunas-a-latinoamerica","status":"publish","type":"post","link":"https:\/\/www.eldiario.net\/portal\/2021\/06\/04\/joe-biden-anuncio-donacion-de-seis-millones-de-vacunas-a-latinoamerica\/","title":{"rendered":"Joe Biden anunci\u00f3 donaci\u00f3n de seis millones de vacunas a Latinoam\u00e9rica"},"content":{"rendered":"<p>A trav\u00e9s de un comunicado, el presidente de Estados Unidos, Joe Biden, anunci\u00f3 ayer que su pa\u00eds donar\u00e1 seis millones de dosis de vacunas de manera inmediata a Am\u00e9rica Latina y el Caribe. Entre los pa\u00edses beneficiarios se encuentra Bolivia.<br \/>\n\u201cMientras Estados Unidos contin\u00faa los esfuerzos para vacunar a todos los estadounidenses y luchar contra la covid-19 aqu\u00ed en casa, tambi\u00e9n reconocemos que terminar con esta pandemia significa terminar con ella en todas partes. Mientras esta pandemia se prolongue en cualquier parte del mundo, el pueblo estadounidense seguir\u00e1 siendo vulnerable. Y Estados Unidos est\u00e1 comprometido a brindar la misma urgencia a los esfuerzos internacionales de vacunaci\u00f3n que hemos demostrado en casa\u201d, comenz\u00f3 el comunicado firmado por el jefe de Estado.<br \/>\nAclar\u00f3 que compartir\u00e1 las dosis no para asegurarse favores ni obtener concesiones, sino para salvar vidas y poner fin a la pandemia.<br \/>\nEl 75 % de las dosis ser\u00e1 destinado al covid-19 Vaccines Global Access (Covax) y el 25 % a los pa\u00edses que necesitan.<br \/>\nEl mes pasado, Biden hab\u00eda adelantado que Estados Unidos donar\u00eda 20 millones de vacunas en junio y 60 millones de vacunas AstraZeneca hasta el 4 de julio.<br \/>\nLos pa\u00edses beneficiados en Latinoam\u00e9rica y El Caribe ser\u00e1n Argentina, Bolivia, Brasil, Colombia, Costa Rica, Ecuador, El Salvador, Guatemala, Hait\u00ed, Honduras, Panam\u00e1, Paraguay, Per\u00fa y pa\u00edses del Caribe.<br \/>\nAdem\u00e1s, siete millones de vacunas ser\u00e1n enviadas a Asia a los pa\u00edses de India, Nepal, Bangladesh, Filipinas, Vietnam, Indonesia, Tailandia, entre otros. Y ser\u00e1n cinco millones las dosis enviadas a \u00c1frica mediante la Uni\u00f3n Africana, que seleccionar\u00e1n a los pa\u00edses m\u00e1s necesitados.<br \/>\nAutoridades estadounidenses informaron que para el 4 de julio tendr\u00e1n a un 70% de su poblaci\u00f3n vacunada y tienen a disposici\u00f3n 80 millones de dosis. En ese sentido, expresaron su preocupaci\u00f3n por la entrada a una tercera ola de muchos pa\u00edses del mundo y explicaron que su determinaci\u00f3n es en pro de salvar vidas.<\/p>\n","protected":false},"excerpt":{"rendered":"<p>A trav\u00e9s de un comunicado, el presidente de Estados Unidos, Joe Biden, anunci\u00f3 ayer que su pa\u00eds donar\u00e1 seis millones de dosis de vacunas de manera inmediata a Am\u00e9rica Latina y el Caribe. Entre los pa\u00edses beneficiarios se encuentra Bolivia. \u201cMientras Estados Unidos contin\u00faa los esfuerzos para vacunar a todos los estadounidenses y luchar contra [&hellip;]<\/p>\n","protected":false},"author":1,"featured_media":8271,"comment_status":"closed","ping_status":"closed","sticky":false,"template":"","format":"standard","meta":{"_acf_changed":false,"footnotes":""},"categories":[14],"tags":[],"class_list":["post-8270","post","type-post","status-publish","format-standard","has-post-thumbnail","category-politica"],"acf":{"antetitulo":""},"yoast_head":"<!-- This site is optimized with the Yoast SEO plugin v28.4 - https:\/\/yoast.com\/product\/yoast-seo-wordpress\/ -->\n<title>Joe Biden anunci\u00f3 donaci\u00f3n de seis millones de vacunas a Latinoam\u00e9rica - El Diario - Bolivia<\/title>\n<meta name=\"robots\" content=\"index, follow, max-snippet:-1, max-image-preview:large, max-video-preview:-1\" \/>\n<link rel=\"canonical\" href=\"https:\/\/www.eldiario.net\/portal\/2021\/06\/04\/joe-biden-anuncio-donacion-de-seis-millones-de-vacunas-a-latinoamerica\/\" \/>\n<meta property=\"og:locale\" content=\"es_ES\" \/>\n<meta property=\"og:type\" content=\"article\" \/>\n<meta property=\"og:title\" content=\"Joe Biden anunci\u00f3 donaci\u00f3n de seis millones de vacunas a Latinoam\u00e9rica - El Diario - Bolivia\" \/>\n<meta property=\"og:description\" content=\"A trav\u00e9s de un comunicado, el presidente de Estados Unidos, Joe Biden, anunci\u00f3 ayer que su pa\u00eds donar\u00e1 seis millones de dosis de vacunas de manera inmediata a Am\u00e9rica Latina y el Caribe. Entre los pa\u00edses beneficiarios se encuentra Bolivia. \u201cMientras Estados Unidos contin\u00faa los esfuerzos para vacunar a todos los estadounidenses y luchar contra [&hellip;]\" \/>\n<meta property=\"og:url\" content=\"https:\/\/www.eldiario.net\/portal\/2021\/06\/04\/joe-biden-anuncio-donacion-de-seis-millones-de-vacunas-a-latinoamerica\/\" \/>\n<meta property=\"og:site_name\" content=\"El Diario - Bolivia\" \/>\n<meta property=\"article:publisher\" content=\"https:\/\/www.facebook.com\/eldiario.bolivia\/\" \/>\n<meta property=\"article:published_time\" content=\"2021-06-04T10:46:58+00:00\" \/>\n<meta name=\"author\" content=\"Jeanette\" \/>\n<meta name=\"twitter:card\" content=\"summary_large_image\" \/>\n<meta name=\"twitter:creator\" content=\"@eldiario_net\" \/>\n<meta name=\"twitter:site\" content=\"@eldiario_net\" \/>\n<meta name=\"twitter:label1\" content=\"Escrito por\" \/>\n\t<meta name=\"twitter:data1\" content=\"Jeanette\" \/>\n\t<meta name=\"twitter:label2\" content=\"Tiempo de lectura\" \/>\n\t<meta name=\"twitter:data2\" content=\"2 minutos\" \/>\n<script type=\"application\/ld+json\" class=\"yoast-schema-graph\">{\"@context\":\"https:\\\/\\\/schema.org\",\"@graph\":[{\"@type\":\"Article\",\"@id\":\"https:\\\/\\\/www.eldiario.net\\\/portal\\\/2021\\\/06\\\/04\\\/joe-biden-anuncio-donacion-de-seis-millones-de-vacunas-a-latinoamerica\\\/#article\",\"isPartOf\":{\"@id\":\"https:\\\/\\\/www.eldiario.net\\\/portal\\\/2021\\\/06\\\/04\\\/joe-biden-anuncio-donacion-de-seis-millones-de-vacunas-a-latinoamerica\\\/\"},\"author\":{\"name\":\"Jeanette\",\"@id\":\"https:\\\/\\\/www.eldiario.net\\\/portal\\\/#\\\/schema\\\/person\\\/f46445640444750d7d753ccd04ae01b7\"},\"headline\":\"Joe Biden anunci\u00f3 donaci\u00f3n de seis millones de vacunas a Latinoam\u00e9rica\",\"datePublished\":\"2021-06-04T10:46:58+00:00\",\"mainEntityOfPage\":{\"@id\":\"https:\\\/\\\/www.eldiario.net\\\/portal\\\/2021\\\/06\\\/04\\\/joe-biden-anuncio-donacion-de-seis-millones-de-vacunas-a-latinoamerica\\\/\"},\"wordCount\":347,\"publisher\":{\"@id\":\"https:\\\/\\\/www.eldiario.net\\\/portal\\\/#organization\"},\"image\":{\"@id\":\"https:\\\/\\\/www.eldiario.net\\\/portal\\\/2021\\\/06\\\/04\\\/joe-biden-anuncio-donacion-de-seis-millones-de-vacunas-a-latinoamerica\\\/#primaryimage\"},\"thumbnailUrl\":\"\",\"articleSection\":[\"Pol\u00edtica\"],\"inLanguage\":\"es\"},{\"@type\":\"WebPage\",\"@id\":\"https:\\\/\\\/www.eldiario.net\\\/portal\\\/2021\\\/06\\\/04\\\/joe-biden-anuncio-donacion-de-seis-millones-de-vacunas-a-latinoamerica\\\/\",\"url\":\"https:\\\/\\\/www.eldiario.net\\\/portal\\\/2021\\\/06\\\/04\\\/joe-biden-anuncio-donacion-de-seis-millones-de-vacunas-a-latinoamerica\\\/\",\"name\":\"Joe Biden anunci\u00f3 donaci\u00f3n de seis millones de vacunas a Latinoam\u00e9rica - El Diario - Bolivia\",\"isPartOf\":{\"@id\":\"https:\\\/\\\/www.eldiario.net\\\/portal\\\/#website\"},\"primaryImageOfPage\":{\"@id\":\"https:\\\/\\\/www.eldiario.net\\\/portal\\\/2021\\\/06\\\/04\\\/joe-biden-anuncio-donacion-de-seis-millones-de-vacunas-a-latinoamerica\\\/#primaryimage\"},\"image\":{\"@id\":\"https:\\\/\\\/www.eldiario.net\\\/portal\\\/2021\\\/06\\\/04\\\/joe-biden-anuncio-donacion-de-seis-millones-de-vacunas-a-latinoamerica\\\/#primaryimage\"},\"thumbnailUrl\":\"\",\"datePublished\":\"2021-06-04T10:46:58+00:00\",\"breadcrumb\":{\"@id\":\"https:\\\/\\\/www.eldiario.net\\\/portal\\\/2021\\\/06\\\/04\\\/joe-biden-anuncio-donacion-de-seis-millones-de-vacunas-a-latinoamerica\\\/#breadcrumb\"},\"inLanguage\":\"es\",\"potentialAction\":[{\"@type\":\"ReadAction\",\"target\":[\"https:\\\/\\\/www.eldiario.net\\\/portal\\\/2021\\\/06\\\/04\\\/joe-biden-anuncio-donacion-de-seis-millones-de-vacunas-a-latinoamerica\\\/\"]}]},{\"@type\":\"ImageObject\",\"inLanguage\":\"es\",\"@id\":\"https:\\\/\\\/www.eldiario.net\\\/portal\\\/2021\\\/06\\\/04\\\/joe-biden-anuncio-donacion-de-seis-millones-de-vacunas-a-latinoamerica\\\/#primaryimage\",\"url\":\"\",\"contentUrl\":\"\"},{\"@type\":\"BreadcrumbList\",\"@id\":\"https:\\\/\\\/www.eldiario.net\\\/portal\\\/2021\\\/06\\\/04\\\/joe-biden-anuncio-donacion-de-seis-millones-de-vacunas-a-latinoamerica\\\/#breadcrumb\",\"itemListElement\":[{\"@type\":\"ListItem\",\"position\":1,\"name\":\"Portada\",\"item\":\"https:\\\/\\\/www.eldiario.net\\\/portal\\\/\"},{\"@type\":\"ListItem\",\"position\":2,\"name\":\"Joe Biden anunci\u00f3 donaci\u00f3n de seis millones de vacunas a Latinoam\u00e9rica\"}]},{\"@type\":\"WebSite\",\"@id\":\"https:\\\/\\\/www.eldiario.net\\\/portal\\\/#website\",\"url\":\"https:\\\/\\\/www.eldiario.net\\\/portal\\\/\",\"name\":\"El Diario - Decano de la prensa nacional\",\"description\":\"El Diario - Decano de la prensa nacional\",\"publisher\":{\"@id\":\"https:\\\/\\\/www.eldiario.net\\\/portal\\\/#organization\"},\"potentialAction\":[{\"@type\":\"SearchAction\",\"target\":{\"@type\":\"EntryPoint\",\"urlTemplate\":\"https:\\\/\\\/www.eldiario.net\\\/portal\\\/?s={search_term_string}\"},\"query-input\":{\"@type\":\"PropertyValueSpecification\",\"valueRequired\":true,\"valueName\":\"search_term_string\"}}],\"inLanguage\":\"es\"},{\"@type\":\"Organization\",\"@id\":\"https:\\\/\\\/www.eldiario.net\\\/portal\\\/#organization\",\"name\":\"El Diario - Decano de la prensa nacional\",\"url\":\"https:\\\/\\\/www.eldiario.net\\\/portal\\\/\",\"logo\":{\"@type\":\"ImageObject\",\"inLanguage\":\"es\",\"@id\":\"https:\\\/\\\/www.eldiario.net\\\/portal\\\/#\\\/schema\\\/logo\\\/image\\\/\",\"url\":\"https:\\\/\\\/www.eldiario.net\\\/portal\\\/wp-content\\\/uploads\\\/2023\\\/07\\\/logo_ED.jpg\",\"contentUrl\":\"https:\\\/\\\/www.eldiario.net\\\/portal\\\/wp-content\\\/uploads\\\/2023\\\/07\\\/logo_ED.jpg\",\"width\":272,\"height\":52,\"caption\":\"El Diario - Decano de la prensa nacional\"},\"image\":{\"@id\":\"https:\\\/\\\/www.eldiario.net\\\/portal\\\/#\\\/schema\\\/logo\\\/image\\\/\"},\"sameAs\":[\"https:\\\/\\\/www.facebook.com\\\/eldiario.bolivia\\\/\",\"https:\\\/\\\/x.com\\\/eldiario_net\"]},{\"@type\":\"Person\",\"@id\":\"https:\\\/\\\/www.eldiario.net\\\/portal\\\/#\\\/schema\\\/person\\\/f46445640444750d7d753ccd04ae01b7\",\"name\":\"Jeanette\",\"image\":{\"@type\":\"ImageObject\",\"inLanguage\":\"es\",\"@id\":\"https:\\\/\\\/secure.gravatar.com\\\/avatar\\\/3ea2118a5f7dad2b7138b1187a6b7ee55f160b9968b66013c3a3ef39dd7e5798?s=96&d=mm&r=g\",\"url\":\"https:\\\/\\\/secure.gravatar.com\\\/avatar\\\/3ea2118a5f7dad2b7138b1187a6b7ee55f160b9968b66013c3a3ef39dd7e5798?s=96&d=mm&r=g\",\"contentUrl\":\"https:\\\/\\\/secure.gravatar.com\\\/avatar\\\/3ea2118a5f7dad2b7138b1187a6b7ee55f160b9968b66013c3a3ef39dd7e5798?s=96&d=mm&r=g\",\"caption\":\"Jeanette\"},\"sameAs\":[\"https:\\\/\\\/www.eldiario.net\\\/portal\"],\"url\":\"https:\\\/\\\/www.eldiario.net\\\/portal\\\/author\\\/jeanette\\\/\"}]}<\/script>\n<!-- \/ Yoast SEO plugin. -->","yoast_head_json":{"title":"Joe Biden anunci\u00f3 donaci\u00f3n de seis millones de vacunas a Latinoam\u00e9rica - El Diario - Bolivia","robots":{"index":"index","follow":"follow","max-snippet":"max-snippet:-1","max-image-preview":"max-image-preview:large","max-video-preview":"max-video-preview:-1"},"canonical":"https:\/\/www.eldiario.net\/portal\/2021\/06\/04\/joe-biden-anuncio-donacion-de-seis-millones-de-vacunas-a-latinoamerica\/","og_locale":"es_ES","og_type":"article","og_title":"Joe Biden anunci\u00f3 donaci\u00f3n de seis millones de vacunas a Latinoam\u00e9rica - El Diario - Bolivia","og_description":"A trav\u00e9s de un comunicado, el presidente de Estados Unidos, Joe Biden, anunci\u00f3 ayer que su pa\u00eds donar\u00e1 seis millones de dosis de vacunas de manera inmediata a Am\u00e9rica Latina y el Caribe. Entre los pa\u00edses beneficiarios se encuentra Bolivia. \u201cMientras Estados Unidos contin\u00faa los esfuerzos para vacunar a todos los estadounidenses y luchar contra [&hellip;]","og_url":"https:\/\/www.eldiario.net\/portal\/2021\/06\/04\/joe-biden-anuncio-donacion-de-seis-millones-de-vacunas-a-latinoamerica\/","og_site_name":"El Diario - Bolivia","article_publisher":"https:\/\/www.facebook.com\/eldiario.bolivia\/","article_published_time":"2021-06-04T10:46:58+00:00","author":"Jeanette","twitter_card":"summary_large_image","twitter_creator":"@eldiario_net","twitter_site":"@eldiario_net","twitter_misc":{"Escrito por":"Jeanette","Tiempo de lectura":"2 minutos"},"schema":{"@context":"https:\/\/schema.org","@graph":[{"@type":"Article","@id":"https:\/\/www.eldiario.net\/portal\/2021\/06\/04\/joe-biden-anuncio-donacion-de-seis-millones-de-vacunas-a-latinoamerica\/#article","isPartOf":{"@id":"https:\/\/www.eldiario.net\/portal\/2021\/06\/04\/joe-biden-anuncio-donacion-de-seis-millones-de-vacunas-a-latinoamerica\/"},"author":{"name":"Jeanette","@id":"https:\/\/www.eldiario.net\/portal\/#\/schema\/person\/f46445640444750d7d753ccd04ae01b7"},"headline":"Joe Biden anunci\u00f3 donaci\u00f3n de seis millones de vacunas a Latinoam\u00e9rica","datePublished":"2021-06-04T10:46:58+00:00","mainEntityOfPage":{"@id":"https:\/\/www.eldiario.net\/portal\/2021\/06\/04\/joe-biden-anuncio-donacion-de-seis-millones-de-vacunas-a-latinoamerica\/"},"wordCount":347,"publisher":{"@id":"https:\/\/www.eldiario.net\/portal\/#organization"},"image":{"@id":"https:\/\/www.eldiario.net\/portal\/2021\/06\/04\/joe-biden-anuncio-donacion-de-seis-millones-de-vacunas-a-latinoamerica\/#primaryimage"},"thumbnailUrl":"","articleSection":["Pol\u00edtica"],"inLanguage":"es"},{"@type":"WebPage","@id":"https:\/\/www.eldiario.net\/portal\/2021\/06\/04\/joe-biden-anuncio-donacion-de-seis-millones-de-vacunas-a-latinoamerica\/","url":"https:\/\/www.eldiario.net\/portal\/2021\/06\/04\/joe-biden-anuncio-donacion-de-seis-millones-de-vacunas-a-latinoamerica\/","name":"Joe Biden anunci\u00f3 donaci\u00f3n de seis millones de vacunas a Latinoam\u00e9rica - El Diario - Bolivia","isPartOf":{"@id":"https:\/\/www.eldiario.net\/portal\/#website"},"primaryImageOfPage":{"@id":"https:\/\/www.eldiario.net\/portal\/2021\/06\/04\/joe-biden-anuncio-donacion-de-seis-millones-de-vacunas-a-latinoamerica\/#primaryimage"},"image":{"@id":"https:\/\/www.eldiario.net\/portal\/2021\/06\/04\/joe-biden-anuncio-donacion-de-seis-millones-de-vacunas-a-latinoamerica\/#primaryimage"},"thumbnailUrl":"","datePublished":"2021-06-04T10:46:58+00:00","breadcrumb":{"@id":"https:\/\/www.eldiario.net\/portal\/2021\/06\/04\/joe-biden-anuncio-donacion-de-seis-millones-de-vacunas-a-latinoamerica\/#breadcrumb"},"inLanguage":"es","potentialAction":[{"@type":"ReadAction","target":["https:\/\/www.eldiario.net\/portal\/2021\/06\/04\/joe-biden-anuncio-donacion-de-seis-millones-de-vacunas-a-latinoamerica\/"]}]},{"@type":"ImageObject","inLanguage":"es","@id":"https:\/\/www.eldiario.net\/portal\/2021\/06\/04\/joe-biden-anuncio-donacion-de-seis-millones-de-vacunas-a-latinoamerica\/#primaryimage","url":"","contentUrl":""},{"@type":"BreadcrumbList","@id":"https:\/\/www.eldiario.net\/portal\/2021\/06\/04\/joe-biden-anuncio-donacion-de-seis-millones-de-vacunas-a-latinoamerica\/#breadcrumb","itemListElement":[{"@type":"ListItem","position":1,"name":"Portada","item":"https:\/\/www.eldiario.net\/portal\/"},{"@type":"ListItem","position":2,"name":"Joe Biden anunci\u00f3 donaci\u00f3n de seis millones de vacunas a Latinoam\u00e9rica"}]},{"@type":"WebSite","@id":"https:\/\/www.eldiario.net\/portal\/#website","url":"https:\/\/www.eldiario.net\/portal\/","name":"El Diario - Decano de la prensa nacional","description":"El Diario - Decano de la prensa nacional","publisher":{"@id":"https:\/\/www.eldiario.net\/portal\/#organization"},"potentialAction":[{"@type":"SearchAction","target":{"@type":"EntryPoint","urlTemplate":"https:\/\/www.eldiario.net\/portal\/?s={search_term_string}"},"query-input":{"@type":"PropertyValueSpecification","valueRequired":true,"valueName":"search_term_string"}}],"inLanguage":"es"},{"@type":"Organization","@id":"https:\/\/www.eldiario.net\/portal\/#organization","name":"El Diario - Decano de la prensa nacional","url":"https:\/\/www.eldiario.net\/portal\/","logo":{"@type":"ImageObject","inLanguage":"es","@id":"https:\/\/www.eldiario.net\/portal\/#\/schema\/logo\/image\/","url":"https:\/\/www.eldiario.net\/portal\/wp-content\/uploads\/2023\/07\/logo_ED.jpg","contentUrl":"https:\/\/www.eldiario.net\/portal\/wp-content\/uploads\/2023\/07\/logo_ED.jpg","width":272,"height":52,"caption":"El Diario - Decano de la prensa nacional"},"image":{"@id":"https:\/\/www.eldiario.net\/portal\/#\/schema\/logo\/image\/"},"sameAs":["https:\/\/www.facebook.com\/eldiario.bolivia\/","https:\/\/x.com\/eldiario_net"]},{"@type":"Person","@id":"https:\/\/www.eldiario.net\/portal\/#\/schema\/person\/f46445640444750d7d753ccd04ae01b7","name":"Jeanette","image":{"@type":"ImageObject","inLanguage":"es","@id":"https:\/\/secure.gravatar.com\/avatar\/3ea2118a5f7dad2b7138b1187a6b7ee55f160b9968b66013c3a3ef39dd7e5798?s=96&d=mm&r=g","url":"https:\/\/secure.gravatar.com\/avatar\/3ea2118a5f7dad2b7138b1187a6b7ee55f160b9968b66013c3a3ef39dd7e5798?s=96&d=mm&r=g","contentUrl":"https:\/\/secure.gravatar.com\/avatar\/3ea2118a5f7dad2b7138b1187a6b7ee55f160b9968b66013c3a3ef39dd7e5798?s=96&d=mm&r=g","caption":"Jeanette"},"sameAs":["https:\/\/www.eldiario.net\/portal"],"url":"https:\/\/www.eldiario.net\/portal\/author\/jeanette\/"}]}},"_links":{"self":[{"href":"https:\/\/www.eldiario.net\/portal\/wp-json\/wp\/v2\/posts\/8270","targetHints":{"allow":["GET"]}}],"collection":[{"href":"https:\/\/www.eldiario.net\/portal\/wp-json\/wp\/v2\/posts"}],"about":[{"href":"https:\/\/www.eldiario.net\/portal\/wp-json\/wp\/v2\/types\/post"}],"author":[{"embeddable":true,"href":"https:\/\/www.eldiario.net\/portal\/wp-json\/wp\/v2\/users\/1"}],"replies":[{"embeddable":true,"href":"https:\/\/www.eldiario.net\/portal\/wp-json\/wp\/v2\/comments?post=8270"}],"version-history":[{"count":0,"href":"https:\/\/www.eldiario.net\/portal\/wp-json\/wp\/v2\/posts\/8270\/revisions"}],"wp:attachment":[{"href":"https:\/\/www.eldiario.net\/portal\/wp-json\/wp\/v2\/media?parent=8270"}],"wp:term":[{"taxonomy":"category","embeddable":true,"href":"https:\/\/www.eldiario.net\/portal\/wp-json\/wp\/v2\/categories?post=8270"},{"taxonomy":"post_tag","embeddable":true,"href":"https:\/\/www.eldiario.net\/portal\/wp-json\/wp\/v2\/tags?post=8270"}],"curies":[{"name":"wp","href":"https:\/\/api.w.org\/{rel}","templated":true}]}}