{"id":8265,"date":"2021-06-04T06:44:52","date_gmt":"2021-06-04T10:44:52","guid":{"rendered":"https:\/\/www.eldiario.net\/portal\/?p=8265"},"modified":"2021-06-04T06:44:52","modified_gmt":"2021-06-04T10:44:52","slug":"aumentan-control-de-bioseguridad-en-motorizados-mercados-y-ferias","status":"publish","type":"post","link":"https:\/\/www.eldiario.net\/portal\/2021\/06\/04\/aumentan-control-de-bioseguridad-en-motorizados-mercados-y-ferias\/","title":{"rendered":"Aumentan control de bioseguridad en motorizados, mercados y ferias"},"content":{"rendered":"<p>La Secretar\u00eda de Seguridad Ciudadana, en coordinaci\u00f3n con la Secretar\u00eda de Salud, intensific\u00f3 operativos de control sobre el uso correcto de las medidas de bioseguridad en el transporte p\u00fablico, adem\u00e1s de la fumigaci\u00f3n en mercados de la ciudad de El Alto.<br \/>\nEl responsable de la Guardia Municipal de Transporte (GMT), Jos\u00e9 Luis Vargas, indic\u00f3 que este trabajo se lo hace en el marco de las \u00faltimas determinaciones asumidas por el Comit\u00e9 de Operaciones de Emergencia Departamental (COED) y el plan de concienciaci\u00f3n \u201ccuidando la vida alte\u00f1a\u201d, en el que se\u00f1ala que cada pasajero y conductor cuente con las medidas de bioseguridad.<br \/>\n\u201cSomos m\u00e1s de 50 funcionarios de la Guardia Municipal que estamos desplegados en esta campa\u00f1a y se lo har\u00e1 hasta los fines de semana. Lastimosamente la poblaci\u00f3n y algunos conductores no hacen caso sobre el uso del barbijo, estamos incidiendo en las campa\u00f1as, existe mucha gente que baj\u00f3 la guardia ante el virus\u201d, afirm\u00f3 el responsable.<br \/>\nLa actividad se desarroll\u00f3 en la avenida 6 de Marzo en las calles 2, 3, 5 y 11. Con fumigadores en mano los guardias municipales procedieron a desinfectar los motorizados del transporte p\u00fablico que estaban parqueados en el lugar. Lo mismo se replic\u00f3 en los mercados, donde las vendedoras colaboraron y estaba previsto acudir a las ferias.<br \/>\nEl responsable con meg\u00e1fono en mano pidi\u00f3 a la poblaci\u00f3n tomar conciencia sobre las consecuencias que tiene el no usar barbijo, pero con mucho asombro algunas personas manifestaron que no creen en la pandemia y no temen a sanciones. Mientras que otras se limitaron a aceptar el barbijo que fue distribuido por la Secretar\u00eda de Salud.<br \/>\nPor otro lado, recientemente la poblaci\u00f3n exigi\u00f3 que el Organismo Operativo de Tr\u00e1nsito (OOT) sea el que controle el uso del barbijo a conductores del servicio p\u00fabico de minibuses, debido a que existe un total incumplimiento de la norma, a pesar de estar vigente el riesgo de salud al que exponen a los pasajeros.<br \/>\nComo todos los d\u00edas, en la ciudad de El Alto varios conductores salen desde sus paradas en las diferentes zonas desde muy tempranas horas, pero sin el barbijo puesto, lo que hace que el usuario tenga que pedir que cumplan con las normas de bioseguridad a estas personas, pero reciben como respuesta una agresi\u00f3n verbal o \u201csi quieres puedes bajarte\u201d.<br \/>\nLa ciudadan\u00eda cansada de este tipo de agresiones y el riesgo al que se expone al subir a estos motorizados, donde el conductor no lleva el barbijo puesto, tiene que estar resignado a exponerse a un contagio del virus del covid-19, a causa de esta irresponsabilidad.<br \/>\nComo si fuera poco, otra de las faltas que cometen los choferes del servicio p\u00fablico de minibuses es que desde hace mucho tiempo sus veh\u00edculos ya no llevan la mampara que separa entre el usuario y ellos mismos y si algunos todav\u00eda tienen, ya se encuentran en mal estado y falta de limpieza.<br \/>\nDe la misma forma, los asientos ya no est\u00e1n protegidos con el material impermeable, tal como es el requisito que contin\u00faa vigente, pero varios de los propietarios de estos motorizados ya lo sacaron y los que llevan puestos no cuentan con la limpieza como corresponde.<br \/>\nPor otro lado, varios de estos motorizados tienen las ventanas cerradas sin la posibilidad de que sean abiertas, tal como es una de las normas; pero mantienen abierta solo la ventana donde est\u00e1 el chofer, sin una ventilaci\u00f3n apropiada para todos, manifestaron los afligidos usuarios.<\/p>\n","protected":false},"excerpt":{"rendered":"<p>La Secretar\u00eda de Seguridad Ciudadana, en coordinaci\u00f3n con la Secretar\u00eda de Salud, intensific\u00f3 operativos de control sobre el uso correcto de las medidas de bioseguridad en el transporte p\u00fablico, adem\u00e1s de la fumigaci\u00f3n en mercados de la ciudad de El Alto. El responsable de la Guardia Municipal de Transporte (GMT), Jos\u00e9 Luis Vargas, indic\u00f3 que [&hellip;]<\/p>\n","protected":false},"author":1,"featured_media":8266,"comment_status":"closed","ping_status":"closed","sticky":false,"template":"","format":"standard","meta":{"_acf_changed":false,"footnotes":""},"categories":[12],"tags":[],"class_list":["post-8265","post","type-post","status-publish","format-standard","has-post-thumbnail","category-nacional"],"acf":{"antetitulo":""},"yoast_head":"<!-- This site is optimized with the Yoast SEO plugin v28.4 - https:\/\/yoast.com\/product\/yoast-seo-wordpress\/ -->\n<title>Aumentan control de bioseguridad en motorizados, mercados y ferias - El Diario - Bolivia<\/title>\n<meta name=\"robots\" content=\"index, follow, max-snippet:-1, max-image-preview:large, max-video-preview:-1\" \/>\n<link rel=\"canonical\" href=\"https:\/\/www.eldiario.net\/portal\/2021\/06\/04\/aumentan-control-de-bioseguridad-en-motorizados-mercados-y-ferias\/\" \/>\n<meta property=\"og:locale\" content=\"es_ES\" \/>\n<meta property=\"og:type\" content=\"article\" \/>\n<meta property=\"og:title\" content=\"Aumentan control de bioseguridad en motorizados, mercados y ferias - El Diario - Bolivia\" \/>\n<meta property=\"og:description\" content=\"La Secretar\u00eda de Seguridad Ciudadana, en coordinaci\u00f3n con la Secretar\u00eda de Salud, intensific\u00f3 operativos de control sobre el uso correcto de las medidas de bioseguridad en el transporte p\u00fablico, adem\u00e1s de la fumigaci\u00f3n en mercados de la ciudad de El Alto. El responsable de la Guardia Municipal de Transporte (GMT), Jos\u00e9 Luis Vargas, indic\u00f3 que [&hellip;]\" \/>\n<meta property=\"og:url\" content=\"https:\/\/www.eldiario.net\/portal\/2021\/06\/04\/aumentan-control-de-bioseguridad-en-motorizados-mercados-y-ferias\/\" \/>\n<meta property=\"og:site_name\" content=\"El Diario - Bolivia\" \/>\n<meta property=\"article:publisher\" content=\"https:\/\/www.facebook.com\/eldiario.bolivia\/\" \/>\n<meta property=\"article:published_time\" content=\"2021-06-04T10:44:52+00:00\" \/>\n<meta property=\"og:image\" content=\"https:\/\/www.eldiario.net\/portal\/wp-content\/uploads\/2021\/06\/1AL-1.jpg\" \/>\n\t<meta property=\"og:image:width\" content=\"1280\" \/>\n\t<meta property=\"og:image:height\" content=\"960\" \/>\n\t<meta property=\"og:image:type\" content=\"image\/jpeg\" \/>\n<meta name=\"author\" content=\"Jeanette\" \/>\n<meta name=\"twitter:card\" content=\"summary_large_image\" \/>\n<meta name=\"twitter:creator\" content=\"@eldiario_net\" \/>\n<meta name=\"twitter:site\" content=\"@eldiario_net\" \/>\n<meta name=\"twitter:label1\" content=\"Escrito por\" \/>\n\t<meta name=\"twitter:data1\" content=\"Jeanette\" \/>\n\t<meta name=\"twitter:label2\" content=\"Tiempo de lectura\" \/>\n\t<meta name=\"twitter:data2\" content=\"3 minutos\" \/>\n<script type=\"application\/ld+json\" class=\"yoast-schema-graph\">{\"@context\":\"https:\\\/\\\/schema.org\",\"@graph\":[{\"@type\":\"Article\",\"@id\":\"https:\\\/\\\/www.eldiario.net\\\/portal\\\/2021\\\/06\\\/04\\\/aumentan-control-de-bioseguridad-en-motorizados-mercados-y-ferias\\\/#article\",\"isPartOf\":{\"@id\":\"https:\\\/\\\/www.eldiario.net\\\/portal\\\/2021\\\/06\\\/04\\\/aumentan-control-de-bioseguridad-en-motorizados-mercados-y-ferias\\\/\"},\"author\":{\"name\":\"Jeanette\",\"@id\":\"https:\\\/\\\/www.eldiario.net\\\/portal\\\/#\\\/schema\\\/person\\\/f46445640444750d7d753ccd04ae01b7\"},\"headline\":\"Aumentan control de bioseguridad en motorizados, mercados y ferias\",\"datePublished\":\"2021-06-04T10:44:52+00:00\",\"mainEntityOfPage\":{\"@id\":\"https:\\\/\\\/www.eldiario.net\\\/portal\\\/2021\\\/06\\\/04\\\/aumentan-control-de-bioseguridad-en-motorizados-mercados-y-ferias\\\/\"},\"wordCount\":605,\"publisher\":{\"@id\":\"https:\\\/\\\/www.eldiario.net\\\/portal\\\/#organization\"},\"image\":{\"@id\":\"https:\\\/\\\/www.eldiario.net\\\/portal\\\/2021\\\/06\\\/04\\\/aumentan-control-de-bioseguridad-en-motorizados-mercados-y-ferias\\\/#primaryimage\"},\"thumbnailUrl\":\"https:\\\/\\\/www.eldiario.net\\\/portal\\\/wp-content\\\/uploads\\\/2021\\\/06\\\/1AL-1.jpg\",\"articleSection\":[\"Nacional\"],\"inLanguage\":\"es\"},{\"@type\":\"WebPage\",\"@id\":\"https:\\\/\\\/www.eldiario.net\\\/portal\\\/2021\\\/06\\\/04\\\/aumentan-control-de-bioseguridad-en-motorizados-mercados-y-ferias\\\/\",\"url\":\"https:\\\/\\\/www.eldiario.net\\\/portal\\\/2021\\\/06\\\/04\\\/aumentan-control-de-bioseguridad-en-motorizados-mercados-y-ferias\\\/\",\"name\":\"Aumentan control de bioseguridad en motorizados, mercados y ferias - El Diario - Bolivia\",\"isPartOf\":{\"@id\":\"https:\\\/\\\/www.eldiario.net\\\/portal\\\/#website\"},\"primaryImageOfPage\":{\"@id\":\"https:\\\/\\\/www.eldiario.net\\\/portal\\\/2021\\\/06\\\/04\\\/aumentan-control-de-bioseguridad-en-motorizados-mercados-y-ferias\\\/#primaryimage\"},\"image\":{\"@id\":\"https:\\\/\\\/www.eldiario.net\\\/portal\\\/2021\\\/06\\\/04\\\/aumentan-control-de-bioseguridad-en-motorizados-mercados-y-ferias\\\/#primaryimage\"},\"thumbnailUrl\":\"https:\\\/\\\/www.eldiario.net\\\/portal\\\/wp-content\\\/uploads\\\/2021\\\/06\\\/1AL-1.jpg\",\"datePublished\":\"2021-06-04T10:44:52+00:00\",\"breadcrumb\":{\"@id\":\"https:\\\/\\\/www.eldiario.net\\\/portal\\\/2021\\\/06\\\/04\\\/aumentan-control-de-bioseguridad-en-motorizados-mercados-y-ferias\\\/#breadcrumb\"},\"inLanguage\":\"es\",\"potentialAction\":[{\"@type\":\"ReadAction\",\"target\":[\"https:\\\/\\\/www.eldiario.net\\\/portal\\\/2021\\\/06\\\/04\\\/aumentan-control-de-bioseguridad-en-motorizados-mercados-y-ferias\\\/\"]}]},{\"@type\":\"ImageObject\",\"inLanguage\":\"es\",\"@id\":\"https:\\\/\\\/www.eldiario.net\\\/portal\\\/2021\\\/06\\\/04\\\/aumentan-control-de-bioseguridad-en-motorizados-mercados-y-ferias\\\/#primaryimage\",\"url\":\"https:\\\/\\\/www.eldiario.net\\\/portal\\\/wp-content\\\/uploads\\\/2021\\\/06\\\/1AL-1.jpg\",\"contentUrl\":\"https:\\\/\\\/www.eldiario.net\\\/portal\\\/wp-content\\\/uploads\\\/2021\\\/06\\\/1AL-1.jpg\",\"width\":1280,\"height\":960},{\"@type\":\"BreadcrumbList\",\"@id\":\"https:\\\/\\\/www.eldiario.net\\\/portal\\\/2021\\\/06\\\/04\\\/aumentan-control-de-bioseguridad-en-motorizados-mercados-y-ferias\\\/#breadcrumb\",\"itemListElement\":[{\"@type\":\"ListItem\",\"position\":1,\"name\":\"Portada\",\"item\":\"https:\\\/\\\/www.eldiario.net\\\/portal\\\/\"},{\"@type\":\"ListItem\",\"position\":2,\"name\":\"Aumentan control de bioseguridad en motorizados, mercados y ferias\"}]},{\"@type\":\"WebSite\",\"@id\":\"https:\\\/\\\/www.eldiario.net\\\/portal\\\/#website\",\"url\":\"https:\\\/\\\/www.eldiario.net\\\/portal\\\/\",\"name\":\"El Diario - Decano de la prensa nacional\",\"description\":\"El Diario - Decano de la prensa nacional\",\"publisher\":{\"@id\":\"https:\\\/\\\/www.eldiario.net\\\/portal\\\/#organization\"},\"potentialAction\":[{\"@type\":\"SearchAction\",\"target\":{\"@type\":\"EntryPoint\",\"urlTemplate\":\"https:\\\/\\\/www.eldiario.net\\\/portal\\\/?s={search_term_string}\"},\"query-input\":{\"@type\":\"PropertyValueSpecification\",\"valueRequired\":true,\"valueName\":\"search_term_string\"}}],\"inLanguage\":\"es\"},{\"@type\":\"Organization\",\"@id\":\"https:\\\/\\\/www.eldiario.net\\\/portal\\\/#organization\",\"name\":\"El Diario - Decano de la prensa nacional\",\"url\":\"https:\\\/\\\/www.eldiario.net\\\/portal\\\/\",\"logo\":{\"@type\":\"ImageObject\",\"inLanguage\":\"es\",\"@id\":\"https:\\\/\\\/www.eldiario.net\\\/portal\\\/#\\\/schema\\\/logo\\\/image\\\/\",\"url\":\"https:\\\/\\\/www.eldiario.net\\\/portal\\\/wp-content\\\/uploads\\\/2023\\\/07\\\/logo_ED.jpg\",\"contentUrl\":\"https:\\\/\\\/www.eldiario.net\\\/portal\\\/wp-content\\\/uploads\\\/2023\\\/07\\\/logo_ED.jpg\",\"width\":272,\"height\":52,\"caption\":\"El Diario - Decano de la prensa nacional\"},\"image\":{\"@id\":\"https:\\\/\\\/www.eldiario.net\\\/portal\\\/#\\\/schema\\\/logo\\\/image\\\/\"},\"sameAs\":[\"https:\\\/\\\/www.facebook.com\\\/eldiario.bolivia\\\/\",\"https:\\\/\\\/x.com\\\/eldiario_net\"]},{\"@type\":\"Person\",\"@id\":\"https:\\\/\\\/www.eldiario.net\\\/portal\\\/#\\\/schema\\\/person\\\/f46445640444750d7d753ccd04ae01b7\",\"name\":\"Jeanette\",\"image\":{\"@type\":\"ImageObject\",\"inLanguage\":\"es\",\"@id\":\"https:\\\/\\\/secure.gravatar.com\\\/avatar\\\/3ea2118a5f7dad2b7138b1187a6b7ee55f160b9968b66013c3a3ef39dd7e5798?s=96&d=mm&r=g\",\"url\":\"https:\\\/\\\/secure.gravatar.com\\\/avatar\\\/3ea2118a5f7dad2b7138b1187a6b7ee55f160b9968b66013c3a3ef39dd7e5798?s=96&d=mm&r=g\",\"contentUrl\":\"https:\\\/\\\/secure.gravatar.com\\\/avatar\\\/3ea2118a5f7dad2b7138b1187a6b7ee55f160b9968b66013c3a3ef39dd7e5798?s=96&d=mm&r=g\",\"caption\":\"Jeanette\"},\"sameAs\":[\"https:\\\/\\\/www.eldiario.net\\\/portal\"],\"url\":\"https:\\\/\\\/www.eldiario.net\\\/portal\\\/author\\\/jeanette\\\/\"}]}<\/script>\n<!-- \/ Yoast SEO plugin. -->","yoast_head_json":{"title":"Aumentan control de bioseguridad en motorizados, mercados y ferias - El Diario - Bolivia","robots":{"index":"index","follow":"follow","max-snippet":"max-snippet:-1","max-image-preview":"max-image-preview:large","max-video-preview":"max-video-preview:-1"},"canonical":"https:\/\/www.eldiario.net\/portal\/2021\/06\/04\/aumentan-control-de-bioseguridad-en-motorizados-mercados-y-ferias\/","og_locale":"es_ES","og_type":"article","og_title":"Aumentan control de bioseguridad en motorizados, mercados y ferias - El Diario - Bolivia","og_description":"La Secretar\u00eda de Seguridad Ciudadana, en coordinaci\u00f3n con la Secretar\u00eda de Salud, intensific\u00f3 operativos de control sobre el uso correcto de las medidas de bioseguridad en el transporte p\u00fablico, adem\u00e1s de la fumigaci\u00f3n en mercados de la ciudad de El Alto. El responsable de la Guardia Municipal de Transporte (GMT), Jos\u00e9 Luis Vargas, indic\u00f3 que [&hellip;]","og_url":"https:\/\/www.eldiario.net\/portal\/2021\/06\/04\/aumentan-control-de-bioseguridad-en-motorizados-mercados-y-ferias\/","og_site_name":"El Diario - Bolivia","article_publisher":"https:\/\/www.facebook.com\/eldiario.bolivia\/","article_published_time":"2021-06-04T10:44:52+00:00","og_image":[{"width":1280,"height":960,"url":"https:\/\/www.eldiario.net\/portal\/wp-content\/uploads\/2021\/06\/1AL-1.jpg","type":"image\/jpeg"}],"author":"Jeanette","twitter_card":"summary_large_image","twitter_creator":"@eldiario_net","twitter_site":"@eldiario_net","twitter_misc":{"Escrito por":"Jeanette","Tiempo de lectura":"3 minutos"},"schema":{"@context":"https:\/\/schema.org","@graph":[{"@type":"Article","@id":"https:\/\/www.eldiario.net\/portal\/2021\/06\/04\/aumentan-control-de-bioseguridad-en-motorizados-mercados-y-ferias\/#article","isPartOf":{"@id":"https:\/\/www.eldiario.net\/portal\/2021\/06\/04\/aumentan-control-de-bioseguridad-en-motorizados-mercados-y-ferias\/"},"author":{"name":"Jeanette","@id":"https:\/\/www.eldiario.net\/portal\/#\/schema\/person\/f46445640444750d7d753ccd04ae01b7"},"headline":"Aumentan control de bioseguridad en motorizados, mercados y ferias","datePublished":"2021-06-04T10:44:52+00:00","mainEntityOfPage":{"@id":"https:\/\/www.eldiario.net\/portal\/2021\/06\/04\/aumentan-control-de-bioseguridad-en-motorizados-mercados-y-ferias\/"},"wordCount":605,"publisher":{"@id":"https:\/\/www.eldiario.net\/portal\/#organization"},"image":{"@id":"https:\/\/www.eldiario.net\/portal\/2021\/06\/04\/aumentan-control-de-bioseguridad-en-motorizados-mercados-y-ferias\/#primaryimage"},"thumbnailUrl":"https:\/\/www.eldiario.net\/portal\/wp-content\/uploads\/2021\/06\/1AL-1.jpg","articleSection":["Nacional"],"inLanguage":"es"},{"@type":"WebPage","@id":"https:\/\/www.eldiario.net\/portal\/2021\/06\/04\/aumentan-control-de-bioseguridad-en-motorizados-mercados-y-ferias\/","url":"https:\/\/www.eldiario.net\/portal\/2021\/06\/04\/aumentan-control-de-bioseguridad-en-motorizados-mercados-y-ferias\/","name":"Aumentan control de bioseguridad en motorizados, mercados y ferias - El Diario - Bolivia","isPartOf":{"@id":"https:\/\/www.eldiario.net\/portal\/#website"},"primaryImageOfPage":{"@id":"https:\/\/www.eldiario.net\/portal\/2021\/06\/04\/aumentan-control-de-bioseguridad-en-motorizados-mercados-y-ferias\/#primaryimage"},"image":{"@id":"https:\/\/www.eldiario.net\/portal\/2021\/06\/04\/aumentan-control-de-bioseguridad-en-motorizados-mercados-y-ferias\/#primaryimage"},"thumbnailUrl":"https:\/\/www.eldiario.net\/portal\/wp-content\/uploads\/2021\/06\/1AL-1.jpg","datePublished":"2021-06-04T10:44:52+00:00","breadcrumb":{"@id":"https:\/\/www.eldiario.net\/portal\/2021\/06\/04\/aumentan-control-de-bioseguridad-en-motorizados-mercados-y-ferias\/#breadcrumb"},"inLanguage":"es","potentialAction":[{"@type":"ReadAction","target":["https:\/\/www.eldiario.net\/portal\/2021\/06\/04\/aumentan-control-de-bioseguridad-en-motorizados-mercados-y-ferias\/"]}]},{"@type":"ImageObject","inLanguage":"es","@id":"https:\/\/www.eldiario.net\/portal\/2021\/06\/04\/aumentan-control-de-bioseguridad-en-motorizados-mercados-y-ferias\/#primaryimage","url":"https:\/\/www.eldiario.net\/portal\/wp-content\/uploads\/2021\/06\/1AL-1.jpg","contentUrl":"https:\/\/www.eldiario.net\/portal\/wp-content\/uploads\/2021\/06\/1AL-1.jpg","width":1280,"height":960},{"@type":"BreadcrumbList","@id":"https:\/\/www.eldiario.net\/portal\/2021\/06\/04\/aumentan-control-de-bioseguridad-en-motorizados-mercados-y-ferias\/#breadcrumb","itemListElement":[{"@type":"ListItem","position":1,"name":"Portada","item":"https:\/\/www.eldiario.net\/portal\/"},{"@type":"ListItem","position":2,"name":"Aumentan control de bioseguridad en motorizados, mercados y ferias"}]},{"@type":"WebSite","@id":"https:\/\/www.eldiario.net\/portal\/#website","url":"https:\/\/www.eldiario.net\/portal\/","name":"El Diario - Decano de la prensa nacional","description":"El Diario - Decano de la prensa nacional","publisher":{"@id":"https:\/\/www.eldiario.net\/portal\/#organization"},"potentialAction":[{"@type":"SearchAction","target":{"@type":"EntryPoint","urlTemplate":"https:\/\/www.eldiario.net\/portal\/?s={search_term_string}"},"query-input":{"@type":"PropertyValueSpecification","valueRequired":true,"valueName":"search_term_string"}}],"inLanguage":"es"},{"@type":"Organization","@id":"https:\/\/www.eldiario.net\/portal\/#organization","name":"El Diario - Decano de la prensa nacional","url":"https:\/\/www.eldiario.net\/portal\/","logo":{"@type":"ImageObject","inLanguage":"es","@id":"https:\/\/www.eldiario.net\/portal\/#\/schema\/logo\/image\/","url":"https:\/\/www.eldiario.net\/portal\/wp-content\/uploads\/2023\/07\/logo_ED.jpg","contentUrl":"https:\/\/www.eldiario.net\/portal\/wp-content\/uploads\/2023\/07\/logo_ED.jpg","width":272,"height":52,"caption":"El Diario - Decano de la prensa nacional"},"image":{"@id":"https:\/\/www.eldiario.net\/portal\/#\/schema\/logo\/image\/"},"sameAs":["https:\/\/www.facebook.com\/eldiario.bolivia\/","https:\/\/x.com\/eldiario_net"]},{"@type":"Person","@id":"https:\/\/www.eldiario.net\/portal\/#\/schema\/person\/f46445640444750d7d753ccd04ae01b7","name":"Jeanette","image":{"@type":"ImageObject","inLanguage":"es","@id":"https:\/\/secure.gravatar.com\/avatar\/3ea2118a5f7dad2b7138b1187a6b7ee55f160b9968b66013c3a3ef39dd7e5798?s=96&d=mm&r=g","url":"https:\/\/secure.gravatar.com\/avatar\/3ea2118a5f7dad2b7138b1187a6b7ee55f160b9968b66013c3a3ef39dd7e5798?s=96&d=mm&r=g","contentUrl":"https:\/\/secure.gravatar.com\/avatar\/3ea2118a5f7dad2b7138b1187a6b7ee55f160b9968b66013c3a3ef39dd7e5798?s=96&d=mm&r=g","caption":"Jeanette"},"sameAs":["https:\/\/www.eldiario.net\/portal"],"url":"https:\/\/www.eldiario.net\/portal\/author\/jeanette\/"}]}},"_links":{"self":[{"href":"https:\/\/www.eldiario.net\/portal\/wp-json\/wp\/v2\/posts\/8265","targetHints":{"allow":["GET"]}}],"collection":[{"href":"https:\/\/www.eldiario.net\/portal\/wp-json\/wp\/v2\/posts"}],"about":[{"href":"https:\/\/www.eldiario.net\/portal\/wp-json\/wp\/v2\/types\/post"}],"author":[{"embeddable":true,"href":"https:\/\/www.eldiario.net\/portal\/wp-json\/wp\/v2\/users\/1"}],"replies":[{"embeddable":true,"href":"https:\/\/www.eldiario.net\/portal\/wp-json\/wp\/v2\/comments?post=8265"}],"version-history":[{"count":0,"href":"https:\/\/www.eldiario.net\/portal\/wp-json\/wp\/v2\/posts\/8265\/revisions"}],"wp:featuredmedia":[{"embeddable":true,"href":"https:\/\/www.eldiario.net\/portal\/wp-json\/wp\/v2\/media\/8266"}],"wp:attachment":[{"href":"https:\/\/www.eldiario.net\/portal\/wp-json\/wp\/v2\/media?parent=8265"}],"wp:term":[{"taxonomy":"category","embeddable":true,"href":"https:\/\/www.eldiario.net\/portal\/wp-json\/wp\/v2\/categories?post=8265"},{"taxonomy":"post_tag","embeddable":true,"href":"https:\/\/www.eldiario.net\/portal\/wp-json\/wp\/v2\/tags?post=8265"}],"curies":[{"name":"wp","href":"https:\/\/api.w.org\/{rel}","templated":true}]}}