{"id":8252,"date":"2021-06-04T06:42:37","date_gmt":"2021-06-04T10:42:37","guid":{"rendered":"https:\/\/www.eldiario.net\/portal\/?p=8252"},"modified":"2021-06-04T06:42:37","modified_gmt":"2021-06-04T10:42:37","slug":"abogados-sugieren-investigar-denuncia-contra-juez-blanco","status":"publish","type":"post","link":"https:\/\/www.eldiario.net\/portal\/2021\/06\/04\/abogados-sugieren-investigar-denuncia-contra-juez-blanco\/","title":{"rendered":"Abogados sugieren investigar denuncia contra juez Blanco"},"content":{"rendered":"<p>Despu\u00e9s de conocerse que en una de las audiencias de juicio oral del caso denominado beb\u00e9 Alexander, la enfermera Lola Rodr\u00edguez denunci\u00f3 que el exfiscal, hoy juez de sentencia, Edwin Blanco, le pidi\u00f3 diez mil d\u00f3lares para apartarla del caso, abogados consultados por EL DIARIO manifestaron que esa denuncia de extorsi\u00f3n debe ser investigada por la Fiscal\u00eda.<br \/>\nLa abogada Paola Barriga precis\u00f3 que al haberse hecho la denuncia ante una autoridad competente, esa instancia ten\u00eda la obligaci\u00f3n de remitir la misma al Ministerio P\u00fablico.<br \/>\n\u201cElla estaba atestiguando ante una autoridad que tiene la obligaci\u00f3n de remitir al Ministerio P\u00fablico, y esa instancia tiene la obligaci\u00f3n de cumplir la orden del juez\u201d, apunt\u00f3.<br \/>\nAsimismo, aclar\u00f3 que al conocer la denuncia, los miembros del Tribunal D\u00e9cimo de Sentencia compuesto en ese entonces, por Patricia Pacajes, Gladys Guerrero y Roberto M\u00e9rida, debieron remitir la misma a la Fiscal\u00eda y proteger a la denunciante, pero al no haberlo hecho incurrieron en el delito de incumplimiento de deberes.<br \/>\nEl abogado Ramiro Carrillo asegur\u00f3 que de acuerdo con las normas, toda autoridad que conozca un hecho il\u00edcito tiene la obligaci\u00f3n de denunciar y remitir los indicios al Ministerio P\u00fablico.<br \/>\nAsimismo, aclar\u00f3 que este caso prescribe en ocho a\u00f1os, por lo que la enfermera est\u00e1 a\u00fan a tiempo de iniciar una denuncia penal, aunque en este caso, al anularse la sentencia se anulan tambi\u00e9n todas las actuaciones.<br \/>\nPor otro lado, el abogado Eusebio Vera manifest\u00f3 a EL DIARIO que para realizar una denuncia tiene que haber elementos de prueba como una grabaci\u00f3n o testigos.<br \/>\n\u201cSi existen pruebas, se puede investigar de oficio. Pero, si solo es una expresi\u00f3n sin sustento documental probatorio, no habr\u00eda fuerza, recordemos que el que denuncia tiene la carga probatoria\u201d, apunt\u00f3.<br \/>\nEn el caso espec\u00edfico de la denuncia de Lola Rodr\u00edguez en audiencia, el jurista aclar\u00f3 que los jueces pod\u00edan haber remitido la denuncia al Ministerio P\u00fablico, pero generalmente no lo hacen porque no existen las pruebas, aunque en este caso hab\u00eda un indicio.<br \/>\n\u201cLo que hacen es instruir se abra por cuerda separada una denuncia adjuntando las pruebas\u201d, precis\u00f3.<br \/>\nEl 24 de mayo, en una entrevista con radio Compa\u00f1era, el m\u00e9dico Jhiery Fern\u00e1ndez denunci\u00f3 que el exfiscal Edwin Blanco se dirigi\u00f3 a \u00e9l cuando estaba encarcelado por el caso del beb\u00e9 Alexander para que firme un documento a cambio de salir del penal y presuntamente extorsion\u00f3 a una enfermera a cambio de que no sea vinculada en dicho caso.<br \/>\nEn entrevistas posteriores a que se conozca el audio de la exjuez Patricia Pacajes en el que revelaba detalles del caso, la enfermera Lola Rodr\u00edguez apunt\u00f3 que debido a las audiencias, adem\u00e1s de los insultos que recib\u00eda de la gente que la consideraba culpable del deceso de Alexander, se deprimi\u00f3 bastante.<br \/>\n\u201cEra una persona normal, una madre que con su trabajo se encargaba de sus hijos. Pero desde la muerte de Alexander me siento muy mal, todo ha cambiado para m\u00ed\u201d, revel\u00f3 Rodr\u00edguez.<br \/>\nLa situaci\u00f3n de Lola se agrav\u00f3 cuando el padre de sus dos hijos \u2013una ni\u00f1a y un ni\u00f1o\u2013 le pidi\u00f3 \u201ctiempo\u201d y puso en cuesti\u00f3n su matrimonio. Eso empeor\u00f3 su estado emocional y afect\u00f3 su empleo, que adem\u00e1s no pod\u00eda mantener por las constantes audiencias \u2013dos d\u00edas a la semana\u2013 a las que deb\u00eda asistir y que en muchas ocasiones se postergaban.<br \/>\n\u201cHab\u00eda d\u00edas en los cuales solo quer\u00eda tomar y tomar. A ra\u00edz de eso he tenido problemas con mi familia. Con mi esposo nos hemos dado tiempo, nos hemos separado y lloraba. Incluso he pensado en terminar mi sufrimiento. Solo mis hijitos me cuidaban y trataban de calmarme, \u2018ya no llores mamita\u2019, me dec\u00edan\u201d, record\u00f3.<br \/>\nLola intent\u00f3 seguir adelante con su vida, pero en definitiva, la asistencia obligatoria a las audiencias le imped\u00eda en los hechos mantener un trabajo, y tampoco pudo conseguir otro, le cerraron las puertas. Vio en la venta de comida y gelatinas una salida a su crisis para mantener a sus dos hijos, pero ante la insuficiencia de dinero, tambi\u00e9n opt\u00f3 por vender \u201clinaza caliente\u201d por las noches.<\/p>\n<p>LA HISTORIA<br \/>\nLola Rodr\u00edguez lleg\u00f3 nerviosa y con media hora de retraso la noche del mi\u00e9rcoles 12 de noviembre de 2014 al Hogar Virgen de F\u00e1tima. Deb\u00eda estar al menos a las 19.50 para hacer cambio de turno con la otra enfermera y comenzar su trabajo a las 20.00. Algo la deten\u00eda, algo le dec\u00eda que no vaya y como se\u00f1al de ese presentimiento no hab\u00eda veh\u00edculo p\u00fablico de Villa F\u00e1tima hacia la zona Sur de La Paz.<br \/>\nM\u00e1s tranquila despu\u00e9s de la difusi\u00f3n de un audio en el que la exjueza Patricia Pacajes cont\u00f3 detalles de c\u00f3mo procesaron y sentenciaron al m\u00e9dico Jhiery Fern\u00e1ndez por una violaci\u00f3n que nunca sufri\u00f3 el beb\u00e9 Alexander, la enfermera Lola narr\u00f3 a RimayPampa c\u00f3mo sucedieron los hechos aquella desgraciada madrugada.<br \/>\nDespu\u00e9s de soportar por unos minutos el mal humor de su colega que ya tendr\u00eda que haberse retirado a su casa a las 20.00, prepar\u00f3 los medicamentos para dar \u201cel tratamiento\u201d de las 21 horas a los ni\u00f1os hu\u00e9rfanos del hogar Virgen de F\u00e1tima, hoy Ni\u00f1o Jes\u00fas.<br \/>\nEntr\u00f3 a la sala 2, donde estaba el beb\u00e9 Alexander y no encontr\u00f3 a la joven educadora Madelein Paola Pahe Chambi, responsable de su cuidado. Mucho tiempo despu\u00e9s, en la reconstrucci\u00f3n del caso, se enter\u00f3 que hab\u00eda estado en el ba\u00f1o.<br \/>\nAl ver que los ni\u00f1os dorm\u00edan tranquilos, fue a las otras salas y se retir\u00f3.<br \/>\nAproximadamente a las 23 horas, Jhiery Fern\u00e1ndez lleg\u00f3 al Hogar a realizar su ronda de valoraci\u00f3n habitual. Lola acompa\u00f1\u00f3 la visita, no se desprendi\u00f3 ni un solo minuto del m\u00e9dico. Identific\u00f3 a los ni\u00f1os que estaban mal y ambos fueron de sala en sala.<br \/>\nEn la visita de esa noche, el m\u00e9dico Fern\u00e1ndez no valor\u00f3, no vio ni toc\u00f3 a Alexander porque no era necesario debido a que no ten\u00eda ninguna alteraci\u00f3n de salud. Cheque\u00f3 a dos ni\u00f1os que sufr\u00edan fiebre; ella le ayud\u00f3 a tomar la temperatura de ambos.<br \/>\nDespu\u00e9s que Fern\u00e1ndez dio las indicaciones para las historias cl\u00ednicas respectivas, Lola lo acompa\u00f1\u00f3 hasta la puerta del Hogar y se despidieron.<br \/>\nCerrado el recinto, nadie m\u00e1s pod\u00eda entrar ni salir sin ser visto por el portero Ramiro, que aquella noche estaba de libre, pero hab\u00eda dejado una reemplazante en su lugar. Ninguno de los empleados ten\u00eda una copia de las llaves.<br \/>\nYa el jueves 13, cuando Lola hac\u00eda sus primeras tareas en el consultorio del Hogar, apareci\u00f3 en la puerta Madelein Paola Pahe Chambi.<br \/>\n\u2014Le pasa algo al beb\u00e9 Alexander, est\u00e1 raro\u2014 alert\u00f3 la madre sustituta sin la preocupaci\u00f3n que quiz\u00e1 deber\u00eda haber tenido por la gravedad del caso.<br \/>\nEl reloj marcaba las 06.15; Lola lo recuerda muy bien. No hab\u00eda dormido pr\u00e1cticamente durante la noche porque ten\u00eda una prioridad: cuidar a una ni\u00f1a que hab\u00eda sido operada de uno de sus ojos.<br \/>\nEl anuncio de la madre sustituta la sorprendi\u00f3. En la ronda de anoche, Alexander dorm\u00eda tranquilo, aunque estaba afectado por una diarrea no hab\u00eda requerido atenci\u00f3n.<br \/>\n\u2014\u00bfRaro? \u00bfC\u00f3mo raro? Anda a traer al beb\u00e9\u2014 interrog\u00f3 e instruy\u00f3 Lola a Madelein.<br \/>\nApenas lleg\u00f3, la joven madre sustituta puso al beb\u00e9 en la camilla y dijo a la enfermera que hab\u00eda despertado llorando por lo que le dio leche y nada m\u00e1s.<br \/>\nAl verlo p\u00e1lido, Lola le auxili\u00f3 con ox\u00edgeno, control\u00f3 sus signos vitales y al constatar que eran imperceptibles, entreg\u00f3 su tel\u00e9fono m\u00f3vil a Madelein para que llame urgente al m\u00e9dico Jhiery Fern\u00e1ndez, que estaba en el Instituto de Rehabilitaci\u00f3n Infantil, ubicado a dos cuadras del Hogar.<br \/>\nLa enfermera no tuvo tiempo de revisar el cuerpo del peque\u00f1o, pero se percat\u00f3 que estaba en estado cr\u00edtico y que su cabecita y pechito estaban mojados. Pens\u00f3 que Madelein hizo caer al Alexander y la recrimin\u00f3, pero ella le jur\u00f3 que no.<br \/>\nCuando contest\u00f3 el m\u00e9dico Jhiery al tel\u00e9fono, Lola solo lleg\u00f3 a decirle: doctor; y se cort\u00f3 la llamada.<br \/>\nAnte la urgencia, decidi\u00f3 evacuar al beb\u00e9 al Hospital del Ni\u00f1o, pero no ten\u00eda dinero para su pasaje, apenas Bs 10 y necesitaba al menos Bs 15.<br \/>\nCorri\u00f3 a prestarse unos pesos donde el portero del Hogar, que hab\u00eda retornado de su permiso por la madrugada. Ante la respuesta negativa, Lola tom\u00f3 el cambio que deb\u00eda a una trabajadora social, envolvi\u00f3 al beb\u00e9 y sali\u00f3 en busca de taxi.<br \/>\nAl no poder encontrar uno, pidi\u00f3 auxilio a una ambulancia que pasaba ocasionalmente por la calle H\u00e9ctor Ormachea de la zona de Obrajes. Madelein se qued\u00f3 y Lola subi\u00f3 al veh\u00edculo con el beb\u00e9.<br \/>\nEn el trayecto, sinti\u00f3 que Alexander se hab\u00eda orinado. Sus conocimientos de enfermer\u00eda le ayudaron a deducir que el infante estaba perdiendo la vida. Ese mismo rato son\u00f3 su tel\u00e9fono, era el m\u00e9dico Jhiery que le devolv\u00eda la llamada, pero no pod\u00eda sacar el m\u00f3vil de su bolsillo y menos contestar porque sus manos estaban ocupadas.<br \/>\nInmediatamente, decidi\u00f3 constatar qu\u00e9 pasaba con el ni\u00f1o, le cambi\u00f3 la ropa y lo limpi\u00f3. Vio que Alexander estaba escaldado y no vio sangre ni nada anormal.<br \/>\nHoy se arrepiente de no haber tomado unas fotograf\u00edas de esa parte del cuerpo del Beb\u00e9, hubieran probado que no ten\u00eda ning\u00fan tipo de lesi\u00f3n y evitado la hip\u00f3tesis de la violaci\u00f3n, lanzada esa ma\u00f1ana del jueves 13 de noviembre por un m\u00e9dico del hospital Juan XXIII.<br \/>\nLa ambulancia lleg\u00f3 entre las 07.30 y 07.45 al Hospital del Ni\u00f1o. Lola report\u00f3 al m\u00e9dico Delgadillo que tra\u00eda un beb\u00e9 muy enfermo. En el box de reanimaci\u00f3n y al ver la gravedad ordenaron transferir a otro centro de salud porque ah\u00ed no hab\u00eda camas en terapia intensiva.<br \/>\nYa en el hospital Juan XXIII, el personal que atendi\u00f3 a Alexander detect\u00f3 que el peque\u00f1o sangraba profusamente por el ano. Lola recibi\u00f3 el informe en ese sentido y qued\u00f3 sorprendida cuando uno de los m\u00e9dicos hizo un gesto de gravedad y le dijo: \u201cesto parece que fuera violaci\u00f3n\u201d.<br \/>\nElla no lo pod\u00eda creer porque s\u00f3lo minutos antes, cuando limpi\u00f3 el trasero del beb\u00e9, hab\u00eda constatado que \u00e9ste no ten\u00eda ninguna lesi\u00f3n. Inmediatamente, llam\u00f3 por tel\u00e9fono a la jefa del Servicio Departamental de Gesti\u00f3n Social de La Paz (Sedeges). Tambi\u00e9n telefone\u00f3 al m\u00e9dico Jhiery para informarle de la situaci\u00f3n.<br \/>\nDespu\u00e9s, aproximadamente a las nueve de la ma\u00f1ana, personal de Sedeges y el m\u00e9dico Jhiery Fern\u00e1ndez llegaron al hospital Juan XXII.<br \/>\nLola ten\u00eda la esperanza de que la forense (\u00c1ngela Mora) certifique lo que ella hab\u00eda visto esa ma\u00f1ana. Por el contrario, suscribi\u00f3 la impresi\u00f3n de uno de los m\u00e9dicos del Juan XXIII.<br \/>\nHoy entiende por qu\u00e9 aquel mi\u00e9rcoles 12 de noviembre de 2014 algo la deten\u00eda, algo le dec\u00eda que no vaya a su fuente laboral, el Hogar Virgen de F\u00e1tima, a donde hab\u00eda llegado a trabajar reci\u00e9n en agosto.<\/p>\n<p>BLANCO PIDI\u00d3 AYUDA A LOLA<br \/>\nLa enfermera Lola Rodr\u00edguez cont\u00f3 esta misma versi\u00f3n a la Fiscal\u00eda que, seg\u00fan dijo a Rimay Pampa, fue ratificada por otras dos educadoras: do\u00f1a Lidia y do\u00f1a Eugenia.<br \/>\nEntre el mi\u00e9rcoles 12 y jueves 13 de noviembre, el m\u00e9dico Jhiery Fern\u00e1ndez no toc\u00f3 ni vio al beb\u00e9 Alexander.<br \/>\nLa hip\u00f3tesis de la violaci\u00f3n fue una insistencia del Fiscal del Departamento de La Paz, Edwin Blanco, que, en la oportunidad de la reconstrucci\u00f3n, dijo a la enfermera Lola a solas que ya sab\u00eda d\u00f3nde hab\u00eda pasado (la violaci\u00f3n) y que no fue en el Hogar.<br \/>\nEl 27 de marzo de 2018, el Tribunal D\u00e9cimo de Sentencia de La Paz conden\u00f3 a 20 a\u00f1os de prisi\u00f3n al m\u00e9dico Jhiery Fern\u00e1ndez por el delito de violaci\u00f3n que no cometi\u00f3 y a dos a\u00f1os de c\u00e1rcel a la m\u00e9dico internista Sandra Madeny por homicidio culposo y a la enfermera Lola Rodr\u00edguez por el delito de encubrimiento.<br \/>\nEl 26 de mayo de 2021, despu\u00e9s de casi siete a\u00f1os de proceso, el Tribunal Cuarto de Sentencia dict\u00f3 una sentencia absolutoria en favor del m\u00e9dico Jhiery Fern\u00e1ndez, acusado por violar al beb\u00e9 Alexander. Determinaron tambi\u00e9n liberar de pena y culpa del delito de homicidio culposo a Sandra Madeni, exm\u00e9dica internista del Hospital del Ni\u00f1o y a Lola Rodr\u00edguez, exenfermera del Hogar Virgen de F\u00e1tima.<br \/>\n\u201cAlg\u00fan d\u00eda podr\u00e9 volver, ya termin\u00f3 este calvario\u201d, asegur\u00f3 la enfermera Lola Rodr\u00edguez a Jhiery Fern\u00e1ndez, quienes se comunicaron por tel\u00e9fono luego de que se cerrara el juicio. (EL DIARIO y Rimay Pampa)<\/p>\n<div id='gallery-1' class='gallery galleryid-8252 gallery-columns-3 gallery-size-medium'><figure class='gallery-item'>\n\t\t\t<div class='gallery-icon '>\n\t\t\t\t<a href='https:\/\/www.eldiario.net\/portal\/2021\/06\/04\/abogados-sugieren-investigar-denuncia-contra-juez-blanco\/l-3\/'><img loading=\"lazy\" decoding=\"async\" width=\"1\" height=\"1\" src=\"https:\/\/www.eldiario.net\/portal\/wp-content\/uploads\/2021\/06\/L-3.jpg\" class=\"attachment-medium size-medium\" alt=\"\" aria-describedby=\"gallery-1-8257\" \/><\/a>\n\t\t\t<\/div>\n\t\t\t\t<figcaption class='wp-caption-text gallery-caption' id='gallery-1-8257'>\n\t\t\t\tgalenos Y FAMILIARES DE JHIERY FERN\u00c1NDEZ ASEGURANDO SU INOCENCIA.\n\t\t\t\t<\/figcaption><\/figure><figure class='gallery-item'>\n\t\t\t<div class='gallery-icon landscape'>\n\t\t\t\t<a href='https:\/\/www.eldiario.net\/portal\/2021\/06\/04\/abogados-sugieren-investigar-denuncia-contra-juez-blanco\/norma\/'><img loading=\"lazy\" decoding=\"async\" width=\"300\" height=\"209\" src=\"https:\/\/www.eldiario.net\/portal\/wp-content\/uploads\/2021\/06\/NORMA-300x209.jpg\" class=\"attachment-medium size-medium\" alt=\"\" srcset=\"https:\/\/www.eldiario.net\/portal\/wp-content\/uploads\/2021\/06\/NORMA-300x209.jpg 300w, https:\/\/www.eldiario.net\/portal\/wp-content\/uploads\/2021\/06\/NORMA.jpg 420w\" sizes=\"auto, (max-width: 300px) 100vw, 300px\" \/><\/a>\n\t\t\t<\/div><\/figure>\n\t\t<\/div>\n\n","protected":false},"excerpt":{"rendered":"<p>Despu\u00e9s de conocerse que en una de las audiencias de juicio oral del caso denominado beb\u00e9 Alexander, la enfermera Lola Rodr\u00edguez denunci\u00f3 que el exfiscal, hoy juez de sentencia, Edwin Blanco, le pidi\u00f3 diez mil d\u00f3lares para apartarla del caso, abogados consultados por EL DIARIO manifestaron que esa denuncia de extorsi\u00f3n debe ser investigada por [&hellip;]<\/p>\n","protected":false},"author":1,"featured_media":8253,"comment_status":"closed","ping_status":"closed","sticky":false,"template":"","format":"standard","meta":{"_acf_changed":false,"footnotes":""},"categories":[39],"tags":[],"class_list":["post-8252","post","type-post","status-publish","format-standard","has-post-thumbnail","category-sociedad"],"acf":{"antetitulo":""},"yoast_head":"<!-- This site is optimized with the Yoast SEO plugin v28.3 - https:\/\/yoast.com\/product\/yoast-seo-wordpress\/ -->\n<title>Abogados sugieren investigar denuncia contra juez Blanco - El Diario - Bolivia<\/title>\n<meta name=\"robots\" content=\"index, follow, max-snippet:-1, max-image-preview:large, max-video-preview:-1\" \/>\n<link rel=\"canonical\" href=\"https:\/\/www.eldiario.net\/portal\/2021\/06\/04\/abogados-sugieren-investigar-denuncia-contra-juez-blanco\/\" \/>\n<meta property=\"og:locale\" content=\"es_ES\" \/>\n<meta property=\"og:type\" content=\"article\" \/>\n<meta property=\"og:title\" content=\"Abogados sugieren investigar denuncia contra juez Blanco - El Diario - Bolivia\" \/>\n<meta property=\"og:description\" content=\"Despu\u00e9s de conocerse que en una de las audiencias de juicio oral del caso denominado beb\u00e9 Alexander, la enfermera Lola Rodr\u00edguez denunci\u00f3 que el exfiscal, hoy juez de sentencia, Edwin Blanco, le pidi\u00f3 diez mil d\u00f3lares para apartarla del caso, abogados consultados por EL DIARIO manifestaron que esa denuncia de extorsi\u00f3n debe ser investigada por [&hellip;]\" \/>\n<meta property=\"og:url\" content=\"https:\/\/www.eldiario.net\/portal\/2021\/06\/04\/abogados-sugieren-investigar-denuncia-contra-juez-blanco\/\" \/>\n<meta property=\"og:site_name\" content=\"El Diario - Bolivia\" \/>\n<meta property=\"article:publisher\" content=\"https:\/\/www.facebook.com\/eldiario.bolivia\/\" \/>\n<meta property=\"article:published_time\" content=\"2021-06-04T10:42:37+00:00\" \/>\n<meta name=\"author\" content=\"Jeanette\" \/>\n<meta name=\"twitter:card\" content=\"summary_large_image\" \/>\n<meta name=\"twitter:creator\" content=\"@eldiario_net\" \/>\n<meta name=\"twitter:site\" content=\"@eldiario_net\" \/>\n<meta name=\"twitter:label1\" content=\"Escrito por\" \/>\n\t<meta name=\"twitter:data1\" content=\"Jeanette\" \/>\n\t<meta name=\"twitter:label2\" content=\"Tiempo de lectura\" \/>\n\t<meta name=\"twitter:data2\" content=\"9 minutos\" \/>\n<script type=\"application\/ld+json\" class=\"yoast-schema-graph\">{\"@context\":\"https:\\\/\\\/schema.org\",\"@graph\":[{\"@type\":\"Article\",\"@id\":\"https:\\\/\\\/www.eldiario.net\\\/portal\\\/2021\\\/06\\\/04\\\/abogados-sugieren-investigar-denuncia-contra-juez-blanco\\\/#article\",\"isPartOf\":{\"@id\":\"https:\\\/\\\/www.eldiario.net\\\/portal\\\/2021\\\/06\\\/04\\\/abogados-sugieren-investigar-denuncia-contra-juez-blanco\\\/\"},\"author\":{\"name\":\"Jeanette\",\"@id\":\"https:\\\/\\\/www.eldiario.net\\\/portal\\\/#\\\/schema\\\/person\\\/f46445640444750d7d753ccd04ae01b7\"},\"headline\":\"Abogados sugieren investigar denuncia contra juez Blanco\",\"datePublished\":\"2021-06-04T10:42:37+00:00\",\"mainEntityOfPage\":{\"@id\":\"https:\\\/\\\/www.eldiario.net\\\/portal\\\/2021\\\/06\\\/04\\\/abogados-sugieren-investigar-denuncia-contra-juez-blanco\\\/\"},\"wordCount\":2246,\"publisher\":{\"@id\":\"https:\\\/\\\/www.eldiario.net\\\/portal\\\/#organization\"},\"image\":{\"@id\":\"https:\\\/\\\/www.eldiario.net\\\/portal\\\/2021\\\/06\\\/04\\\/abogados-sugieren-investigar-denuncia-contra-juez-blanco\\\/#primaryimage\"},\"thumbnailUrl\":\"\",\"articleSection\":[\"Sociedad - Seguridad\"],\"inLanguage\":\"es\"},{\"@type\":\"WebPage\",\"@id\":\"https:\\\/\\\/www.eldiario.net\\\/portal\\\/2021\\\/06\\\/04\\\/abogados-sugieren-investigar-denuncia-contra-juez-blanco\\\/\",\"url\":\"https:\\\/\\\/www.eldiario.net\\\/portal\\\/2021\\\/06\\\/04\\\/abogados-sugieren-investigar-denuncia-contra-juez-blanco\\\/\",\"name\":\"Abogados sugieren investigar denuncia contra juez Blanco - El Diario - Bolivia\",\"isPartOf\":{\"@id\":\"https:\\\/\\\/www.eldiario.net\\\/portal\\\/#website\"},\"primaryImageOfPage\":{\"@id\":\"https:\\\/\\\/www.eldiario.net\\\/portal\\\/2021\\\/06\\\/04\\\/abogados-sugieren-investigar-denuncia-contra-juez-blanco\\\/#primaryimage\"},\"image\":{\"@id\":\"https:\\\/\\\/www.eldiario.net\\\/portal\\\/2021\\\/06\\\/04\\\/abogados-sugieren-investigar-denuncia-contra-juez-blanco\\\/#primaryimage\"},\"thumbnailUrl\":\"\",\"datePublished\":\"2021-06-04T10:42:37+00:00\",\"breadcrumb\":{\"@id\":\"https:\\\/\\\/www.eldiario.net\\\/portal\\\/2021\\\/06\\\/04\\\/abogados-sugieren-investigar-denuncia-contra-juez-blanco\\\/#breadcrumb\"},\"inLanguage\":\"es\",\"potentialAction\":[{\"@type\":\"ReadAction\",\"target\":[\"https:\\\/\\\/www.eldiario.net\\\/portal\\\/2021\\\/06\\\/04\\\/abogados-sugieren-investigar-denuncia-contra-juez-blanco\\\/\"]}]},{\"@type\":\"ImageObject\",\"inLanguage\":\"es\",\"@id\":\"https:\\\/\\\/www.eldiario.net\\\/portal\\\/2021\\\/06\\\/04\\\/abogados-sugieren-investigar-denuncia-contra-juez-blanco\\\/#primaryimage\",\"url\":\"\",\"contentUrl\":\"\"},{\"@type\":\"BreadcrumbList\",\"@id\":\"https:\\\/\\\/www.eldiario.net\\\/portal\\\/2021\\\/06\\\/04\\\/abogados-sugieren-investigar-denuncia-contra-juez-blanco\\\/#breadcrumb\",\"itemListElement\":[{\"@type\":\"ListItem\",\"position\":1,\"name\":\"Portada\",\"item\":\"https:\\\/\\\/www.eldiario.net\\\/portal\\\/\"},{\"@type\":\"ListItem\",\"position\":2,\"name\":\"Abogados sugieren investigar denuncia contra juez Blanco\"}]},{\"@type\":\"WebSite\",\"@id\":\"https:\\\/\\\/www.eldiario.net\\\/portal\\\/#website\",\"url\":\"https:\\\/\\\/www.eldiario.net\\\/portal\\\/\",\"name\":\"El Diario - Decano de la prensa nacional\",\"description\":\"El Diario - Decano de la prensa nacional\",\"publisher\":{\"@id\":\"https:\\\/\\\/www.eldiario.net\\\/portal\\\/#organization\"},\"potentialAction\":[{\"@type\":\"SearchAction\",\"target\":{\"@type\":\"EntryPoint\",\"urlTemplate\":\"https:\\\/\\\/www.eldiario.net\\\/portal\\\/?s={search_term_string}\"},\"query-input\":{\"@type\":\"PropertyValueSpecification\",\"valueRequired\":true,\"valueName\":\"search_term_string\"}}],\"inLanguage\":\"es\"},{\"@type\":\"Organization\",\"@id\":\"https:\\\/\\\/www.eldiario.net\\\/portal\\\/#organization\",\"name\":\"El Diario - Decano de la prensa nacional\",\"url\":\"https:\\\/\\\/www.eldiario.net\\\/portal\\\/\",\"logo\":{\"@type\":\"ImageObject\",\"inLanguage\":\"es\",\"@id\":\"https:\\\/\\\/www.eldiario.net\\\/portal\\\/#\\\/schema\\\/logo\\\/image\\\/\",\"url\":\"https:\\\/\\\/www.eldiario.net\\\/portal\\\/wp-content\\\/uploads\\\/2023\\\/07\\\/logo_ED.jpg\",\"contentUrl\":\"https:\\\/\\\/www.eldiario.net\\\/portal\\\/wp-content\\\/uploads\\\/2023\\\/07\\\/logo_ED.jpg\",\"width\":272,\"height\":52,\"caption\":\"El Diario - Decano de la prensa nacional\"},\"image\":{\"@id\":\"https:\\\/\\\/www.eldiario.net\\\/portal\\\/#\\\/schema\\\/logo\\\/image\\\/\"},\"sameAs\":[\"https:\\\/\\\/www.facebook.com\\\/eldiario.bolivia\\\/\",\"https:\\\/\\\/x.com\\\/eldiario_net\"]},{\"@type\":\"Person\",\"@id\":\"https:\\\/\\\/www.eldiario.net\\\/portal\\\/#\\\/schema\\\/person\\\/f46445640444750d7d753ccd04ae01b7\",\"name\":\"Jeanette\",\"image\":{\"@type\":\"ImageObject\",\"inLanguage\":\"es\",\"@id\":\"https:\\\/\\\/secure.gravatar.com\\\/avatar\\\/3ea2118a5f7dad2b7138b1187a6b7ee55f160b9968b66013c3a3ef39dd7e5798?s=96&d=mm&r=g\",\"url\":\"https:\\\/\\\/secure.gravatar.com\\\/avatar\\\/3ea2118a5f7dad2b7138b1187a6b7ee55f160b9968b66013c3a3ef39dd7e5798?s=96&d=mm&r=g\",\"contentUrl\":\"https:\\\/\\\/secure.gravatar.com\\\/avatar\\\/3ea2118a5f7dad2b7138b1187a6b7ee55f160b9968b66013c3a3ef39dd7e5798?s=96&d=mm&r=g\",\"caption\":\"Jeanette\"},\"sameAs\":[\"https:\\\/\\\/www.eldiario.net\\\/portal\"],\"url\":\"https:\\\/\\\/www.eldiario.net\\\/portal\\\/author\\\/jeanette\\\/\"}]}<\/script>\n<!-- \/ Yoast SEO plugin. -->","yoast_head_json":{"title":"Abogados sugieren investigar denuncia contra juez Blanco - El Diario - Bolivia","robots":{"index":"index","follow":"follow","max-snippet":"max-snippet:-1","max-image-preview":"max-image-preview:large","max-video-preview":"max-video-preview:-1"},"canonical":"https:\/\/www.eldiario.net\/portal\/2021\/06\/04\/abogados-sugieren-investigar-denuncia-contra-juez-blanco\/","og_locale":"es_ES","og_type":"article","og_title":"Abogados sugieren investigar denuncia contra juez Blanco - El Diario - Bolivia","og_description":"Despu\u00e9s de conocerse que en una de las audiencias de juicio oral del caso denominado beb\u00e9 Alexander, la enfermera Lola Rodr\u00edguez denunci\u00f3 que el exfiscal, hoy juez de sentencia, Edwin Blanco, le pidi\u00f3 diez mil d\u00f3lares para apartarla del caso, abogados consultados por EL DIARIO manifestaron que esa denuncia de extorsi\u00f3n debe ser investigada por [&hellip;]","og_url":"https:\/\/www.eldiario.net\/portal\/2021\/06\/04\/abogados-sugieren-investigar-denuncia-contra-juez-blanco\/","og_site_name":"El Diario - Bolivia","article_publisher":"https:\/\/www.facebook.com\/eldiario.bolivia\/","article_published_time":"2021-06-04T10:42:37+00:00","author":"Jeanette","twitter_card":"summary_large_image","twitter_creator":"@eldiario_net","twitter_site":"@eldiario_net","twitter_misc":{"Escrito por":"Jeanette","Tiempo de lectura":"9 minutos"},"schema":{"@context":"https:\/\/schema.org","@graph":[{"@type":"Article","@id":"https:\/\/www.eldiario.net\/portal\/2021\/06\/04\/abogados-sugieren-investigar-denuncia-contra-juez-blanco\/#article","isPartOf":{"@id":"https:\/\/www.eldiario.net\/portal\/2021\/06\/04\/abogados-sugieren-investigar-denuncia-contra-juez-blanco\/"},"author":{"name":"Jeanette","@id":"https:\/\/www.eldiario.net\/portal\/#\/schema\/person\/f46445640444750d7d753ccd04ae01b7"},"headline":"Abogados sugieren investigar denuncia contra juez Blanco","datePublished":"2021-06-04T10:42:37+00:00","mainEntityOfPage":{"@id":"https:\/\/www.eldiario.net\/portal\/2021\/06\/04\/abogados-sugieren-investigar-denuncia-contra-juez-blanco\/"},"wordCount":2246,"publisher":{"@id":"https:\/\/www.eldiario.net\/portal\/#organization"},"image":{"@id":"https:\/\/www.eldiario.net\/portal\/2021\/06\/04\/abogados-sugieren-investigar-denuncia-contra-juez-blanco\/#primaryimage"},"thumbnailUrl":"","articleSection":["Sociedad - Seguridad"],"inLanguage":"es"},{"@type":"WebPage","@id":"https:\/\/www.eldiario.net\/portal\/2021\/06\/04\/abogados-sugieren-investigar-denuncia-contra-juez-blanco\/","url":"https:\/\/www.eldiario.net\/portal\/2021\/06\/04\/abogados-sugieren-investigar-denuncia-contra-juez-blanco\/","name":"Abogados sugieren investigar denuncia contra juez Blanco - El Diario - Bolivia","isPartOf":{"@id":"https:\/\/www.eldiario.net\/portal\/#website"},"primaryImageOfPage":{"@id":"https:\/\/www.eldiario.net\/portal\/2021\/06\/04\/abogados-sugieren-investigar-denuncia-contra-juez-blanco\/#primaryimage"},"image":{"@id":"https:\/\/www.eldiario.net\/portal\/2021\/06\/04\/abogados-sugieren-investigar-denuncia-contra-juez-blanco\/#primaryimage"},"thumbnailUrl":"","datePublished":"2021-06-04T10:42:37+00:00","breadcrumb":{"@id":"https:\/\/www.eldiario.net\/portal\/2021\/06\/04\/abogados-sugieren-investigar-denuncia-contra-juez-blanco\/#breadcrumb"},"inLanguage":"es","potentialAction":[{"@type":"ReadAction","target":["https:\/\/www.eldiario.net\/portal\/2021\/06\/04\/abogados-sugieren-investigar-denuncia-contra-juez-blanco\/"]}]},{"@type":"ImageObject","inLanguage":"es","@id":"https:\/\/www.eldiario.net\/portal\/2021\/06\/04\/abogados-sugieren-investigar-denuncia-contra-juez-blanco\/#primaryimage","url":"","contentUrl":""},{"@type":"BreadcrumbList","@id":"https:\/\/www.eldiario.net\/portal\/2021\/06\/04\/abogados-sugieren-investigar-denuncia-contra-juez-blanco\/#breadcrumb","itemListElement":[{"@type":"ListItem","position":1,"name":"Portada","item":"https:\/\/www.eldiario.net\/portal\/"},{"@type":"ListItem","position":2,"name":"Abogados sugieren investigar denuncia contra juez Blanco"}]},{"@type":"WebSite","@id":"https:\/\/www.eldiario.net\/portal\/#website","url":"https:\/\/www.eldiario.net\/portal\/","name":"El Diario - Decano de la prensa nacional","description":"El Diario - Decano de la prensa nacional","publisher":{"@id":"https:\/\/www.eldiario.net\/portal\/#organization"},"potentialAction":[{"@type":"SearchAction","target":{"@type":"EntryPoint","urlTemplate":"https:\/\/www.eldiario.net\/portal\/?s={search_term_string}"},"query-input":{"@type":"PropertyValueSpecification","valueRequired":true,"valueName":"search_term_string"}}],"inLanguage":"es"},{"@type":"Organization","@id":"https:\/\/www.eldiario.net\/portal\/#organization","name":"El Diario - Decano de la prensa nacional","url":"https:\/\/www.eldiario.net\/portal\/","logo":{"@type":"ImageObject","inLanguage":"es","@id":"https:\/\/www.eldiario.net\/portal\/#\/schema\/logo\/image\/","url":"https:\/\/www.eldiario.net\/portal\/wp-content\/uploads\/2023\/07\/logo_ED.jpg","contentUrl":"https:\/\/www.eldiario.net\/portal\/wp-content\/uploads\/2023\/07\/logo_ED.jpg","width":272,"height":52,"caption":"El Diario - Decano de la prensa nacional"},"image":{"@id":"https:\/\/www.eldiario.net\/portal\/#\/schema\/logo\/image\/"},"sameAs":["https:\/\/www.facebook.com\/eldiario.bolivia\/","https:\/\/x.com\/eldiario_net"]},{"@type":"Person","@id":"https:\/\/www.eldiario.net\/portal\/#\/schema\/person\/f46445640444750d7d753ccd04ae01b7","name":"Jeanette","image":{"@type":"ImageObject","inLanguage":"es","@id":"https:\/\/secure.gravatar.com\/avatar\/3ea2118a5f7dad2b7138b1187a6b7ee55f160b9968b66013c3a3ef39dd7e5798?s=96&d=mm&r=g","url":"https:\/\/secure.gravatar.com\/avatar\/3ea2118a5f7dad2b7138b1187a6b7ee55f160b9968b66013c3a3ef39dd7e5798?s=96&d=mm&r=g","contentUrl":"https:\/\/secure.gravatar.com\/avatar\/3ea2118a5f7dad2b7138b1187a6b7ee55f160b9968b66013c3a3ef39dd7e5798?s=96&d=mm&r=g","caption":"Jeanette"},"sameAs":["https:\/\/www.eldiario.net\/portal"],"url":"https:\/\/www.eldiario.net\/portal\/author\/jeanette\/"}]}},"_links":{"self":[{"href":"https:\/\/www.eldiario.net\/portal\/wp-json\/wp\/v2\/posts\/8252","targetHints":{"allow":["GET"]}}],"collection":[{"href":"https:\/\/www.eldiario.net\/portal\/wp-json\/wp\/v2\/posts"}],"about":[{"href":"https:\/\/www.eldiario.net\/portal\/wp-json\/wp\/v2\/types\/post"}],"author":[{"embeddable":true,"href":"https:\/\/www.eldiario.net\/portal\/wp-json\/wp\/v2\/users\/1"}],"replies":[{"embeddable":true,"href":"https:\/\/www.eldiario.net\/portal\/wp-json\/wp\/v2\/comments?post=8252"}],"version-history":[{"count":0,"href":"https:\/\/www.eldiario.net\/portal\/wp-json\/wp\/v2\/posts\/8252\/revisions"}],"wp:attachment":[{"href":"https:\/\/www.eldiario.net\/portal\/wp-json\/wp\/v2\/media?parent=8252"}],"wp:term":[{"taxonomy":"category","embeddable":true,"href":"https:\/\/www.eldiario.net\/portal\/wp-json\/wp\/v2\/categories?post=8252"},{"taxonomy":"post_tag","embeddable":true,"href":"https:\/\/www.eldiario.net\/portal\/wp-json\/wp\/v2\/tags?post=8252"}],"curies":[{"name":"wp","href":"https:\/\/api.w.org\/{rel}","templated":true}]}}