{"id":8211,"date":"2021-06-04T06:17:30","date_gmt":"2021-06-04T10:17:30","guid":{"rendered":"https:\/\/www.eldiario.net\/portal\/?p=8211"},"modified":"2021-06-04T06:17:30","modified_gmt":"2021-06-04T10:17:30","slug":"peru-compra-70-de-produccion-de-oro-en-desuso","status":"publish","type":"post","link":"https:\/\/www.eldiario.net\/portal\/2021\/06\/04\/peru-compra-70-de-produccion-de-oro-en-desuso\/","title":{"rendered":"Per\u00fa compra 70 % de  producci\u00f3n de oro en desuso"},"content":{"rendered":"<p>Qui\u00e9n podr\u00eda imaginar que solo el 30 % de la producci\u00f3n diaria de oro que explotan miles de cooperativas mineras en el norte del departamento de La Paz y el cord\u00f3n amaz\u00f3nico del territorio es aprovechado, mientras que el restante 70 %, termina en colas de rebalse y lamas en desuso que compran empresas del Per\u00fa.<br \/>\n\u201cDe 100 gramos de mineral que salen de la mina para luego someterlo a un proceso de amalgama (mezcla con mercurio), solo es posible recuperar 30 %, el restante 70 % se va en las colas (desechos mineros)\u201d, revel\u00f3 el ingeniero metalurgista F\u00e9lix Carrillo, durante el desarrollo de un curso de capacitaci\u00f3n presencial que imparti\u00f3 la entidad internacional Better Gold Iniciative (BGI), vinculada a la cooperaci\u00f3n Suiza en Bolivia, a la Federaci\u00f3n de Cooperativas Mineras de La Paz (Fedecomin), para potenciar y ampliar la capacidad t\u00e9cnica que tienen con el fin de implementar pr\u00e1cticas responsables en la producci\u00f3n de oro en Bolivia.<br \/>\nEl ministro de Miner\u00eda y Metalurgia, Ramiro Villavicencio, inform\u00f3 a principios de semana que la producci\u00f3n anual de oro durante la gesti\u00f3n 2019, lleg\u00f3 a 40 toneladas y exportamos el metal precioso por un valor de $us 1.800.000.000.<br \/>\nEste hecho fue catalogado por la Asesora Nacional de BGI en Bolivia, Ilse Beltr\u00e1n, como un \u201checho hist\u00f3rico\u201d en nuestro pa\u00eds.<br \/>\nPero entonces, \u00bfcu\u00e1nto de oro en realidad perdi\u00f3 Bolivia si de esa cantidad de producci\u00f3n solo 30 % fue aprovechado por el Estado?, pregunt\u00f3 entonces a Carrillo Br\u00fajula Digital.<br \/>\n\u201cSeguramente el doble, es decir, seguro que producimos m\u00e1s de 40 t, y deber\u00edamos haber exportado por un valor superior a los $us 2.000 MM\u201d, apunt\u00f3 el experto.<\/p>\n<p>PER\u00da<br \/>\nPero la sorpresa para el Estado no termina aqu\u00ed. Sucede que las colas de rebalse y lamas en desuso que echan las cooperativas mineras, son apetecidas por empresas mineras que llegan desde el Per\u00fa.<br \/>\n\u201cLas colas o \u00f1atas (lamas en desuso) se acumulan y son las mismas empresas peruanas que est\u00e1n comprando estas colas a las cooperativas\u201d, puso el dedo sobre la llaga el vicepresidente de la Federaci\u00f3n de Cooperativas Mineras de La Paz (Fecomin), F\u00e9lix Mamani Mart\u00ednez.<br \/>\nSeg\u00fan el dirigente minero los peruanos pagan en promedio \u201c$us 400 por volqueta\u201d, es decir, \u201canalizan cu\u00e1ntos gramos de oro tienen las colas de rebalse por tonelada y luego vienen con camiones de alto tonelaje para llevarse oro impregnado en lama desecha\u201d.<br \/>\n\u00bfQu\u00e9 factores inciden en una significativa p\u00e9rdida de oro y por lo tanto, de ingresos para las cooperativas y divisas para el Estado?, pregunt\u00f3 Br\u00fajula Digital a Carrillo.<br \/>\n\u201cLa carencia de tecnolog\u00eda, falta de planificaci\u00f3n geol\u00f3gica, pero adem\u00e1s, uso indiscriminado y p\u00e9sima administraci\u00f3n de mercurio, contribuyen a desechar oro, cada d\u00eda en el Estado\u201d, respondi\u00f3 el experto.<br \/>\nSeg\u00fan Beltr\u00e1n, llegan a 1.700 el n\u00famero de cooperativas que producen oro en Bolivia.<br \/>\nUn efecto inmediato de esta situaci\u00f3n es que el 90 % de la producci\u00f3n total de oro que explota diariamente el pa\u00eds, proviene de las cooperativas.<br \/>\nEn este momento no existe ninguna empresa de escala industrial que \u00e9ste presente en la producci\u00f3n mensual, apunt\u00f3.<br \/>\n\u201cPor lo tanto la presencia e importancia que tienen las cooperativas hoy en Bolivia es fundamental para la producci\u00f3n de oro\u201d, acot\u00f3.<\/p>\n<p>EXPLOTACI\u00d3N<br \/>\nPara Carrillo, la producci\u00f3n de oro en nuestro pa\u00eds \u201ces improvisada y ciega, ni siguiera solo tuerta, a diferencia de lo que pasa en otras naciones como el Per\u00fa o Colombia, donde lograron tecnificar la producci\u00f3n del metal precioso y aprovechar, cada gramo que explotan\u201d.<br \/>\n\u201cNuestras cooperativas mineras ninguna hace geolog\u00eda, realiza un estudio de ley de los yacimientos que tienen o poseen para explotar oro, en definitiva no les interesa\u201d, dijo Carrillo.<br \/>\n\u00bfPero en que se traduce est\u00e1 negligencia operacional minera?, volvi\u00f3 a solicitar este medio precisiones al experto en explotaci\u00f3n minera.<br \/>\n\u201cTrabajan a ciegas, extraen el mineral de la mina, lo procesa (refinaci\u00f3n artesanalmente) y solo a fin de mes conocen si la roca que lograron transformar es rico o pobre de acuerdo a la cantidad de oro que puedan recuperar al t\u00e9rmino de la fabricaci\u00f3n\u201d, respondi\u00f3.<br \/>\nEl mercurio suma problemas de eficiencia y contaminaci\u00f3n al medioambiente<br \/>\nSobre mojado, llovido, se\u00f1ala el adagio popular y eso sucede en la explotaci\u00f3n del oro.<br \/>\nA la falta de eficiencia para recuperar el 100 % de la producci\u00f3n de oro, el uso del mercurio suma problemas pues no solo contribuye a la p\u00e9rdida de miles de gramos del metal precioso, sino, a da\u00f1ar severamente el medioambiente.<br \/>\nEl mercurio se usa para separar y extraer el oro de las rocas o piedras en las que se encuentra.<br \/>\nEn ese sentido, el mercurio se adhiere al oro formando una amalgama que facilita su separaci\u00f3n de la roca, arena u otro material. Luego se calienta la amalgama para que se evapore el mercurio y quede el oro.<br \/>\n\u201cSucede que cuando todo el mineral se amalgama en molinos, es decir, la mezcla de oro libre o aluvial con mercurio, se pierde m\u00e1s sustancia con respecto al oro recuperado, que bien podr\u00eda llegar a ser incluso mayor a un 10 %, y esto explic\u00f3 porque que existe en el pa\u00eds un elevado consumo de este material en el Estado\u201d, explic\u00f3 Carrillo.<br \/>\nEn conclusi\u00f3n, como las cooperativas utilizan este m\u00e9todo para extraer oro, es decir, mezclar la roca con mercurio para extraer el oro, deja como resultado un nivel significativamente bajo de eficiencia para recuperar la mayor cantidad del metal precioso.<br \/>\nSeg\u00fan Mamani, las cooperativas mineras tienen inter\u00e9s en mejorar los m\u00e9todos de explotaci\u00f3n de oro en el Estado.<br \/>\n\u201cEn Bolivia, en miner\u00eda, a\u00fan estamos muy atrasados, seguimos utilizando sistemas de hace m\u00e1s de Siglo atr\u00e1s y lo que esperamos, con asistencia de BGI, es mejorar, asumir otro tipo de experiencias, de m\u00e9todos que nos permita aprovechar cada gramo de oro\u201d, dijo Mamani.<br \/>\nPara esto, el dirigente considera que tanto la cooperaci\u00f3n como el Gobierno deber\u00edan trabajar en reformas puntuales a la Ley de Miner\u00eda.<br \/>\n\u201cEn el Per\u00fa, por ejemplo, el r\u00e9gimen legal que tienen para las cooperativas es claro, di\u00e1fano y preciso, y en Bolivia, al rev\u00e9s\u201d, apunt\u00f3. (Br\u00fajula Digital)<\/p>\n","protected":false},"excerpt":{"rendered":"<p>Qui\u00e9n podr\u00eda imaginar que solo el 30 % de la producci\u00f3n diaria de oro que explotan miles de cooperativas mineras en el norte del departamento de La Paz y el cord\u00f3n amaz\u00f3nico del territorio es aprovechado, mientras que el restante 70 %, termina en colas de rebalse y lamas en desuso que compran empresas del [&hellip;]<\/p>\n","protected":false},"author":1,"featured_media":8212,"comment_status":"closed","ping_status":"closed","sticky":false,"template":"","format":"standard","meta":{"_acf_changed":false,"footnotes":""},"categories":[7],"tags":[],"class_list":["post-8211","post","type-post","status-publish","format-standard","has-post-thumbnail","category-economia"],"acf":{"antetitulo":""},"yoast_head":"<!-- This site is optimized with the Yoast SEO plugin v28.3 - https:\/\/yoast.com\/product\/yoast-seo-wordpress\/ -->\n<title>Per\u00fa compra 70 % de producci\u00f3n de oro en desuso - El Diario - Bolivia<\/title>\n<meta name=\"robots\" content=\"index, follow, max-snippet:-1, max-image-preview:large, max-video-preview:-1\" \/>\n<link rel=\"canonical\" href=\"https:\/\/www.eldiario.net\/portal\/2021\/06\/04\/peru-compra-70-de-produccion-de-oro-en-desuso\/\" \/>\n<meta property=\"og:locale\" content=\"es_ES\" \/>\n<meta property=\"og:type\" content=\"article\" \/>\n<meta property=\"og:title\" content=\"Per\u00fa compra 70 % de producci\u00f3n de oro en desuso - El Diario - Bolivia\" \/>\n<meta property=\"og:description\" content=\"Qui\u00e9n podr\u00eda imaginar que solo el 30 % de la producci\u00f3n diaria de oro que explotan miles de cooperativas mineras en el norte del departamento de La Paz y el cord\u00f3n amaz\u00f3nico del territorio es aprovechado, mientras que el restante 70 %, termina en colas de rebalse y lamas en desuso que compran empresas del [&hellip;]\" \/>\n<meta property=\"og:url\" content=\"https:\/\/www.eldiario.net\/portal\/2021\/06\/04\/peru-compra-70-de-produccion-de-oro-en-desuso\/\" \/>\n<meta property=\"og:site_name\" content=\"El Diario - Bolivia\" \/>\n<meta property=\"article:publisher\" content=\"https:\/\/www.facebook.com\/eldiario.bolivia\/\" \/>\n<meta property=\"article:published_time\" content=\"2021-06-04T10:17:30+00:00\" \/>\n<meta property=\"og:image\" content=\"https:\/\/www.eldiario.net\/portal\/wp-content\/uploads\/2021\/06\/Oro-La-Paz-Peru.jpg\" \/>\n\t<meta property=\"og:image:width\" content=\"720\" \/>\n\t<meta property=\"og:image:height\" content=\"399\" \/>\n\t<meta property=\"og:image:type\" content=\"image\/jpeg\" \/>\n<meta name=\"author\" content=\"Jeanette\" \/>\n<meta name=\"twitter:card\" content=\"summary_large_image\" \/>\n<meta name=\"twitter:creator\" content=\"@eldiario_net\" \/>\n<meta name=\"twitter:site\" content=\"@eldiario_net\" \/>\n<meta name=\"twitter:label1\" content=\"Escrito por\" \/>\n\t<meta name=\"twitter:data1\" content=\"Jeanette\" \/>\n\t<meta name=\"twitter:label2\" content=\"Tiempo de lectura\" \/>\n\t<meta name=\"twitter:data2\" content=\"5 minutos\" \/>\n<script type=\"application\/ld+json\" class=\"yoast-schema-graph\">{\"@context\":\"https:\\\/\\\/schema.org\",\"@graph\":[{\"@type\":\"Article\",\"@id\":\"https:\\\/\\\/www.eldiario.net\\\/portal\\\/2021\\\/06\\\/04\\\/peru-compra-70-de-produccion-de-oro-en-desuso\\\/#article\",\"isPartOf\":{\"@id\":\"https:\\\/\\\/www.eldiario.net\\\/portal\\\/2021\\\/06\\\/04\\\/peru-compra-70-de-produccion-de-oro-en-desuso\\\/\"},\"author\":{\"name\":\"Jeanette\",\"@id\":\"https:\\\/\\\/www.eldiario.net\\\/portal\\\/#\\\/schema\\\/person\\\/f46445640444750d7d753ccd04ae01b7\"},\"headline\":\"Per\u00fa compra 70 % de producci\u00f3n de oro en desuso\",\"datePublished\":\"2021-06-04T10:17:30+00:00\",\"mainEntityOfPage\":{\"@id\":\"https:\\\/\\\/www.eldiario.net\\\/portal\\\/2021\\\/06\\\/04\\\/peru-compra-70-de-produccion-de-oro-en-desuso\\\/\"},\"wordCount\":1075,\"publisher\":{\"@id\":\"https:\\\/\\\/www.eldiario.net\\\/portal\\\/#organization\"},\"image\":{\"@id\":\"https:\\\/\\\/www.eldiario.net\\\/portal\\\/2021\\\/06\\\/04\\\/peru-compra-70-de-produccion-de-oro-en-desuso\\\/#primaryimage\"},\"thumbnailUrl\":\"https:\\\/\\\/www.eldiario.net\\\/portal\\\/wp-content\\\/uploads\\\/2021\\\/06\\\/Oro-La-Paz-Peru.jpg\",\"articleSection\":[\"Econom\u00eda\"],\"inLanguage\":\"es\"},{\"@type\":\"WebPage\",\"@id\":\"https:\\\/\\\/www.eldiario.net\\\/portal\\\/2021\\\/06\\\/04\\\/peru-compra-70-de-produccion-de-oro-en-desuso\\\/\",\"url\":\"https:\\\/\\\/www.eldiario.net\\\/portal\\\/2021\\\/06\\\/04\\\/peru-compra-70-de-produccion-de-oro-en-desuso\\\/\",\"name\":\"Per\u00fa compra 70 % de producci\u00f3n de oro en desuso - El Diario - Bolivia\",\"isPartOf\":{\"@id\":\"https:\\\/\\\/www.eldiario.net\\\/portal\\\/#website\"},\"primaryImageOfPage\":{\"@id\":\"https:\\\/\\\/www.eldiario.net\\\/portal\\\/2021\\\/06\\\/04\\\/peru-compra-70-de-produccion-de-oro-en-desuso\\\/#primaryimage\"},\"image\":{\"@id\":\"https:\\\/\\\/www.eldiario.net\\\/portal\\\/2021\\\/06\\\/04\\\/peru-compra-70-de-produccion-de-oro-en-desuso\\\/#primaryimage\"},\"thumbnailUrl\":\"https:\\\/\\\/www.eldiario.net\\\/portal\\\/wp-content\\\/uploads\\\/2021\\\/06\\\/Oro-La-Paz-Peru.jpg\",\"datePublished\":\"2021-06-04T10:17:30+00:00\",\"breadcrumb\":{\"@id\":\"https:\\\/\\\/www.eldiario.net\\\/portal\\\/2021\\\/06\\\/04\\\/peru-compra-70-de-produccion-de-oro-en-desuso\\\/#breadcrumb\"},\"inLanguage\":\"es\",\"potentialAction\":[{\"@type\":\"ReadAction\",\"target\":[\"https:\\\/\\\/www.eldiario.net\\\/portal\\\/2021\\\/06\\\/04\\\/peru-compra-70-de-produccion-de-oro-en-desuso\\\/\"]}]},{\"@type\":\"ImageObject\",\"inLanguage\":\"es\",\"@id\":\"https:\\\/\\\/www.eldiario.net\\\/portal\\\/2021\\\/06\\\/04\\\/peru-compra-70-de-produccion-de-oro-en-desuso\\\/#primaryimage\",\"url\":\"https:\\\/\\\/www.eldiario.net\\\/portal\\\/wp-content\\\/uploads\\\/2021\\\/06\\\/Oro-La-Paz-Peru.jpg\",\"contentUrl\":\"https:\\\/\\\/www.eldiario.net\\\/portal\\\/wp-content\\\/uploads\\\/2021\\\/06\\\/Oro-La-Paz-Peru.jpg\",\"width\":720,\"height\":399},{\"@type\":\"BreadcrumbList\",\"@id\":\"https:\\\/\\\/www.eldiario.net\\\/portal\\\/2021\\\/06\\\/04\\\/peru-compra-70-de-produccion-de-oro-en-desuso\\\/#breadcrumb\",\"itemListElement\":[{\"@type\":\"ListItem\",\"position\":1,\"name\":\"Portada\",\"item\":\"https:\\\/\\\/www.eldiario.net\\\/portal\\\/\"},{\"@type\":\"ListItem\",\"position\":2,\"name\":\"Per\u00fa compra 70 % de producci\u00f3n de oro en desuso\"}]},{\"@type\":\"WebSite\",\"@id\":\"https:\\\/\\\/www.eldiario.net\\\/portal\\\/#website\",\"url\":\"https:\\\/\\\/www.eldiario.net\\\/portal\\\/\",\"name\":\"El Diario - Decano de la prensa nacional\",\"description\":\"El Diario - Decano de la prensa nacional\",\"publisher\":{\"@id\":\"https:\\\/\\\/www.eldiario.net\\\/portal\\\/#organization\"},\"potentialAction\":[{\"@type\":\"SearchAction\",\"target\":{\"@type\":\"EntryPoint\",\"urlTemplate\":\"https:\\\/\\\/www.eldiario.net\\\/portal\\\/?s={search_term_string}\"},\"query-input\":{\"@type\":\"PropertyValueSpecification\",\"valueRequired\":true,\"valueName\":\"search_term_string\"}}],\"inLanguage\":\"es\"},{\"@type\":\"Organization\",\"@id\":\"https:\\\/\\\/www.eldiario.net\\\/portal\\\/#organization\",\"name\":\"El Diario - Decano de la prensa nacional\",\"url\":\"https:\\\/\\\/www.eldiario.net\\\/portal\\\/\",\"logo\":{\"@type\":\"ImageObject\",\"inLanguage\":\"es\",\"@id\":\"https:\\\/\\\/www.eldiario.net\\\/portal\\\/#\\\/schema\\\/logo\\\/image\\\/\",\"url\":\"https:\\\/\\\/www.eldiario.net\\\/portal\\\/wp-content\\\/uploads\\\/2023\\\/07\\\/logo_ED.jpg\",\"contentUrl\":\"https:\\\/\\\/www.eldiario.net\\\/portal\\\/wp-content\\\/uploads\\\/2023\\\/07\\\/logo_ED.jpg\",\"width\":272,\"height\":52,\"caption\":\"El Diario - Decano de la prensa nacional\"},\"image\":{\"@id\":\"https:\\\/\\\/www.eldiario.net\\\/portal\\\/#\\\/schema\\\/logo\\\/image\\\/\"},\"sameAs\":[\"https:\\\/\\\/www.facebook.com\\\/eldiario.bolivia\\\/\",\"https:\\\/\\\/x.com\\\/eldiario_net\"]},{\"@type\":\"Person\",\"@id\":\"https:\\\/\\\/www.eldiario.net\\\/portal\\\/#\\\/schema\\\/person\\\/f46445640444750d7d753ccd04ae01b7\",\"name\":\"Jeanette\",\"image\":{\"@type\":\"ImageObject\",\"inLanguage\":\"es\",\"@id\":\"https:\\\/\\\/secure.gravatar.com\\\/avatar\\\/3ea2118a5f7dad2b7138b1187a6b7ee55f160b9968b66013c3a3ef39dd7e5798?s=96&d=mm&r=g\",\"url\":\"https:\\\/\\\/secure.gravatar.com\\\/avatar\\\/3ea2118a5f7dad2b7138b1187a6b7ee55f160b9968b66013c3a3ef39dd7e5798?s=96&d=mm&r=g\",\"contentUrl\":\"https:\\\/\\\/secure.gravatar.com\\\/avatar\\\/3ea2118a5f7dad2b7138b1187a6b7ee55f160b9968b66013c3a3ef39dd7e5798?s=96&d=mm&r=g\",\"caption\":\"Jeanette\"},\"sameAs\":[\"https:\\\/\\\/www.eldiario.net\\\/portal\"],\"url\":\"https:\\\/\\\/www.eldiario.net\\\/portal\\\/author\\\/jeanette\\\/\"}]}<\/script>\n<!-- \/ Yoast SEO plugin. -->","yoast_head_json":{"title":"Per\u00fa compra 70 % de producci\u00f3n de oro en desuso - El Diario - Bolivia","robots":{"index":"index","follow":"follow","max-snippet":"max-snippet:-1","max-image-preview":"max-image-preview:large","max-video-preview":"max-video-preview:-1"},"canonical":"https:\/\/www.eldiario.net\/portal\/2021\/06\/04\/peru-compra-70-de-produccion-de-oro-en-desuso\/","og_locale":"es_ES","og_type":"article","og_title":"Per\u00fa compra 70 % de producci\u00f3n de oro en desuso - El Diario - Bolivia","og_description":"Qui\u00e9n podr\u00eda imaginar que solo el 30 % de la producci\u00f3n diaria de oro que explotan miles de cooperativas mineras en el norte del departamento de La Paz y el cord\u00f3n amaz\u00f3nico del territorio es aprovechado, mientras que el restante 70 %, termina en colas de rebalse y lamas en desuso que compran empresas del [&hellip;]","og_url":"https:\/\/www.eldiario.net\/portal\/2021\/06\/04\/peru-compra-70-de-produccion-de-oro-en-desuso\/","og_site_name":"El Diario - Bolivia","article_publisher":"https:\/\/www.facebook.com\/eldiario.bolivia\/","article_published_time":"2021-06-04T10:17:30+00:00","og_image":[{"width":720,"height":399,"url":"https:\/\/www.eldiario.net\/portal\/wp-content\/uploads\/2021\/06\/Oro-La-Paz-Peru.jpg","type":"image\/jpeg"}],"author":"Jeanette","twitter_card":"summary_large_image","twitter_creator":"@eldiario_net","twitter_site":"@eldiario_net","twitter_misc":{"Escrito por":"Jeanette","Tiempo de lectura":"5 minutos"},"schema":{"@context":"https:\/\/schema.org","@graph":[{"@type":"Article","@id":"https:\/\/www.eldiario.net\/portal\/2021\/06\/04\/peru-compra-70-de-produccion-de-oro-en-desuso\/#article","isPartOf":{"@id":"https:\/\/www.eldiario.net\/portal\/2021\/06\/04\/peru-compra-70-de-produccion-de-oro-en-desuso\/"},"author":{"name":"Jeanette","@id":"https:\/\/www.eldiario.net\/portal\/#\/schema\/person\/f46445640444750d7d753ccd04ae01b7"},"headline":"Per\u00fa compra 70 % de producci\u00f3n de oro en desuso","datePublished":"2021-06-04T10:17:30+00:00","mainEntityOfPage":{"@id":"https:\/\/www.eldiario.net\/portal\/2021\/06\/04\/peru-compra-70-de-produccion-de-oro-en-desuso\/"},"wordCount":1075,"publisher":{"@id":"https:\/\/www.eldiario.net\/portal\/#organization"},"image":{"@id":"https:\/\/www.eldiario.net\/portal\/2021\/06\/04\/peru-compra-70-de-produccion-de-oro-en-desuso\/#primaryimage"},"thumbnailUrl":"https:\/\/www.eldiario.net\/portal\/wp-content\/uploads\/2021\/06\/Oro-La-Paz-Peru.jpg","articleSection":["Econom\u00eda"],"inLanguage":"es"},{"@type":"WebPage","@id":"https:\/\/www.eldiario.net\/portal\/2021\/06\/04\/peru-compra-70-de-produccion-de-oro-en-desuso\/","url":"https:\/\/www.eldiario.net\/portal\/2021\/06\/04\/peru-compra-70-de-produccion-de-oro-en-desuso\/","name":"Per\u00fa compra 70 % de producci\u00f3n de oro en desuso - El Diario - Bolivia","isPartOf":{"@id":"https:\/\/www.eldiario.net\/portal\/#website"},"primaryImageOfPage":{"@id":"https:\/\/www.eldiario.net\/portal\/2021\/06\/04\/peru-compra-70-de-produccion-de-oro-en-desuso\/#primaryimage"},"image":{"@id":"https:\/\/www.eldiario.net\/portal\/2021\/06\/04\/peru-compra-70-de-produccion-de-oro-en-desuso\/#primaryimage"},"thumbnailUrl":"https:\/\/www.eldiario.net\/portal\/wp-content\/uploads\/2021\/06\/Oro-La-Paz-Peru.jpg","datePublished":"2021-06-04T10:17:30+00:00","breadcrumb":{"@id":"https:\/\/www.eldiario.net\/portal\/2021\/06\/04\/peru-compra-70-de-produccion-de-oro-en-desuso\/#breadcrumb"},"inLanguage":"es","potentialAction":[{"@type":"ReadAction","target":["https:\/\/www.eldiario.net\/portal\/2021\/06\/04\/peru-compra-70-de-produccion-de-oro-en-desuso\/"]}]},{"@type":"ImageObject","inLanguage":"es","@id":"https:\/\/www.eldiario.net\/portal\/2021\/06\/04\/peru-compra-70-de-produccion-de-oro-en-desuso\/#primaryimage","url":"https:\/\/www.eldiario.net\/portal\/wp-content\/uploads\/2021\/06\/Oro-La-Paz-Peru.jpg","contentUrl":"https:\/\/www.eldiario.net\/portal\/wp-content\/uploads\/2021\/06\/Oro-La-Paz-Peru.jpg","width":720,"height":399},{"@type":"BreadcrumbList","@id":"https:\/\/www.eldiario.net\/portal\/2021\/06\/04\/peru-compra-70-de-produccion-de-oro-en-desuso\/#breadcrumb","itemListElement":[{"@type":"ListItem","position":1,"name":"Portada","item":"https:\/\/www.eldiario.net\/portal\/"},{"@type":"ListItem","position":2,"name":"Per\u00fa compra 70 % de producci\u00f3n de oro en desuso"}]},{"@type":"WebSite","@id":"https:\/\/www.eldiario.net\/portal\/#website","url":"https:\/\/www.eldiario.net\/portal\/","name":"El Diario - Decano de la prensa nacional","description":"El Diario - Decano de la prensa nacional","publisher":{"@id":"https:\/\/www.eldiario.net\/portal\/#organization"},"potentialAction":[{"@type":"SearchAction","target":{"@type":"EntryPoint","urlTemplate":"https:\/\/www.eldiario.net\/portal\/?s={search_term_string}"},"query-input":{"@type":"PropertyValueSpecification","valueRequired":true,"valueName":"search_term_string"}}],"inLanguage":"es"},{"@type":"Organization","@id":"https:\/\/www.eldiario.net\/portal\/#organization","name":"El Diario - Decano de la prensa nacional","url":"https:\/\/www.eldiario.net\/portal\/","logo":{"@type":"ImageObject","inLanguage":"es","@id":"https:\/\/www.eldiario.net\/portal\/#\/schema\/logo\/image\/","url":"https:\/\/www.eldiario.net\/portal\/wp-content\/uploads\/2023\/07\/logo_ED.jpg","contentUrl":"https:\/\/www.eldiario.net\/portal\/wp-content\/uploads\/2023\/07\/logo_ED.jpg","width":272,"height":52,"caption":"El Diario - Decano de la prensa nacional"},"image":{"@id":"https:\/\/www.eldiario.net\/portal\/#\/schema\/logo\/image\/"},"sameAs":["https:\/\/www.facebook.com\/eldiario.bolivia\/","https:\/\/x.com\/eldiario_net"]},{"@type":"Person","@id":"https:\/\/www.eldiario.net\/portal\/#\/schema\/person\/f46445640444750d7d753ccd04ae01b7","name":"Jeanette","image":{"@type":"ImageObject","inLanguage":"es","@id":"https:\/\/secure.gravatar.com\/avatar\/3ea2118a5f7dad2b7138b1187a6b7ee55f160b9968b66013c3a3ef39dd7e5798?s=96&d=mm&r=g","url":"https:\/\/secure.gravatar.com\/avatar\/3ea2118a5f7dad2b7138b1187a6b7ee55f160b9968b66013c3a3ef39dd7e5798?s=96&d=mm&r=g","contentUrl":"https:\/\/secure.gravatar.com\/avatar\/3ea2118a5f7dad2b7138b1187a6b7ee55f160b9968b66013c3a3ef39dd7e5798?s=96&d=mm&r=g","caption":"Jeanette"},"sameAs":["https:\/\/www.eldiario.net\/portal"],"url":"https:\/\/www.eldiario.net\/portal\/author\/jeanette\/"}]}},"_links":{"self":[{"href":"https:\/\/www.eldiario.net\/portal\/wp-json\/wp\/v2\/posts\/8211","targetHints":{"allow":["GET"]}}],"collection":[{"href":"https:\/\/www.eldiario.net\/portal\/wp-json\/wp\/v2\/posts"}],"about":[{"href":"https:\/\/www.eldiario.net\/portal\/wp-json\/wp\/v2\/types\/post"}],"author":[{"embeddable":true,"href":"https:\/\/www.eldiario.net\/portal\/wp-json\/wp\/v2\/users\/1"}],"replies":[{"embeddable":true,"href":"https:\/\/www.eldiario.net\/portal\/wp-json\/wp\/v2\/comments?post=8211"}],"version-history":[{"count":0,"href":"https:\/\/www.eldiario.net\/portal\/wp-json\/wp\/v2\/posts\/8211\/revisions"}],"wp:featuredmedia":[{"embeddable":true,"href":"https:\/\/www.eldiario.net\/portal\/wp-json\/wp\/v2\/media\/8212"}],"wp:attachment":[{"href":"https:\/\/www.eldiario.net\/portal\/wp-json\/wp\/v2\/media?parent=8211"}],"wp:term":[{"taxonomy":"category","embeddable":true,"href":"https:\/\/www.eldiario.net\/portal\/wp-json\/wp\/v2\/categories?post=8211"},{"taxonomy":"post_tag","embeddable":true,"href":"https:\/\/www.eldiario.net\/portal\/wp-json\/wp\/v2\/tags?post=8211"}],"curies":[{"name":"wp","href":"https:\/\/api.w.org\/{rel}","templated":true}]}}