{"id":8208,"date":"2021-06-04T06:16:12","date_gmt":"2021-06-04T10:16:12","guid":{"rendered":"https:\/\/www.eldiario.net\/portal\/?p=8208"},"modified":"2021-06-04T06:16:12","modified_gmt":"2021-06-04T10:16:12","slug":"es-imposible-repoblamiento-de-animales-en-bosque-chiquitano","status":"publish","type":"post","link":"https:\/\/www.eldiario.net\/portal\/2021\/06\/04\/es-imposible-repoblamiento-de-animales-en-bosque-chiquitano\/","title":{"rendered":"\u201cEs imposible repoblamiento de  animales en bosque chiquitano\u201d"},"content":{"rendered":"<p>El director general de Biodiversidad y \u00c1reas Protegidas, Enzo Aliaga, desestim\u00f3 un posible repoblamiento de animales en la Chiquitania por factores econ\u00f3micos y biol\u00f3gicos, donde el a\u00f1o 2019 se perdieron, seg\u00fan un estudio del Instituto de Ecolog\u00eda de la carrera de Biolog\u00eda de la Universidad Mayor de San Andr\u00e9s (UMSA), cerca de 6 millones de mam\u00edferos en los incendios de 2019 en la regi\u00f3n chiquitana.<br \/>\n\u201cEl 2019 se quemaron bosques y fue devastador; una de las primeras cosas son los programas forestales, se tienen varias acciones como la reforestaci\u00f3n, restauraci\u00f3n en la zona afectada y ver c\u00f3mo protegerla para que se reconstituya nuevamente, pero en el caso de fauna no se puede hacer nada\u201d, dijo a Br\u00fajula Digital.<br \/>\nAliaga se\u00f1al\u00f3 que desconoce el estudio del Instituto de Ecolog\u00eda. \u201cNo s\u00e9 si est\u00e1n basadas en algunas estimaciones o modelos porque ah\u00ed se puede poner cualquier cosa, imag\u00ednese: ratones. Ni se tiene idea de la poblaci\u00f3n de ratones, la otra forma es ver si hay jochi cada hect\u00e1rea, y s\u00ed se han quemado dos millones de hect\u00e1reas han muerto 200 jochis, pero eso no quiere decir que los jochis utilicen toda la superficie\u201d.<br \/>\nSeg\u00fan el director general de Biodiversidad y \u00c1reas Protegidas, los animales que murieron en el bosque chiquitano no son reemplazables, pues fueron producto de la evoluci\u00f3n de millones de a\u00f1os.<br \/>\n\u201cNo se trata de llevar ratones de Puerto Quijarro a la Chiquitan\u00eda, solo en murci\u00e9lagos hay 100 especies en el pa\u00eds y no se las puede llevar de un lado a otro. Lo que se espera es que los sobrevivientes vayan repoblando poco a poco\u201d, se\u00f1al\u00f3.<br \/>\nEl otro problema que identific\u00f3 es el presupuesto \u201cexorbitante\u201d que requerir\u00eda cualquier programa de repoblamiento masivo de animales.<br \/>\nIdentific\u00f3 tambi\u00e9n como otra amenaza para la vida silvestre de la Chiquitan\u00eda, la caza furtiva, pues dijo que en los incendios de 2019 hubo gente de la ciudad a cazar animales que hu\u00edan del fuego.<br \/>\n\u201cEncima de que ya est\u00e1n afectad\u00edsimos por los incendios son cazados, por eso emitimos un decreto que proh\u00edbe la caza deportiva de animales en el pa\u00eds\u201d, dijo.<br \/>\nEn cuanto a los animales de los santuarios o centros de acogidas de animales dijo que no se adaptan a la vida en el bosque, pues \u201ctienen da\u00f1os f\u00edsicos, incluso da\u00f1os psicol\u00f3gicos, pero es como es\u201d.<br \/>\nEl dato del estudio habla de 5.914.527 individuos que perdieron la vida en los incendios ocurridos en 2019, que quemaron m\u00e1s de 2 millones de hect\u00e1reas de bosque chiquitano en Bolivia.<br \/>\nEl estudio \u201cMuertes de mam\u00edferos por los incendios de 2019 en la Chiquitan\u00eda\u201d elaborado por Luis Pacheco, Lineth Quispe, Fabiola Su\u00e1rez, Mauricio Ocampo y \u00c1ngel Claure, us\u00f3 herramientas te\u00f3ricas basadas en alometr\u00eda.<br \/>\n\u201cEstimamos que el n\u00famero de mam\u00edferos muertos directamente por fuego fue de aproximadamente 5.914.527 individuos. La mayor\u00eda ocurri\u00f3 en \u00e1reas protegidas y con n\u00fameros por especie que var\u00edan entre cuatro individuos de jaguar hasta 3.6 millones de roedores\u201d, se\u00f1ala el informe.<br \/>\nEl trabajo de los bi\u00f3logos se\u00f1ala que estimaciones basadas en un muestreo en terrero indican la posible muerte de 3.060 individuos de Tayassu pecari y 6.220 de Pecari tajacu. (Br\u00fajula Digital)<\/p>\n","protected":false},"excerpt":{"rendered":"<p>El director general de Biodiversidad y \u00c1reas Protegidas, Enzo Aliaga, desestim\u00f3 un posible repoblamiento de animales en la Chiquitania por factores econ\u00f3micos y biol\u00f3gicos, donde el a\u00f1o 2019 se perdieron, seg\u00fan un estudio del Instituto de Ecolog\u00eda de la carrera de Biolog\u00eda de la Universidad Mayor de San Andr\u00e9s (UMSA), cerca de 6 millones de [&hellip;]<\/p>\n","protected":false},"author":1,"featured_media":8209,"comment_status":"closed","ping_status":"closed","sticky":false,"template":"","format":"standard","meta":{"_acf_changed":false,"footnotes":""},"categories":[7],"tags":[],"class_list":["post-8208","post","type-post","status-publish","format-standard","has-post-thumbnail","category-economia"],"acf":{"antetitulo":""},"yoast_head":"<!-- This site is optimized with the Yoast SEO plugin v28.3 - https:\/\/yoast.com\/product\/yoast-seo-wordpress\/ -->\n<title>\u201cEs imposible repoblamiento de animales en bosque chiquitano\u201d - El Diario - Bolivia<\/title>\n<meta name=\"robots\" content=\"index, follow, max-snippet:-1, max-image-preview:large, max-video-preview:-1\" \/>\n<link rel=\"canonical\" href=\"https:\/\/www.eldiario.net\/portal\/2021\/06\/04\/es-imposible-repoblamiento-de-animales-en-bosque-chiquitano\/\" \/>\n<meta property=\"og:locale\" content=\"es_ES\" \/>\n<meta property=\"og:type\" content=\"article\" \/>\n<meta property=\"og:title\" content=\"\u201cEs imposible repoblamiento de animales en bosque chiquitano\u201d - El Diario - Bolivia\" \/>\n<meta property=\"og:description\" content=\"El director general de Biodiversidad y \u00c1reas Protegidas, Enzo Aliaga, desestim\u00f3 un posible repoblamiento de animales en la Chiquitania por factores econ\u00f3micos y biol\u00f3gicos, donde el a\u00f1o 2019 se perdieron, seg\u00fan un estudio del Instituto de Ecolog\u00eda de la carrera de Biolog\u00eda de la Universidad Mayor de San Andr\u00e9s (UMSA), cerca de 6 millones de [&hellip;]\" \/>\n<meta property=\"og:url\" content=\"https:\/\/www.eldiario.net\/portal\/2021\/06\/04\/es-imposible-repoblamiento-de-animales-en-bosque-chiquitano\/\" \/>\n<meta property=\"og:site_name\" content=\"El Diario - Bolivia\" \/>\n<meta property=\"article:publisher\" content=\"https:\/\/www.facebook.com\/eldiario.bolivia\/\" \/>\n<meta property=\"article:published_time\" content=\"2021-06-04T10:16:12+00:00\" \/>\n<meta property=\"og:image\" content=\"https:\/\/www.eldiario.net\/portal\/wp-content\/uploads\/2021\/06\/Biodiversidad.jpg\" \/>\n\t<meta property=\"og:image:width\" content=\"720\" \/>\n\t<meta property=\"og:image:height\" content=\"399\" \/>\n\t<meta property=\"og:image:type\" content=\"image\/jpeg\" \/>\n<meta name=\"author\" content=\"Jeanette\" \/>\n<meta name=\"twitter:card\" content=\"summary_large_image\" \/>\n<meta name=\"twitter:creator\" content=\"@eldiario_net\" \/>\n<meta name=\"twitter:site\" content=\"@eldiario_net\" \/>\n<meta name=\"twitter:label1\" content=\"Escrito por\" \/>\n\t<meta name=\"twitter:data1\" content=\"Jeanette\" \/>\n\t<meta name=\"twitter:label2\" content=\"Tiempo de lectura\" \/>\n\t<meta name=\"twitter:data2\" content=\"3 minutos\" \/>\n<script type=\"application\/ld+json\" class=\"yoast-schema-graph\">{\"@context\":\"https:\\\/\\\/schema.org\",\"@graph\":[{\"@type\":\"Article\",\"@id\":\"https:\\\/\\\/www.eldiario.net\\\/portal\\\/2021\\\/06\\\/04\\\/es-imposible-repoblamiento-de-animales-en-bosque-chiquitano\\\/#article\",\"isPartOf\":{\"@id\":\"https:\\\/\\\/www.eldiario.net\\\/portal\\\/2021\\\/06\\\/04\\\/es-imposible-repoblamiento-de-animales-en-bosque-chiquitano\\\/\"},\"author\":{\"name\":\"Jeanette\",\"@id\":\"https:\\\/\\\/www.eldiario.net\\\/portal\\\/#\\\/schema\\\/person\\\/f46445640444750d7d753ccd04ae01b7\"},\"headline\":\"\u201cEs imposible repoblamiento de animales en bosque chiquitano\u201d\",\"datePublished\":\"2021-06-04T10:16:12+00:00\",\"mainEntityOfPage\":{\"@id\":\"https:\\\/\\\/www.eldiario.net\\\/portal\\\/2021\\\/06\\\/04\\\/es-imposible-repoblamiento-de-animales-en-bosque-chiquitano\\\/\"},\"wordCount\":566,\"publisher\":{\"@id\":\"https:\\\/\\\/www.eldiario.net\\\/portal\\\/#organization\"},\"image\":{\"@id\":\"https:\\\/\\\/www.eldiario.net\\\/portal\\\/2021\\\/06\\\/04\\\/es-imposible-repoblamiento-de-animales-en-bosque-chiquitano\\\/#primaryimage\"},\"thumbnailUrl\":\"https:\\\/\\\/www.eldiario.net\\\/portal\\\/wp-content\\\/uploads\\\/2021\\\/06\\\/Biodiversidad.jpg\",\"articleSection\":[\"Econom\u00eda\"],\"inLanguage\":\"es\"},{\"@type\":\"WebPage\",\"@id\":\"https:\\\/\\\/www.eldiario.net\\\/portal\\\/2021\\\/06\\\/04\\\/es-imposible-repoblamiento-de-animales-en-bosque-chiquitano\\\/\",\"url\":\"https:\\\/\\\/www.eldiario.net\\\/portal\\\/2021\\\/06\\\/04\\\/es-imposible-repoblamiento-de-animales-en-bosque-chiquitano\\\/\",\"name\":\"\u201cEs imposible repoblamiento de animales en bosque chiquitano\u201d - El Diario - Bolivia\",\"isPartOf\":{\"@id\":\"https:\\\/\\\/www.eldiario.net\\\/portal\\\/#website\"},\"primaryImageOfPage\":{\"@id\":\"https:\\\/\\\/www.eldiario.net\\\/portal\\\/2021\\\/06\\\/04\\\/es-imposible-repoblamiento-de-animales-en-bosque-chiquitano\\\/#primaryimage\"},\"image\":{\"@id\":\"https:\\\/\\\/www.eldiario.net\\\/portal\\\/2021\\\/06\\\/04\\\/es-imposible-repoblamiento-de-animales-en-bosque-chiquitano\\\/#primaryimage\"},\"thumbnailUrl\":\"https:\\\/\\\/www.eldiario.net\\\/portal\\\/wp-content\\\/uploads\\\/2021\\\/06\\\/Biodiversidad.jpg\",\"datePublished\":\"2021-06-04T10:16:12+00:00\",\"breadcrumb\":{\"@id\":\"https:\\\/\\\/www.eldiario.net\\\/portal\\\/2021\\\/06\\\/04\\\/es-imposible-repoblamiento-de-animales-en-bosque-chiquitano\\\/#breadcrumb\"},\"inLanguage\":\"es\",\"potentialAction\":[{\"@type\":\"ReadAction\",\"target\":[\"https:\\\/\\\/www.eldiario.net\\\/portal\\\/2021\\\/06\\\/04\\\/es-imposible-repoblamiento-de-animales-en-bosque-chiquitano\\\/\"]}]},{\"@type\":\"ImageObject\",\"inLanguage\":\"es\",\"@id\":\"https:\\\/\\\/www.eldiario.net\\\/portal\\\/2021\\\/06\\\/04\\\/es-imposible-repoblamiento-de-animales-en-bosque-chiquitano\\\/#primaryimage\",\"url\":\"https:\\\/\\\/www.eldiario.net\\\/portal\\\/wp-content\\\/uploads\\\/2021\\\/06\\\/Biodiversidad.jpg\",\"contentUrl\":\"https:\\\/\\\/www.eldiario.net\\\/portal\\\/wp-content\\\/uploads\\\/2021\\\/06\\\/Biodiversidad.jpg\",\"width\":720,\"height\":399},{\"@type\":\"BreadcrumbList\",\"@id\":\"https:\\\/\\\/www.eldiario.net\\\/portal\\\/2021\\\/06\\\/04\\\/es-imposible-repoblamiento-de-animales-en-bosque-chiquitano\\\/#breadcrumb\",\"itemListElement\":[{\"@type\":\"ListItem\",\"position\":1,\"name\":\"Portada\",\"item\":\"https:\\\/\\\/www.eldiario.net\\\/portal\\\/\"},{\"@type\":\"ListItem\",\"position\":2,\"name\":\"\u201cEs imposible repoblamiento de animales en bosque chiquitano\u201d\"}]},{\"@type\":\"WebSite\",\"@id\":\"https:\\\/\\\/www.eldiario.net\\\/portal\\\/#website\",\"url\":\"https:\\\/\\\/www.eldiario.net\\\/portal\\\/\",\"name\":\"El Diario - Decano de la prensa nacional\",\"description\":\"El Diario - Decano de la prensa nacional\",\"publisher\":{\"@id\":\"https:\\\/\\\/www.eldiario.net\\\/portal\\\/#organization\"},\"potentialAction\":[{\"@type\":\"SearchAction\",\"target\":{\"@type\":\"EntryPoint\",\"urlTemplate\":\"https:\\\/\\\/www.eldiario.net\\\/portal\\\/?s={search_term_string}\"},\"query-input\":{\"@type\":\"PropertyValueSpecification\",\"valueRequired\":true,\"valueName\":\"search_term_string\"}}],\"inLanguage\":\"es\"},{\"@type\":\"Organization\",\"@id\":\"https:\\\/\\\/www.eldiario.net\\\/portal\\\/#organization\",\"name\":\"El Diario - Decano de la prensa nacional\",\"url\":\"https:\\\/\\\/www.eldiario.net\\\/portal\\\/\",\"logo\":{\"@type\":\"ImageObject\",\"inLanguage\":\"es\",\"@id\":\"https:\\\/\\\/www.eldiario.net\\\/portal\\\/#\\\/schema\\\/logo\\\/image\\\/\",\"url\":\"https:\\\/\\\/www.eldiario.net\\\/portal\\\/wp-content\\\/uploads\\\/2023\\\/07\\\/logo_ED.jpg\",\"contentUrl\":\"https:\\\/\\\/www.eldiario.net\\\/portal\\\/wp-content\\\/uploads\\\/2023\\\/07\\\/logo_ED.jpg\",\"width\":272,\"height\":52,\"caption\":\"El Diario - Decano de la prensa nacional\"},\"image\":{\"@id\":\"https:\\\/\\\/www.eldiario.net\\\/portal\\\/#\\\/schema\\\/logo\\\/image\\\/\"},\"sameAs\":[\"https:\\\/\\\/www.facebook.com\\\/eldiario.bolivia\\\/\",\"https:\\\/\\\/x.com\\\/eldiario_net\"]},{\"@type\":\"Person\",\"@id\":\"https:\\\/\\\/www.eldiario.net\\\/portal\\\/#\\\/schema\\\/person\\\/f46445640444750d7d753ccd04ae01b7\",\"name\":\"Jeanette\",\"image\":{\"@type\":\"ImageObject\",\"inLanguage\":\"es\",\"@id\":\"https:\\\/\\\/secure.gravatar.com\\\/avatar\\\/3ea2118a5f7dad2b7138b1187a6b7ee55f160b9968b66013c3a3ef39dd7e5798?s=96&d=mm&r=g\",\"url\":\"https:\\\/\\\/secure.gravatar.com\\\/avatar\\\/3ea2118a5f7dad2b7138b1187a6b7ee55f160b9968b66013c3a3ef39dd7e5798?s=96&d=mm&r=g\",\"contentUrl\":\"https:\\\/\\\/secure.gravatar.com\\\/avatar\\\/3ea2118a5f7dad2b7138b1187a6b7ee55f160b9968b66013c3a3ef39dd7e5798?s=96&d=mm&r=g\",\"caption\":\"Jeanette\"},\"sameAs\":[\"https:\\\/\\\/www.eldiario.net\\\/portal\"],\"url\":\"https:\\\/\\\/www.eldiario.net\\\/portal\\\/author\\\/jeanette\\\/\"}]}<\/script>\n<!-- \/ Yoast SEO plugin. -->","yoast_head_json":{"title":"\u201cEs imposible repoblamiento de animales en bosque chiquitano\u201d - El Diario - Bolivia","robots":{"index":"index","follow":"follow","max-snippet":"max-snippet:-1","max-image-preview":"max-image-preview:large","max-video-preview":"max-video-preview:-1"},"canonical":"https:\/\/www.eldiario.net\/portal\/2021\/06\/04\/es-imposible-repoblamiento-de-animales-en-bosque-chiquitano\/","og_locale":"es_ES","og_type":"article","og_title":"\u201cEs imposible repoblamiento de animales en bosque chiquitano\u201d - El Diario - Bolivia","og_description":"El director general de Biodiversidad y \u00c1reas Protegidas, Enzo Aliaga, desestim\u00f3 un posible repoblamiento de animales en la Chiquitania por factores econ\u00f3micos y biol\u00f3gicos, donde el a\u00f1o 2019 se perdieron, seg\u00fan un estudio del Instituto de Ecolog\u00eda de la carrera de Biolog\u00eda de la Universidad Mayor de San Andr\u00e9s (UMSA), cerca de 6 millones de [&hellip;]","og_url":"https:\/\/www.eldiario.net\/portal\/2021\/06\/04\/es-imposible-repoblamiento-de-animales-en-bosque-chiquitano\/","og_site_name":"El Diario - Bolivia","article_publisher":"https:\/\/www.facebook.com\/eldiario.bolivia\/","article_published_time":"2021-06-04T10:16:12+00:00","og_image":[{"width":720,"height":399,"url":"https:\/\/www.eldiario.net\/portal\/wp-content\/uploads\/2021\/06\/Biodiversidad.jpg","type":"image\/jpeg"}],"author":"Jeanette","twitter_card":"summary_large_image","twitter_creator":"@eldiario_net","twitter_site":"@eldiario_net","twitter_misc":{"Escrito por":"Jeanette","Tiempo de lectura":"3 minutos"},"schema":{"@context":"https:\/\/schema.org","@graph":[{"@type":"Article","@id":"https:\/\/www.eldiario.net\/portal\/2021\/06\/04\/es-imposible-repoblamiento-de-animales-en-bosque-chiquitano\/#article","isPartOf":{"@id":"https:\/\/www.eldiario.net\/portal\/2021\/06\/04\/es-imposible-repoblamiento-de-animales-en-bosque-chiquitano\/"},"author":{"name":"Jeanette","@id":"https:\/\/www.eldiario.net\/portal\/#\/schema\/person\/f46445640444750d7d753ccd04ae01b7"},"headline":"\u201cEs imposible repoblamiento de animales en bosque chiquitano\u201d","datePublished":"2021-06-04T10:16:12+00:00","mainEntityOfPage":{"@id":"https:\/\/www.eldiario.net\/portal\/2021\/06\/04\/es-imposible-repoblamiento-de-animales-en-bosque-chiquitano\/"},"wordCount":566,"publisher":{"@id":"https:\/\/www.eldiario.net\/portal\/#organization"},"image":{"@id":"https:\/\/www.eldiario.net\/portal\/2021\/06\/04\/es-imposible-repoblamiento-de-animales-en-bosque-chiquitano\/#primaryimage"},"thumbnailUrl":"https:\/\/www.eldiario.net\/portal\/wp-content\/uploads\/2021\/06\/Biodiversidad.jpg","articleSection":["Econom\u00eda"],"inLanguage":"es"},{"@type":"WebPage","@id":"https:\/\/www.eldiario.net\/portal\/2021\/06\/04\/es-imposible-repoblamiento-de-animales-en-bosque-chiquitano\/","url":"https:\/\/www.eldiario.net\/portal\/2021\/06\/04\/es-imposible-repoblamiento-de-animales-en-bosque-chiquitano\/","name":"\u201cEs imposible repoblamiento de animales en bosque chiquitano\u201d - El Diario - Bolivia","isPartOf":{"@id":"https:\/\/www.eldiario.net\/portal\/#website"},"primaryImageOfPage":{"@id":"https:\/\/www.eldiario.net\/portal\/2021\/06\/04\/es-imposible-repoblamiento-de-animales-en-bosque-chiquitano\/#primaryimage"},"image":{"@id":"https:\/\/www.eldiario.net\/portal\/2021\/06\/04\/es-imposible-repoblamiento-de-animales-en-bosque-chiquitano\/#primaryimage"},"thumbnailUrl":"https:\/\/www.eldiario.net\/portal\/wp-content\/uploads\/2021\/06\/Biodiversidad.jpg","datePublished":"2021-06-04T10:16:12+00:00","breadcrumb":{"@id":"https:\/\/www.eldiario.net\/portal\/2021\/06\/04\/es-imposible-repoblamiento-de-animales-en-bosque-chiquitano\/#breadcrumb"},"inLanguage":"es","potentialAction":[{"@type":"ReadAction","target":["https:\/\/www.eldiario.net\/portal\/2021\/06\/04\/es-imposible-repoblamiento-de-animales-en-bosque-chiquitano\/"]}]},{"@type":"ImageObject","inLanguage":"es","@id":"https:\/\/www.eldiario.net\/portal\/2021\/06\/04\/es-imposible-repoblamiento-de-animales-en-bosque-chiquitano\/#primaryimage","url":"https:\/\/www.eldiario.net\/portal\/wp-content\/uploads\/2021\/06\/Biodiversidad.jpg","contentUrl":"https:\/\/www.eldiario.net\/portal\/wp-content\/uploads\/2021\/06\/Biodiversidad.jpg","width":720,"height":399},{"@type":"BreadcrumbList","@id":"https:\/\/www.eldiario.net\/portal\/2021\/06\/04\/es-imposible-repoblamiento-de-animales-en-bosque-chiquitano\/#breadcrumb","itemListElement":[{"@type":"ListItem","position":1,"name":"Portada","item":"https:\/\/www.eldiario.net\/portal\/"},{"@type":"ListItem","position":2,"name":"\u201cEs imposible repoblamiento de animales en bosque chiquitano\u201d"}]},{"@type":"WebSite","@id":"https:\/\/www.eldiario.net\/portal\/#website","url":"https:\/\/www.eldiario.net\/portal\/","name":"El Diario - Decano de la prensa nacional","description":"El Diario - Decano de la prensa nacional","publisher":{"@id":"https:\/\/www.eldiario.net\/portal\/#organization"},"potentialAction":[{"@type":"SearchAction","target":{"@type":"EntryPoint","urlTemplate":"https:\/\/www.eldiario.net\/portal\/?s={search_term_string}"},"query-input":{"@type":"PropertyValueSpecification","valueRequired":true,"valueName":"search_term_string"}}],"inLanguage":"es"},{"@type":"Organization","@id":"https:\/\/www.eldiario.net\/portal\/#organization","name":"El Diario - Decano de la prensa nacional","url":"https:\/\/www.eldiario.net\/portal\/","logo":{"@type":"ImageObject","inLanguage":"es","@id":"https:\/\/www.eldiario.net\/portal\/#\/schema\/logo\/image\/","url":"https:\/\/www.eldiario.net\/portal\/wp-content\/uploads\/2023\/07\/logo_ED.jpg","contentUrl":"https:\/\/www.eldiario.net\/portal\/wp-content\/uploads\/2023\/07\/logo_ED.jpg","width":272,"height":52,"caption":"El Diario - Decano de la prensa nacional"},"image":{"@id":"https:\/\/www.eldiario.net\/portal\/#\/schema\/logo\/image\/"},"sameAs":["https:\/\/www.facebook.com\/eldiario.bolivia\/","https:\/\/x.com\/eldiario_net"]},{"@type":"Person","@id":"https:\/\/www.eldiario.net\/portal\/#\/schema\/person\/f46445640444750d7d753ccd04ae01b7","name":"Jeanette","image":{"@type":"ImageObject","inLanguage":"es","@id":"https:\/\/secure.gravatar.com\/avatar\/3ea2118a5f7dad2b7138b1187a6b7ee55f160b9968b66013c3a3ef39dd7e5798?s=96&d=mm&r=g","url":"https:\/\/secure.gravatar.com\/avatar\/3ea2118a5f7dad2b7138b1187a6b7ee55f160b9968b66013c3a3ef39dd7e5798?s=96&d=mm&r=g","contentUrl":"https:\/\/secure.gravatar.com\/avatar\/3ea2118a5f7dad2b7138b1187a6b7ee55f160b9968b66013c3a3ef39dd7e5798?s=96&d=mm&r=g","caption":"Jeanette"},"sameAs":["https:\/\/www.eldiario.net\/portal"],"url":"https:\/\/www.eldiario.net\/portal\/author\/jeanette\/"}]}},"_links":{"self":[{"href":"https:\/\/www.eldiario.net\/portal\/wp-json\/wp\/v2\/posts\/8208","targetHints":{"allow":["GET"]}}],"collection":[{"href":"https:\/\/www.eldiario.net\/portal\/wp-json\/wp\/v2\/posts"}],"about":[{"href":"https:\/\/www.eldiario.net\/portal\/wp-json\/wp\/v2\/types\/post"}],"author":[{"embeddable":true,"href":"https:\/\/www.eldiario.net\/portal\/wp-json\/wp\/v2\/users\/1"}],"replies":[{"embeddable":true,"href":"https:\/\/www.eldiario.net\/portal\/wp-json\/wp\/v2\/comments?post=8208"}],"version-history":[{"count":0,"href":"https:\/\/www.eldiario.net\/portal\/wp-json\/wp\/v2\/posts\/8208\/revisions"}],"wp:featuredmedia":[{"embeddable":true,"href":"https:\/\/www.eldiario.net\/portal\/wp-json\/wp\/v2\/media\/8209"}],"wp:attachment":[{"href":"https:\/\/www.eldiario.net\/portal\/wp-json\/wp\/v2\/media?parent=8208"}],"wp:term":[{"taxonomy":"category","embeddable":true,"href":"https:\/\/www.eldiario.net\/portal\/wp-json\/wp\/v2\/categories?post=8208"},{"taxonomy":"post_tag","embeddable":true,"href":"https:\/\/www.eldiario.net\/portal\/wp-json\/wp\/v2\/tags?post=8208"}],"curies":[{"name":"wp","href":"https:\/\/api.w.org\/{rel}","templated":true}]}}