{"id":82076,"date":"2022-05-08T01:35:00","date_gmt":"2022-05-08T05:35:00","guid":{"rendered":"https:\/\/www.eldiario.net\/portal\/?p=82076"},"modified":"2022-05-08T01:35:00","modified_gmt":"2022-05-08T05:35:00","slug":"ministro-exhorta-a-seguir-con-cuidados-sanitarios-en-escuelas","status":"publish","type":"post","link":"https:\/\/www.eldiario.net\/portal\/2022\/05\/08\/ministro-exhorta-a-seguir-con-cuidados-sanitarios-en-escuelas\/","title":{"rendered":"Ministro exhorta a seguir con cuidados sanitarios en escuelas"},"content":{"rendered":"<p>Para impedir contagios de covid-19, el ministro de Educaci\u00f3n, Edgar Pary Chambi, pidi\u00f3 ayer a las comunidades educativas de todo el pa\u00eds seguir usando barbijos, alcohol en gel y dem\u00e1s medidas establecidas en el \u201cProtocolo de bioseguridad para las unidades educativas\u201d.<br \/>\n\u201cDesde el Ministerio de Educaci\u00f3n, siempre vamos a recomendar que las unidades educativas mantengan las medidas de bioseguridad, como el uso del barbijo y del alcohol en gel, el lavado de manos, etc. Nuestra prioridad es precautelar la salud de nuestros estudiantes y evitar contagios en las escuelas\u201d, recomend\u00f3 la autoridad.<br \/>\nSeg\u00fan el titular de esa cartera de Estado, una de las prioridades del Gobierno nacional es garantizar las clases en la modalidad presencial, ya que ello repercute en la mejora de la calidad de ense\u00f1anza-aprendizaje de los estudiantes.<br \/>\n\u201cQueremos la universalizaci\u00f3n de la presencialidad en las unidades educativas del pa\u00eds, porque consideramos que esa modalidad de educaci\u00f3n da mejores resultados en el proceso de ense\u00f1anza-aprendizaje de nuestros estudiantes\u201d, expres\u00f3 Pary.<br \/>\nEn esa l\u00ednea, la autoridad exhort\u00f3 a los padres y madres de familia a no bajar la guardia frente al covid-19; sino por el contrario, continuar acudiendo con sus hijos a los puntos de vacunaci\u00f3n y no descuidar su abrigo en v\u00edsperas de la temporada invernal, report\u00f3 ABI.<br \/>\n\u201cNo bajemos la guardia. La aplicaci\u00f3n de las medidas de seguridad tiene que partir desde la casa. Nuestro Gobierno ha garantizado las vacunas gratuitas, debemos seguir acudiendo a los puntos de vacunaci\u00f3n\u201d, recomend\u00f3 el ministro, antes de dar a conocer que m\u00e1s del 90 % de los maestros y cerca del 60 % de los estudiantes ya se encuentran protegidos, a nivel nacional.<br \/>\nEl Concejo Municipal de Sucre aprob\u00f3 el pasado mi\u00e9rcoles una norma que retira la obligatoriedad del uso del barbijo en espacios p\u00fablicos, debido a que los contagios diarios de covid-19 se mantienen en niveles m\u00ednimos desde hace varias semanas en ese municipio.<br \/>\nSeg\u00fan medios de comunicaci\u00f3n locales, el uso de los barbijos en esa regi\u00f3n debe continuar en espacios cerrados, como colegios, universidades, iglesias, bancos y otros.<\/p>\n","protected":false},"excerpt":{"rendered":"<p>Para impedir contagios de covid-19, el ministro de Educaci\u00f3n, Edgar Pary Chambi, pidi\u00f3 ayer a las comunidades educativas de todo el pa\u00eds seguir usando barbijos, alcohol en gel y dem\u00e1s medidas establecidas en el \u201cProtocolo de bioseguridad para las unidades educativas\u201d. \u201cDesde el Ministerio de Educaci\u00f3n, siempre vamos a recomendar que las unidades educativas mantengan [&hellip;]<\/p>\n","protected":false},"author":1,"featured_media":82077,"comment_status":"closed","ping_status":"closed","sticky":false,"template":"","format":"standard","meta":{"_acf_changed":false,"footnotes":""},"categories":[12],"tags":[],"class_list":["post-82076","post","type-post","status-publish","format-standard","has-post-thumbnail","category-nacional"],"acf":{"antetitulo":""},"yoast_head":"<!-- This site is optimized with the Yoast SEO plugin v28.4 - https:\/\/yoast.com\/product\/yoast-seo-wordpress\/ -->\n<title>Ministro exhorta a seguir con cuidados sanitarios en escuelas - El Diario - Bolivia<\/title>\n<meta name=\"robots\" content=\"index, follow, max-snippet:-1, max-image-preview:large, max-video-preview:-1\" \/>\n<link rel=\"canonical\" href=\"https:\/\/www.eldiario.net\/portal\/2022\/05\/08\/ministro-exhorta-a-seguir-con-cuidados-sanitarios-en-escuelas\/\" \/>\n<meta property=\"og:locale\" content=\"es_ES\" \/>\n<meta property=\"og:type\" content=\"article\" \/>\n<meta property=\"og:title\" content=\"Ministro exhorta a seguir con cuidados sanitarios en escuelas - El Diario - Bolivia\" \/>\n<meta property=\"og:description\" content=\"Para impedir contagios de covid-19, el ministro de Educaci\u00f3n, Edgar Pary Chambi, pidi\u00f3 ayer a las comunidades educativas de todo el pa\u00eds seguir usando barbijos, alcohol en gel y dem\u00e1s medidas establecidas en el \u201cProtocolo de bioseguridad para las unidades educativas\u201d. \u201cDesde el Ministerio de Educaci\u00f3n, siempre vamos a recomendar que las unidades educativas mantengan [&hellip;]\" \/>\n<meta property=\"og:url\" content=\"https:\/\/www.eldiario.net\/portal\/2022\/05\/08\/ministro-exhorta-a-seguir-con-cuidados-sanitarios-en-escuelas\/\" \/>\n<meta property=\"og:site_name\" content=\"El Diario - Bolivia\" \/>\n<meta property=\"article:publisher\" content=\"https:\/\/www.facebook.com\/eldiario.bolivia\/\" \/>\n<meta property=\"article:published_time\" content=\"2022-05-08T05:35:00+00:00\" \/>\n<meta name=\"author\" content=\"Jeanette\" \/>\n<meta name=\"twitter:card\" content=\"summary_large_image\" \/>\n<meta name=\"twitter:creator\" content=\"@eldiario_net\" \/>\n<meta name=\"twitter:site\" content=\"@eldiario_net\" \/>\n<meta name=\"twitter:label1\" content=\"Escrito por\" \/>\n\t<meta name=\"twitter:data1\" content=\"Jeanette\" \/>\n\t<meta name=\"twitter:label2\" content=\"Tiempo de lectura\" \/>\n\t<meta name=\"twitter:data2\" content=\"2 minutos\" \/>\n<script type=\"application\/ld+json\" class=\"yoast-schema-graph\">{\"@context\":\"https:\\\/\\\/schema.org\",\"@graph\":[{\"@type\":\"Article\",\"@id\":\"https:\\\/\\\/www.eldiario.net\\\/portal\\\/2022\\\/05\\\/08\\\/ministro-exhorta-a-seguir-con-cuidados-sanitarios-en-escuelas\\\/#article\",\"isPartOf\":{\"@id\":\"https:\\\/\\\/www.eldiario.net\\\/portal\\\/2022\\\/05\\\/08\\\/ministro-exhorta-a-seguir-con-cuidados-sanitarios-en-escuelas\\\/\"},\"author\":{\"name\":\"Jeanette\",\"@id\":\"https:\\\/\\\/www.eldiario.net\\\/portal\\\/#\\\/schema\\\/person\\\/2c57cf2b7a7ae032e449e4c9b1019eac\"},\"headline\":\"Ministro exhorta a seguir con cuidados sanitarios en escuelas\",\"datePublished\":\"2022-05-08T05:35:00+00:00\",\"mainEntityOfPage\":{\"@id\":\"https:\\\/\\\/www.eldiario.net\\\/portal\\\/2022\\\/05\\\/08\\\/ministro-exhorta-a-seguir-con-cuidados-sanitarios-en-escuelas\\\/\"},\"wordCount\":367,\"publisher\":{\"@id\":\"https:\\\/\\\/www.eldiario.net\\\/portal\\\/#organization\"},\"image\":{\"@id\":\"https:\\\/\\\/www.eldiario.net\\\/portal\\\/2022\\\/05\\\/08\\\/ministro-exhorta-a-seguir-con-cuidados-sanitarios-en-escuelas\\\/#primaryimage\"},\"thumbnailUrl\":\"\",\"articleSection\":[\"Nacional\"],\"inLanguage\":\"es\"},{\"@type\":\"WebPage\",\"@id\":\"https:\\\/\\\/www.eldiario.net\\\/portal\\\/2022\\\/05\\\/08\\\/ministro-exhorta-a-seguir-con-cuidados-sanitarios-en-escuelas\\\/\",\"url\":\"https:\\\/\\\/www.eldiario.net\\\/portal\\\/2022\\\/05\\\/08\\\/ministro-exhorta-a-seguir-con-cuidados-sanitarios-en-escuelas\\\/\",\"name\":\"Ministro exhorta a seguir con cuidados sanitarios en escuelas - El Diario - Bolivia\",\"isPartOf\":{\"@id\":\"https:\\\/\\\/www.eldiario.net\\\/portal\\\/#website\"},\"primaryImageOfPage\":{\"@id\":\"https:\\\/\\\/www.eldiario.net\\\/portal\\\/2022\\\/05\\\/08\\\/ministro-exhorta-a-seguir-con-cuidados-sanitarios-en-escuelas\\\/#primaryimage\"},\"image\":{\"@id\":\"https:\\\/\\\/www.eldiario.net\\\/portal\\\/2022\\\/05\\\/08\\\/ministro-exhorta-a-seguir-con-cuidados-sanitarios-en-escuelas\\\/#primaryimage\"},\"thumbnailUrl\":\"\",\"datePublished\":\"2022-05-08T05:35:00+00:00\",\"breadcrumb\":{\"@id\":\"https:\\\/\\\/www.eldiario.net\\\/portal\\\/2022\\\/05\\\/08\\\/ministro-exhorta-a-seguir-con-cuidados-sanitarios-en-escuelas\\\/#breadcrumb\"},\"inLanguage\":\"es\",\"potentialAction\":[{\"@type\":\"ReadAction\",\"target\":[\"https:\\\/\\\/www.eldiario.net\\\/portal\\\/2022\\\/05\\\/08\\\/ministro-exhorta-a-seguir-con-cuidados-sanitarios-en-escuelas\\\/\"]}]},{\"@type\":\"ImageObject\",\"inLanguage\":\"es\",\"@id\":\"https:\\\/\\\/www.eldiario.net\\\/portal\\\/2022\\\/05\\\/08\\\/ministro-exhorta-a-seguir-con-cuidados-sanitarios-en-escuelas\\\/#primaryimage\",\"url\":\"\",\"contentUrl\":\"\"},{\"@type\":\"BreadcrumbList\",\"@id\":\"https:\\\/\\\/www.eldiario.net\\\/portal\\\/2022\\\/05\\\/08\\\/ministro-exhorta-a-seguir-con-cuidados-sanitarios-en-escuelas\\\/#breadcrumb\",\"itemListElement\":[{\"@type\":\"ListItem\",\"position\":1,\"name\":\"Portada\",\"item\":\"https:\\\/\\\/www.eldiario.net\\\/portal\\\/\"},{\"@type\":\"ListItem\",\"position\":2,\"name\":\"Ministro exhorta a seguir con cuidados sanitarios en escuelas\"}]},{\"@type\":\"WebSite\",\"@id\":\"https:\\\/\\\/www.eldiario.net\\\/portal\\\/#website\",\"url\":\"https:\\\/\\\/www.eldiario.net\\\/portal\\\/\",\"name\":\"El Diario - Decano de la prensa nacional\",\"description\":\"El Diario - Decano de la prensa nacional\",\"publisher\":{\"@id\":\"https:\\\/\\\/www.eldiario.net\\\/portal\\\/#organization\"},\"potentialAction\":[{\"@type\":\"SearchAction\",\"target\":{\"@type\":\"EntryPoint\",\"urlTemplate\":\"https:\\\/\\\/www.eldiario.net\\\/portal\\\/?s={search_term_string}\"},\"query-input\":{\"@type\":\"PropertyValueSpecification\",\"valueRequired\":true,\"valueName\":\"search_term_string\"}}],\"inLanguage\":\"es\"},{\"@type\":\"Organization\",\"@id\":\"https:\\\/\\\/www.eldiario.net\\\/portal\\\/#organization\",\"name\":\"El Diario - Decano de la prensa nacional\",\"url\":\"https:\\\/\\\/www.eldiario.net\\\/portal\\\/\",\"logo\":{\"@type\":\"ImageObject\",\"inLanguage\":\"es\",\"@id\":\"https:\\\/\\\/www.eldiario.net\\\/portal\\\/#\\\/schema\\\/logo\\\/image\\\/\",\"url\":\"https:\\\/\\\/www.eldiario.net\\\/portal\\\/wp-content\\\/uploads\\\/2023\\\/07\\\/logo_ED.jpg\",\"contentUrl\":\"https:\\\/\\\/www.eldiario.net\\\/portal\\\/wp-content\\\/uploads\\\/2023\\\/07\\\/logo_ED.jpg\",\"width\":272,\"height\":52,\"caption\":\"El Diario - Decano de la prensa nacional\"},\"image\":{\"@id\":\"https:\\\/\\\/www.eldiario.net\\\/portal\\\/#\\\/schema\\\/logo\\\/image\\\/\"},\"sameAs\":[\"https:\\\/\\\/www.facebook.com\\\/eldiario.bolivia\\\/\",\"https:\\\/\\\/x.com\\\/eldiario_net\"]},{\"@type\":\"Person\",\"@id\":\"https:\\\/\\\/www.eldiario.net\\\/portal\\\/#\\\/schema\\\/person\\\/2c57cf2b7a7ae032e449e4c9b1019eac\",\"name\":\"Jeanette\",\"image\":{\"@type\":\"ImageObject\",\"inLanguage\":\"es\",\"@id\":\"https:\\\/\\\/secure.gravatar.com\\\/avatar\\\/3ea2118a5f7dad2b7138b1187a6b7ee55f160b9968b66013c3a3ef39dd7e5798?s=96&d=mm&r=g\",\"url\":\"https:\\\/\\\/secure.gravatar.com\\\/avatar\\\/3ea2118a5f7dad2b7138b1187a6b7ee55f160b9968b66013c3a3ef39dd7e5798?s=96&d=mm&r=g\",\"contentUrl\":\"https:\\\/\\\/secure.gravatar.com\\\/avatar\\\/3ea2118a5f7dad2b7138b1187a6b7ee55f160b9968b66013c3a3ef39dd7e5798?s=96&d=mm&r=g\",\"caption\":\"Jeanette\"},\"sameAs\":[\"https:\\\/\\\/www.eldiario.net\\\/portal\"],\"url\":\"https:\\\/\\\/www.eldiario.net\\\/portal\\\/author\\\/jeanette\\\/\"}]}<\/script>\n<!-- \/ Yoast SEO plugin. -->","yoast_head_json":{"title":"Ministro exhorta a seguir con cuidados sanitarios en escuelas - El Diario - Bolivia","robots":{"index":"index","follow":"follow","max-snippet":"max-snippet:-1","max-image-preview":"max-image-preview:large","max-video-preview":"max-video-preview:-1"},"canonical":"https:\/\/www.eldiario.net\/portal\/2022\/05\/08\/ministro-exhorta-a-seguir-con-cuidados-sanitarios-en-escuelas\/","og_locale":"es_ES","og_type":"article","og_title":"Ministro exhorta a seguir con cuidados sanitarios en escuelas - El Diario - Bolivia","og_description":"Para impedir contagios de covid-19, el ministro de Educaci\u00f3n, Edgar Pary Chambi, pidi\u00f3 ayer a las comunidades educativas de todo el pa\u00eds seguir usando barbijos, alcohol en gel y dem\u00e1s medidas establecidas en el \u201cProtocolo de bioseguridad para las unidades educativas\u201d. \u201cDesde el Ministerio de Educaci\u00f3n, siempre vamos a recomendar que las unidades educativas mantengan [&hellip;]","og_url":"https:\/\/www.eldiario.net\/portal\/2022\/05\/08\/ministro-exhorta-a-seguir-con-cuidados-sanitarios-en-escuelas\/","og_site_name":"El Diario - Bolivia","article_publisher":"https:\/\/www.facebook.com\/eldiario.bolivia\/","article_published_time":"2022-05-08T05:35:00+00:00","author":"Jeanette","twitter_card":"summary_large_image","twitter_creator":"@eldiario_net","twitter_site":"@eldiario_net","twitter_misc":{"Escrito por":"Jeanette","Tiempo de lectura":"2 minutos"},"schema":{"@context":"https:\/\/schema.org","@graph":[{"@type":"Article","@id":"https:\/\/www.eldiario.net\/portal\/2022\/05\/08\/ministro-exhorta-a-seguir-con-cuidados-sanitarios-en-escuelas\/#article","isPartOf":{"@id":"https:\/\/www.eldiario.net\/portal\/2022\/05\/08\/ministro-exhorta-a-seguir-con-cuidados-sanitarios-en-escuelas\/"},"author":{"name":"Jeanette","@id":"https:\/\/www.eldiario.net\/portal\/#\/schema\/person\/2c57cf2b7a7ae032e449e4c9b1019eac"},"headline":"Ministro exhorta a seguir con cuidados sanitarios en escuelas","datePublished":"2022-05-08T05:35:00+00:00","mainEntityOfPage":{"@id":"https:\/\/www.eldiario.net\/portal\/2022\/05\/08\/ministro-exhorta-a-seguir-con-cuidados-sanitarios-en-escuelas\/"},"wordCount":367,"publisher":{"@id":"https:\/\/www.eldiario.net\/portal\/#organization"},"image":{"@id":"https:\/\/www.eldiario.net\/portal\/2022\/05\/08\/ministro-exhorta-a-seguir-con-cuidados-sanitarios-en-escuelas\/#primaryimage"},"thumbnailUrl":"","articleSection":["Nacional"],"inLanguage":"es"},{"@type":"WebPage","@id":"https:\/\/www.eldiario.net\/portal\/2022\/05\/08\/ministro-exhorta-a-seguir-con-cuidados-sanitarios-en-escuelas\/","url":"https:\/\/www.eldiario.net\/portal\/2022\/05\/08\/ministro-exhorta-a-seguir-con-cuidados-sanitarios-en-escuelas\/","name":"Ministro exhorta a seguir con cuidados sanitarios en escuelas - El Diario - Bolivia","isPartOf":{"@id":"https:\/\/www.eldiario.net\/portal\/#website"},"primaryImageOfPage":{"@id":"https:\/\/www.eldiario.net\/portal\/2022\/05\/08\/ministro-exhorta-a-seguir-con-cuidados-sanitarios-en-escuelas\/#primaryimage"},"image":{"@id":"https:\/\/www.eldiario.net\/portal\/2022\/05\/08\/ministro-exhorta-a-seguir-con-cuidados-sanitarios-en-escuelas\/#primaryimage"},"thumbnailUrl":"","datePublished":"2022-05-08T05:35:00+00:00","breadcrumb":{"@id":"https:\/\/www.eldiario.net\/portal\/2022\/05\/08\/ministro-exhorta-a-seguir-con-cuidados-sanitarios-en-escuelas\/#breadcrumb"},"inLanguage":"es","potentialAction":[{"@type":"ReadAction","target":["https:\/\/www.eldiario.net\/portal\/2022\/05\/08\/ministro-exhorta-a-seguir-con-cuidados-sanitarios-en-escuelas\/"]}]},{"@type":"ImageObject","inLanguage":"es","@id":"https:\/\/www.eldiario.net\/portal\/2022\/05\/08\/ministro-exhorta-a-seguir-con-cuidados-sanitarios-en-escuelas\/#primaryimage","url":"","contentUrl":""},{"@type":"BreadcrumbList","@id":"https:\/\/www.eldiario.net\/portal\/2022\/05\/08\/ministro-exhorta-a-seguir-con-cuidados-sanitarios-en-escuelas\/#breadcrumb","itemListElement":[{"@type":"ListItem","position":1,"name":"Portada","item":"https:\/\/www.eldiario.net\/portal\/"},{"@type":"ListItem","position":2,"name":"Ministro exhorta a seguir con cuidados sanitarios en escuelas"}]},{"@type":"WebSite","@id":"https:\/\/www.eldiario.net\/portal\/#website","url":"https:\/\/www.eldiario.net\/portal\/","name":"El Diario - Decano de la prensa nacional","description":"El Diario - Decano de la prensa nacional","publisher":{"@id":"https:\/\/www.eldiario.net\/portal\/#organization"},"potentialAction":[{"@type":"SearchAction","target":{"@type":"EntryPoint","urlTemplate":"https:\/\/www.eldiario.net\/portal\/?s={search_term_string}"},"query-input":{"@type":"PropertyValueSpecification","valueRequired":true,"valueName":"search_term_string"}}],"inLanguage":"es"},{"@type":"Organization","@id":"https:\/\/www.eldiario.net\/portal\/#organization","name":"El Diario - Decano de la prensa nacional","url":"https:\/\/www.eldiario.net\/portal\/","logo":{"@type":"ImageObject","inLanguage":"es","@id":"https:\/\/www.eldiario.net\/portal\/#\/schema\/logo\/image\/","url":"https:\/\/www.eldiario.net\/portal\/wp-content\/uploads\/2023\/07\/logo_ED.jpg","contentUrl":"https:\/\/www.eldiario.net\/portal\/wp-content\/uploads\/2023\/07\/logo_ED.jpg","width":272,"height":52,"caption":"El Diario - Decano de la prensa nacional"},"image":{"@id":"https:\/\/www.eldiario.net\/portal\/#\/schema\/logo\/image\/"},"sameAs":["https:\/\/www.facebook.com\/eldiario.bolivia\/","https:\/\/x.com\/eldiario_net"]},{"@type":"Person","@id":"https:\/\/www.eldiario.net\/portal\/#\/schema\/person\/2c57cf2b7a7ae032e449e4c9b1019eac","name":"Jeanette","image":{"@type":"ImageObject","inLanguage":"es","@id":"https:\/\/secure.gravatar.com\/avatar\/3ea2118a5f7dad2b7138b1187a6b7ee55f160b9968b66013c3a3ef39dd7e5798?s=96&d=mm&r=g","url":"https:\/\/secure.gravatar.com\/avatar\/3ea2118a5f7dad2b7138b1187a6b7ee55f160b9968b66013c3a3ef39dd7e5798?s=96&d=mm&r=g","contentUrl":"https:\/\/secure.gravatar.com\/avatar\/3ea2118a5f7dad2b7138b1187a6b7ee55f160b9968b66013c3a3ef39dd7e5798?s=96&d=mm&r=g","caption":"Jeanette"},"sameAs":["https:\/\/www.eldiario.net\/portal"],"url":"https:\/\/www.eldiario.net\/portal\/author\/jeanette\/"}]}},"_links":{"self":[{"href":"https:\/\/www.eldiario.net\/portal\/wp-json\/wp\/v2\/posts\/82076","targetHints":{"allow":["GET"]}}],"collection":[{"href":"https:\/\/www.eldiario.net\/portal\/wp-json\/wp\/v2\/posts"}],"about":[{"href":"https:\/\/www.eldiario.net\/portal\/wp-json\/wp\/v2\/types\/post"}],"author":[{"embeddable":true,"href":"https:\/\/www.eldiario.net\/portal\/wp-json\/wp\/v2\/users\/1"}],"replies":[{"embeddable":true,"href":"https:\/\/www.eldiario.net\/portal\/wp-json\/wp\/v2\/comments?post=82076"}],"version-history":[{"count":0,"href":"https:\/\/www.eldiario.net\/portal\/wp-json\/wp\/v2\/posts\/82076\/revisions"}],"wp:attachment":[{"href":"https:\/\/www.eldiario.net\/portal\/wp-json\/wp\/v2\/media?parent=82076"}],"wp:term":[{"taxonomy":"category","embeddable":true,"href":"https:\/\/www.eldiario.net\/portal\/wp-json\/wp\/v2\/categories?post=82076"},{"taxonomy":"post_tag","embeddable":true,"href":"https:\/\/www.eldiario.net\/portal\/wp-json\/wp\/v2\/tags?post=82076"}],"curies":[{"name":"wp","href":"https:\/\/api.w.org\/{rel}","templated":true}]}}