{"id":82072,"date":"2022-05-08T01:32:47","date_gmt":"2022-05-08T05:32:47","guid":{"rendered":"https:\/\/www.eldiario.net\/portal\/?p=82072"},"modified":"2022-05-08T01:32:47","modified_gmt":"2022-05-08T05:32:47","slug":"bolivia-tuvo-errores-desde-la-presentacion-de-la-contrademanda-en-el-caso-silala","status":"publish","type":"post","link":"https:\/\/www.eldiario.net\/portal\/2022\/05\/08\/bolivia-tuvo-errores-desde-la-presentacion-de-la-contrademanda-en-el-caso-silala\/","title":{"rendered":"Bolivia tuvo errores desde la presentaci\u00f3n  de la contrademanda en el caso Silala"},"content":{"rendered":"<p>En el proceso que se ventila en la Corte Internacional de Justicia (CIJ) de La Haya donde Chile demand\u00f3 a Bolivia, en 2016, por la disputa sobre el estatus y uso de las aguas del Silala, el pa\u00eds tuvo errores desde la presentaci\u00f3n de la contrademanda donde ni siquiera se menciona a la deuda hist\u00f3rica, manifest\u00f3 la exdiputada Norma Pi\u00e9rola.<br \/>\nChile demand\u00f3 a Bolivia en 2016 para evitar que impidiera el flujo de las aguas del Silala, pero el pa\u00eds present\u00f3 una contrademanda.<br \/>\n\u201cDesde que presentaron la contrademanda est\u00e1 errado, ellos reconocen que las aguas del Silala eran un curso de r\u00edo internacional. El preacuerdo que se dio a conocer el 2009 tiene bastantes respuestas concretas, deber\u00edan haberse agarrado de esas respuestas que hizo el investigador Basoverry en base a un estudio profundo\u201d, dijo Pi\u00e9rola en entrevista con EL DIARIO.<br \/>\nEl ingeniero Antonio Bazoberry Q., en su libro \u201cEl mito del Silala\u201d refiere que no existe ning\u00fan r\u00edo en el cant\u00f3n Quetena de la provincia del departamento de Potos\u00ed y que el r\u00edo Silala inventado por Chile es un mito.<br \/>\n\u201cEl mito se inicia en el momento que Chile quiere internacionalizar un trazo semejante a un rio dibujado en el mapa de l\u00edmites entre Bolivia y el nuevo territorio de Chile (1904). En la regi\u00f3n des\u00e9rtica del Quetena no escurre agua de lluvia, porque no llueve, no existen aguas de deshielo ni aguas de excedencias de lagunas que puedan infiltrarse en el subsuelo para originar acu\u00edferos subterr\u00e1neos y vertientes que afloren y escurran por gravedad en la superficie de los suelos volc\u00e1nicos permeables\u201d, se lee en parte del libro.<br \/>\nEn ese marco la investigaci\u00f3n realizada por Bazoberry demuestra que el origen del agua del subsuelo corresponde a la actividad aluvial por el escurrimiento de aguas fluvio-glaciales depositadas en las hondonadas del Quetena hace 10.000 a\u00f1os.<br \/>\n\u201cEl nivel superior de estos dep\u00f3sitos de agua, sale a la superficie como manantiales inm\u00f3viles para formar numerosos bofedales\u201d, dice.<br \/>\nExplica que en la regi\u00f3n del Quetena, solo se encuentran canales de drenaje construidos en 1908 por el ferrocarril Antofagasta Bolivia, considerando que era la \u00fanica forma de llevar agua estancada al servicio del ferrocarril.<\/p>\n<p>TRAZO<br \/>\nBazoberry asegura que despu\u00e9s de la ocupaci\u00f3n del Litoral por el Ej\u00e9rcito de Chile, surge la controversia de que el trazo dibujado en el mapa de l\u00edmites de 1904, semejante a un r\u00edo de curso sucesivo, se inicia en la regi\u00f3n del Quetena e ingresa al nuevo territorio de Chile.<br \/>\n\u201cEl gobierno de Chile argumenta que el dibujo fraguado en el Mapa de L\u00edmites de 1904 es un r\u00edo internacional con el nombre de r\u00edo Silala y Bolivia demuestra que el dibujo en el mapa de 1904 es falso porque f\u00edsicamente no se puede desplazar el curso natural de un r\u00edo en un grado geogr\u00e1fico para tratar de enga\u00f1ar que es un r\u00edo internacional de curso sucesivo\u201d, advierte.<\/p>\n<p>PETITORIO<br \/>\nEl exsecretario general de la Direcci\u00f3n Estrat\u00e9gica de la Reivindicaci\u00f3n Mar\u00edtima, Silala y Recursos H\u00eddricos Internacionales, Emerson Calder\u00f3n, destac\u00f3 en 2019 que Bolivia contrademand\u00f3 a Chile, porque consider\u00f3 que exist\u00edan elementos de la controversia que el vecino pa\u00eds omiti\u00f3.<br \/>\nCalder\u00f3n explic\u00f3 que en el primer petitorio de la contrademanda, Bolivia solicita a la CIJ que declare que nuestro pa\u00eds tiene derecho soberano sobre las obras hidr\u00e1ulicas y los mecanismos de drenaje instalados en su territorio, y que en consecuencia, tiene derecho a decidir si va a conservarlas o retirarlas.<br \/>\nUn segundo petitorio es que determine que tiene derecho soberano sobre el flujo artificial que generan estas obras hidr\u00e1ulicas.<br \/>\n\u201cEn el tercer punto de nuestro petitorio, Bolivia solicita a la Corte que determine que cualquier entrega, cualquier transferencia que se suscite de esta agua, de este flujo artificial, que va de Bolivia hacia Chile, debe estar sujeta a un acuerdo\u201d, dijo la exautoridad.<br \/>\nEl abogado V\u00edctor Hugo Ch\u00e1vez, dijo que el tercer petitorio de Bolivia va a inducir el fallo.<\/p>\n<p>ACUERDO<br \/>\nCh\u00e1vez, en entrevista anterior con E DIARIO, record\u00f3 que el preacuerdo que Bolivia y Chile firmaron en 2009 establec\u00eda el uso del Silala al 50 % para ambos pa\u00edses sin ning\u00fan pago, salvo, si alguna de las partes quisiera usar m\u00e1s de la mitad que le correspond\u00eda.<br \/>\n\u201cEl a\u00f1o 2009 Bolivia y Chile suscribieron un preacuerdo por el cual el pa\u00eds se\u00f1ala ser propietaria \u00fanicamente del 50 % de las aguas del Silala y si se ir\u00eda a un acuerdo posterior, entonces no ser\u00eda otra cosa que confirmar que Bolivia es \u00fanicamente propietaria del 50 % y que por complemento el otro 50 % le corresponder\u00eda a Chile, hasta el momento han estado estas posturas legales\u201d, precis\u00f3 Ch\u00e1vez.<br \/>\nPor otro lado, apunt\u00f3 que en el tema t\u00e9cnico, la delegaci\u00f3n chilena dijo que no ingres\u00f3 a territorio boliviano para hacer estudios y tampoco se escuch\u00f3 una pregunta similar al grupo de investigadores daneses que cumplen la labor t\u00e9cnica para Bolivia, y de hacerlo quiz\u00e1 la respuesta hubiera sido parecida.<\/p>\n<p>JUICIO<br \/>\nEn marzo pasado, el embajador de Bolivia en Pa\u00edses Bajos, Roberto Calzadilla, manifest\u00f3 que la CIJ de La Haya emitir\u00e1 el fallo sobre la demanda chilena contra Bolivia por el uso de las aguas del Silala hasta principios de 2023 o antes.<br \/>\n\u201cHay los precedentes de cuatro meses, seis meses y tambi\u00e9n (\u2026) en muchos casos la Corte ha establecido un tiempo mayor, es decir, ha llevado un a\u00f1o, un a\u00f1o y medio, y despu\u00e9s reci\u00e9n (emiti\u00f3) la sentencia; entonces, no es que durante esta (etapa de alegatos orales) vamos a recibir ya la opini\u00f3n de la Corte y su sentencia, (\u2026) la Corte m\u00e1s adelante va a anunciar las fechas, (pero) estimamos que puede ser m\u00e1s hacia la segunda parte de este a\u00f1o o a principios del pr\u00f3ximo a\u00f1o\u201d, afirm\u00f3 en entrevista con un medio pace\u00f1o.<br \/>\nAl respecto, Pi\u00e9rola manifest\u00f3 que tomando en cuenta el preacuerdo firmado entre Chile y Bolivia, considera que la CIJ de la Haya no debiera emitir un fallo favorable a Chile, no precisamente por la contrademanda, sino por el hecho de que no hab\u00eda acuerdo de Estado a Estado.<br \/>\n\u201cTenemos como antecedente el preacuerdo y la negociaci\u00f3n solapada que se hizo, de manera que si realmente hay justicia y hubi\u00e9semos tenido una buena defensa, considero de que nunca m\u00e1s Chile podr\u00eda usar esas aguas, a no ser que vaya pagando el consumo por el uso de agua\u201d, advirti\u00f3.<\/p>\n<figure id=\"attachment_82074\" aria-describedby=\"caption-attachment-82074\" style=\"width: 200px\" class=\"wp-caption aligncenter\"><a href=\"https:\/\/www.eldiario.net\/portal\/wp-content\/uploads\/2022\/05\/NORMA.jpg\"><img loading=\"lazy\" decoding=\"async\" class=\"size-full wp-image-82074\" src=\"https:\/\/www.eldiario.net\/portal\/wp-content\/uploads\/2022\/05\/NORMA.jpg\" alt=\"\" width=\"200\" height=\"291\" \/><\/a><figcaption id=\"caption-attachment-82074\" class=\"wp-caption-text\">NORMA PI\u00c9ROLA, EXDIPUTADA.<\/figcaption><\/figure>\n","protected":false},"excerpt":{"rendered":"<p>En el proceso que se ventila en la Corte Internacional de Justicia (CIJ) de La Haya donde Chile demand\u00f3 a Bolivia, en 2016, por la disputa sobre el estatus y uso de las aguas del Silala, el pa\u00eds tuvo errores desde la presentaci\u00f3n de la contrademanda donde ni siquiera se menciona a la deuda hist\u00f3rica, [&hellip;]<\/p>\n","protected":false},"author":1,"featured_media":82073,"comment_status":"closed","ping_status":"closed","sticky":false,"template":"","format":"standard","meta":{"_acf_changed":false,"footnotes":""},"categories":[14],"tags":[],"class_list":["post-82072","post","type-post","status-publish","format-standard","has-post-thumbnail","category-politica"],"acf":{"antetitulo":""},"yoast_head":"<!-- This site is optimized with the Yoast SEO plugin v28.4 - https:\/\/yoast.com\/product\/yoast-seo-wordpress\/ -->\n<title>Bolivia tuvo errores desde la presentaci\u00f3n de la contrademanda en el caso Silala - El Diario - Bolivia<\/title>\n<meta name=\"robots\" content=\"index, follow, max-snippet:-1, max-image-preview:large, max-video-preview:-1\" \/>\n<link rel=\"canonical\" href=\"https:\/\/www.eldiario.net\/portal\/2022\/05\/08\/bolivia-tuvo-errores-desde-la-presentacion-de-la-contrademanda-en-el-caso-silala\/\" \/>\n<meta property=\"og:locale\" content=\"es_ES\" \/>\n<meta property=\"og:type\" content=\"article\" \/>\n<meta property=\"og:title\" content=\"Bolivia tuvo errores desde la presentaci\u00f3n de la contrademanda en el caso Silala - El Diario - Bolivia\" \/>\n<meta property=\"og:description\" content=\"En el proceso que se ventila en la Corte Internacional de Justicia (CIJ) de La Haya donde Chile demand\u00f3 a Bolivia, en 2016, por la disputa sobre el estatus y uso de las aguas del Silala, el pa\u00eds tuvo errores desde la presentaci\u00f3n de la contrademanda donde ni siquiera se menciona a la deuda hist\u00f3rica, [&hellip;]\" \/>\n<meta property=\"og:url\" content=\"https:\/\/www.eldiario.net\/portal\/2022\/05\/08\/bolivia-tuvo-errores-desde-la-presentacion-de-la-contrademanda-en-el-caso-silala\/\" \/>\n<meta property=\"og:site_name\" content=\"El Diario - Bolivia\" \/>\n<meta property=\"article:publisher\" content=\"https:\/\/www.facebook.com\/eldiario.bolivia\/\" \/>\n<meta property=\"article:published_time\" content=\"2022-05-08T05:32:47+00:00\" \/>\n<meta property=\"og:image\" content=\"https:\/\/www.eldiario.net\/portal\/wp-content\/uploads\/2022\/05\/SILALA.jpg\" \/>\n\t<meta property=\"og:image:width\" content=\"800\" \/>\n\t<meta property=\"og:image:height\" content=\"500\" \/>\n\t<meta property=\"og:image:type\" content=\"image\/jpeg\" \/>\n<meta name=\"author\" content=\"Jeanette\" \/>\n<meta name=\"twitter:card\" content=\"summary_large_image\" \/>\n<meta name=\"twitter:creator\" content=\"@eldiario_net\" \/>\n<meta name=\"twitter:site\" content=\"@eldiario_net\" \/>\n<meta name=\"twitter:label1\" content=\"Escrito por\" \/>\n\t<meta name=\"twitter:data1\" content=\"Jeanette\" \/>\n\t<meta name=\"twitter:label2\" content=\"Tiempo de lectura\" \/>\n\t<meta name=\"twitter:data2\" content=\"6 minutos\" \/>\n<script type=\"application\/ld+json\" class=\"yoast-schema-graph\">{\"@context\":\"https:\\\/\\\/schema.org\",\"@graph\":[{\"@type\":\"Article\",\"@id\":\"https:\\\/\\\/www.eldiario.net\\\/portal\\\/2022\\\/05\\\/08\\\/bolivia-tuvo-errores-desde-la-presentacion-de-la-contrademanda-en-el-caso-silala\\\/#article\",\"isPartOf\":{\"@id\":\"https:\\\/\\\/www.eldiario.net\\\/portal\\\/2022\\\/05\\\/08\\\/bolivia-tuvo-errores-desde-la-presentacion-de-la-contrademanda-en-el-caso-silala\\\/\"},\"author\":{\"name\":\"Jeanette\",\"@id\":\"https:\\\/\\\/www.eldiario.net\\\/portal\\\/#\\\/schema\\\/person\\\/2c57cf2b7a7ae032e449e4c9b1019eac\"},\"headline\":\"Bolivia tuvo errores desde la presentaci\u00f3n de la contrademanda en el caso Silala\",\"datePublished\":\"2022-05-08T05:32:47+00:00\",\"mainEntityOfPage\":{\"@id\":\"https:\\\/\\\/www.eldiario.net\\\/portal\\\/2022\\\/05\\\/08\\\/bolivia-tuvo-errores-desde-la-presentacion-de-la-contrademanda-en-el-caso-silala\\\/\"},\"wordCount\":1141,\"publisher\":{\"@id\":\"https:\\\/\\\/www.eldiario.net\\\/portal\\\/#organization\"},\"image\":{\"@id\":\"https:\\\/\\\/www.eldiario.net\\\/portal\\\/2022\\\/05\\\/08\\\/bolivia-tuvo-errores-desde-la-presentacion-de-la-contrademanda-en-el-caso-silala\\\/#primaryimage\"},\"thumbnailUrl\":\"https:\\\/\\\/www.eldiario.net\\\/portal\\\/wp-content\\\/uploads\\\/2022\\\/05\\\/SILALA.jpg\",\"articleSection\":[\"Pol\u00edtica\"],\"inLanguage\":\"es\"},{\"@type\":\"WebPage\",\"@id\":\"https:\\\/\\\/www.eldiario.net\\\/portal\\\/2022\\\/05\\\/08\\\/bolivia-tuvo-errores-desde-la-presentacion-de-la-contrademanda-en-el-caso-silala\\\/\",\"url\":\"https:\\\/\\\/www.eldiario.net\\\/portal\\\/2022\\\/05\\\/08\\\/bolivia-tuvo-errores-desde-la-presentacion-de-la-contrademanda-en-el-caso-silala\\\/\",\"name\":\"Bolivia tuvo errores desde la presentaci\u00f3n de la contrademanda en el caso Silala - El Diario - Bolivia\",\"isPartOf\":{\"@id\":\"https:\\\/\\\/www.eldiario.net\\\/portal\\\/#website\"},\"primaryImageOfPage\":{\"@id\":\"https:\\\/\\\/www.eldiario.net\\\/portal\\\/2022\\\/05\\\/08\\\/bolivia-tuvo-errores-desde-la-presentacion-de-la-contrademanda-en-el-caso-silala\\\/#primaryimage\"},\"image\":{\"@id\":\"https:\\\/\\\/www.eldiario.net\\\/portal\\\/2022\\\/05\\\/08\\\/bolivia-tuvo-errores-desde-la-presentacion-de-la-contrademanda-en-el-caso-silala\\\/#primaryimage\"},\"thumbnailUrl\":\"https:\\\/\\\/www.eldiario.net\\\/portal\\\/wp-content\\\/uploads\\\/2022\\\/05\\\/SILALA.jpg\",\"datePublished\":\"2022-05-08T05:32:47+00:00\",\"breadcrumb\":{\"@id\":\"https:\\\/\\\/www.eldiario.net\\\/portal\\\/2022\\\/05\\\/08\\\/bolivia-tuvo-errores-desde-la-presentacion-de-la-contrademanda-en-el-caso-silala\\\/#breadcrumb\"},\"inLanguage\":\"es\",\"potentialAction\":[{\"@type\":\"ReadAction\",\"target\":[\"https:\\\/\\\/www.eldiario.net\\\/portal\\\/2022\\\/05\\\/08\\\/bolivia-tuvo-errores-desde-la-presentacion-de-la-contrademanda-en-el-caso-silala\\\/\"]}]},{\"@type\":\"ImageObject\",\"inLanguage\":\"es\",\"@id\":\"https:\\\/\\\/www.eldiario.net\\\/portal\\\/2022\\\/05\\\/08\\\/bolivia-tuvo-errores-desde-la-presentacion-de-la-contrademanda-en-el-caso-silala\\\/#primaryimage\",\"url\":\"https:\\\/\\\/www.eldiario.net\\\/portal\\\/wp-content\\\/uploads\\\/2022\\\/05\\\/SILALA.jpg\",\"contentUrl\":\"https:\\\/\\\/www.eldiario.net\\\/portal\\\/wp-content\\\/uploads\\\/2022\\\/05\\\/SILALA.jpg\",\"width\":800,\"height\":500,\"caption\":\"IMAGEN DEL SILALA.\"},{\"@type\":\"BreadcrumbList\",\"@id\":\"https:\\\/\\\/www.eldiario.net\\\/portal\\\/2022\\\/05\\\/08\\\/bolivia-tuvo-errores-desde-la-presentacion-de-la-contrademanda-en-el-caso-silala\\\/#breadcrumb\",\"itemListElement\":[{\"@type\":\"ListItem\",\"position\":1,\"name\":\"Portada\",\"item\":\"https:\\\/\\\/www.eldiario.net\\\/portal\\\/\"},{\"@type\":\"ListItem\",\"position\":2,\"name\":\"Bolivia tuvo errores desde la presentaci\u00f3n de la contrademanda en el caso Silala\"}]},{\"@type\":\"WebSite\",\"@id\":\"https:\\\/\\\/www.eldiario.net\\\/portal\\\/#website\",\"url\":\"https:\\\/\\\/www.eldiario.net\\\/portal\\\/\",\"name\":\"El Diario - Decano de la prensa nacional\",\"description\":\"El Diario - Decano de la prensa nacional\",\"publisher\":{\"@id\":\"https:\\\/\\\/www.eldiario.net\\\/portal\\\/#organization\"},\"potentialAction\":[{\"@type\":\"SearchAction\",\"target\":{\"@type\":\"EntryPoint\",\"urlTemplate\":\"https:\\\/\\\/www.eldiario.net\\\/portal\\\/?s={search_term_string}\"},\"query-input\":{\"@type\":\"PropertyValueSpecification\",\"valueRequired\":true,\"valueName\":\"search_term_string\"}}],\"inLanguage\":\"es\"},{\"@type\":\"Organization\",\"@id\":\"https:\\\/\\\/www.eldiario.net\\\/portal\\\/#organization\",\"name\":\"El Diario - Decano de la prensa nacional\",\"url\":\"https:\\\/\\\/www.eldiario.net\\\/portal\\\/\",\"logo\":{\"@type\":\"ImageObject\",\"inLanguage\":\"es\",\"@id\":\"https:\\\/\\\/www.eldiario.net\\\/portal\\\/#\\\/schema\\\/logo\\\/image\\\/\",\"url\":\"https:\\\/\\\/www.eldiario.net\\\/portal\\\/wp-content\\\/uploads\\\/2023\\\/07\\\/logo_ED.jpg\",\"contentUrl\":\"https:\\\/\\\/www.eldiario.net\\\/portal\\\/wp-content\\\/uploads\\\/2023\\\/07\\\/logo_ED.jpg\",\"width\":272,\"height\":52,\"caption\":\"El Diario - Decano de la prensa nacional\"},\"image\":{\"@id\":\"https:\\\/\\\/www.eldiario.net\\\/portal\\\/#\\\/schema\\\/logo\\\/image\\\/\"},\"sameAs\":[\"https:\\\/\\\/www.facebook.com\\\/eldiario.bolivia\\\/\",\"https:\\\/\\\/x.com\\\/eldiario_net\"]},{\"@type\":\"Person\",\"@id\":\"https:\\\/\\\/www.eldiario.net\\\/portal\\\/#\\\/schema\\\/person\\\/2c57cf2b7a7ae032e449e4c9b1019eac\",\"name\":\"Jeanette\",\"image\":{\"@type\":\"ImageObject\",\"inLanguage\":\"es\",\"@id\":\"https:\\\/\\\/secure.gravatar.com\\\/avatar\\\/3ea2118a5f7dad2b7138b1187a6b7ee55f160b9968b66013c3a3ef39dd7e5798?s=96&d=mm&r=g\",\"url\":\"https:\\\/\\\/secure.gravatar.com\\\/avatar\\\/3ea2118a5f7dad2b7138b1187a6b7ee55f160b9968b66013c3a3ef39dd7e5798?s=96&d=mm&r=g\",\"contentUrl\":\"https:\\\/\\\/secure.gravatar.com\\\/avatar\\\/3ea2118a5f7dad2b7138b1187a6b7ee55f160b9968b66013c3a3ef39dd7e5798?s=96&d=mm&r=g\",\"caption\":\"Jeanette\"},\"sameAs\":[\"https:\\\/\\\/www.eldiario.net\\\/portal\"],\"url\":\"https:\\\/\\\/www.eldiario.net\\\/portal\\\/author\\\/jeanette\\\/\"}]}<\/script>\n<!-- \/ Yoast SEO plugin. -->","yoast_head_json":{"title":"Bolivia tuvo errores desde la presentaci\u00f3n de la contrademanda en el caso Silala - El Diario - Bolivia","robots":{"index":"index","follow":"follow","max-snippet":"max-snippet:-1","max-image-preview":"max-image-preview:large","max-video-preview":"max-video-preview:-1"},"canonical":"https:\/\/www.eldiario.net\/portal\/2022\/05\/08\/bolivia-tuvo-errores-desde-la-presentacion-de-la-contrademanda-en-el-caso-silala\/","og_locale":"es_ES","og_type":"article","og_title":"Bolivia tuvo errores desde la presentaci\u00f3n de la contrademanda en el caso Silala - El Diario - Bolivia","og_description":"En el proceso que se ventila en la Corte Internacional de Justicia (CIJ) de La Haya donde Chile demand\u00f3 a Bolivia, en 2016, por la disputa sobre el estatus y uso de las aguas del Silala, el pa\u00eds tuvo errores desde la presentaci\u00f3n de la contrademanda donde ni siquiera se menciona a la deuda hist\u00f3rica, [&hellip;]","og_url":"https:\/\/www.eldiario.net\/portal\/2022\/05\/08\/bolivia-tuvo-errores-desde-la-presentacion-de-la-contrademanda-en-el-caso-silala\/","og_site_name":"El Diario - Bolivia","article_publisher":"https:\/\/www.facebook.com\/eldiario.bolivia\/","article_published_time":"2022-05-08T05:32:47+00:00","og_image":[{"width":800,"height":500,"url":"https:\/\/www.eldiario.net\/portal\/wp-content\/uploads\/2022\/05\/SILALA.jpg","type":"image\/jpeg"}],"author":"Jeanette","twitter_card":"summary_large_image","twitter_creator":"@eldiario_net","twitter_site":"@eldiario_net","twitter_misc":{"Escrito por":"Jeanette","Tiempo de lectura":"6 minutos"},"schema":{"@context":"https:\/\/schema.org","@graph":[{"@type":"Article","@id":"https:\/\/www.eldiario.net\/portal\/2022\/05\/08\/bolivia-tuvo-errores-desde-la-presentacion-de-la-contrademanda-en-el-caso-silala\/#article","isPartOf":{"@id":"https:\/\/www.eldiario.net\/portal\/2022\/05\/08\/bolivia-tuvo-errores-desde-la-presentacion-de-la-contrademanda-en-el-caso-silala\/"},"author":{"name":"Jeanette","@id":"https:\/\/www.eldiario.net\/portal\/#\/schema\/person\/2c57cf2b7a7ae032e449e4c9b1019eac"},"headline":"Bolivia tuvo errores desde la presentaci\u00f3n de la contrademanda en el caso Silala","datePublished":"2022-05-08T05:32:47+00:00","mainEntityOfPage":{"@id":"https:\/\/www.eldiario.net\/portal\/2022\/05\/08\/bolivia-tuvo-errores-desde-la-presentacion-de-la-contrademanda-en-el-caso-silala\/"},"wordCount":1141,"publisher":{"@id":"https:\/\/www.eldiario.net\/portal\/#organization"},"image":{"@id":"https:\/\/www.eldiario.net\/portal\/2022\/05\/08\/bolivia-tuvo-errores-desde-la-presentacion-de-la-contrademanda-en-el-caso-silala\/#primaryimage"},"thumbnailUrl":"https:\/\/www.eldiario.net\/portal\/wp-content\/uploads\/2022\/05\/SILALA.jpg","articleSection":["Pol\u00edtica"],"inLanguage":"es"},{"@type":"WebPage","@id":"https:\/\/www.eldiario.net\/portal\/2022\/05\/08\/bolivia-tuvo-errores-desde-la-presentacion-de-la-contrademanda-en-el-caso-silala\/","url":"https:\/\/www.eldiario.net\/portal\/2022\/05\/08\/bolivia-tuvo-errores-desde-la-presentacion-de-la-contrademanda-en-el-caso-silala\/","name":"Bolivia tuvo errores desde la presentaci\u00f3n de la contrademanda en el caso Silala - El Diario - Bolivia","isPartOf":{"@id":"https:\/\/www.eldiario.net\/portal\/#website"},"primaryImageOfPage":{"@id":"https:\/\/www.eldiario.net\/portal\/2022\/05\/08\/bolivia-tuvo-errores-desde-la-presentacion-de-la-contrademanda-en-el-caso-silala\/#primaryimage"},"image":{"@id":"https:\/\/www.eldiario.net\/portal\/2022\/05\/08\/bolivia-tuvo-errores-desde-la-presentacion-de-la-contrademanda-en-el-caso-silala\/#primaryimage"},"thumbnailUrl":"https:\/\/www.eldiario.net\/portal\/wp-content\/uploads\/2022\/05\/SILALA.jpg","datePublished":"2022-05-08T05:32:47+00:00","breadcrumb":{"@id":"https:\/\/www.eldiario.net\/portal\/2022\/05\/08\/bolivia-tuvo-errores-desde-la-presentacion-de-la-contrademanda-en-el-caso-silala\/#breadcrumb"},"inLanguage":"es","potentialAction":[{"@type":"ReadAction","target":["https:\/\/www.eldiario.net\/portal\/2022\/05\/08\/bolivia-tuvo-errores-desde-la-presentacion-de-la-contrademanda-en-el-caso-silala\/"]}]},{"@type":"ImageObject","inLanguage":"es","@id":"https:\/\/www.eldiario.net\/portal\/2022\/05\/08\/bolivia-tuvo-errores-desde-la-presentacion-de-la-contrademanda-en-el-caso-silala\/#primaryimage","url":"https:\/\/www.eldiario.net\/portal\/wp-content\/uploads\/2022\/05\/SILALA.jpg","contentUrl":"https:\/\/www.eldiario.net\/portal\/wp-content\/uploads\/2022\/05\/SILALA.jpg","width":800,"height":500,"caption":"IMAGEN DEL SILALA."},{"@type":"BreadcrumbList","@id":"https:\/\/www.eldiario.net\/portal\/2022\/05\/08\/bolivia-tuvo-errores-desde-la-presentacion-de-la-contrademanda-en-el-caso-silala\/#breadcrumb","itemListElement":[{"@type":"ListItem","position":1,"name":"Portada","item":"https:\/\/www.eldiario.net\/portal\/"},{"@type":"ListItem","position":2,"name":"Bolivia tuvo errores desde la presentaci\u00f3n de la contrademanda en el caso Silala"}]},{"@type":"WebSite","@id":"https:\/\/www.eldiario.net\/portal\/#website","url":"https:\/\/www.eldiario.net\/portal\/","name":"El Diario - Decano de la prensa nacional","description":"El Diario - Decano de la prensa nacional","publisher":{"@id":"https:\/\/www.eldiario.net\/portal\/#organization"},"potentialAction":[{"@type":"SearchAction","target":{"@type":"EntryPoint","urlTemplate":"https:\/\/www.eldiario.net\/portal\/?s={search_term_string}"},"query-input":{"@type":"PropertyValueSpecification","valueRequired":true,"valueName":"search_term_string"}}],"inLanguage":"es"},{"@type":"Organization","@id":"https:\/\/www.eldiario.net\/portal\/#organization","name":"El Diario - Decano de la prensa nacional","url":"https:\/\/www.eldiario.net\/portal\/","logo":{"@type":"ImageObject","inLanguage":"es","@id":"https:\/\/www.eldiario.net\/portal\/#\/schema\/logo\/image\/","url":"https:\/\/www.eldiario.net\/portal\/wp-content\/uploads\/2023\/07\/logo_ED.jpg","contentUrl":"https:\/\/www.eldiario.net\/portal\/wp-content\/uploads\/2023\/07\/logo_ED.jpg","width":272,"height":52,"caption":"El Diario - Decano de la prensa nacional"},"image":{"@id":"https:\/\/www.eldiario.net\/portal\/#\/schema\/logo\/image\/"},"sameAs":["https:\/\/www.facebook.com\/eldiario.bolivia\/","https:\/\/x.com\/eldiario_net"]},{"@type":"Person","@id":"https:\/\/www.eldiario.net\/portal\/#\/schema\/person\/2c57cf2b7a7ae032e449e4c9b1019eac","name":"Jeanette","image":{"@type":"ImageObject","inLanguage":"es","@id":"https:\/\/secure.gravatar.com\/avatar\/3ea2118a5f7dad2b7138b1187a6b7ee55f160b9968b66013c3a3ef39dd7e5798?s=96&d=mm&r=g","url":"https:\/\/secure.gravatar.com\/avatar\/3ea2118a5f7dad2b7138b1187a6b7ee55f160b9968b66013c3a3ef39dd7e5798?s=96&d=mm&r=g","contentUrl":"https:\/\/secure.gravatar.com\/avatar\/3ea2118a5f7dad2b7138b1187a6b7ee55f160b9968b66013c3a3ef39dd7e5798?s=96&d=mm&r=g","caption":"Jeanette"},"sameAs":["https:\/\/www.eldiario.net\/portal"],"url":"https:\/\/www.eldiario.net\/portal\/author\/jeanette\/"}]}},"_links":{"self":[{"href":"https:\/\/www.eldiario.net\/portal\/wp-json\/wp\/v2\/posts\/82072","targetHints":{"allow":["GET"]}}],"collection":[{"href":"https:\/\/www.eldiario.net\/portal\/wp-json\/wp\/v2\/posts"}],"about":[{"href":"https:\/\/www.eldiario.net\/portal\/wp-json\/wp\/v2\/types\/post"}],"author":[{"embeddable":true,"href":"https:\/\/www.eldiario.net\/portal\/wp-json\/wp\/v2\/users\/1"}],"replies":[{"embeddable":true,"href":"https:\/\/www.eldiario.net\/portal\/wp-json\/wp\/v2\/comments?post=82072"}],"version-history":[{"count":0,"href":"https:\/\/www.eldiario.net\/portal\/wp-json\/wp\/v2\/posts\/82072\/revisions"}],"wp:featuredmedia":[{"embeddable":true,"href":"https:\/\/www.eldiario.net\/portal\/wp-json\/wp\/v2\/media\/82073"}],"wp:attachment":[{"href":"https:\/\/www.eldiario.net\/portal\/wp-json\/wp\/v2\/media?parent=82072"}],"wp:term":[{"taxonomy":"category","embeddable":true,"href":"https:\/\/www.eldiario.net\/portal\/wp-json\/wp\/v2\/categories?post=82072"},{"taxonomy":"post_tag","embeddable":true,"href":"https:\/\/www.eldiario.net\/portal\/wp-json\/wp\/v2\/tags?post=82072"}],"curies":[{"name":"wp","href":"https:\/\/api.w.org\/{rel}","templated":true}]}}