{"id":82069,"date":"2022-05-08T01:31:40","date_gmt":"2022-05-08T05:31:40","guid":{"rendered":"https:\/\/www.eldiario.net\/portal\/?p=82069"},"modified":"2022-05-08T01:31:40","modified_gmt":"2022-05-08T05:31:40","slug":"callisaya-abogado-que-obtuvo-mayor-votacion-para-ser-defensor","status":"publish","type":"post","link":"https:\/\/www.eldiario.net\/portal\/2022\/05\/08\/callisaya-abogado-que-obtuvo-mayor-votacion-para-ser-defensor\/","title":{"rendered":"Callisaya, abogado que obtuvo  mayor votaci\u00f3n para ser Defensor"},"content":{"rendered":"<p>Pedro Francisco Callisaya Aro es el abogado que obtuvo la mayor votaci\u00f3n del oficialismo en la sesi\u00f3n de la Asamblea Legislativa y con ello se perfila como el futuro Defensor del Pueblo, aunque todav\u00eda no alcanza los 109 votos para llegar a los dos tercios requeridos.<br \/>\nCallisaya, abogado de la Universidad Mayor de San Andr\u00e9s (UMSA), fue presidente de la Sala Civil Primera en el Tribunal Departamental de Justicia de La Paz, tiene estudios de maestr\u00eda en Derecho Constitucional por la Universidad Andina y es egresado de la Escuela de Jueces de Espa\u00f1a.<br \/>\nEn 25 a\u00f1os de carrera judicial, Callisaya desempe\u00f1\u00f3 cargos en defensa p\u00fablica y el \u00e1rea jur\u00eddica en la Defensor\u00eda del Pueblo, adem\u00e1s de ser docente en las carreras de derecho de la UMSA y la Universidad Cat\u00f3lica.<br \/>\nDurante la primera votaci\u00f3n, el abogado pace\u00f1o aymara tuvo 65 votos de los diputados y senadores, mientras en la segunda ronda alcanz\u00f3 82 votos.<br \/>\nLos otros dos postulantes que lograron votos en la marat\u00f3nica sesi\u00f3n de 15 horas del jueves, fueron Evel\u00edn Coss\u00edo con 46 y 47 votos en ambas rondas, y Porfirio Machado con 30 y 11 votos.<br \/>\nEl oficialismo apoy\u00f3 a Callisaya y Machado, mientras la bancada de Comunidad Ciudadana dio sus votos a Coss\u00edo, dejaron entrever legisladores en entrevistas de medios. Creemos como bancada opt\u00f3 por el voto blanco.<br \/>\nTras la extensa sesi\u00f3n, el vicepresidente David Choquehuanca declar\u00f3 cuarto intermedio hasta nueva convocatoria.<br \/>\nLa abogada y exconstitucionalista Ang\u00e9lica Siles, hab\u00eda descrito a Callisaya como \u201ccandidato\u201d de David Choquehuanca y cuestion\u00f3 su desempe\u00f1o en la etapa de evaluaci\u00f3n.<br \/>\n\u201cCallisaya tuvo m\u00e1s de tres cartas de impugnaci\u00f3n, ejerci\u00f3 el cargo de Director Nacional de Derechos Reales hasta febrero de este a\u00f1o y fue vocal de Tribunal Departamental de Justicia de La Paz; respondi\u00f3 con limitada precisi\u00f3n de la Constituci\u00f3n, pero en la entrevista le calificaron con excelente\u201d, se\u00f1al\u00f3 Siles. (Visor21)<\/p>\n","protected":false},"excerpt":{"rendered":"<p>Pedro Francisco Callisaya Aro es el abogado que obtuvo la mayor votaci\u00f3n del oficialismo en la sesi\u00f3n de la Asamblea Legislativa y con ello se perfila como el futuro Defensor del Pueblo, aunque todav\u00eda no alcanza los 109 votos para llegar a los dos tercios requeridos. Callisaya, abogado de la Universidad Mayor de San Andr\u00e9s [&hellip;]<\/p>\n","protected":false},"author":1,"featured_media":82070,"comment_status":"closed","ping_status":"closed","sticky":false,"template":"","format":"standard","meta":{"_acf_changed":false,"footnotes":""},"categories":[14],"tags":[],"class_list":["post-82069","post","type-post","status-publish","format-standard","has-post-thumbnail","category-politica"],"acf":{"antetitulo":""},"yoast_head":"<!-- This site is optimized with the Yoast SEO plugin v28.4 - https:\/\/yoast.com\/product\/yoast-seo-wordpress\/ -->\n<title>Callisaya, abogado que obtuvo mayor votaci\u00f3n para ser Defensor - El Diario - Bolivia<\/title>\n<meta name=\"robots\" content=\"index, follow, max-snippet:-1, max-image-preview:large, max-video-preview:-1\" \/>\n<link rel=\"canonical\" href=\"https:\/\/www.eldiario.net\/portal\/2022\/05\/08\/callisaya-abogado-que-obtuvo-mayor-votacion-para-ser-defensor\/\" \/>\n<meta property=\"og:locale\" content=\"es_ES\" \/>\n<meta property=\"og:type\" content=\"article\" \/>\n<meta property=\"og:title\" content=\"Callisaya, abogado que obtuvo mayor votaci\u00f3n para ser Defensor - El Diario - Bolivia\" \/>\n<meta property=\"og:description\" content=\"Pedro Francisco Callisaya Aro es el abogado que obtuvo la mayor votaci\u00f3n del oficialismo en la sesi\u00f3n de la Asamblea Legislativa y con ello se perfila como el futuro Defensor del Pueblo, aunque todav\u00eda no alcanza los 109 votos para llegar a los dos tercios requeridos. Callisaya, abogado de la Universidad Mayor de San Andr\u00e9s [&hellip;]\" \/>\n<meta property=\"og:url\" content=\"https:\/\/www.eldiario.net\/portal\/2022\/05\/08\/callisaya-abogado-que-obtuvo-mayor-votacion-para-ser-defensor\/\" \/>\n<meta property=\"og:site_name\" content=\"El Diario - Bolivia\" \/>\n<meta property=\"article:publisher\" content=\"https:\/\/www.facebook.com\/eldiario.bolivia\/\" \/>\n<meta property=\"article:published_time\" content=\"2022-05-08T05:31:40+00:00\" \/>\n<meta name=\"author\" content=\"Jeanette\" \/>\n<meta name=\"twitter:card\" content=\"summary_large_image\" \/>\n<meta name=\"twitter:creator\" content=\"@eldiario_net\" \/>\n<meta name=\"twitter:site\" content=\"@eldiario_net\" \/>\n<meta name=\"twitter:label1\" content=\"Escrito por\" \/>\n\t<meta name=\"twitter:data1\" content=\"Jeanette\" \/>\n\t<meta name=\"twitter:label2\" content=\"Tiempo de lectura\" \/>\n\t<meta name=\"twitter:data2\" content=\"2 minutos\" \/>\n<script type=\"application\/ld+json\" class=\"yoast-schema-graph\">{\"@context\":\"https:\\\/\\\/schema.org\",\"@graph\":[{\"@type\":\"Article\",\"@id\":\"https:\\\/\\\/www.eldiario.net\\\/portal\\\/2022\\\/05\\\/08\\\/callisaya-abogado-que-obtuvo-mayor-votacion-para-ser-defensor\\\/#article\",\"isPartOf\":{\"@id\":\"https:\\\/\\\/www.eldiario.net\\\/portal\\\/2022\\\/05\\\/08\\\/callisaya-abogado-que-obtuvo-mayor-votacion-para-ser-defensor\\\/\"},\"author\":{\"name\":\"Jeanette\",\"@id\":\"https:\\\/\\\/www.eldiario.net\\\/portal\\\/#\\\/schema\\\/person\\\/2c57cf2b7a7ae032e449e4c9b1019eac\"},\"headline\":\"Callisaya, abogado que obtuvo mayor votaci\u00f3n para ser Defensor\",\"datePublished\":\"2022-05-08T05:31:40+00:00\",\"mainEntityOfPage\":{\"@id\":\"https:\\\/\\\/www.eldiario.net\\\/portal\\\/2022\\\/05\\\/08\\\/callisaya-abogado-que-obtuvo-mayor-votacion-para-ser-defensor\\\/\"},\"wordCount\":342,\"publisher\":{\"@id\":\"https:\\\/\\\/www.eldiario.net\\\/portal\\\/#organization\"},\"image\":{\"@id\":\"https:\\\/\\\/www.eldiario.net\\\/portal\\\/2022\\\/05\\\/08\\\/callisaya-abogado-que-obtuvo-mayor-votacion-para-ser-defensor\\\/#primaryimage\"},\"thumbnailUrl\":\"\",\"articleSection\":[\"Pol\u00edtica\"],\"inLanguage\":\"es\"},{\"@type\":\"WebPage\",\"@id\":\"https:\\\/\\\/www.eldiario.net\\\/portal\\\/2022\\\/05\\\/08\\\/callisaya-abogado-que-obtuvo-mayor-votacion-para-ser-defensor\\\/\",\"url\":\"https:\\\/\\\/www.eldiario.net\\\/portal\\\/2022\\\/05\\\/08\\\/callisaya-abogado-que-obtuvo-mayor-votacion-para-ser-defensor\\\/\",\"name\":\"Callisaya, abogado que obtuvo mayor votaci\u00f3n para ser Defensor - El Diario - Bolivia\",\"isPartOf\":{\"@id\":\"https:\\\/\\\/www.eldiario.net\\\/portal\\\/#website\"},\"primaryImageOfPage\":{\"@id\":\"https:\\\/\\\/www.eldiario.net\\\/portal\\\/2022\\\/05\\\/08\\\/callisaya-abogado-que-obtuvo-mayor-votacion-para-ser-defensor\\\/#primaryimage\"},\"image\":{\"@id\":\"https:\\\/\\\/www.eldiario.net\\\/portal\\\/2022\\\/05\\\/08\\\/callisaya-abogado-que-obtuvo-mayor-votacion-para-ser-defensor\\\/#primaryimage\"},\"thumbnailUrl\":\"\",\"datePublished\":\"2022-05-08T05:31:40+00:00\",\"breadcrumb\":{\"@id\":\"https:\\\/\\\/www.eldiario.net\\\/portal\\\/2022\\\/05\\\/08\\\/callisaya-abogado-que-obtuvo-mayor-votacion-para-ser-defensor\\\/#breadcrumb\"},\"inLanguage\":\"es\",\"potentialAction\":[{\"@type\":\"ReadAction\",\"target\":[\"https:\\\/\\\/www.eldiario.net\\\/portal\\\/2022\\\/05\\\/08\\\/callisaya-abogado-que-obtuvo-mayor-votacion-para-ser-defensor\\\/\"]}]},{\"@type\":\"ImageObject\",\"inLanguage\":\"es\",\"@id\":\"https:\\\/\\\/www.eldiario.net\\\/portal\\\/2022\\\/05\\\/08\\\/callisaya-abogado-que-obtuvo-mayor-votacion-para-ser-defensor\\\/#primaryimage\",\"url\":\"\",\"contentUrl\":\"\"},{\"@type\":\"BreadcrumbList\",\"@id\":\"https:\\\/\\\/www.eldiario.net\\\/portal\\\/2022\\\/05\\\/08\\\/callisaya-abogado-que-obtuvo-mayor-votacion-para-ser-defensor\\\/#breadcrumb\",\"itemListElement\":[{\"@type\":\"ListItem\",\"position\":1,\"name\":\"Portada\",\"item\":\"https:\\\/\\\/www.eldiario.net\\\/portal\\\/\"},{\"@type\":\"ListItem\",\"position\":2,\"name\":\"Callisaya, abogado que obtuvo mayor votaci\u00f3n para ser Defensor\"}]},{\"@type\":\"WebSite\",\"@id\":\"https:\\\/\\\/www.eldiario.net\\\/portal\\\/#website\",\"url\":\"https:\\\/\\\/www.eldiario.net\\\/portal\\\/\",\"name\":\"El Diario - Decano de la prensa nacional\",\"description\":\"El Diario - Decano de la prensa nacional\",\"publisher\":{\"@id\":\"https:\\\/\\\/www.eldiario.net\\\/portal\\\/#organization\"},\"potentialAction\":[{\"@type\":\"SearchAction\",\"target\":{\"@type\":\"EntryPoint\",\"urlTemplate\":\"https:\\\/\\\/www.eldiario.net\\\/portal\\\/?s={search_term_string}\"},\"query-input\":{\"@type\":\"PropertyValueSpecification\",\"valueRequired\":true,\"valueName\":\"search_term_string\"}}],\"inLanguage\":\"es\"},{\"@type\":\"Organization\",\"@id\":\"https:\\\/\\\/www.eldiario.net\\\/portal\\\/#organization\",\"name\":\"El Diario - Decano de la prensa nacional\",\"url\":\"https:\\\/\\\/www.eldiario.net\\\/portal\\\/\",\"logo\":{\"@type\":\"ImageObject\",\"inLanguage\":\"es\",\"@id\":\"https:\\\/\\\/www.eldiario.net\\\/portal\\\/#\\\/schema\\\/logo\\\/image\\\/\",\"url\":\"https:\\\/\\\/www.eldiario.net\\\/portal\\\/wp-content\\\/uploads\\\/2023\\\/07\\\/logo_ED.jpg\",\"contentUrl\":\"https:\\\/\\\/www.eldiario.net\\\/portal\\\/wp-content\\\/uploads\\\/2023\\\/07\\\/logo_ED.jpg\",\"width\":272,\"height\":52,\"caption\":\"El Diario - Decano de la prensa nacional\"},\"image\":{\"@id\":\"https:\\\/\\\/www.eldiario.net\\\/portal\\\/#\\\/schema\\\/logo\\\/image\\\/\"},\"sameAs\":[\"https:\\\/\\\/www.facebook.com\\\/eldiario.bolivia\\\/\",\"https:\\\/\\\/x.com\\\/eldiario_net\"]},{\"@type\":\"Person\",\"@id\":\"https:\\\/\\\/www.eldiario.net\\\/portal\\\/#\\\/schema\\\/person\\\/2c57cf2b7a7ae032e449e4c9b1019eac\",\"name\":\"Jeanette\",\"image\":{\"@type\":\"ImageObject\",\"inLanguage\":\"es\",\"@id\":\"https:\\\/\\\/secure.gravatar.com\\\/avatar\\\/3ea2118a5f7dad2b7138b1187a6b7ee55f160b9968b66013c3a3ef39dd7e5798?s=96&d=mm&r=g\",\"url\":\"https:\\\/\\\/secure.gravatar.com\\\/avatar\\\/3ea2118a5f7dad2b7138b1187a6b7ee55f160b9968b66013c3a3ef39dd7e5798?s=96&d=mm&r=g\",\"contentUrl\":\"https:\\\/\\\/secure.gravatar.com\\\/avatar\\\/3ea2118a5f7dad2b7138b1187a6b7ee55f160b9968b66013c3a3ef39dd7e5798?s=96&d=mm&r=g\",\"caption\":\"Jeanette\"},\"sameAs\":[\"https:\\\/\\\/www.eldiario.net\\\/portal\"],\"url\":\"https:\\\/\\\/www.eldiario.net\\\/portal\\\/author\\\/jeanette\\\/\"}]}<\/script>\n<!-- \/ Yoast SEO plugin. -->","yoast_head_json":{"title":"Callisaya, abogado que obtuvo mayor votaci\u00f3n para ser Defensor - El Diario - Bolivia","robots":{"index":"index","follow":"follow","max-snippet":"max-snippet:-1","max-image-preview":"max-image-preview:large","max-video-preview":"max-video-preview:-1"},"canonical":"https:\/\/www.eldiario.net\/portal\/2022\/05\/08\/callisaya-abogado-que-obtuvo-mayor-votacion-para-ser-defensor\/","og_locale":"es_ES","og_type":"article","og_title":"Callisaya, abogado que obtuvo mayor votaci\u00f3n para ser Defensor - El Diario - Bolivia","og_description":"Pedro Francisco Callisaya Aro es el abogado que obtuvo la mayor votaci\u00f3n del oficialismo en la sesi\u00f3n de la Asamblea Legislativa y con ello se perfila como el futuro Defensor del Pueblo, aunque todav\u00eda no alcanza los 109 votos para llegar a los dos tercios requeridos. Callisaya, abogado de la Universidad Mayor de San Andr\u00e9s [&hellip;]","og_url":"https:\/\/www.eldiario.net\/portal\/2022\/05\/08\/callisaya-abogado-que-obtuvo-mayor-votacion-para-ser-defensor\/","og_site_name":"El Diario - Bolivia","article_publisher":"https:\/\/www.facebook.com\/eldiario.bolivia\/","article_published_time":"2022-05-08T05:31:40+00:00","author":"Jeanette","twitter_card":"summary_large_image","twitter_creator":"@eldiario_net","twitter_site":"@eldiario_net","twitter_misc":{"Escrito por":"Jeanette","Tiempo de lectura":"2 minutos"},"schema":{"@context":"https:\/\/schema.org","@graph":[{"@type":"Article","@id":"https:\/\/www.eldiario.net\/portal\/2022\/05\/08\/callisaya-abogado-que-obtuvo-mayor-votacion-para-ser-defensor\/#article","isPartOf":{"@id":"https:\/\/www.eldiario.net\/portal\/2022\/05\/08\/callisaya-abogado-que-obtuvo-mayor-votacion-para-ser-defensor\/"},"author":{"name":"Jeanette","@id":"https:\/\/www.eldiario.net\/portal\/#\/schema\/person\/2c57cf2b7a7ae032e449e4c9b1019eac"},"headline":"Callisaya, abogado que obtuvo mayor votaci\u00f3n para ser Defensor","datePublished":"2022-05-08T05:31:40+00:00","mainEntityOfPage":{"@id":"https:\/\/www.eldiario.net\/portal\/2022\/05\/08\/callisaya-abogado-que-obtuvo-mayor-votacion-para-ser-defensor\/"},"wordCount":342,"publisher":{"@id":"https:\/\/www.eldiario.net\/portal\/#organization"},"image":{"@id":"https:\/\/www.eldiario.net\/portal\/2022\/05\/08\/callisaya-abogado-que-obtuvo-mayor-votacion-para-ser-defensor\/#primaryimage"},"thumbnailUrl":"","articleSection":["Pol\u00edtica"],"inLanguage":"es"},{"@type":"WebPage","@id":"https:\/\/www.eldiario.net\/portal\/2022\/05\/08\/callisaya-abogado-que-obtuvo-mayor-votacion-para-ser-defensor\/","url":"https:\/\/www.eldiario.net\/portal\/2022\/05\/08\/callisaya-abogado-que-obtuvo-mayor-votacion-para-ser-defensor\/","name":"Callisaya, abogado que obtuvo mayor votaci\u00f3n para ser Defensor - El Diario - Bolivia","isPartOf":{"@id":"https:\/\/www.eldiario.net\/portal\/#website"},"primaryImageOfPage":{"@id":"https:\/\/www.eldiario.net\/portal\/2022\/05\/08\/callisaya-abogado-que-obtuvo-mayor-votacion-para-ser-defensor\/#primaryimage"},"image":{"@id":"https:\/\/www.eldiario.net\/portal\/2022\/05\/08\/callisaya-abogado-que-obtuvo-mayor-votacion-para-ser-defensor\/#primaryimage"},"thumbnailUrl":"","datePublished":"2022-05-08T05:31:40+00:00","breadcrumb":{"@id":"https:\/\/www.eldiario.net\/portal\/2022\/05\/08\/callisaya-abogado-que-obtuvo-mayor-votacion-para-ser-defensor\/#breadcrumb"},"inLanguage":"es","potentialAction":[{"@type":"ReadAction","target":["https:\/\/www.eldiario.net\/portal\/2022\/05\/08\/callisaya-abogado-que-obtuvo-mayor-votacion-para-ser-defensor\/"]}]},{"@type":"ImageObject","inLanguage":"es","@id":"https:\/\/www.eldiario.net\/portal\/2022\/05\/08\/callisaya-abogado-que-obtuvo-mayor-votacion-para-ser-defensor\/#primaryimage","url":"","contentUrl":""},{"@type":"BreadcrumbList","@id":"https:\/\/www.eldiario.net\/portal\/2022\/05\/08\/callisaya-abogado-que-obtuvo-mayor-votacion-para-ser-defensor\/#breadcrumb","itemListElement":[{"@type":"ListItem","position":1,"name":"Portada","item":"https:\/\/www.eldiario.net\/portal\/"},{"@type":"ListItem","position":2,"name":"Callisaya, abogado que obtuvo mayor votaci\u00f3n para ser Defensor"}]},{"@type":"WebSite","@id":"https:\/\/www.eldiario.net\/portal\/#website","url":"https:\/\/www.eldiario.net\/portal\/","name":"El Diario - Decano de la prensa nacional","description":"El Diario - Decano de la prensa nacional","publisher":{"@id":"https:\/\/www.eldiario.net\/portal\/#organization"},"potentialAction":[{"@type":"SearchAction","target":{"@type":"EntryPoint","urlTemplate":"https:\/\/www.eldiario.net\/portal\/?s={search_term_string}"},"query-input":{"@type":"PropertyValueSpecification","valueRequired":true,"valueName":"search_term_string"}}],"inLanguage":"es"},{"@type":"Organization","@id":"https:\/\/www.eldiario.net\/portal\/#organization","name":"El Diario - Decano de la prensa nacional","url":"https:\/\/www.eldiario.net\/portal\/","logo":{"@type":"ImageObject","inLanguage":"es","@id":"https:\/\/www.eldiario.net\/portal\/#\/schema\/logo\/image\/","url":"https:\/\/www.eldiario.net\/portal\/wp-content\/uploads\/2023\/07\/logo_ED.jpg","contentUrl":"https:\/\/www.eldiario.net\/portal\/wp-content\/uploads\/2023\/07\/logo_ED.jpg","width":272,"height":52,"caption":"El Diario - Decano de la prensa nacional"},"image":{"@id":"https:\/\/www.eldiario.net\/portal\/#\/schema\/logo\/image\/"},"sameAs":["https:\/\/www.facebook.com\/eldiario.bolivia\/","https:\/\/x.com\/eldiario_net"]},{"@type":"Person","@id":"https:\/\/www.eldiario.net\/portal\/#\/schema\/person\/2c57cf2b7a7ae032e449e4c9b1019eac","name":"Jeanette","image":{"@type":"ImageObject","inLanguage":"es","@id":"https:\/\/secure.gravatar.com\/avatar\/3ea2118a5f7dad2b7138b1187a6b7ee55f160b9968b66013c3a3ef39dd7e5798?s=96&d=mm&r=g","url":"https:\/\/secure.gravatar.com\/avatar\/3ea2118a5f7dad2b7138b1187a6b7ee55f160b9968b66013c3a3ef39dd7e5798?s=96&d=mm&r=g","contentUrl":"https:\/\/secure.gravatar.com\/avatar\/3ea2118a5f7dad2b7138b1187a6b7ee55f160b9968b66013c3a3ef39dd7e5798?s=96&d=mm&r=g","caption":"Jeanette"},"sameAs":["https:\/\/www.eldiario.net\/portal"],"url":"https:\/\/www.eldiario.net\/portal\/author\/jeanette\/"}]}},"_links":{"self":[{"href":"https:\/\/www.eldiario.net\/portal\/wp-json\/wp\/v2\/posts\/82069","targetHints":{"allow":["GET"]}}],"collection":[{"href":"https:\/\/www.eldiario.net\/portal\/wp-json\/wp\/v2\/posts"}],"about":[{"href":"https:\/\/www.eldiario.net\/portal\/wp-json\/wp\/v2\/types\/post"}],"author":[{"embeddable":true,"href":"https:\/\/www.eldiario.net\/portal\/wp-json\/wp\/v2\/users\/1"}],"replies":[{"embeddable":true,"href":"https:\/\/www.eldiario.net\/portal\/wp-json\/wp\/v2\/comments?post=82069"}],"version-history":[{"count":0,"href":"https:\/\/www.eldiario.net\/portal\/wp-json\/wp\/v2\/posts\/82069\/revisions"}],"wp:attachment":[{"href":"https:\/\/www.eldiario.net\/portal\/wp-json\/wp\/v2\/media?parent=82069"}],"wp:term":[{"taxonomy":"category","embeddable":true,"href":"https:\/\/www.eldiario.net\/portal\/wp-json\/wp\/v2\/categories?post=82069"},{"taxonomy":"post_tag","embeddable":true,"href":"https:\/\/www.eldiario.net\/portal\/wp-json\/wp\/v2\/tags?post=82069"}],"curies":[{"name":"wp","href":"https:\/\/api.w.org\/{rel}","templated":true}]}}