{"id":82066,"date":"2022-05-08T01:30:37","date_gmt":"2022-05-08T05:30:37","guid":{"rendered":"https:\/\/www.eldiario.net\/portal\/?p=82066"},"modified":"2022-05-08T01:30:37","modified_gmt":"2022-05-08T05:30:37","slug":"senado-espera-informe-de-del-castillo-sobre-diprove","status":"publish","type":"post","link":"https:\/\/www.eldiario.net\/portal\/2022\/05\/08\/senado-espera-informe-de-del-castillo-sobre-diprove\/","title":{"rendered":"Senado espera informe de  Del Castillo sobre Diprove"},"content":{"rendered":"<p>El presidente del Senado, Andr\u00f3nico Rodr\u00edguez, inform\u00f3 que esa instancia espera un informe escrito del ministro de Gobierno, Eduardo Del Castillo, sobre la Direcci\u00f3n de Prevenci\u00f3n de Robo de Veh\u00edculos (Diprove) y el esc\u00e1ndalo de presunta relaci\u00f3n de jefes policiales con el tr\u00e1fico de autos robados en Chile.<br \/>\nRodr\u00edguez hizo notar que el ministro Del Castillo tambi\u00e9n tiene pendientes otros informes, como la situaci\u00f3n de la Fuerza Especial de Lucha Contra el Narcotr\u00e1fico (Felcn), por presunto encubrimiento a traficantes de coca\u00edna, y la situaci\u00f3n de la Fuerza Especial de Lucha Contra la Violencia (Felcv).<br \/>\nEl pasado lunes, un reporte period\u00edstico dio cuenta de una presunta elaci\u00f3n entre jefes policiales con el tr\u00e1fico de veh\u00edculos que fueron robados en Chile. Por esta denuncia, el ahora exjefe de la Polic\u00eda Fronteriza de Uyuni, coronel Ra\u00fal Cabezas, guarda detenci\u00f3n preventiva en el penal de Palmasola, luego de ser acusado de haber tenido un carro robado en su domicilio. (Br\u00fajula Digital)<\/p>\n","protected":false},"excerpt":{"rendered":"<p>El presidente del Senado, Andr\u00f3nico Rodr\u00edguez, inform\u00f3 que esa instancia espera un informe escrito del ministro de Gobierno, Eduardo Del Castillo, sobre la Direcci\u00f3n de Prevenci\u00f3n de Robo de Veh\u00edculos (Diprove) y el esc\u00e1ndalo de presunta relaci\u00f3n de jefes policiales con el tr\u00e1fico de autos robados en Chile. Rodr\u00edguez hizo notar que el ministro Del [&hellip;]<\/p>\n","protected":false},"author":1,"featured_media":82067,"comment_status":"closed","ping_status":"closed","sticky":false,"template":"","format":"standard","meta":{"_acf_changed":false,"footnotes":""},"categories":[14],"tags":[],"class_list":["post-82066","post","type-post","status-publish","format-standard","has-post-thumbnail","category-politica"],"acf":{"antetitulo":""},"yoast_head":"<!-- This site is optimized with the Yoast SEO plugin v28.4 - https:\/\/yoast.com\/product\/yoast-seo-wordpress\/ -->\n<title>Senado espera informe de Del Castillo sobre Diprove - El Diario - Bolivia<\/title>\n<meta name=\"robots\" content=\"index, follow, max-snippet:-1, max-image-preview:large, max-video-preview:-1\" \/>\n<link rel=\"canonical\" href=\"https:\/\/www.eldiario.net\/portal\/2022\/05\/08\/senado-espera-informe-de-del-castillo-sobre-diprove\/\" \/>\n<meta property=\"og:locale\" content=\"es_ES\" \/>\n<meta property=\"og:type\" content=\"article\" \/>\n<meta property=\"og:title\" content=\"Senado espera informe de Del Castillo sobre Diprove - El Diario - Bolivia\" \/>\n<meta property=\"og:description\" content=\"El presidente del Senado, Andr\u00f3nico Rodr\u00edguez, inform\u00f3 que esa instancia espera un informe escrito del ministro de Gobierno, Eduardo Del Castillo, sobre la Direcci\u00f3n de Prevenci\u00f3n de Robo de Veh\u00edculos (Diprove) y el esc\u00e1ndalo de presunta relaci\u00f3n de jefes policiales con el tr\u00e1fico de autos robados en Chile. Rodr\u00edguez hizo notar que el ministro Del [&hellip;]\" \/>\n<meta property=\"og:url\" content=\"https:\/\/www.eldiario.net\/portal\/2022\/05\/08\/senado-espera-informe-de-del-castillo-sobre-diprove\/\" \/>\n<meta property=\"og:site_name\" content=\"El Diario - Bolivia\" \/>\n<meta property=\"article:publisher\" content=\"https:\/\/www.facebook.com\/eldiario.bolivia\/\" \/>\n<meta property=\"article:published_time\" content=\"2022-05-08T05:30:37+00:00\" \/>\n<meta name=\"author\" content=\"Jeanette\" \/>\n<meta name=\"twitter:card\" content=\"summary_large_image\" \/>\n<meta name=\"twitter:creator\" content=\"@eldiario_net\" \/>\n<meta name=\"twitter:site\" content=\"@eldiario_net\" \/>\n<meta name=\"twitter:label1\" content=\"Escrito por\" \/>\n\t<meta name=\"twitter:data1\" content=\"Jeanette\" \/>\n\t<meta name=\"twitter:label2\" content=\"Tiempo de lectura\" \/>\n\t<meta name=\"twitter:data2\" content=\"1 minuto\" \/>\n<script type=\"application\/ld+json\" class=\"yoast-schema-graph\">{\"@context\":\"https:\\\/\\\/schema.org\",\"@graph\":[{\"@type\":\"Article\",\"@id\":\"https:\\\/\\\/www.eldiario.net\\\/portal\\\/2022\\\/05\\\/08\\\/senado-espera-informe-de-del-castillo-sobre-diprove\\\/#article\",\"isPartOf\":{\"@id\":\"https:\\\/\\\/www.eldiario.net\\\/portal\\\/2022\\\/05\\\/08\\\/senado-espera-informe-de-del-castillo-sobre-diprove\\\/\"},\"author\":{\"name\":\"Jeanette\",\"@id\":\"https:\\\/\\\/www.eldiario.net\\\/portal\\\/#\\\/schema\\\/person\\\/2c57cf2b7a7ae032e449e4c9b1019eac\"},\"headline\":\"Senado espera informe de Del Castillo sobre Diprove\",\"datePublished\":\"2022-05-08T05:30:37+00:00\",\"mainEntityOfPage\":{\"@id\":\"https:\\\/\\\/www.eldiario.net\\\/portal\\\/2022\\\/05\\\/08\\\/senado-espera-informe-de-del-castillo-sobre-diprove\\\/\"},\"wordCount\":187,\"publisher\":{\"@id\":\"https:\\\/\\\/www.eldiario.net\\\/portal\\\/#organization\"},\"image\":{\"@id\":\"https:\\\/\\\/www.eldiario.net\\\/portal\\\/2022\\\/05\\\/08\\\/senado-espera-informe-de-del-castillo-sobre-diprove\\\/#primaryimage\"},\"thumbnailUrl\":\"\",\"articleSection\":[\"Pol\u00edtica\"],\"inLanguage\":\"es\"},{\"@type\":\"WebPage\",\"@id\":\"https:\\\/\\\/www.eldiario.net\\\/portal\\\/2022\\\/05\\\/08\\\/senado-espera-informe-de-del-castillo-sobre-diprove\\\/\",\"url\":\"https:\\\/\\\/www.eldiario.net\\\/portal\\\/2022\\\/05\\\/08\\\/senado-espera-informe-de-del-castillo-sobre-diprove\\\/\",\"name\":\"Senado espera informe de Del Castillo sobre Diprove - El Diario - Bolivia\",\"isPartOf\":{\"@id\":\"https:\\\/\\\/www.eldiario.net\\\/portal\\\/#website\"},\"primaryImageOfPage\":{\"@id\":\"https:\\\/\\\/www.eldiario.net\\\/portal\\\/2022\\\/05\\\/08\\\/senado-espera-informe-de-del-castillo-sobre-diprove\\\/#primaryimage\"},\"image\":{\"@id\":\"https:\\\/\\\/www.eldiario.net\\\/portal\\\/2022\\\/05\\\/08\\\/senado-espera-informe-de-del-castillo-sobre-diprove\\\/#primaryimage\"},\"thumbnailUrl\":\"\",\"datePublished\":\"2022-05-08T05:30:37+00:00\",\"breadcrumb\":{\"@id\":\"https:\\\/\\\/www.eldiario.net\\\/portal\\\/2022\\\/05\\\/08\\\/senado-espera-informe-de-del-castillo-sobre-diprove\\\/#breadcrumb\"},\"inLanguage\":\"es\",\"potentialAction\":[{\"@type\":\"ReadAction\",\"target\":[\"https:\\\/\\\/www.eldiario.net\\\/portal\\\/2022\\\/05\\\/08\\\/senado-espera-informe-de-del-castillo-sobre-diprove\\\/\"]}]},{\"@type\":\"ImageObject\",\"inLanguage\":\"es\",\"@id\":\"https:\\\/\\\/www.eldiario.net\\\/portal\\\/2022\\\/05\\\/08\\\/senado-espera-informe-de-del-castillo-sobre-diprove\\\/#primaryimage\",\"url\":\"\",\"contentUrl\":\"\"},{\"@type\":\"BreadcrumbList\",\"@id\":\"https:\\\/\\\/www.eldiario.net\\\/portal\\\/2022\\\/05\\\/08\\\/senado-espera-informe-de-del-castillo-sobre-diprove\\\/#breadcrumb\",\"itemListElement\":[{\"@type\":\"ListItem\",\"position\":1,\"name\":\"Portada\",\"item\":\"https:\\\/\\\/www.eldiario.net\\\/portal\\\/\"},{\"@type\":\"ListItem\",\"position\":2,\"name\":\"Senado espera informe de Del Castillo sobre Diprove\"}]},{\"@type\":\"WebSite\",\"@id\":\"https:\\\/\\\/www.eldiario.net\\\/portal\\\/#website\",\"url\":\"https:\\\/\\\/www.eldiario.net\\\/portal\\\/\",\"name\":\"El Diario - Decano de la prensa nacional\",\"description\":\"El Diario - Decano de la prensa nacional\",\"publisher\":{\"@id\":\"https:\\\/\\\/www.eldiario.net\\\/portal\\\/#organization\"},\"potentialAction\":[{\"@type\":\"SearchAction\",\"target\":{\"@type\":\"EntryPoint\",\"urlTemplate\":\"https:\\\/\\\/www.eldiario.net\\\/portal\\\/?s={search_term_string}\"},\"query-input\":{\"@type\":\"PropertyValueSpecification\",\"valueRequired\":true,\"valueName\":\"search_term_string\"}}],\"inLanguage\":\"es\"},{\"@type\":\"Organization\",\"@id\":\"https:\\\/\\\/www.eldiario.net\\\/portal\\\/#organization\",\"name\":\"El Diario - Decano de la prensa nacional\",\"url\":\"https:\\\/\\\/www.eldiario.net\\\/portal\\\/\",\"logo\":{\"@type\":\"ImageObject\",\"inLanguage\":\"es\",\"@id\":\"https:\\\/\\\/www.eldiario.net\\\/portal\\\/#\\\/schema\\\/logo\\\/image\\\/\",\"url\":\"https:\\\/\\\/www.eldiario.net\\\/portal\\\/wp-content\\\/uploads\\\/2023\\\/07\\\/logo_ED.jpg\",\"contentUrl\":\"https:\\\/\\\/www.eldiario.net\\\/portal\\\/wp-content\\\/uploads\\\/2023\\\/07\\\/logo_ED.jpg\",\"width\":272,\"height\":52,\"caption\":\"El Diario - Decano de la prensa nacional\"},\"image\":{\"@id\":\"https:\\\/\\\/www.eldiario.net\\\/portal\\\/#\\\/schema\\\/logo\\\/image\\\/\"},\"sameAs\":[\"https:\\\/\\\/www.facebook.com\\\/eldiario.bolivia\\\/\",\"https:\\\/\\\/x.com\\\/eldiario_net\"]},{\"@type\":\"Person\",\"@id\":\"https:\\\/\\\/www.eldiario.net\\\/portal\\\/#\\\/schema\\\/person\\\/2c57cf2b7a7ae032e449e4c9b1019eac\",\"name\":\"Jeanette\",\"image\":{\"@type\":\"ImageObject\",\"inLanguage\":\"es\",\"@id\":\"https:\\\/\\\/secure.gravatar.com\\\/avatar\\\/3ea2118a5f7dad2b7138b1187a6b7ee55f160b9968b66013c3a3ef39dd7e5798?s=96&d=mm&r=g\",\"url\":\"https:\\\/\\\/secure.gravatar.com\\\/avatar\\\/3ea2118a5f7dad2b7138b1187a6b7ee55f160b9968b66013c3a3ef39dd7e5798?s=96&d=mm&r=g\",\"contentUrl\":\"https:\\\/\\\/secure.gravatar.com\\\/avatar\\\/3ea2118a5f7dad2b7138b1187a6b7ee55f160b9968b66013c3a3ef39dd7e5798?s=96&d=mm&r=g\",\"caption\":\"Jeanette\"},\"sameAs\":[\"https:\\\/\\\/www.eldiario.net\\\/portal\"],\"url\":\"https:\\\/\\\/www.eldiario.net\\\/portal\\\/author\\\/jeanette\\\/\"}]}<\/script>\n<!-- \/ Yoast SEO plugin. -->","yoast_head_json":{"title":"Senado espera informe de Del Castillo sobre Diprove - El Diario - Bolivia","robots":{"index":"index","follow":"follow","max-snippet":"max-snippet:-1","max-image-preview":"max-image-preview:large","max-video-preview":"max-video-preview:-1"},"canonical":"https:\/\/www.eldiario.net\/portal\/2022\/05\/08\/senado-espera-informe-de-del-castillo-sobre-diprove\/","og_locale":"es_ES","og_type":"article","og_title":"Senado espera informe de Del Castillo sobre Diprove - El Diario - Bolivia","og_description":"El presidente del Senado, Andr\u00f3nico Rodr\u00edguez, inform\u00f3 que esa instancia espera un informe escrito del ministro de Gobierno, Eduardo Del Castillo, sobre la Direcci\u00f3n de Prevenci\u00f3n de Robo de Veh\u00edculos (Diprove) y el esc\u00e1ndalo de presunta relaci\u00f3n de jefes policiales con el tr\u00e1fico de autos robados en Chile. Rodr\u00edguez hizo notar que el ministro Del [&hellip;]","og_url":"https:\/\/www.eldiario.net\/portal\/2022\/05\/08\/senado-espera-informe-de-del-castillo-sobre-diprove\/","og_site_name":"El Diario - Bolivia","article_publisher":"https:\/\/www.facebook.com\/eldiario.bolivia\/","article_published_time":"2022-05-08T05:30:37+00:00","author":"Jeanette","twitter_card":"summary_large_image","twitter_creator":"@eldiario_net","twitter_site":"@eldiario_net","twitter_misc":{"Escrito por":"Jeanette","Tiempo de lectura":"1 minuto"},"schema":{"@context":"https:\/\/schema.org","@graph":[{"@type":"Article","@id":"https:\/\/www.eldiario.net\/portal\/2022\/05\/08\/senado-espera-informe-de-del-castillo-sobre-diprove\/#article","isPartOf":{"@id":"https:\/\/www.eldiario.net\/portal\/2022\/05\/08\/senado-espera-informe-de-del-castillo-sobre-diprove\/"},"author":{"name":"Jeanette","@id":"https:\/\/www.eldiario.net\/portal\/#\/schema\/person\/2c57cf2b7a7ae032e449e4c9b1019eac"},"headline":"Senado espera informe de Del Castillo sobre Diprove","datePublished":"2022-05-08T05:30:37+00:00","mainEntityOfPage":{"@id":"https:\/\/www.eldiario.net\/portal\/2022\/05\/08\/senado-espera-informe-de-del-castillo-sobre-diprove\/"},"wordCount":187,"publisher":{"@id":"https:\/\/www.eldiario.net\/portal\/#organization"},"image":{"@id":"https:\/\/www.eldiario.net\/portal\/2022\/05\/08\/senado-espera-informe-de-del-castillo-sobre-diprove\/#primaryimage"},"thumbnailUrl":"","articleSection":["Pol\u00edtica"],"inLanguage":"es"},{"@type":"WebPage","@id":"https:\/\/www.eldiario.net\/portal\/2022\/05\/08\/senado-espera-informe-de-del-castillo-sobre-diprove\/","url":"https:\/\/www.eldiario.net\/portal\/2022\/05\/08\/senado-espera-informe-de-del-castillo-sobre-diprove\/","name":"Senado espera informe de Del Castillo sobre Diprove - El Diario - Bolivia","isPartOf":{"@id":"https:\/\/www.eldiario.net\/portal\/#website"},"primaryImageOfPage":{"@id":"https:\/\/www.eldiario.net\/portal\/2022\/05\/08\/senado-espera-informe-de-del-castillo-sobre-diprove\/#primaryimage"},"image":{"@id":"https:\/\/www.eldiario.net\/portal\/2022\/05\/08\/senado-espera-informe-de-del-castillo-sobre-diprove\/#primaryimage"},"thumbnailUrl":"","datePublished":"2022-05-08T05:30:37+00:00","breadcrumb":{"@id":"https:\/\/www.eldiario.net\/portal\/2022\/05\/08\/senado-espera-informe-de-del-castillo-sobre-diprove\/#breadcrumb"},"inLanguage":"es","potentialAction":[{"@type":"ReadAction","target":["https:\/\/www.eldiario.net\/portal\/2022\/05\/08\/senado-espera-informe-de-del-castillo-sobre-diprove\/"]}]},{"@type":"ImageObject","inLanguage":"es","@id":"https:\/\/www.eldiario.net\/portal\/2022\/05\/08\/senado-espera-informe-de-del-castillo-sobre-diprove\/#primaryimage","url":"","contentUrl":""},{"@type":"BreadcrumbList","@id":"https:\/\/www.eldiario.net\/portal\/2022\/05\/08\/senado-espera-informe-de-del-castillo-sobre-diprove\/#breadcrumb","itemListElement":[{"@type":"ListItem","position":1,"name":"Portada","item":"https:\/\/www.eldiario.net\/portal\/"},{"@type":"ListItem","position":2,"name":"Senado espera informe de Del Castillo sobre Diprove"}]},{"@type":"WebSite","@id":"https:\/\/www.eldiario.net\/portal\/#website","url":"https:\/\/www.eldiario.net\/portal\/","name":"El Diario - Decano de la prensa nacional","description":"El Diario - Decano de la prensa nacional","publisher":{"@id":"https:\/\/www.eldiario.net\/portal\/#organization"},"potentialAction":[{"@type":"SearchAction","target":{"@type":"EntryPoint","urlTemplate":"https:\/\/www.eldiario.net\/portal\/?s={search_term_string}"},"query-input":{"@type":"PropertyValueSpecification","valueRequired":true,"valueName":"search_term_string"}}],"inLanguage":"es"},{"@type":"Organization","@id":"https:\/\/www.eldiario.net\/portal\/#organization","name":"El Diario - Decano de la prensa nacional","url":"https:\/\/www.eldiario.net\/portal\/","logo":{"@type":"ImageObject","inLanguage":"es","@id":"https:\/\/www.eldiario.net\/portal\/#\/schema\/logo\/image\/","url":"https:\/\/www.eldiario.net\/portal\/wp-content\/uploads\/2023\/07\/logo_ED.jpg","contentUrl":"https:\/\/www.eldiario.net\/portal\/wp-content\/uploads\/2023\/07\/logo_ED.jpg","width":272,"height":52,"caption":"El Diario - Decano de la prensa nacional"},"image":{"@id":"https:\/\/www.eldiario.net\/portal\/#\/schema\/logo\/image\/"},"sameAs":["https:\/\/www.facebook.com\/eldiario.bolivia\/","https:\/\/x.com\/eldiario_net"]},{"@type":"Person","@id":"https:\/\/www.eldiario.net\/portal\/#\/schema\/person\/2c57cf2b7a7ae032e449e4c9b1019eac","name":"Jeanette","image":{"@type":"ImageObject","inLanguage":"es","@id":"https:\/\/secure.gravatar.com\/avatar\/3ea2118a5f7dad2b7138b1187a6b7ee55f160b9968b66013c3a3ef39dd7e5798?s=96&d=mm&r=g","url":"https:\/\/secure.gravatar.com\/avatar\/3ea2118a5f7dad2b7138b1187a6b7ee55f160b9968b66013c3a3ef39dd7e5798?s=96&d=mm&r=g","contentUrl":"https:\/\/secure.gravatar.com\/avatar\/3ea2118a5f7dad2b7138b1187a6b7ee55f160b9968b66013c3a3ef39dd7e5798?s=96&d=mm&r=g","caption":"Jeanette"},"sameAs":["https:\/\/www.eldiario.net\/portal"],"url":"https:\/\/www.eldiario.net\/portal\/author\/jeanette\/"}]}},"_links":{"self":[{"href":"https:\/\/www.eldiario.net\/portal\/wp-json\/wp\/v2\/posts\/82066","targetHints":{"allow":["GET"]}}],"collection":[{"href":"https:\/\/www.eldiario.net\/portal\/wp-json\/wp\/v2\/posts"}],"about":[{"href":"https:\/\/www.eldiario.net\/portal\/wp-json\/wp\/v2\/types\/post"}],"author":[{"embeddable":true,"href":"https:\/\/www.eldiario.net\/portal\/wp-json\/wp\/v2\/users\/1"}],"replies":[{"embeddable":true,"href":"https:\/\/www.eldiario.net\/portal\/wp-json\/wp\/v2\/comments?post=82066"}],"version-history":[{"count":0,"href":"https:\/\/www.eldiario.net\/portal\/wp-json\/wp\/v2\/posts\/82066\/revisions"}],"wp:attachment":[{"href":"https:\/\/www.eldiario.net\/portal\/wp-json\/wp\/v2\/media?parent=82066"}],"wp:term":[{"taxonomy":"category","embeddable":true,"href":"https:\/\/www.eldiario.net\/portal\/wp-json\/wp\/v2\/categories?post=82066"},{"taxonomy":"post_tag","embeddable":true,"href":"https:\/\/www.eldiario.net\/portal\/wp-json\/wp\/v2\/tags?post=82066"}],"curies":[{"name":"wp","href":"https:\/\/api.w.org\/{rel}","templated":true}]}}