{"id":82063,"date":"2022-05-08T01:29:27","date_gmt":"2022-05-08T05:29:27","guid":{"rendered":"https:\/\/www.eldiario.net\/portal\/?p=82063"},"modified":"2022-05-08T01:29:27","modified_gmt":"2022-05-08T05:29:27","slug":"avizoran-nuevo-frente-de-conflicto-mas-y-oposicion","status":"publish","type":"post","link":"https:\/\/www.eldiario.net\/portal\/2022\/05\/08\/avizoran-nuevo-frente-de-conflicto-mas-y-oposicion\/","title":{"rendered":"Avizoran nuevo frente de conflicto MAS y oposici\u00f3n"},"content":{"rendered":"<p>Luego de la distribuci\u00f3n del proyecto del Reglamento de Selecci\u00f3n, la elecci\u00f3n del Contralor General del Estado avizora un nuevo frente de conflicto, probablemente mayor al que se tiene con el Defensor del Pueblo, debido que tanto oficialismo como oposici\u00f3n tienen puntos de vista diferentes, pero ambos se manejan en base a un solo objetivo: designar a la nueva autoridad hasta el 1 de julio.<br \/>\nEl viernes se reuni\u00f3 la Comisi\u00f3n Mixta de Planificaci\u00f3n de la Asamblea, donde la presidenta Eva Hum\u00e9rez distribuy\u00f3 el proyecto de reglamento y por una coincidencia general se determin\u00f3 aplazar la consideraci\u00f3n hasta la pr\u00f3xima semana para dar tiempo a senadores y diputados a que revisen y puedan presentar observaciones y sugerencias, seg\u00fan manifest\u00f3.<br \/>\nPor su lado, el diputado de Comunidad Ciudadana (CC), Ingvar Ellefsen, indic\u00f3 que trabajar\u00e1n en analizar el proyecto de reglamento.<br \/>\nAnticip\u00f3 que CC plantear\u00e1 otra propuesta de reglamento que ser\u00e1 distinta a lo que fue el Defensor del Pueblo porque en este procedimiento se aplic\u00f3 la f\u00f3rmula de \u201ccumple no cumple\u201d y si tiene requisito o no.<br \/>\nLa f\u00f3rmula que propondr\u00e1 CC ser\u00e1 la de realizar una evaluaci\u00f3n cuantitativa, es decir, con puntajes en relaci\u00f3n a la formaci\u00f3n acad\u00e9mica, meritocracia y el plan de gesti\u00f3n que debe defender ante la Comisi\u00f3n Mixta.<br \/>\nRemarc\u00f3 que la convocatoria ser\u00e1 para acad\u00e9micos de muy alto nivel y si es posible buscar un profesional que tenga doctorado y de amplia experiencia, por lo que el contenido del Reglamento ser\u00e1 tomado con mucha seriedad, anticip\u00f3.<br \/>\nEl actual Contralor, Henry Lucas Ara P\u00e9rez, fue posesionado el 1 de julio de 2016 por el presidente de la Asamblea Legislativa, \u00c1lvaro Garc\u00eda, un per\u00edodo de seis a\u00f1os, que se cumplir\u00e1 el pr\u00f3ximo mes de julio. (Erbol)<\/p>\n","protected":false},"excerpt":{"rendered":"<p>Luego de la distribuci\u00f3n del proyecto del Reglamento de Selecci\u00f3n, la elecci\u00f3n del Contralor General del Estado avizora un nuevo frente de conflicto, probablemente mayor al que se tiene con el Defensor del Pueblo, debido que tanto oficialismo como oposici\u00f3n tienen puntos de vista diferentes, pero ambos se manejan en base a un solo objetivo: [&hellip;]<\/p>\n","protected":false},"author":1,"featured_media":82064,"comment_status":"closed","ping_status":"closed","sticky":false,"template":"","format":"standard","meta":{"_acf_changed":false,"footnotes":""},"categories":[14],"tags":[],"class_list":["post-82063","post","type-post","status-publish","format-standard","has-post-thumbnail","category-politica"],"acf":{"antetitulo":""},"yoast_head":"<!-- This site is optimized with the Yoast SEO plugin v28.4 - https:\/\/yoast.com\/product\/yoast-seo-wordpress\/ -->\n<title>Avizoran nuevo frente de conflicto MAS y oposici\u00f3n - El Diario - Bolivia<\/title>\n<meta name=\"robots\" content=\"index, follow, max-snippet:-1, max-image-preview:large, max-video-preview:-1\" \/>\n<link rel=\"canonical\" href=\"https:\/\/www.eldiario.net\/portal\/2022\/05\/08\/avizoran-nuevo-frente-de-conflicto-mas-y-oposicion\/\" \/>\n<meta property=\"og:locale\" content=\"es_ES\" \/>\n<meta property=\"og:type\" content=\"article\" \/>\n<meta property=\"og:title\" content=\"Avizoran nuevo frente de conflicto MAS y oposici\u00f3n - El Diario - Bolivia\" \/>\n<meta property=\"og:description\" content=\"Luego de la distribuci\u00f3n del proyecto del Reglamento de Selecci\u00f3n, la elecci\u00f3n del Contralor General del Estado avizora un nuevo frente de conflicto, probablemente mayor al que se tiene con el Defensor del Pueblo, debido que tanto oficialismo como oposici\u00f3n tienen puntos de vista diferentes, pero ambos se manejan en base a un solo objetivo: [&hellip;]\" \/>\n<meta property=\"og:url\" content=\"https:\/\/www.eldiario.net\/portal\/2022\/05\/08\/avizoran-nuevo-frente-de-conflicto-mas-y-oposicion\/\" \/>\n<meta property=\"og:site_name\" content=\"El Diario - Bolivia\" \/>\n<meta property=\"article:publisher\" content=\"https:\/\/www.facebook.com\/eldiario.bolivia\/\" \/>\n<meta property=\"article:published_time\" content=\"2022-05-08T05:29:27+00:00\" \/>\n<meta property=\"og:image\" content=\"https:\/\/www.eldiario.net\/portal\/wp-content\/uploads\/2022\/05\/CONTRALOR.jpg\" \/>\n\t<meta property=\"og:image:width\" content=\"700\" \/>\n\t<meta property=\"og:image:height\" content=\"450\" \/>\n\t<meta property=\"og:image:type\" content=\"image\/jpeg\" \/>\n<meta name=\"author\" content=\"Jeanette\" \/>\n<meta name=\"twitter:card\" content=\"summary_large_image\" \/>\n<meta name=\"twitter:creator\" content=\"@eldiario_net\" \/>\n<meta name=\"twitter:site\" content=\"@eldiario_net\" \/>\n<meta name=\"twitter:label1\" content=\"Escrito por\" \/>\n\t<meta name=\"twitter:data1\" content=\"Jeanette\" \/>\n\t<meta name=\"twitter:label2\" content=\"Tiempo de lectura\" \/>\n\t<meta name=\"twitter:data2\" content=\"2 minutos\" \/>\n<script type=\"application\/ld+json\" class=\"yoast-schema-graph\">{\"@context\":\"https:\\\/\\\/schema.org\",\"@graph\":[{\"@type\":\"Article\",\"@id\":\"https:\\\/\\\/www.eldiario.net\\\/portal\\\/2022\\\/05\\\/08\\\/avizoran-nuevo-frente-de-conflicto-mas-y-oposicion\\\/#article\",\"isPartOf\":{\"@id\":\"https:\\\/\\\/www.eldiario.net\\\/portal\\\/2022\\\/05\\\/08\\\/avizoran-nuevo-frente-de-conflicto-mas-y-oposicion\\\/\"},\"author\":{\"name\":\"Jeanette\",\"@id\":\"https:\\\/\\\/www.eldiario.net\\\/portal\\\/#\\\/schema\\\/person\\\/2c57cf2b7a7ae032e449e4c9b1019eac\"},\"headline\":\"Avizoran nuevo frente de conflicto MAS y oposici\u00f3n\",\"datePublished\":\"2022-05-08T05:29:27+00:00\",\"mainEntityOfPage\":{\"@id\":\"https:\\\/\\\/www.eldiario.net\\\/portal\\\/2022\\\/05\\\/08\\\/avizoran-nuevo-frente-de-conflicto-mas-y-oposicion\\\/\"},\"wordCount\":318,\"publisher\":{\"@id\":\"https:\\\/\\\/www.eldiario.net\\\/portal\\\/#organization\"},\"image\":{\"@id\":\"https:\\\/\\\/www.eldiario.net\\\/portal\\\/2022\\\/05\\\/08\\\/avizoran-nuevo-frente-de-conflicto-mas-y-oposicion\\\/#primaryimage\"},\"thumbnailUrl\":\"https:\\\/\\\/www.eldiario.net\\\/portal\\\/wp-content\\\/uploads\\\/2022\\\/05\\\/CONTRALOR.jpg\",\"articleSection\":[\"Pol\u00edtica\"],\"inLanguage\":\"es\"},{\"@type\":\"WebPage\",\"@id\":\"https:\\\/\\\/www.eldiario.net\\\/portal\\\/2022\\\/05\\\/08\\\/avizoran-nuevo-frente-de-conflicto-mas-y-oposicion\\\/\",\"url\":\"https:\\\/\\\/www.eldiario.net\\\/portal\\\/2022\\\/05\\\/08\\\/avizoran-nuevo-frente-de-conflicto-mas-y-oposicion\\\/\",\"name\":\"Avizoran nuevo frente de conflicto MAS y oposici\u00f3n - El Diario - Bolivia\",\"isPartOf\":{\"@id\":\"https:\\\/\\\/www.eldiario.net\\\/portal\\\/#website\"},\"primaryImageOfPage\":{\"@id\":\"https:\\\/\\\/www.eldiario.net\\\/portal\\\/2022\\\/05\\\/08\\\/avizoran-nuevo-frente-de-conflicto-mas-y-oposicion\\\/#primaryimage\"},\"image\":{\"@id\":\"https:\\\/\\\/www.eldiario.net\\\/portal\\\/2022\\\/05\\\/08\\\/avizoran-nuevo-frente-de-conflicto-mas-y-oposicion\\\/#primaryimage\"},\"thumbnailUrl\":\"https:\\\/\\\/www.eldiario.net\\\/portal\\\/wp-content\\\/uploads\\\/2022\\\/05\\\/CONTRALOR.jpg\",\"datePublished\":\"2022-05-08T05:29:27+00:00\",\"breadcrumb\":{\"@id\":\"https:\\\/\\\/www.eldiario.net\\\/portal\\\/2022\\\/05\\\/08\\\/avizoran-nuevo-frente-de-conflicto-mas-y-oposicion\\\/#breadcrumb\"},\"inLanguage\":\"es\",\"potentialAction\":[{\"@type\":\"ReadAction\",\"target\":[\"https:\\\/\\\/www.eldiario.net\\\/portal\\\/2022\\\/05\\\/08\\\/avizoran-nuevo-frente-de-conflicto-mas-y-oposicion\\\/\"]}]},{\"@type\":\"ImageObject\",\"inLanguage\":\"es\",\"@id\":\"https:\\\/\\\/www.eldiario.net\\\/portal\\\/2022\\\/05\\\/08\\\/avizoran-nuevo-frente-de-conflicto-mas-y-oposicion\\\/#primaryimage\",\"url\":\"https:\\\/\\\/www.eldiario.net\\\/portal\\\/wp-content\\\/uploads\\\/2022\\\/05\\\/CONTRALOR.jpg\",\"contentUrl\":\"https:\\\/\\\/www.eldiario.net\\\/portal\\\/wp-content\\\/uploads\\\/2022\\\/05\\\/CONTRALOR.jpg\",\"width\":700,\"height\":450,\"caption\":\"FRONTIS DE LA CONTRALOR\u00cdA GENERAL DEL ESTADO.\"},{\"@type\":\"BreadcrumbList\",\"@id\":\"https:\\\/\\\/www.eldiario.net\\\/portal\\\/2022\\\/05\\\/08\\\/avizoran-nuevo-frente-de-conflicto-mas-y-oposicion\\\/#breadcrumb\",\"itemListElement\":[{\"@type\":\"ListItem\",\"position\":1,\"name\":\"Portada\",\"item\":\"https:\\\/\\\/www.eldiario.net\\\/portal\\\/\"},{\"@type\":\"ListItem\",\"position\":2,\"name\":\"Avizoran nuevo frente de conflicto MAS y oposici\u00f3n\"}]},{\"@type\":\"WebSite\",\"@id\":\"https:\\\/\\\/www.eldiario.net\\\/portal\\\/#website\",\"url\":\"https:\\\/\\\/www.eldiario.net\\\/portal\\\/\",\"name\":\"El Diario - Decano de la prensa nacional\",\"description\":\"El Diario - Decano de la prensa nacional\",\"publisher\":{\"@id\":\"https:\\\/\\\/www.eldiario.net\\\/portal\\\/#organization\"},\"potentialAction\":[{\"@type\":\"SearchAction\",\"target\":{\"@type\":\"EntryPoint\",\"urlTemplate\":\"https:\\\/\\\/www.eldiario.net\\\/portal\\\/?s={search_term_string}\"},\"query-input\":{\"@type\":\"PropertyValueSpecification\",\"valueRequired\":true,\"valueName\":\"search_term_string\"}}],\"inLanguage\":\"es\"},{\"@type\":\"Organization\",\"@id\":\"https:\\\/\\\/www.eldiario.net\\\/portal\\\/#organization\",\"name\":\"El Diario - Decano de la prensa nacional\",\"url\":\"https:\\\/\\\/www.eldiario.net\\\/portal\\\/\",\"logo\":{\"@type\":\"ImageObject\",\"inLanguage\":\"es\",\"@id\":\"https:\\\/\\\/www.eldiario.net\\\/portal\\\/#\\\/schema\\\/logo\\\/image\\\/\",\"url\":\"https:\\\/\\\/www.eldiario.net\\\/portal\\\/wp-content\\\/uploads\\\/2023\\\/07\\\/logo_ED.jpg\",\"contentUrl\":\"https:\\\/\\\/www.eldiario.net\\\/portal\\\/wp-content\\\/uploads\\\/2023\\\/07\\\/logo_ED.jpg\",\"width\":272,\"height\":52,\"caption\":\"El Diario - Decano de la prensa nacional\"},\"image\":{\"@id\":\"https:\\\/\\\/www.eldiario.net\\\/portal\\\/#\\\/schema\\\/logo\\\/image\\\/\"},\"sameAs\":[\"https:\\\/\\\/www.facebook.com\\\/eldiario.bolivia\\\/\",\"https:\\\/\\\/x.com\\\/eldiario_net\"]},{\"@type\":\"Person\",\"@id\":\"https:\\\/\\\/www.eldiario.net\\\/portal\\\/#\\\/schema\\\/person\\\/2c57cf2b7a7ae032e449e4c9b1019eac\",\"name\":\"Jeanette\",\"image\":{\"@type\":\"ImageObject\",\"inLanguage\":\"es\",\"@id\":\"https:\\\/\\\/secure.gravatar.com\\\/avatar\\\/3ea2118a5f7dad2b7138b1187a6b7ee55f160b9968b66013c3a3ef39dd7e5798?s=96&d=mm&r=g\",\"url\":\"https:\\\/\\\/secure.gravatar.com\\\/avatar\\\/3ea2118a5f7dad2b7138b1187a6b7ee55f160b9968b66013c3a3ef39dd7e5798?s=96&d=mm&r=g\",\"contentUrl\":\"https:\\\/\\\/secure.gravatar.com\\\/avatar\\\/3ea2118a5f7dad2b7138b1187a6b7ee55f160b9968b66013c3a3ef39dd7e5798?s=96&d=mm&r=g\",\"caption\":\"Jeanette\"},\"sameAs\":[\"https:\\\/\\\/www.eldiario.net\\\/portal\"],\"url\":\"https:\\\/\\\/www.eldiario.net\\\/portal\\\/author\\\/jeanette\\\/\"}]}<\/script>\n<!-- \/ Yoast SEO plugin. -->","yoast_head_json":{"title":"Avizoran nuevo frente de conflicto MAS y oposici\u00f3n - El Diario - Bolivia","robots":{"index":"index","follow":"follow","max-snippet":"max-snippet:-1","max-image-preview":"max-image-preview:large","max-video-preview":"max-video-preview:-1"},"canonical":"https:\/\/www.eldiario.net\/portal\/2022\/05\/08\/avizoran-nuevo-frente-de-conflicto-mas-y-oposicion\/","og_locale":"es_ES","og_type":"article","og_title":"Avizoran nuevo frente de conflicto MAS y oposici\u00f3n - El Diario - Bolivia","og_description":"Luego de la distribuci\u00f3n del proyecto del Reglamento de Selecci\u00f3n, la elecci\u00f3n del Contralor General del Estado avizora un nuevo frente de conflicto, probablemente mayor al que se tiene con el Defensor del Pueblo, debido que tanto oficialismo como oposici\u00f3n tienen puntos de vista diferentes, pero ambos se manejan en base a un solo objetivo: [&hellip;]","og_url":"https:\/\/www.eldiario.net\/portal\/2022\/05\/08\/avizoran-nuevo-frente-de-conflicto-mas-y-oposicion\/","og_site_name":"El Diario - Bolivia","article_publisher":"https:\/\/www.facebook.com\/eldiario.bolivia\/","article_published_time":"2022-05-08T05:29:27+00:00","og_image":[{"width":700,"height":450,"url":"https:\/\/www.eldiario.net\/portal\/wp-content\/uploads\/2022\/05\/CONTRALOR.jpg","type":"image\/jpeg"}],"author":"Jeanette","twitter_card":"summary_large_image","twitter_creator":"@eldiario_net","twitter_site":"@eldiario_net","twitter_misc":{"Escrito por":"Jeanette","Tiempo de lectura":"2 minutos"},"schema":{"@context":"https:\/\/schema.org","@graph":[{"@type":"Article","@id":"https:\/\/www.eldiario.net\/portal\/2022\/05\/08\/avizoran-nuevo-frente-de-conflicto-mas-y-oposicion\/#article","isPartOf":{"@id":"https:\/\/www.eldiario.net\/portal\/2022\/05\/08\/avizoran-nuevo-frente-de-conflicto-mas-y-oposicion\/"},"author":{"name":"Jeanette","@id":"https:\/\/www.eldiario.net\/portal\/#\/schema\/person\/2c57cf2b7a7ae032e449e4c9b1019eac"},"headline":"Avizoran nuevo frente de conflicto MAS y oposici\u00f3n","datePublished":"2022-05-08T05:29:27+00:00","mainEntityOfPage":{"@id":"https:\/\/www.eldiario.net\/portal\/2022\/05\/08\/avizoran-nuevo-frente-de-conflicto-mas-y-oposicion\/"},"wordCount":318,"publisher":{"@id":"https:\/\/www.eldiario.net\/portal\/#organization"},"image":{"@id":"https:\/\/www.eldiario.net\/portal\/2022\/05\/08\/avizoran-nuevo-frente-de-conflicto-mas-y-oposicion\/#primaryimage"},"thumbnailUrl":"https:\/\/www.eldiario.net\/portal\/wp-content\/uploads\/2022\/05\/CONTRALOR.jpg","articleSection":["Pol\u00edtica"],"inLanguage":"es"},{"@type":"WebPage","@id":"https:\/\/www.eldiario.net\/portal\/2022\/05\/08\/avizoran-nuevo-frente-de-conflicto-mas-y-oposicion\/","url":"https:\/\/www.eldiario.net\/portal\/2022\/05\/08\/avizoran-nuevo-frente-de-conflicto-mas-y-oposicion\/","name":"Avizoran nuevo frente de conflicto MAS y oposici\u00f3n - El Diario - Bolivia","isPartOf":{"@id":"https:\/\/www.eldiario.net\/portal\/#website"},"primaryImageOfPage":{"@id":"https:\/\/www.eldiario.net\/portal\/2022\/05\/08\/avizoran-nuevo-frente-de-conflicto-mas-y-oposicion\/#primaryimage"},"image":{"@id":"https:\/\/www.eldiario.net\/portal\/2022\/05\/08\/avizoran-nuevo-frente-de-conflicto-mas-y-oposicion\/#primaryimage"},"thumbnailUrl":"https:\/\/www.eldiario.net\/portal\/wp-content\/uploads\/2022\/05\/CONTRALOR.jpg","datePublished":"2022-05-08T05:29:27+00:00","breadcrumb":{"@id":"https:\/\/www.eldiario.net\/portal\/2022\/05\/08\/avizoran-nuevo-frente-de-conflicto-mas-y-oposicion\/#breadcrumb"},"inLanguage":"es","potentialAction":[{"@type":"ReadAction","target":["https:\/\/www.eldiario.net\/portal\/2022\/05\/08\/avizoran-nuevo-frente-de-conflicto-mas-y-oposicion\/"]}]},{"@type":"ImageObject","inLanguage":"es","@id":"https:\/\/www.eldiario.net\/portal\/2022\/05\/08\/avizoran-nuevo-frente-de-conflicto-mas-y-oposicion\/#primaryimage","url":"https:\/\/www.eldiario.net\/portal\/wp-content\/uploads\/2022\/05\/CONTRALOR.jpg","contentUrl":"https:\/\/www.eldiario.net\/portal\/wp-content\/uploads\/2022\/05\/CONTRALOR.jpg","width":700,"height":450,"caption":"FRONTIS DE LA CONTRALOR\u00cdA GENERAL DEL ESTADO."},{"@type":"BreadcrumbList","@id":"https:\/\/www.eldiario.net\/portal\/2022\/05\/08\/avizoran-nuevo-frente-de-conflicto-mas-y-oposicion\/#breadcrumb","itemListElement":[{"@type":"ListItem","position":1,"name":"Portada","item":"https:\/\/www.eldiario.net\/portal\/"},{"@type":"ListItem","position":2,"name":"Avizoran nuevo frente de conflicto MAS y oposici\u00f3n"}]},{"@type":"WebSite","@id":"https:\/\/www.eldiario.net\/portal\/#website","url":"https:\/\/www.eldiario.net\/portal\/","name":"El Diario - Decano de la prensa nacional","description":"El Diario - Decano de la prensa nacional","publisher":{"@id":"https:\/\/www.eldiario.net\/portal\/#organization"},"potentialAction":[{"@type":"SearchAction","target":{"@type":"EntryPoint","urlTemplate":"https:\/\/www.eldiario.net\/portal\/?s={search_term_string}"},"query-input":{"@type":"PropertyValueSpecification","valueRequired":true,"valueName":"search_term_string"}}],"inLanguage":"es"},{"@type":"Organization","@id":"https:\/\/www.eldiario.net\/portal\/#organization","name":"El Diario - Decano de la prensa nacional","url":"https:\/\/www.eldiario.net\/portal\/","logo":{"@type":"ImageObject","inLanguage":"es","@id":"https:\/\/www.eldiario.net\/portal\/#\/schema\/logo\/image\/","url":"https:\/\/www.eldiario.net\/portal\/wp-content\/uploads\/2023\/07\/logo_ED.jpg","contentUrl":"https:\/\/www.eldiario.net\/portal\/wp-content\/uploads\/2023\/07\/logo_ED.jpg","width":272,"height":52,"caption":"El Diario - Decano de la prensa nacional"},"image":{"@id":"https:\/\/www.eldiario.net\/portal\/#\/schema\/logo\/image\/"},"sameAs":["https:\/\/www.facebook.com\/eldiario.bolivia\/","https:\/\/x.com\/eldiario_net"]},{"@type":"Person","@id":"https:\/\/www.eldiario.net\/portal\/#\/schema\/person\/2c57cf2b7a7ae032e449e4c9b1019eac","name":"Jeanette","image":{"@type":"ImageObject","inLanguage":"es","@id":"https:\/\/secure.gravatar.com\/avatar\/3ea2118a5f7dad2b7138b1187a6b7ee55f160b9968b66013c3a3ef39dd7e5798?s=96&d=mm&r=g","url":"https:\/\/secure.gravatar.com\/avatar\/3ea2118a5f7dad2b7138b1187a6b7ee55f160b9968b66013c3a3ef39dd7e5798?s=96&d=mm&r=g","contentUrl":"https:\/\/secure.gravatar.com\/avatar\/3ea2118a5f7dad2b7138b1187a6b7ee55f160b9968b66013c3a3ef39dd7e5798?s=96&d=mm&r=g","caption":"Jeanette"},"sameAs":["https:\/\/www.eldiario.net\/portal"],"url":"https:\/\/www.eldiario.net\/portal\/author\/jeanette\/"}]}},"_links":{"self":[{"href":"https:\/\/www.eldiario.net\/portal\/wp-json\/wp\/v2\/posts\/82063","targetHints":{"allow":["GET"]}}],"collection":[{"href":"https:\/\/www.eldiario.net\/portal\/wp-json\/wp\/v2\/posts"}],"about":[{"href":"https:\/\/www.eldiario.net\/portal\/wp-json\/wp\/v2\/types\/post"}],"author":[{"embeddable":true,"href":"https:\/\/www.eldiario.net\/portal\/wp-json\/wp\/v2\/users\/1"}],"replies":[{"embeddable":true,"href":"https:\/\/www.eldiario.net\/portal\/wp-json\/wp\/v2\/comments?post=82063"}],"version-history":[{"count":0,"href":"https:\/\/www.eldiario.net\/portal\/wp-json\/wp\/v2\/posts\/82063\/revisions"}],"wp:featuredmedia":[{"embeddable":true,"href":"https:\/\/www.eldiario.net\/portal\/wp-json\/wp\/v2\/media\/82064"}],"wp:attachment":[{"href":"https:\/\/www.eldiario.net\/portal\/wp-json\/wp\/v2\/media?parent=82063"}],"wp:term":[{"taxonomy":"category","embeddable":true,"href":"https:\/\/www.eldiario.net\/portal\/wp-json\/wp\/v2\/categories?post=82063"},{"taxonomy":"post_tag","embeddable":true,"href":"https:\/\/www.eldiario.net\/portal\/wp-json\/wp\/v2\/tags?post=82063"}],"curies":[{"name":"wp","href":"https:\/\/api.w.org\/{rel}","templated":true}]}}