{"id":82058,"date":"2022-05-08T01:26:57","date_gmt":"2022-05-08T05:26:57","guid":{"rendered":"https:\/\/www.eldiario.net\/portal\/?p=82058"},"modified":"2022-05-08T01:26:57","modified_gmt":"2022-05-08T05:26:57","slug":"macron-asume-segundo-mandato","status":"publish","type":"post","link":"https:\/\/www.eldiario.net\/portal\/2022\/05\/08\/macron-asume-segundo-mandato\/","title":{"rendered":"Macron asume segundo mandato"},"content":{"rendered":"<p>Par\u00eds.- El franc\u00e9s Emmanuel Macron jur\u00f3 ayer su segundo mandato como presidente, prometiendo dirigir el pa\u00eds con un \u201cnuevo m\u00e9todo\u201d, mientras sus rivales pol\u00edticos iniciaban la campa\u00f1a para las elecciones legislativas del pr\u00f3ximo mes.<br \/>\nEn un pa\u00eds donde los presidentes rara vez son reelegidos, Macron obtuvo el 58,5 % de los votos en la segunda vuelta frente a la ultraderechista Marine Le Pen, a pesar de la fuerte oposici\u00f3n a sus pol\u00edticas proempresariales y a la propuesta de elevar la edad de jubilaci\u00f3n.<br \/>\nEn un breve discurso, habl\u00f3 de la necesidad de innovar en un momento de desaf\u00edos sin precedentes para el mundo y para Francia, y dijo que su segundo mandato ser\u00eda \u201cnuevo\u201d y no una mera continuaci\u00f3n de sus primeros cinco a\u00f1os de gobierno.<br \/>\n\u201cTenemos que inventar juntos un nuevo m\u00e9todo, lejos de tradiciones y rutinas cansadas, con el que podamos construir un nuevo contrato productivo, social y ecol\u00f3gico\u201d, dijo, prometiendo actuar con \u201crespeto\u201d y \u201cconsideraci\u00f3n\u201d.<br \/>\nDestac\u00f3 la amenaza que supone la invasi\u00f3n de Ucrania por parte de Rusia, as\u00ed como las preocupaciones medioambientales a nivel mundial.<br \/>\nEntre los 500 invitados presentes se encontraban los ex presidentes Fran\u00e7ois Hollande y Nicolas Sarkozy, los ex primeros ministros Edouard Philippe, Manuel Valls, Alain Juppe y Jean-Pierre Raffarin, as\u00ed como l\u00edderes religiosos y otras figuras del Estado.<br \/>\nHollande, que dio su apoyo a Macron en la segunda vuelta del 24 de abril, dijo a los periodistas tras el acto que Macron no pod\u00eda permitirse reproducir los \u201cm\u00e9todos de ayer\u201d.<br \/>\n\u201cLo que hemos notado en estas elecciones es que hay m\u00e1s ciudadanos (que han votado) por rechazo, m\u00e1s que por esperanza\u201d, dijo Hollande.<br \/>\nMacron, de 44 a\u00f1os, es el primer presidente que no pertenece a un gobierno de coalici\u00f3n que es reelegido desde la formaci\u00f3n de la Quinta Rep\u00fablica en 1958.<br \/>\nEl nuevo mandato de Macron comienza formalmente la noche del 13 de mayo y su primer ministro, Jean Castex, sigue en el cargo por el momento. (Reuters)<\/p>\n","protected":false},"excerpt":{"rendered":"<p>Par\u00eds.- El franc\u00e9s Emmanuel Macron jur\u00f3 ayer su segundo mandato como presidente, prometiendo dirigir el pa\u00eds con un \u201cnuevo m\u00e9todo\u201d, mientras sus rivales pol\u00edticos iniciaban la campa\u00f1a para las elecciones legislativas del pr\u00f3ximo mes. En un pa\u00eds donde los presidentes rara vez son reelegidos, Macron obtuvo el 58,5 % de los votos en la segunda [&hellip;]<\/p>\n","protected":false},"author":1,"featured_media":82059,"comment_status":"closed","ping_status":"closed","sticky":false,"template":"","format":"standard","meta":{"_acf_changed":false,"footnotes":""},"categories":[3],"tags":[],"class_list":["post-82058","post","type-post","status-publish","format-standard","has-post-thumbnail","category-internacional"],"acf":{"antetitulo":""},"yoast_head":"<!-- This site is optimized with the Yoast SEO plugin v28.4 - https:\/\/yoast.com\/product\/yoast-seo-wordpress\/ -->\n<title>Macron asume segundo mandato - El Diario - Bolivia<\/title>\n<meta name=\"robots\" content=\"index, follow, max-snippet:-1, max-image-preview:large, max-video-preview:-1\" \/>\n<link rel=\"canonical\" href=\"https:\/\/www.eldiario.net\/portal\/2022\/05\/08\/macron-asume-segundo-mandato\/\" \/>\n<meta property=\"og:locale\" content=\"es_ES\" \/>\n<meta property=\"og:type\" content=\"article\" \/>\n<meta property=\"og:title\" content=\"Macron asume segundo mandato - El Diario - Bolivia\" \/>\n<meta property=\"og:description\" content=\"Par\u00eds.- El franc\u00e9s Emmanuel Macron jur\u00f3 ayer su segundo mandato como presidente, prometiendo dirigir el pa\u00eds con un \u201cnuevo m\u00e9todo\u201d, mientras sus rivales pol\u00edticos iniciaban la campa\u00f1a para las elecciones legislativas del pr\u00f3ximo mes. En un pa\u00eds donde los presidentes rara vez son reelegidos, Macron obtuvo el 58,5 % de los votos en la segunda [&hellip;]\" \/>\n<meta property=\"og:url\" content=\"https:\/\/www.eldiario.net\/portal\/2022\/05\/08\/macron-asume-segundo-mandato\/\" \/>\n<meta property=\"og:site_name\" content=\"El Diario - Bolivia\" \/>\n<meta property=\"article:publisher\" content=\"https:\/\/www.facebook.com\/eldiario.bolivia\/\" \/>\n<meta property=\"article:published_time\" content=\"2022-05-08T05:26:57+00:00\" \/>\n<meta name=\"author\" content=\"Jeanette\" \/>\n<meta name=\"twitter:card\" content=\"summary_large_image\" \/>\n<meta name=\"twitter:creator\" content=\"@eldiario_net\" \/>\n<meta name=\"twitter:site\" content=\"@eldiario_net\" \/>\n<meta name=\"twitter:label1\" content=\"Escrito por\" \/>\n\t<meta name=\"twitter:data1\" content=\"Jeanette\" \/>\n\t<meta name=\"twitter:label2\" content=\"Tiempo de lectura\" \/>\n\t<meta name=\"twitter:data2\" content=\"2 minutos\" \/>\n<script type=\"application\/ld+json\" class=\"yoast-schema-graph\">{\"@context\":\"https:\\\/\\\/schema.org\",\"@graph\":[{\"@type\":\"Article\",\"@id\":\"https:\\\/\\\/www.eldiario.net\\\/portal\\\/2022\\\/05\\\/08\\\/macron-asume-segundo-mandato\\\/#article\",\"isPartOf\":{\"@id\":\"https:\\\/\\\/www.eldiario.net\\\/portal\\\/2022\\\/05\\\/08\\\/macron-asume-segundo-mandato\\\/\"},\"author\":{\"name\":\"Jeanette\",\"@id\":\"https:\\\/\\\/www.eldiario.net\\\/portal\\\/#\\\/schema\\\/person\\\/2c57cf2b7a7ae032e449e4c9b1019eac\"},\"headline\":\"Macron asume segundo mandato\",\"datePublished\":\"2022-05-08T05:26:57+00:00\",\"mainEntityOfPage\":{\"@id\":\"https:\\\/\\\/www.eldiario.net\\\/portal\\\/2022\\\/05\\\/08\\\/macron-asume-segundo-mandato\\\/\"},\"wordCount\":353,\"publisher\":{\"@id\":\"https:\\\/\\\/www.eldiario.net\\\/portal\\\/#organization\"},\"image\":{\"@id\":\"https:\\\/\\\/www.eldiario.net\\\/portal\\\/2022\\\/05\\\/08\\\/macron-asume-segundo-mandato\\\/#primaryimage\"},\"thumbnailUrl\":\"\",\"articleSection\":[\"Internacional\"],\"inLanguage\":\"es\"},{\"@type\":\"WebPage\",\"@id\":\"https:\\\/\\\/www.eldiario.net\\\/portal\\\/2022\\\/05\\\/08\\\/macron-asume-segundo-mandato\\\/\",\"url\":\"https:\\\/\\\/www.eldiario.net\\\/portal\\\/2022\\\/05\\\/08\\\/macron-asume-segundo-mandato\\\/\",\"name\":\"Macron asume segundo mandato - El Diario - Bolivia\",\"isPartOf\":{\"@id\":\"https:\\\/\\\/www.eldiario.net\\\/portal\\\/#website\"},\"primaryImageOfPage\":{\"@id\":\"https:\\\/\\\/www.eldiario.net\\\/portal\\\/2022\\\/05\\\/08\\\/macron-asume-segundo-mandato\\\/#primaryimage\"},\"image\":{\"@id\":\"https:\\\/\\\/www.eldiario.net\\\/portal\\\/2022\\\/05\\\/08\\\/macron-asume-segundo-mandato\\\/#primaryimage\"},\"thumbnailUrl\":\"\",\"datePublished\":\"2022-05-08T05:26:57+00:00\",\"breadcrumb\":{\"@id\":\"https:\\\/\\\/www.eldiario.net\\\/portal\\\/2022\\\/05\\\/08\\\/macron-asume-segundo-mandato\\\/#breadcrumb\"},\"inLanguage\":\"es\",\"potentialAction\":[{\"@type\":\"ReadAction\",\"target\":[\"https:\\\/\\\/www.eldiario.net\\\/portal\\\/2022\\\/05\\\/08\\\/macron-asume-segundo-mandato\\\/\"]}]},{\"@type\":\"ImageObject\",\"inLanguage\":\"es\",\"@id\":\"https:\\\/\\\/www.eldiario.net\\\/portal\\\/2022\\\/05\\\/08\\\/macron-asume-segundo-mandato\\\/#primaryimage\",\"url\":\"\",\"contentUrl\":\"\"},{\"@type\":\"BreadcrumbList\",\"@id\":\"https:\\\/\\\/www.eldiario.net\\\/portal\\\/2022\\\/05\\\/08\\\/macron-asume-segundo-mandato\\\/#breadcrumb\",\"itemListElement\":[{\"@type\":\"ListItem\",\"position\":1,\"name\":\"Portada\",\"item\":\"https:\\\/\\\/www.eldiario.net\\\/portal\\\/\"},{\"@type\":\"ListItem\",\"position\":2,\"name\":\"Macron asume segundo mandato\"}]},{\"@type\":\"WebSite\",\"@id\":\"https:\\\/\\\/www.eldiario.net\\\/portal\\\/#website\",\"url\":\"https:\\\/\\\/www.eldiario.net\\\/portal\\\/\",\"name\":\"El Diario - Decano de la prensa nacional\",\"description\":\"El Diario - Decano de la prensa nacional\",\"publisher\":{\"@id\":\"https:\\\/\\\/www.eldiario.net\\\/portal\\\/#organization\"},\"potentialAction\":[{\"@type\":\"SearchAction\",\"target\":{\"@type\":\"EntryPoint\",\"urlTemplate\":\"https:\\\/\\\/www.eldiario.net\\\/portal\\\/?s={search_term_string}\"},\"query-input\":{\"@type\":\"PropertyValueSpecification\",\"valueRequired\":true,\"valueName\":\"search_term_string\"}}],\"inLanguage\":\"es\"},{\"@type\":\"Organization\",\"@id\":\"https:\\\/\\\/www.eldiario.net\\\/portal\\\/#organization\",\"name\":\"El Diario - Decano de la prensa nacional\",\"url\":\"https:\\\/\\\/www.eldiario.net\\\/portal\\\/\",\"logo\":{\"@type\":\"ImageObject\",\"inLanguage\":\"es\",\"@id\":\"https:\\\/\\\/www.eldiario.net\\\/portal\\\/#\\\/schema\\\/logo\\\/image\\\/\",\"url\":\"https:\\\/\\\/www.eldiario.net\\\/portal\\\/wp-content\\\/uploads\\\/2023\\\/07\\\/logo_ED.jpg\",\"contentUrl\":\"https:\\\/\\\/www.eldiario.net\\\/portal\\\/wp-content\\\/uploads\\\/2023\\\/07\\\/logo_ED.jpg\",\"width\":272,\"height\":52,\"caption\":\"El Diario - Decano de la prensa nacional\"},\"image\":{\"@id\":\"https:\\\/\\\/www.eldiario.net\\\/portal\\\/#\\\/schema\\\/logo\\\/image\\\/\"},\"sameAs\":[\"https:\\\/\\\/www.facebook.com\\\/eldiario.bolivia\\\/\",\"https:\\\/\\\/x.com\\\/eldiario_net\"]},{\"@type\":\"Person\",\"@id\":\"https:\\\/\\\/www.eldiario.net\\\/portal\\\/#\\\/schema\\\/person\\\/2c57cf2b7a7ae032e449e4c9b1019eac\",\"name\":\"Jeanette\",\"image\":{\"@type\":\"ImageObject\",\"inLanguage\":\"es\",\"@id\":\"https:\\\/\\\/secure.gravatar.com\\\/avatar\\\/3ea2118a5f7dad2b7138b1187a6b7ee55f160b9968b66013c3a3ef39dd7e5798?s=96&d=mm&r=g\",\"url\":\"https:\\\/\\\/secure.gravatar.com\\\/avatar\\\/3ea2118a5f7dad2b7138b1187a6b7ee55f160b9968b66013c3a3ef39dd7e5798?s=96&d=mm&r=g\",\"contentUrl\":\"https:\\\/\\\/secure.gravatar.com\\\/avatar\\\/3ea2118a5f7dad2b7138b1187a6b7ee55f160b9968b66013c3a3ef39dd7e5798?s=96&d=mm&r=g\",\"caption\":\"Jeanette\"},\"sameAs\":[\"https:\\\/\\\/www.eldiario.net\\\/portal\"],\"url\":\"https:\\\/\\\/www.eldiario.net\\\/portal\\\/author\\\/jeanette\\\/\"}]}<\/script>\n<!-- \/ Yoast SEO plugin. -->","yoast_head_json":{"title":"Macron asume segundo mandato - El Diario - Bolivia","robots":{"index":"index","follow":"follow","max-snippet":"max-snippet:-1","max-image-preview":"max-image-preview:large","max-video-preview":"max-video-preview:-1"},"canonical":"https:\/\/www.eldiario.net\/portal\/2022\/05\/08\/macron-asume-segundo-mandato\/","og_locale":"es_ES","og_type":"article","og_title":"Macron asume segundo mandato - El Diario - Bolivia","og_description":"Par\u00eds.- El franc\u00e9s Emmanuel Macron jur\u00f3 ayer su segundo mandato como presidente, prometiendo dirigir el pa\u00eds con un \u201cnuevo m\u00e9todo\u201d, mientras sus rivales pol\u00edticos iniciaban la campa\u00f1a para las elecciones legislativas del pr\u00f3ximo mes. En un pa\u00eds donde los presidentes rara vez son reelegidos, Macron obtuvo el 58,5 % de los votos en la segunda [&hellip;]","og_url":"https:\/\/www.eldiario.net\/portal\/2022\/05\/08\/macron-asume-segundo-mandato\/","og_site_name":"El Diario - Bolivia","article_publisher":"https:\/\/www.facebook.com\/eldiario.bolivia\/","article_published_time":"2022-05-08T05:26:57+00:00","author":"Jeanette","twitter_card":"summary_large_image","twitter_creator":"@eldiario_net","twitter_site":"@eldiario_net","twitter_misc":{"Escrito por":"Jeanette","Tiempo de lectura":"2 minutos"},"schema":{"@context":"https:\/\/schema.org","@graph":[{"@type":"Article","@id":"https:\/\/www.eldiario.net\/portal\/2022\/05\/08\/macron-asume-segundo-mandato\/#article","isPartOf":{"@id":"https:\/\/www.eldiario.net\/portal\/2022\/05\/08\/macron-asume-segundo-mandato\/"},"author":{"name":"Jeanette","@id":"https:\/\/www.eldiario.net\/portal\/#\/schema\/person\/2c57cf2b7a7ae032e449e4c9b1019eac"},"headline":"Macron asume segundo mandato","datePublished":"2022-05-08T05:26:57+00:00","mainEntityOfPage":{"@id":"https:\/\/www.eldiario.net\/portal\/2022\/05\/08\/macron-asume-segundo-mandato\/"},"wordCount":353,"publisher":{"@id":"https:\/\/www.eldiario.net\/portal\/#organization"},"image":{"@id":"https:\/\/www.eldiario.net\/portal\/2022\/05\/08\/macron-asume-segundo-mandato\/#primaryimage"},"thumbnailUrl":"","articleSection":["Internacional"],"inLanguage":"es"},{"@type":"WebPage","@id":"https:\/\/www.eldiario.net\/portal\/2022\/05\/08\/macron-asume-segundo-mandato\/","url":"https:\/\/www.eldiario.net\/portal\/2022\/05\/08\/macron-asume-segundo-mandato\/","name":"Macron asume segundo mandato - El Diario - Bolivia","isPartOf":{"@id":"https:\/\/www.eldiario.net\/portal\/#website"},"primaryImageOfPage":{"@id":"https:\/\/www.eldiario.net\/portal\/2022\/05\/08\/macron-asume-segundo-mandato\/#primaryimage"},"image":{"@id":"https:\/\/www.eldiario.net\/portal\/2022\/05\/08\/macron-asume-segundo-mandato\/#primaryimage"},"thumbnailUrl":"","datePublished":"2022-05-08T05:26:57+00:00","breadcrumb":{"@id":"https:\/\/www.eldiario.net\/portal\/2022\/05\/08\/macron-asume-segundo-mandato\/#breadcrumb"},"inLanguage":"es","potentialAction":[{"@type":"ReadAction","target":["https:\/\/www.eldiario.net\/portal\/2022\/05\/08\/macron-asume-segundo-mandato\/"]}]},{"@type":"ImageObject","inLanguage":"es","@id":"https:\/\/www.eldiario.net\/portal\/2022\/05\/08\/macron-asume-segundo-mandato\/#primaryimage","url":"","contentUrl":""},{"@type":"BreadcrumbList","@id":"https:\/\/www.eldiario.net\/portal\/2022\/05\/08\/macron-asume-segundo-mandato\/#breadcrumb","itemListElement":[{"@type":"ListItem","position":1,"name":"Portada","item":"https:\/\/www.eldiario.net\/portal\/"},{"@type":"ListItem","position":2,"name":"Macron asume segundo mandato"}]},{"@type":"WebSite","@id":"https:\/\/www.eldiario.net\/portal\/#website","url":"https:\/\/www.eldiario.net\/portal\/","name":"El Diario - Decano de la prensa nacional","description":"El Diario - Decano de la prensa nacional","publisher":{"@id":"https:\/\/www.eldiario.net\/portal\/#organization"},"potentialAction":[{"@type":"SearchAction","target":{"@type":"EntryPoint","urlTemplate":"https:\/\/www.eldiario.net\/portal\/?s={search_term_string}"},"query-input":{"@type":"PropertyValueSpecification","valueRequired":true,"valueName":"search_term_string"}}],"inLanguage":"es"},{"@type":"Organization","@id":"https:\/\/www.eldiario.net\/portal\/#organization","name":"El Diario - Decano de la prensa nacional","url":"https:\/\/www.eldiario.net\/portal\/","logo":{"@type":"ImageObject","inLanguage":"es","@id":"https:\/\/www.eldiario.net\/portal\/#\/schema\/logo\/image\/","url":"https:\/\/www.eldiario.net\/portal\/wp-content\/uploads\/2023\/07\/logo_ED.jpg","contentUrl":"https:\/\/www.eldiario.net\/portal\/wp-content\/uploads\/2023\/07\/logo_ED.jpg","width":272,"height":52,"caption":"El Diario - Decano de la prensa nacional"},"image":{"@id":"https:\/\/www.eldiario.net\/portal\/#\/schema\/logo\/image\/"},"sameAs":["https:\/\/www.facebook.com\/eldiario.bolivia\/","https:\/\/x.com\/eldiario_net"]},{"@type":"Person","@id":"https:\/\/www.eldiario.net\/portal\/#\/schema\/person\/2c57cf2b7a7ae032e449e4c9b1019eac","name":"Jeanette","image":{"@type":"ImageObject","inLanguage":"es","@id":"https:\/\/secure.gravatar.com\/avatar\/3ea2118a5f7dad2b7138b1187a6b7ee55f160b9968b66013c3a3ef39dd7e5798?s=96&d=mm&r=g","url":"https:\/\/secure.gravatar.com\/avatar\/3ea2118a5f7dad2b7138b1187a6b7ee55f160b9968b66013c3a3ef39dd7e5798?s=96&d=mm&r=g","contentUrl":"https:\/\/secure.gravatar.com\/avatar\/3ea2118a5f7dad2b7138b1187a6b7ee55f160b9968b66013c3a3ef39dd7e5798?s=96&d=mm&r=g","caption":"Jeanette"},"sameAs":["https:\/\/www.eldiario.net\/portal"],"url":"https:\/\/www.eldiario.net\/portal\/author\/jeanette\/"}]}},"_links":{"self":[{"href":"https:\/\/www.eldiario.net\/portal\/wp-json\/wp\/v2\/posts\/82058","targetHints":{"allow":["GET"]}}],"collection":[{"href":"https:\/\/www.eldiario.net\/portal\/wp-json\/wp\/v2\/posts"}],"about":[{"href":"https:\/\/www.eldiario.net\/portal\/wp-json\/wp\/v2\/types\/post"}],"author":[{"embeddable":true,"href":"https:\/\/www.eldiario.net\/portal\/wp-json\/wp\/v2\/users\/1"}],"replies":[{"embeddable":true,"href":"https:\/\/www.eldiario.net\/portal\/wp-json\/wp\/v2\/comments?post=82058"}],"version-history":[{"count":0,"href":"https:\/\/www.eldiario.net\/portal\/wp-json\/wp\/v2\/posts\/82058\/revisions"}],"wp:attachment":[{"href":"https:\/\/www.eldiario.net\/portal\/wp-json\/wp\/v2\/media?parent=82058"}],"wp:term":[{"taxonomy":"category","embeddable":true,"href":"https:\/\/www.eldiario.net\/portal\/wp-json\/wp\/v2\/categories?post=82058"},{"taxonomy":"post_tag","embeddable":true,"href":"https:\/\/www.eldiario.net\/portal\/wp-json\/wp\/v2\/tags?post=82058"}],"curies":[{"name":"wp","href":"https:\/\/api.w.org\/{rel}","templated":true}]}}