{"id":82055,"date":"2022-05-08T01:23:19","date_gmt":"2022-05-08T05:23:19","guid":{"rendered":"https:\/\/www.eldiario.net\/portal\/?p=82055"},"modified":"2022-05-08T01:23:19","modified_gmt":"2022-05-08T05:23:19","slug":"acusan-a-putin-de-distorsionar-historia-para-justificar-invasion-contra-ucrania","status":"publish","type":"post","link":"https:\/\/www.eldiario.net\/portal\/2022\/05\/08\/acusan-a-putin-de-distorsionar-historia-para-justificar-invasion-contra-ucrania\/","title":{"rendered":"Acusan a Putin de distorsionar historia  para justificar invasi\u00f3n contra Ucrania"},"content":{"rendered":"<p>Washington.- El secretario de Estado de EEUU, Antony Blinken, acus\u00f3 ayer al presidente de Rusia, Vladimir Putin, de efectuar un ejercicio de manipulaci\u00f3n hist\u00f3rica para justificar lo que describi\u00f3 como la \u00abbrutal\u00bb invasi\u00f3n que el mandatario ha emprendido contra Ucrania \u00absin mediar provocaci\u00f3n\u00bb.<br \/>\nEn un mensaje emitido con motivo del aniversario de la victoria aliada contra los nazis en la II Guerra Mundial, Blinken pidi\u00f3 a la comunidad internacional que \u00abse resista ante aquellos que persiguen manipular la memoria hist\u00f3rica para alcanzar sus propias ambiciones\u00bb.<br \/>\n\u00abEl presidente Putin intenta tergiversar la historia para intentar justificar su guerra brutal contra Ucrania, sin mediar provocaci\u00f3n\u00bb, declar\u00f3.<br \/>\n\u00abAquellos que estudian el pasado saben que el presidente de Ucrania, Volodimir Zelenski, y el valiente pueblo de Ucrania encarnan el esp\u00edritu de quienes prevalecieron durante la Segunda Guerra Mundial. Est\u00e1n defendiendo valientemente su pa\u00eds, su democracia y el futuro leg\u00edtimo de Ucrania en una Europa \u00edntegra, libre y en paz\u00bb, manifest\u00f3.<br \/>\n\u00abEn la conmemoraci\u00f3n del final de la II Guerra Mundial en Europa, tenemos el sagrado deber hacia los ca\u00eddos de decir la verdad sobre el pasado y de alzarnos por la libertad\u00bb, a\u00f1adi\u00f3.<br \/>\nMientras tanto, el alto funcionario del Departamento de Estado de EEUU, Wendy Sherman, discuti\u00f3 ayer con sus hom\u00f3logos de Reino Unido, Alemania, Italia y Francia la situaci\u00f3n de la asistencia a Ucrania, as\u00ed como los planes para endurecer las sanciones contra Rusia.<br \/>\nDurante la visita de Sherman a Par\u00eds, la subsecretaria y sus interlocutores han mantenido una \u00abextensa conversaci\u00f3n sobre la invasi\u00f3n rusa de Ucrania y la importancia de continuar brindando asistencia militar, as\u00ed como humanitaria a millones de personas que se vieron obligadas a abandonar sus hogares\u00bb.<br \/>\n\u00abTambi\u00e9n discutieron la amenaza a la seguridad alimentaria global planteada por la invasi\u00f3n rusa. Los participantes coordinaron planes para sanciones adicionales y otras medidas para responsabilizar a la Federaci\u00f3n Rusa\u00bb, seg\u00fan el comunicado.<br \/>\nAdem\u00e1s de Sherman, asistieron a la reuni\u00f3n el vicecanciller del Reino Unido, James Cleverly, el secretario de Estado del Ministerio de Exteriores de Alemania, Andreas Michaelis, el secretario general del Ministerio de Exteriores de Italia, Ettore Francesco Secui, y el secretario del Ministerio de Exteriores de Francia, Francois Delattre. (Europa Press)<\/p>\n","protected":false},"excerpt":{"rendered":"<p>Washington.- El secretario de Estado de EEUU, Antony Blinken, acus\u00f3 ayer al presidente de Rusia, Vladimir Putin, de efectuar un ejercicio de manipulaci\u00f3n hist\u00f3rica para justificar lo que describi\u00f3 como la \u00abbrutal\u00bb invasi\u00f3n que el mandatario ha emprendido contra Ucrania \u00absin mediar provocaci\u00f3n\u00bb. En un mensaje emitido con motivo del aniversario de la victoria aliada [&hellip;]<\/p>\n","protected":false},"author":1,"featured_media":82056,"comment_status":"closed","ping_status":"closed","sticky":false,"template":"","format":"standard","meta":{"_acf_changed":false,"footnotes":""},"categories":[3],"tags":[],"class_list":["post-82055","post","type-post","status-publish","format-standard","has-post-thumbnail","category-internacional"],"acf":{"antetitulo":""},"yoast_head":"<!-- This site is optimized with the Yoast SEO plugin v28.4 - https:\/\/yoast.com\/product\/yoast-seo-wordpress\/ -->\n<title>Acusan a Putin de distorsionar historia para justificar invasi\u00f3n contra Ucrania - El Diario - Bolivia<\/title>\n<meta name=\"robots\" content=\"index, follow, max-snippet:-1, max-image-preview:large, max-video-preview:-1\" \/>\n<link rel=\"canonical\" href=\"https:\/\/www.eldiario.net\/portal\/2022\/05\/08\/acusan-a-putin-de-distorsionar-historia-para-justificar-invasion-contra-ucrania\/\" \/>\n<meta property=\"og:locale\" content=\"es_ES\" \/>\n<meta property=\"og:type\" content=\"article\" \/>\n<meta property=\"og:title\" content=\"Acusan a Putin de distorsionar historia para justificar invasi\u00f3n contra Ucrania - El Diario - Bolivia\" \/>\n<meta property=\"og:description\" content=\"Washington.- El secretario de Estado de EEUU, Antony Blinken, acus\u00f3 ayer al presidente de Rusia, Vladimir Putin, de efectuar un ejercicio de manipulaci\u00f3n hist\u00f3rica para justificar lo que describi\u00f3 como la \u00abbrutal\u00bb invasi\u00f3n que el mandatario ha emprendido contra Ucrania \u00absin mediar provocaci\u00f3n\u00bb. En un mensaje emitido con motivo del aniversario de la victoria aliada [&hellip;]\" \/>\n<meta property=\"og:url\" content=\"https:\/\/www.eldiario.net\/portal\/2022\/05\/08\/acusan-a-putin-de-distorsionar-historia-para-justificar-invasion-contra-ucrania\/\" \/>\n<meta property=\"og:site_name\" content=\"El Diario - Bolivia\" \/>\n<meta property=\"article:publisher\" content=\"https:\/\/www.facebook.com\/eldiario.bolivia\/\" \/>\n<meta property=\"article:published_time\" content=\"2022-05-08T05:23:19+00:00\" \/>\n<meta name=\"author\" content=\"Jeanette\" \/>\n<meta name=\"twitter:card\" content=\"summary_large_image\" \/>\n<meta name=\"twitter:creator\" content=\"@eldiario_net\" \/>\n<meta name=\"twitter:site\" content=\"@eldiario_net\" \/>\n<meta name=\"twitter:label1\" content=\"Escrito por\" \/>\n\t<meta name=\"twitter:data1\" content=\"Jeanette\" \/>\n\t<meta name=\"twitter:label2\" content=\"Tiempo de lectura\" \/>\n\t<meta name=\"twitter:data2\" content=\"2 minutos\" \/>\n<script type=\"application\/ld+json\" class=\"yoast-schema-graph\">{\"@context\":\"https:\\\/\\\/schema.org\",\"@graph\":[{\"@type\":\"Article\",\"@id\":\"https:\\\/\\\/www.eldiario.net\\\/portal\\\/2022\\\/05\\\/08\\\/acusan-a-putin-de-distorsionar-historia-para-justificar-invasion-contra-ucrania\\\/#article\",\"isPartOf\":{\"@id\":\"https:\\\/\\\/www.eldiario.net\\\/portal\\\/2022\\\/05\\\/08\\\/acusan-a-putin-de-distorsionar-historia-para-justificar-invasion-contra-ucrania\\\/\"},\"author\":{\"name\":\"Jeanette\",\"@id\":\"https:\\\/\\\/www.eldiario.net\\\/portal\\\/#\\\/schema\\\/person\\\/2c57cf2b7a7ae032e449e4c9b1019eac\"},\"headline\":\"Acusan a Putin de distorsionar historia para justificar invasi\u00f3n contra Ucrania\",\"datePublished\":\"2022-05-08T05:23:19+00:00\",\"mainEntityOfPage\":{\"@id\":\"https:\\\/\\\/www.eldiario.net\\\/portal\\\/2022\\\/05\\\/08\\\/acusan-a-putin-de-distorsionar-historia-para-justificar-invasion-contra-ucrania\\\/\"},\"wordCount\":398,\"publisher\":{\"@id\":\"https:\\\/\\\/www.eldiario.net\\\/portal\\\/#organization\"},\"image\":{\"@id\":\"https:\\\/\\\/www.eldiario.net\\\/portal\\\/2022\\\/05\\\/08\\\/acusan-a-putin-de-distorsionar-historia-para-justificar-invasion-contra-ucrania\\\/#primaryimage\"},\"thumbnailUrl\":\"\",\"articleSection\":[\"Internacional\"],\"inLanguage\":\"es\"},{\"@type\":\"WebPage\",\"@id\":\"https:\\\/\\\/www.eldiario.net\\\/portal\\\/2022\\\/05\\\/08\\\/acusan-a-putin-de-distorsionar-historia-para-justificar-invasion-contra-ucrania\\\/\",\"url\":\"https:\\\/\\\/www.eldiario.net\\\/portal\\\/2022\\\/05\\\/08\\\/acusan-a-putin-de-distorsionar-historia-para-justificar-invasion-contra-ucrania\\\/\",\"name\":\"Acusan a Putin de distorsionar historia para justificar invasi\u00f3n contra Ucrania - El Diario - Bolivia\",\"isPartOf\":{\"@id\":\"https:\\\/\\\/www.eldiario.net\\\/portal\\\/#website\"},\"primaryImageOfPage\":{\"@id\":\"https:\\\/\\\/www.eldiario.net\\\/portal\\\/2022\\\/05\\\/08\\\/acusan-a-putin-de-distorsionar-historia-para-justificar-invasion-contra-ucrania\\\/#primaryimage\"},\"image\":{\"@id\":\"https:\\\/\\\/www.eldiario.net\\\/portal\\\/2022\\\/05\\\/08\\\/acusan-a-putin-de-distorsionar-historia-para-justificar-invasion-contra-ucrania\\\/#primaryimage\"},\"thumbnailUrl\":\"\",\"datePublished\":\"2022-05-08T05:23:19+00:00\",\"breadcrumb\":{\"@id\":\"https:\\\/\\\/www.eldiario.net\\\/portal\\\/2022\\\/05\\\/08\\\/acusan-a-putin-de-distorsionar-historia-para-justificar-invasion-contra-ucrania\\\/#breadcrumb\"},\"inLanguage\":\"es\",\"potentialAction\":[{\"@type\":\"ReadAction\",\"target\":[\"https:\\\/\\\/www.eldiario.net\\\/portal\\\/2022\\\/05\\\/08\\\/acusan-a-putin-de-distorsionar-historia-para-justificar-invasion-contra-ucrania\\\/\"]}]},{\"@type\":\"ImageObject\",\"inLanguage\":\"es\",\"@id\":\"https:\\\/\\\/www.eldiario.net\\\/portal\\\/2022\\\/05\\\/08\\\/acusan-a-putin-de-distorsionar-historia-para-justificar-invasion-contra-ucrania\\\/#primaryimage\",\"url\":\"\",\"contentUrl\":\"\"},{\"@type\":\"BreadcrumbList\",\"@id\":\"https:\\\/\\\/www.eldiario.net\\\/portal\\\/2022\\\/05\\\/08\\\/acusan-a-putin-de-distorsionar-historia-para-justificar-invasion-contra-ucrania\\\/#breadcrumb\",\"itemListElement\":[{\"@type\":\"ListItem\",\"position\":1,\"name\":\"Portada\",\"item\":\"https:\\\/\\\/www.eldiario.net\\\/portal\\\/\"},{\"@type\":\"ListItem\",\"position\":2,\"name\":\"Acusan a Putin de distorsionar historia para justificar invasi\u00f3n contra Ucrania\"}]},{\"@type\":\"WebSite\",\"@id\":\"https:\\\/\\\/www.eldiario.net\\\/portal\\\/#website\",\"url\":\"https:\\\/\\\/www.eldiario.net\\\/portal\\\/\",\"name\":\"El Diario - Decano de la prensa nacional\",\"description\":\"El Diario - Decano de la prensa nacional\",\"publisher\":{\"@id\":\"https:\\\/\\\/www.eldiario.net\\\/portal\\\/#organization\"},\"potentialAction\":[{\"@type\":\"SearchAction\",\"target\":{\"@type\":\"EntryPoint\",\"urlTemplate\":\"https:\\\/\\\/www.eldiario.net\\\/portal\\\/?s={search_term_string}\"},\"query-input\":{\"@type\":\"PropertyValueSpecification\",\"valueRequired\":true,\"valueName\":\"search_term_string\"}}],\"inLanguage\":\"es\"},{\"@type\":\"Organization\",\"@id\":\"https:\\\/\\\/www.eldiario.net\\\/portal\\\/#organization\",\"name\":\"El Diario - Decano de la prensa nacional\",\"url\":\"https:\\\/\\\/www.eldiario.net\\\/portal\\\/\",\"logo\":{\"@type\":\"ImageObject\",\"inLanguage\":\"es\",\"@id\":\"https:\\\/\\\/www.eldiario.net\\\/portal\\\/#\\\/schema\\\/logo\\\/image\\\/\",\"url\":\"https:\\\/\\\/www.eldiario.net\\\/portal\\\/wp-content\\\/uploads\\\/2023\\\/07\\\/logo_ED.jpg\",\"contentUrl\":\"https:\\\/\\\/www.eldiario.net\\\/portal\\\/wp-content\\\/uploads\\\/2023\\\/07\\\/logo_ED.jpg\",\"width\":272,\"height\":52,\"caption\":\"El Diario - Decano de la prensa nacional\"},\"image\":{\"@id\":\"https:\\\/\\\/www.eldiario.net\\\/portal\\\/#\\\/schema\\\/logo\\\/image\\\/\"},\"sameAs\":[\"https:\\\/\\\/www.facebook.com\\\/eldiario.bolivia\\\/\",\"https:\\\/\\\/x.com\\\/eldiario_net\"]},{\"@type\":\"Person\",\"@id\":\"https:\\\/\\\/www.eldiario.net\\\/portal\\\/#\\\/schema\\\/person\\\/2c57cf2b7a7ae032e449e4c9b1019eac\",\"name\":\"Jeanette\",\"image\":{\"@type\":\"ImageObject\",\"inLanguage\":\"es\",\"@id\":\"https:\\\/\\\/secure.gravatar.com\\\/avatar\\\/3ea2118a5f7dad2b7138b1187a6b7ee55f160b9968b66013c3a3ef39dd7e5798?s=96&d=mm&r=g\",\"url\":\"https:\\\/\\\/secure.gravatar.com\\\/avatar\\\/3ea2118a5f7dad2b7138b1187a6b7ee55f160b9968b66013c3a3ef39dd7e5798?s=96&d=mm&r=g\",\"contentUrl\":\"https:\\\/\\\/secure.gravatar.com\\\/avatar\\\/3ea2118a5f7dad2b7138b1187a6b7ee55f160b9968b66013c3a3ef39dd7e5798?s=96&d=mm&r=g\",\"caption\":\"Jeanette\"},\"sameAs\":[\"https:\\\/\\\/www.eldiario.net\\\/portal\"],\"url\":\"https:\\\/\\\/www.eldiario.net\\\/portal\\\/author\\\/jeanette\\\/\"}]}<\/script>\n<!-- \/ Yoast SEO plugin. -->","yoast_head_json":{"title":"Acusan a Putin de distorsionar historia para justificar invasi\u00f3n contra Ucrania - El Diario - Bolivia","robots":{"index":"index","follow":"follow","max-snippet":"max-snippet:-1","max-image-preview":"max-image-preview:large","max-video-preview":"max-video-preview:-1"},"canonical":"https:\/\/www.eldiario.net\/portal\/2022\/05\/08\/acusan-a-putin-de-distorsionar-historia-para-justificar-invasion-contra-ucrania\/","og_locale":"es_ES","og_type":"article","og_title":"Acusan a Putin de distorsionar historia para justificar invasi\u00f3n contra Ucrania - El Diario - Bolivia","og_description":"Washington.- El secretario de Estado de EEUU, Antony Blinken, acus\u00f3 ayer al presidente de Rusia, Vladimir Putin, de efectuar un ejercicio de manipulaci\u00f3n hist\u00f3rica para justificar lo que describi\u00f3 como la \u00abbrutal\u00bb invasi\u00f3n que el mandatario ha emprendido contra Ucrania \u00absin mediar provocaci\u00f3n\u00bb. En un mensaje emitido con motivo del aniversario de la victoria aliada [&hellip;]","og_url":"https:\/\/www.eldiario.net\/portal\/2022\/05\/08\/acusan-a-putin-de-distorsionar-historia-para-justificar-invasion-contra-ucrania\/","og_site_name":"El Diario - Bolivia","article_publisher":"https:\/\/www.facebook.com\/eldiario.bolivia\/","article_published_time":"2022-05-08T05:23:19+00:00","author":"Jeanette","twitter_card":"summary_large_image","twitter_creator":"@eldiario_net","twitter_site":"@eldiario_net","twitter_misc":{"Escrito por":"Jeanette","Tiempo de lectura":"2 minutos"},"schema":{"@context":"https:\/\/schema.org","@graph":[{"@type":"Article","@id":"https:\/\/www.eldiario.net\/portal\/2022\/05\/08\/acusan-a-putin-de-distorsionar-historia-para-justificar-invasion-contra-ucrania\/#article","isPartOf":{"@id":"https:\/\/www.eldiario.net\/portal\/2022\/05\/08\/acusan-a-putin-de-distorsionar-historia-para-justificar-invasion-contra-ucrania\/"},"author":{"name":"Jeanette","@id":"https:\/\/www.eldiario.net\/portal\/#\/schema\/person\/2c57cf2b7a7ae032e449e4c9b1019eac"},"headline":"Acusan a Putin de distorsionar historia para justificar invasi\u00f3n contra Ucrania","datePublished":"2022-05-08T05:23:19+00:00","mainEntityOfPage":{"@id":"https:\/\/www.eldiario.net\/portal\/2022\/05\/08\/acusan-a-putin-de-distorsionar-historia-para-justificar-invasion-contra-ucrania\/"},"wordCount":398,"publisher":{"@id":"https:\/\/www.eldiario.net\/portal\/#organization"},"image":{"@id":"https:\/\/www.eldiario.net\/portal\/2022\/05\/08\/acusan-a-putin-de-distorsionar-historia-para-justificar-invasion-contra-ucrania\/#primaryimage"},"thumbnailUrl":"","articleSection":["Internacional"],"inLanguage":"es"},{"@type":"WebPage","@id":"https:\/\/www.eldiario.net\/portal\/2022\/05\/08\/acusan-a-putin-de-distorsionar-historia-para-justificar-invasion-contra-ucrania\/","url":"https:\/\/www.eldiario.net\/portal\/2022\/05\/08\/acusan-a-putin-de-distorsionar-historia-para-justificar-invasion-contra-ucrania\/","name":"Acusan a Putin de distorsionar historia para justificar invasi\u00f3n contra Ucrania - El Diario - Bolivia","isPartOf":{"@id":"https:\/\/www.eldiario.net\/portal\/#website"},"primaryImageOfPage":{"@id":"https:\/\/www.eldiario.net\/portal\/2022\/05\/08\/acusan-a-putin-de-distorsionar-historia-para-justificar-invasion-contra-ucrania\/#primaryimage"},"image":{"@id":"https:\/\/www.eldiario.net\/portal\/2022\/05\/08\/acusan-a-putin-de-distorsionar-historia-para-justificar-invasion-contra-ucrania\/#primaryimage"},"thumbnailUrl":"","datePublished":"2022-05-08T05:23:19+00:00","breadcrumb":{"@id":"https:\/\/www.eldiario.net\/portal\/2022\/05\/08\/acusan-a-putin-de-distorsionar-historia-para-justificar-invasion-contra-ucrania\/#breadcrumb"},"inLanguage":"es","potentialAction":[{"@type":"ReadAction","target":["https:\/\/www.eldiario.net\/portal\/2022\/05\/08\/acusan-a-putin-de-distorsionar-historia-para-justificar-invasion-contra-ucrania\/"]}]},{"@type":"ImageObject","inLanguage":"es","@id":"https:\/\/www.eldiario.net\/portal\/2022\/05\/08\/acusan-a-putin-de-distorsionar-historia-para-justificar-invasion-contra-ucrania\/#primaryimage","url":"","contentUrl":""},{"@type":"BreadcrumbList","@id":"https:\/\/www.eldiario.net\/portal\/2022\/05\/08\/acusan-a-putin-de-distorsionar-historia-para-justificar-invasion-contra-ucrania\/#breadcrumb","itemListElement":[{"@type":"ListItem","position":1,"name":"Portada","item":"https:\/\/www.eldiario.net\/portal\/"},{"@type":"ListItem","position":2,"name":"Acusan a Putin de distorsionar historia para justificar invasi\u00f3n contra Ucrania"}]},{"@type":"WebSite","@id":"https:\/\/www.eldiario.net\/portal\/#website","url":"https:\/\/www.eldiario.net\/portal\/","name":"El Diario - Decano de la prensa nacional","description":"El Diario - Decano de la prensa nacional","publisher":{"@id":"https:\/\/www.eldiario.net\/portal\/#organization"},"potentialAction":[{"@type":"SearchAction","target":{"@type":"EntryPoint","urlTemplate":"https:\/\/www.eldiario.net\/portal\/?s={search_term_string}"},"query-input":{"@type":"PropertyValueSpecification","valueRequired":true,"valueName":"search_term_string"}}],"inLanguage":"es"},{"@type":"Organization","@id":"https:\/\/www.eldiario.net\/portal\/#organization","name":"El Diario - Decano de la prensa nacional","url":"https:\/\/www.eldiario.net\/portal\/","logo":{"@type":"ImageObject","inLanguage":"es","@id":"https:\/\/www.eldiario.net\/portal\/#\/schema\/logo\/image\/","url":"https:\/\/www.eldiario.net\/portal\/wp-content\/uploads\/2023\/07\/logo_ED.jpg","contentUrl":"https:\/\/www.eldiario.net\/portal\/wp-content\/uploads\/2023\/07\/logo_ED.jpg","width":272,"height":52,"caption":"El Diario - Decano de la prensa nacional"},"image":{"@id":"https:\/\/www.eldiario.net\/portal\/#\/schema\/logo\/image\/"},"sameAs":["https:\/\/www.facebook.com\/eldiario.bolivia\/","https:\/\/x.com\/eldiario_net"]},{"@type":"Person","@id":"https:\/\/www.eldiario.net\/portal\/#\/schema\/person\/2c57cf2b7a7ae032e449e4c9b1019eac","name":"Jeanette","image":{"@type":"ImageObject","inLanguage":"es","@id":"https:\/\/secure.gravatar.com\/avatar\/3ea2118a5f7dad2b7138b1187a6b7ee55f160b9968b66013c3a3ef39dd7e5798?s=96&d=mm&r=g","url":"https:\/\/secure.gravatar.com\/avatar\/3ea2118a5f7dad2b7138b1187a6b7ee55f160b9968b66013c3a3ef39dd7e5798?s=96&d=mm&r=g","contentUrl":"https:\/\/secure.gravatar.com\/avatar\/3ea2118a5f7dad2b7138b1187a6b7ee55f160b9968b66013c3a3ef39dd7e5798?s=96&d=mm&r=g","caption":"Jeanette"},"sameAs":["https:\/\/www.eldiario.net\/portal"],"url":"https:\/\/www.eldiario.net\/portal\/author\/jeanette\/"}]}},"_links":{"self":[{"href":"https:\/\/www.eldiario.net\/portal\/wp-json\/wp\/v2\/posts\/82055","targetHints":{"allow":["GET"]}}],"collection":[{"href":"https:\/\/www.eldiario.net\/portal\/wp-json\/wp\/v2\/posts"}],"about":[{"href":"https:\/\/www.eldiario.net\/portal\/wp-json\/wp\/v2\/types\/post"}],"author":[{"embeddable":true,"href":"https:\/\/www.eldiario.net\/portal\/wp-json\/wp\/v2\/users\/1"}],"replies":[{"embeddable":true,"href":"https:\/\/www.eldiario.net\/portal\/wp-json\/wp\/v2\/comments?post=82055"}],"version-history":[{"count":0,"href":"https:\/\/www.eldiario.net\/portal\/wp-json\/wp\/v2\/posts\/82055\/revisions"}],"wp:attachment":[{"href":"https:\/\/www.eldiario.net\/portal\/wp-json\/wp\/v2\/media?parent=82055"}],"wp:term":[{"taxonomy":"category","embeddable":true,"href":"https:\/\/www.eldiario.net\/portal\/wp-json\/wp\/v2\/categories?post=82055"},{"taxonomy":"post_tag","embeddable":true,"href":"https:\/\/www.eldiario.net\/portal\/wp-json\/wp\/v2\/tags?post=82055"}],"curies":[{"name":"wp","href":"https:\/\/api.w.org\/{rel}","templated":true}]}}