{"id":82040,"date":"2022-05-08T01:17:44","date_gmt":"2022-05-08T05:17:44","guid":{"rendered":"https:\/\/www.eldiario.net\/portal\/?p=82040"},"modified":"2022-05-08T01:17:44","modified_gmt":"2022-05-08T05:17:44","slug":"palmaflor-se-impone-con-gol-de-wesley","status":"publish","type":"post","link":"https:\/\/www.eldiario.net\/portal\/2022\/05\/08\/palmaflor-se-impone-con-gol-de-wesley\/","title":{"rendered":"Palmaflor se impone con gol de Wesley"},"content":{"rendered":"<p>Municipal Vinto Palmaflor gan\u00f3 el cl\u00e1sico del valle bajo frente a FC Universitario, con el delantero Wesley Da Silva como el autor del \u00fanico gol del partido y como el responsable de que su equipo encar\u00e9 con diez hombres la \u00faltima media hora del cotejo por su expulsi\u00f3n en el estadio F\u00e9lix Capriles.<br \/>\nEn este corto historial de encuentros entre estos planteles, Palmaflor toma la delantera con la conquista de su segunda victoria. En esta ocasi\u00f3n, las Fieras vuelve a acomodarse en la cima en el grupo \u201cA\u201d, compartiendo lugar con The Strongest, ambos con 22 puntos. En un compromiso sin brillo futbol\u00edstico, Palmaflor fue el vencedor con el gol de Wesley, quien a los 52 minutos coloc\u00f3 arriba a su equipo y con esa ventaja en el marcador concluy\u00f3 el encuentro, sin que antes las Fieras tengan que pasar por momentos dif\u00edciles.<br \/>\nWesley estuvo atento a un rebote que dio el arquero Ra\u00fal Olivares, luego de un mano a mano, para convertir el gol, aprovechando que H\u00e9ctor Cu\u00e9llar descuido la marcaci\u00f3n y su reacci\u00f3n demor\u00f3. A los 61 minutos, Wesley pas\u00f3 a ser el villano del encuentro por recibir la segunda tarjeta amarilla y dejar a sus compa\u00f1eros en inferioridad num\u00e9rica, colocando en riesgo el triunfo. Con diez hombres, las Fieras pasaron a defender el gol y redoblar esfuerzos en la marcaci\u00f3n para evitar que crezca la \u201cU\u201d de Vinto. El elenco estudiantil desaprovech\u00f3 tener un hombre de m\u00e1s en el terreno. Una jugada clara a favor de los doctos lleg\u00f3 en los minutos finales con un cabezazo de Julio Vila que fue a besar el palo. M\u00e1s all\u00e1 de esto, no lleg\u00f3 la \u201cU\u201d y se qued\u00f3 en el fondo de la tabla en el grupo \u201cB\u201d con 12 puntos, comenzando a despedirse de su \u00faltima chance de pelear por alcanzar el cuarto sitio.<\/p>\n<p>EL DATO<\/p>\n<p>22 Puntos tiene Palmaflor, los mismos que The Strongest, a falta del cl\u00e1sico pace\u00f1o.<\/p>\n<p><strong>APG<\/strong><\/p>\n","protected":false},"excerpt":{"rendered":"<p>Municipal Vinto Palmaflor gan\u00f3 el cl\u00e1sico del valle bajo frente a FC Universitario, con el delantero Wesley Da Silva como el autor del \u00fanico gol del partido y como el responsable de que su equipo encar\u00e9 con diez hombres la \u00faltima media hora del cotejo por su expulsi\u00f3n en el estadio F\u00e9lix Capriles. En este [&hellip;]<\/p>\n","protected":false},"author":1,"featured_media":82041,"comment_status":"closed","ping_status":"closed","sticky":false,"template":"","format":"standard","meta":{"_acf_changed":false,"footnotes":""},"categories":[6],"tags":[],"class_list":["post-82040","post","type-post","status-publish","format-standard","has-post-thumbnail","category-deportes"],"acf":{"antetitulo":""},"yoast_head":"<!-- This site is optimized with the Yoast SEO plugin v28.4 - https:\/\/yoast.com\/product\/yoast-seo-wordpress\/ -->\n<title>Palmaflor se impone con gol de Wesley - El Diario - Bolivia<\/title>\n<meta name=\"robots\" content=\"index, follow, max-snippet:-1, max-image-preview:large, max-video-preview:-1\" \/>\n<link rel=\"canonical\" href=\"https:\/\/www.eldiario.net\/portal\/2022\/05\/08\/palmaflor-se-impone-con-gol-de-wesley\/\" \/>\n<meta property=\"og:locale\" content=\"es_ES\" \/>\n<meta property=\"og:type\" content=\"article\" \/>\n<meta property=\"og:title\" content=\"Palmaflor se impone con gol de Wesley - El Diario - Bolivia\" \/>\n<meta property=\"og:description\" content=\"Municipal Vinto Palmaflor gan\u00f3 el cl\u00e1sico del valle bajo frente a FC Universitario, con el delantero Wesley Da Silva como el autor del \u00fanico gol del partido y como el responsable de que su equipo encar\u00e9 con diez hombres la \u00faltima media hora del cotejo por su expulsi\u00f3n en el estadio F\u00e9lix Capriles. En este [&hellip;]\" \/>\n<meta property=\"og:url\" content=\"https:\/\/www.eldiario.net\/portal\/2022\/05\/08\/palmaflor-se-impone-con-gol-de-wesley\/\" \/>\n<meta property=\"og:site_name\" content=\"El Diario - Bolivia\" \/>\n<meta property=\"article:publisher\" content=\"https:\/\/www.facebook.com\/eldiario.bolivia\/\" \/>\n<meta property=\"article:published_time\" content=\"2022-05-08T05:17:44+00:00\" \/>\n<meta name=\"author\" content=\"Jeanette\" \/>\n<meta name=\"twitter:card\" content=\"summary_large_image\" \/>\n<meta name=\"twitter:creator\" content=\"@eldiario_net\" \/>\n<meta name=\"twitter:site\" content=\"@eldiario_net\" \/>\n<meta name=\"twitter:label1\" content=\"Escrito por\" \/>\n\t<meta name=\"twitter:data1\" content=\"Jeanette\" \/>\n\t<meta name=\"twitter:label2\" content=\"Tiempo de lectura\" \/>\n\t<meta name=\"twitter:data2\" content=\"2 minutos\" \/>\n<script type=\"application\/ld+json\" class=\"yoast-schema-graph\">{\"@context\":\"https:\\\/\\\/schema.org\",\"@graph\":[{\"@type\":\"Article\",\"@id\":\"https:\\\/\\\/www.eldiario.net\\\/portal\\\/2022\\\/05\\\/08\\\/palmaflor-se-impone-con-gol-de-wesley\\\/#article\",\"isPartOf\":{\"@id\":\"https:\\\/\\\/www.eldiario.net\\\/portal\\\/2022\\\/05\\\/08\\\/palmaflor-se-impone-con-gol-de-wesley\\\/\"},\"author\":{\"name\":\"Jeanette\",\"@id\":\"https:\\\/\\\/www.eldiario.net\\\/portal\\\/#\\\/schema\\\/person\\\/2c57cf2b7a7ae032e449e4c9b1019eac\"},\"headline\":\"Palmaflor se impone con gol de Wesley\",\"datePublished\":\"2022-05-08T05:17:44+00:00\",\"mainEntityOfPage\":{\"@id\":\"https:\\\/\\\/www.eldiario.net\\\/portal\\\/2022\\\/05\\\/08\\\/palmaflor-se-impone-con-gol-de-wesley\\\/\"},\"wordCount\":343,\"publisher\":{\"@id\":\"https:\\\/\\\/www.eldiario.net\\\/portal\\\/#organization\"},\"image\":{\"@id\":\"https:\\\/\\\/www.eldiario.net\\\/portal\\\/2022\\\/05\\\/08\\\/palmaflor-se-impone-con-gol-de-wesley\\\/#primaryimage\"},\"thumbnailUrl\":\"\",\"articleSection\":[\"Deportes\"],\"inLanguage\":\"es\"},{\"@type\":\"WebPage\",\"@id\":\"https:\\\/\\\/www.eldiario.net\\\/portal\\\/2022\\\/05\\\/08\\\/palmaflor-se-impone-con-gol-de-wesley\\\/\",\"url\":\"https:\\\/\\\/www.eldiario.net\\\/portal\\\/2022\\\/05\\\/08\\\/palmaflor-se-impone-con-gol-de-wesley\\\/\",\"name\":\"Palmaflor se impone con gol de Wesley - El Diario - Bolivia\",\"isPartOf\":{\"@id\":\"https:\\\/\\\/www.eldiario.net\\\/portal\\\/#website\"},\"primaryImageOfPage\":{\"@id\":\"https:\\\/\\\/www.eldiario.net\\\/portal\\\/2022\\\/05\\\/08\\\/palmaflor-se-impone-con-gol-de-wesley\\\/#primaryimage\"},\"image\":{\"@id\":\"https:\\\/\\\/www.eldiario.net\\\/portal\\\/2022\\\/05\\\/08\\\/palmaflor-se-impone-con-gol-de-wesley\\\/#primaryimage\"},\"thumbnailUrl\":\"\",\"datePublished\":\"2022-05-08T05:17:44+00:00\",\"breadcrumb\":{\"@id\":\"https:\\\/\\\/www.eldiario.net\\\/portal\\\/2022\\\/05\\\/08\\\/palmaflor-se-impone-con-gol-de-wesley\\\/#breadcrumb\"},\"inLanguage\":\"es\",\"potentialAction\":[{\"@type\":\"ReadAction\",\"target\":[\"https:\\\/\\\/www.eldiario.net\\\/portal\\\/2022\\\/05\\\/08\\\/palmaflor-se-impone-con-gol-de-wesley\\\/\"]}]},{\"@type\":\"ImageObject\",\"inLanguage\":\"es\",\"@id\":\"https:\\\/\\\/www.eldiario.net\\\/portal\\\/2022\\\/05\\\/08\\\/palmaflor-se-impone-con-gol-de-wesley\\\/#primaryimage\",\"url\":\"\",\"contentUrl\":\"\"},{\"@type\":\"BreadcrumbList\",\"@id\":\"https:\\\/\\\/www.eldiario.net\\\/portal\\\/2022\\\/05\\\/08\\\/palmaflor-se-impone-con-gol-de-wesley\\\/#breadcrumb\",\"itemListElement\":[{\"@type\":\"ListItem\",\"position\":1,\"name\":\"Portada\",\"item\":\"https:\\\/\\\/www.eldiario.net\\\/portal\\\/\"},{\"@type\":\"ListItem\",\"position\":2,\"name\":\"Palmaflor se impone con gol de Wesley\"}]},{\"@type\":\"WebSite\",\"@id\":\"https:\\\/\\\/www.eldiario.net\\\/portal\\\/#website\",\"url\":\"https:\\\/\\\/www.eldiario.net\\\/portal\\\/\",\"name\":\"El Diario - Decano de la prensa nacional\",\"description\":\"El Diario - Decano de la prensa nacional\",\"publisher\":{\"@id\":\"https:\\\/\\\/www.eldiario.net\\\/portal\\\/#organization\"},\"potentialAction\":[{\"@type\":\"SearchAction\",\"target\":{\"@type\":\"EntryPoint\",\"urlTemplate\":\"https:\\\/\\\/www.eldiario.net\\\/portal\\\/?s={search_term_string}\"},\"query-input\":{\"@type\":\"PropertyValueSpecification\",\"valueRequired\":true,\"valueName\":\"search_term_string\"}}],\"inLanguage\":\"es\"},{\"@type\":\"Organization\",\"@id\":\"https:\\\/\\\/www.eldiario.net\\\/portal\\\/#organization\",\"name\":\"El Diario - Decano de la prensa nacional\",\"url\":\"https:\\\/\\\/www.eldiario.net\\\/portal\\\/\",\"logo\":{\"@type\":\"ImageObject\",\"inLanguage\":\"es\",\"@id\":\"https:\\\/\\\/www.eldiario.net\\\/portal\\\/#\\\/schema\\\/logo\\\/image\\\/\",\"url\":\"https:\\\/\\\/www.eldiario.net\\\/portal\\\/wp-content\\\/uploads\\\/2023\\\/07\\\/logo_ED.jpg\",\"contentUrl\":\"https:\\\/\\\/www.eldiario.net\\\/portal\\\/wp-content\\\/uploads\\\/2023\\\/07\\\/logo_ED.jpg\",\"width\":272,\"height\":52,\"caption\":\"El Diario - Decano de la prensa nacional\"},\"image\":{\"@id\":\"https:\\\/\\\/www.eldiario.net\\\/portal\\\/#\\\/schema\\\/logo\\\/image\\\/\"},\"sameAs\":[\"https:\\\/\\\/www.facebook.com\\\/eldiario.bolivia\\\/\",\"https:\\\/\\\/x.com\\\/eldiario_net\"]},{\"@type\":\"Person\",\"@id\":\"https:\\\/\\\/www.eldiario.net\\\/portal\\\/#\\\/schema\\\/person\\\/2c57cf2b7a7ae032e449e4c9b1019eac\",\"name\":\"Jeanette\",\"image\":{\"@type\":\"ImageObject\",\"inLanguage\":\"es\",\"@id\":\"https:\\\/\\\/secure.gravatar.com\\\/avatar\\\/3ea2118a5f7dad2b7138b1187a6b7ee55f160b9968b66013c3a3ef39dd7e5798?s=96&d=mm&r=g\",\"url\":\"https:\\\/\\\/secure.gravatar.com\\\/avatar\\\/3ea2118a5f7dad2b7138b1187a6b7ee55f160b9968b66013c3a3ef39dd7e5798?s=96&d=mm&r=g\",\"contentUrl\":\"https:\\\/\\\/secure.gravatar.com\\\/avatar\\\/3ea2118a5f7dad2b7138b1187a6b7ee55f160b9968b66013c3a3ef39dd7e5798?s=96&d=mm&r=g\",\"caption\":\"Jeanette\"},\"sameAs\":[\"https:\\\/\\\/www.eldiario.net\\\/portal\"],\"url\":\"https:\\\/\\\/www.eldiario.net\\\/portal\\\/author\\\/jeanette\\\/\"}]}<\/script>\n<!-- \/ Yoast SEO plugin. -->","yoast_head_json":{"title":"Palmaflor se impone con gol de Wesley - El Diario - Bolivia","robots":{"index":"index","follow":"follow","max-snippet":"max-snippet:-1","max-image-preview":"max-image-preview:large","max-video-preview":"max-video-preview:-1"},"canonical":"https:\/\/www.eldiario.net\/portal\/2022\/05\/08\/palmaflor-se-impone-con-gol-de-wesley\/","og_locale":"es_ES","og_type":"article","og_title":"Palmaflor se impone con gol de Wesley - El Diario - Bolivia","og_description":"Municipal Vinto Palmaflor gan\u00f3 el cl\u00e1sico del valle bajo frente a FC Universitario, con el delantero Wesley Da Silva como el autor del \u00fanico gol del partido y como el responsable de que su equipo encar\u00e9 con diez hombres la \u00faltima media hora del cotejo por su expulsi\u00f3n en el estadio F\u00e9lix Capriles. En este [&hellip;]","og_url":"https:\/\/www.eldiario.net\/portal\/2022\/05\/08\/palmaflor-se-impone-con-gol-de-wesley\/","og_site_name":"El Diario - Bolivia","article_publisher":"https:\/\/www.facebook.com\/eldiario.bolivia\/","article_published_time":"2022-05-08T05:17:44+00:00","author":"Jeanette","twitter_card":"summary_large_image","twitter_creator":"@eldiario_net","twitter_site":"@eldiario_net","twitter_misc":{"Escrito por":"Jeanette","Tiempo de lectura":"2 minutos"},"schema":{"@context":"https:\/\/schema.org","@graph":[{"@type":"Article","@id":"https:\/\/www.eldiario.net\/portal\/2022\/05\/08\/palmaflor-se-impone-con-gol-de-wesley\/#article","isPartOf":{"@id":"https:\/\/www.eldiario.net\/portal\/2022\/05\/08\/palmaflor-se-impone-con-gol-de-wesley\/"},"author":{"name":"Jeanette","@id":"https:\/\/www.eldiario.net\/portal\/#\/schema\/person\/2c57cf2b7a7ae032e449e4c9b1019eac"},"headline":"Palmaflor se impone con gol de Wesley","datePublished":"2022-05-08T05:17:44+00:00","mainEntityOfPage":{"@id":"https:\/\/www.eldiario.net\/portal\/2022\/05\/08\/palmaflor-se-impone-con-gol-de-wesley\/"},"wordCount":343,"publisher":{"@id":"https:\/\/www.eldiario.net\/portal\/#organization"},"image":{"@id":"https:\/\/www.eldiario.net\/portal\/2022\/05\/08\/palmaflor-se-impone-con-gol-de-wesley\/#primaryimage"},"thumbnailUrl":"","articleSection":["Deportes"],"inLanguage":"es"},{"@type":"WebPage","@id":"https:\/\/www.eldiario.net\/portal\/2022\/05\/08\/palmaflor-se-impone-con-gol-de-wesley\/","url":"https:\/\/www.eldiario.net\/portal\/2022\/05\/08\/palmaflor-se-impone-con-gol-de-wesley\/","name":"Palmaflor se impone con gol de Wesley - El Diario - Bolivia","isPartOf":{"@id":"https:\/\/www.eldiario.net\/portal\/#website"},"primaryImageOfPage":{"@id":"https:\/\/www.eldiario.net\/portal\/2022\/05\/08\/palmaflor-se-impone-con-gol-de-wesley\/#primaryimage"},"image":{"@id":"https:\/\/www.eldiario.net\/portal\/2022\/05\/08\/palmaflor-se-impone-con-gol-de-wesley\/#primaryimage"},"thumbnailUrl":"","datePublished":"2022-05-08T05:17:44+00:00","breadcrumb":{"@id":"https:\/\/www.eldiario.net\/portal\/2022\/05\/08\/palmaflor-se-impone-con-gol-de-wesley\/#breadcrumb"},"inLanguage":"es","potentialAction":[{"@type":"ReadAction","target":["https:\/\/www.eldiario.net\/portal\/2022\/05\/08\/palmaflor-se-impone-con-gol-de-wesley\/"]}]},{"@type":"ImageObject","inLanguage":"es","@id":"https:\/\/www.eldiario.net\/portal\/2022\/05\/08\/palmaflor-se-impone-con-gol-de-wesley\/#primaryimage","url":"","contentUrl":""},{"@type":"BreadcrumbList","@id":"https:\/\/www.eldiario.net\/portal\/2022\/05\/08\/palmaflor-se-impone-con-gol-de-wesley\/#breadcrumb","itemListElement":[{"@type":"ListItem","position":1,"name":"Portada","item":"https:\/\/www.eldiario.net\/portal\/"},{"@type":"ListItem","position":2,"name":"Palmaflor se impone con gol de Wesley"}]},{"@type":"WebSite","@id":"https:\/\/www.eldiario.net\/portal\/#website","url":"https:\/\/www.eldiario.net\/portal\/","name":"El Diario - Decano de la prensa nacional","description":"El Diario - Decano de la prensa nacional","publisher":{"@id":"https:\/\/www.eldiario.net\/portal\/#organization"},"potentialAction":[{"@type":"SearchAction","target":{"@type":"EntryPoint","urlTemplate":"https:\/\/www.eldiario.net\/portal\/?s={search_term_string}"},"query-input":{"@type":"PropertyValueSpecification","valueRequired":true,"valueName":"search_term_string"}}],"inLanguage":"es"},{"@type":"Organization","@id":"https:\/\/www.eldiario.net\/portal\/#organization","name":"El Diario - Decano de la prensa nacional","url":"https:\/\/www.eldiario.net\/portal\/","logo":{"@type":"ImageObject","inLanguage":"es","@id":"https:\/\/www.eldiario.net\/portal\/#\/schema\/logo\/image\/","url":"https:\/\/www.eldiario.net\/portal\/wp-content\/uploads\/2023\/07\/logo_ED.jpg","contentUrl":"https:\/\/www.eldiario.net\/portal\/wp-content\/uploads\/2023\/07\/logo_ED.jpg","width":272,"height":52,"caption":"El Diario - Decano de la prensa nacional"},"image":{"@id":"https:\/\/www.eldiario.net\/portal\/#\/schema\/logo\/image\/"},"sameAs":["https:\/\/www.facebook.com\/eldiario.bolivia\/","https:\/\/x.com\/eldiario_net"]},{"@type":"Person","@id":"https:\/\/www.eldiario.net\/portal\/#\/schema\/person\/2c57cf2b7a7ae032e449e4c9b1019eac","name":"Jeanette","image":{"@type":"ImageObject","inLanguage":"es","@id":"https:\/\/secure.gravatar.com\/avatar\/3ea2118a5f7dad2b7138b1187a6b7ee55f160b9968b66013c3a3ef39dd7e5798?s=96&d=mm&r=g","url":"https:\/\/secure.gravatar.com\/avatar\/3ea2118a5f7dad2b7138b1187a6b7ee55f160b9968b66013c3a3ef39dd7e5798?s=96&d=mm&r=g","contentUrl":"https:\/\/secure.gravatar.com\/avatar\/3ea2118a5f7dad2b7138b1187a6b7ee55f160b9968b66013c3a3ef39dd7e5798?s=96&d=mm&r=g","caption":"Jeanette"},"sameAs":["https:\/\/www.eldiario.net\/portal"],"url":"https:\/\/www.eldiario.net\/portal\/author\/jeanette\/"}]}},"_links":{"self":[{"href":"https:\/\/www.eldiario.net\/portal\/wp-json\/wp\/v2\/posts\/82040","targetHints":{"allow":["GET"]}}],"collection":[{"href":"https:\/\/www.eldiario.net\/portal\/wp-json\/wp\/v2\/posts"}],"about":[{"href":"https:\/\/www.eldiario.net\/portal\/wp-json\/wp\/v2\/types\/post"}],"author":[{"embeddable":true,"href":"https:\/\/www.eldiario.net\/portal\/wp-json\/wp\/v2\/users\/1"}],"replies":[{"embeddable":true,"href":"https:\/\/www.eldiario.net\/portal\/wp-json\/wp\/v2\/comments?post=82040"}],"version-history":[{"count":0,"href":"https:\/\/www.eldiario.net\/portal\/wp-json\/wp\/v2\/posts\/82040\/revisions"}],"wp:attachment":[{"href":"https:\/\/www.eldiario.net\/portal\/wp-json\/wp\/v2\/media?parent=82040"}],"wp:term":[{"taxonomy":"category","embeddable":true,"href":"https:\/\/www.eldiario.net\/portal\/wp-json\/wp\/v2\/categories?post=82040"},{"taxonomy":"post_tag","embeddable":true,"href":"https:\/\/www.eldiario.net\/portal\/wp-json\/wp\/v2\/tags?post=82040"}],"curies":[{"name":"wp","href":"https:\/\/api.w.org\/{rel}","templated":true}]}}