{"id":8204,"date":"2021-06-04T06:14:08","date_gmt":"2021-06-04T10:14:08","guid":{"rendered":"https:\/\/www.eldiario.net\/portal\/?p=8204"},"modified":"2021-06-04T06:14:08","modified_gmt":"2021-06-04T10:14:08","slug":"998-de-recursos-de-la-paz-esta-habilitado","status":"publish","type":"post","link":"https:\/\/www.eldiario.net\/portal\/2021\/06\/04\/998-de-recursos-de-la-paz-esta-habilitado\/","title":{"rendered":"99,8 % de recursos de  La Paz est\u00e1 habilitado"},"content":{"rendered":"<p>A trav\u00e9s de un comunicado, el Ministerio de Econom\u00eda aclar\u00f3 que, tras la decisi\u00f3n judicial, solo se retuvo 296 millones de bolivianos, lo que significa que el 99,8 % de los recursos del municipio pace\u00f1o se encuentra habilitado.<br \/>\n\u201cEl 3 de junio de 2021, solo se encuentra retenido el monto instruido por el juez, en la Cuenta Corriente Fiscal de Participaci\u00f3n Popular del Gobierno Aut\u00f3nomo Municipal de La Paz. El resto de las cuentas, donde se encuentra el 99,8 % de los recursos del municipio pace\u00f1o, se encuentran habilitadas, en cumplimiento a la normativa se\u00f1alada\u201d, se\u00f1ala el comunicado.<br \/>\nAsimismo, el Ministerio se\u00f1ala que la decisi\u00f3n judicial sobre la retenci\u00f3n de fondos ya hab\u00eda sido comunicada en noviembre del 2020 a la anterior gesti\u00f3n edil. En ese sentido, Econom\u00eda es enf\u00e1tico en se\u00f1alar que las cuentas corrientes fiscales de la Alcald\u00eda de La Paz no est\u00e1n congeladas, como afirm\u00f3 ayer el alcalde de ese municipio, Iv\u00e1n Arias.<br \/>\nAsimismo, el Ministerio asegura que no es parte del proceso por el que el juez s\u00e9ptimo de Trabajo y Seguridad Social del Tribunal Departamental de Justicia defini\u00f3 la retenci\u00f3n de una m\u00ednima parte de los fondos de la Alcald\u00eda pace\u00f1a.<br \/>\n\u201cLa retenci\u00f3n se instruy\u00f3 en el marco del proceso laboral seguido por concepto de reintegro de pago de beneficios sociales a Ferm\u00edn Mamani Vel\u00e1squez y otros en contra del Gobierno Aut\u00f3nomo Municipal de La Paz. El Ministerio de Econom\u00eda no es parte del proceso judicial y tampoco es responsable de la instrucci\u00f3n realizada por el juez\u201d, a\u00f1ade el texto.<\/p>\n<p>LA OPOSICI\u00d3N CRITICA LA DECISI\u00d3N<br \/>\nJUDICIAL Y LA ATRIBUYE AL GOBIERNO<br \/>\nEl expresidente y l\u00edder de Comunidad Ciudadana (CC), Carlos Mesa, \u201crepudi\u00f3\u201d este jueves contra la \u201cdecisi\u00f3n pol\u00edtica del MAS\u201d que afecta al alcalde Iv\u00e1n Arias con dos citaciones judiciales, para este viernes, y el congelamiento de cuentas financieras de la Alcald\u00eda de La Paz.<br \/>\nEl mi\u00e9rcoles, el alcalde Arias que hoy cumple un mes al frente de la comuna pace\u00f1a fue notificado para que se presente este viernes a declarar como parte de dos procesos penales: el primero por un supuesto ilegal nombramiento cuando era ministro de Obras P\u00fablicas y, otro, por el caso gases lacrim\u00f3genos. (Ox\u00edgeno)<\/p>\n","protected":false},"excerpt":{"rendered":"<p>A trav\u00e9s de un comunicado, el Ministerio de Econom\u00eda aclar\u00f3 que, tras la decisi\u00f3n judicial, solo se retuvo 296 millones de bolivianos, lo que significa que el 99,8 % de los recursos del municipio pace\u00f1o se encuentra habilitado. \u201cEl 3 de junio de 2021, solo se encuentra retenido el monto instruido por el juez, en [&hellip;]<\/p>\n","protected":false},"author":1,"featured_media":0,"comment_status":"closed","ping_status":"closed","sticky":false,"template":"","format":"standard","meta":{"_acf_changed":false,"footnotes":""},"categories":[7],"tags":[],"class_list":["post-8204","post","type-post","status-publish","format-standard","category-economia"],"acf":{"antetitulo":""},"yoast_head":"<!-- This site is optimized with the Yoast SEO plugin v28.3 - https:\/\/yoast.com\/product\/yoast-seo-wordpress\/ -->\n<title>99,8 % de recursos de La Paz est\u00e1 habilitado - El Diario - Bolivia<\/title>\n<meta name=\"robots\" content=\"index, follow, max-snippet:-1, max-image-preview:large, max-video-preview:-1\" \/>\n<link rel=\"canonical\" href=\"https:\/\/www.eldiario.net\/portal\/2021\/06\/04\/998-de-recursos-de-la-paz-esta-habilitado\/\" \/>\n<meta property=\"og:locale\" content=\"es_ES\" \/>\n<meta property=\"og:type\" content=\"article\" \/>\n<meta property=\"og:title\" content=\"99,8 % de recursos de La Paz est\u00e1 habilitado - El Diario - Bolivia\" \/>\n<meta property=\"og:description\" content=\"A trav\u00e9s de un comunicado, el Ministerio de Econom\u00eda aclar\u00f3 que, tras la decisi\u00f3n judicial, solo se retuvo 296 millones de bolivianos, lo que significa que el 99,8 % de los recursos del municipio pace\u00f1o se encuentra habilitado. \u201cEl 3 de junio de 2021, solo se encuentra retenido el monto instruido por el juez, en [&hellip;]\" \/>\n<meta property=\"og:url\" content=\"https:\/\/www.eldiario.net\/portal\/2021\/06\/04\/998-de-recursos-de-la-paz-esta-habilitado\/\" \/>\n<meta property=\"og:site_name\" content=\"El Diario - Bolivia\" \/>\n<meta property=\"article:publisher\" content=\"https:\/\/www.facebook.com\/eldiario.bolivia\/\" \/>\n<meta property=\"article:published_time\" content=\"2021-06-04T10:14:08+00:00\" \/>\n<meta name=\"author\" content=\"Jeanette\" \/>\n<meta name=\"twitter:card\" content=\"summary_large_image\" \/>\n<meta name=\"twitter:creator\" content=\"@eldiario_net\" \/>\n<meta name=\"twitter:site\" content=\"@eldiario_net\" \/>\n<meta name=\"twitter:label1\" content=\"Escrito por\" \/>\n\t<meta name=\"twitter:data1\" content=\"Jeanette\" \/>\n\t<meta name=\"twitter:label2\" content=\"Tiempo de lectura\" \/>\n\t<meta name=\"twitter:data2\" content=\"2 minutos\" \/>\n<script type=\"application\/ld+json\" class=\"yoast-schema-graph\">{\"@context\":\"https:\\\/\\\/schema.org\",\"@graph\":[{\"@type\":\"Article\",\"@id\":\"https:\\\/\\\/www.eldiario.net\\\/portal\\\/2021\\\/06\\\/04\\\/998-de-recursos-de-la-paz-esta-habilitado\\\/#article\",\"isPartOf\":{\"@id\":\"https:\\\/\\\/www.eldiario.net\\\/portal\\\/2021\\\/06\\\/04\\\/998-de-recursos-de-la-paz-esta-habilitado\\\/\"},\"author\":{\"name\":\"Jeanette\",\"@id\":\"https:\\\/\\\/www.eldiario.net\\\/portal\\\/#\\\/schema\\\/person\\\/f46445640444750d7d753ccd04ae01b7\"},\"headline\":\"99,8 % de recursos de La Paz est\u00e1 habilitado\",\"datePublished\":\"2021-06-04T10:14:08+00:00\",\"mainEntityOfPage\":{\"@id\":\"https:\\\/\\\/www.eldiario.net\\\/portal\\\/2021\\\/06\\\/04\\\/998-de-recursos-de-la-paz-esta-habilitado\\\/\"},\"wordCount\":406,\"publisher\":{\"@id\":\"https:\\\/\\\/www.eldiario.net\\\/portal\\\/#organization\"},\"articleSection\":[\"Econom\u00eda\"],\"inLanguage\":\"es\"},{\"@type\":\"WebPage\",\"@id\":\"https:\\\/\\\/www.eldiario.net\\\/portal\\\/2021\\\/06\\\/04\\\/998-de-recursos-de-la-paz-esta-habilitado\\\/\",\"url\":\"https:\\\/\\\/www.eldiario.net\\\/portal\\\/2021\\\/06\\\/04\\\/998-de-recursos-de-la-paz-esta-habilitado\\\/\",\"name\":\"99,8 % de recursos de La Paz est\u00e1 habilitado - El Diario - Bolivia\",\"isPartOf\":{\"@id\":\"https:\\\/\\\/www.eldiario.net\\\/portal\\\/#website\"},\"datePublished\":\"2021-06-04T10:14:08+00:00\",\"breadcrumb\":{\"@id\":\"https:\\\/\\\/www.eldiario.net\\\/portal\\\/2021\\\/06\\\/04\\\/998-de-recursos-de-la-paz-esta-habilitado\\\/#breadcrumb\"},\"inLanguage\":\"es\",\"potentialAction\":[{\"@type\":\"ReadAction\",\"target\":[\"https:\\\/\\\/www.eldiario.net\\\/portal\\\/2021\\\/06\\\/04\\\/998-de-recursos-de-la-paz-esta-habilitado\\\/\"]}]},{\"@type\":\"BreadcrumbList\",\"@id\":\"https:\\\/\\\/www.eldiario.net\\\/portal\\\/2021\\\/06\\\/04\\\/998-de-recursos-de-la-paz-esta-habilitado\\\/#breadcrumb\",\"itemListElement\":[{\"@type\":\"ListItem\",\"position\":1,\"name\":\"Portada\",\"item\":\"https:\\\/\\\/www.eldiario.net\\\/portal\\\/\"},{\"@type\":\"ListItem\",\"position\":2,\"name\":\"99,8 % de recursos de La Paz est\u00e1 habilitado\"}]},{\"@type\":\"WebSite\",\"@id\":\"https:\\\/\\\/www.eldiario.net\\\/portal\\\/#website\",\"url\":\"https:\\\/\\\/www.eldiario.net\\\/portal\\\/\",\"name\":\"El Diario - Decano de la prensa nacional\",\"description\":\"El Diario - Decano de la prensa nacional\",\"publisher\":{\"@id\":\"https:\\\/\\\/www.eldiario.net\\\/portal\\\/#organization\"},\"potentialAction\":[{\"@type\":\"SearchAction\",\"target\":{\"@type\":\"EntryPoint\",\"urlTemplate\":\"https:\\\/\\\/www.eldiario.net\\\/portal\\\/?s={search_term_string}\"},\"query-input\":{\"@type\":\"PropertyValueSpecification\",\"valueRequired\":true,\"valueName\":\"search_term_string\"}}],\"inLanguage\":\"es\"},{\"@type\":\"Organization\",\"@id\":\"https:\\\/\\\/www.eldiario.net\\\/portal\\\/#organization\",\"name\":\"El Diario - Decano de la prensa nacional\",\"url\":\"https:\\\/\\\/www.eldiario.net\\\/portal\\\/\",\"logo\":{\"@type\":\"ImageObject\",\"inLanguage\":\"es\",\"@id\":\"https:\\\/\\\/www.eldiario.net\\\/portal\\\/#\\\/schema\\\/logo\\\/image\\\/\",\"url\":\"https:\\\/\\\/www.eldiario.net\\\/portal\\\/wp-content\\\/uploads\\\/2023\\\/07\\\/logo_ED.jpg\",\"contentUrl\":\"https:\\\/\\\/www.eldiario.net\\\/portal\\\/wp-content\\\/uploads\\\/2023\\\/07\\\/logo_ED.jpg\",\"width\":272,\"height\":52,\"caption\":\"El Diario - Decano de la prensa nacional\"},\"image\":{\"@id\":\"https:\\\/\\\/www.eldiario.net\\\/portal\\\/#\\\/schema\\\/logo\\\/image\\\/\"},\"sameAs\":[\"https:\\\/\\\/www.facebook.com\\\/eldiario.bolivia\\\/\",\"https:\\\/\\\/x.com\\\/eldiario_net\"]},{\"@type\":\"Person\",\"@id\":\"https:\\\/\\\/www.eldiario.net\\\/portal\\\/#\\\/schema\\\/person\\\/f46445640444750d7d753ccd04ae01b7\",\"name\":\"Jeanette\",\"image\":{\"@type\":\"ImageObject\",\"inLanguage\":\"es\",\"@id\":\"https:\\\/\\\/secure.gravatar.com\\\/avatar\\\/3ea2118a5f7dad2b7138b1187a6b7ee55f160b9968b66013c3a3ef39dd7e5798?s=96&d=mm&r=g\",\"url\":\"https:\\\/\\\/secure.gravatar.com\\\/avatar\\\/3ea2118a5f7dad2b7138b1187a6b7ee55f160b9968b66013c3a3ef39dd7e5798?s=96&d=mm&r=g\",\"contentUrl\":\"https:\\\/\\\/secure.gravatar.com\\\/avatar\\\/3ea2118a5f7dad2b7138b1187a6b7ee55f160b9968b66013c3a3ef39dd7e5798?s=96&d=mm&r=g\",\"caption\":\"Jeanette\"},\"sameAs\":[\"https:\\\/\\\/www.eldiario.net\\\/portal\"],\"url\":\"https:\\\/\\\/www.eldiario.net\\\/portal\\\/author\\\/jeanette\\\/\"}]}<\/script>\n<!-- \/ Yoast SEO plugin. -->","yoast_head_json":{"title":"99,8 % de recursos de La Paz est\u00e1 habilitado - El Diario - Bolivia","robots":{"index":"index","follow":"follow","max-snippet":"max-snippet:-1","max-image-preview":"max-image-preview:large","max-video-preview":"max-video-preview:-1"},"canonical":"https:\/\/www.eldiario.net\/portal\/2021\/06\/04\/998-de-recursos-de-la-paz-esta-habilitado\/","og_locale":"es_ES","og_type":"article","og_title":"99,8 % de recursos de La Paz est\u00e1 habilitado - El Diario - Bolivia","og_description":"A trav\u00e9s de un comunicado, el Ministerio de Econom\u00eda aclar\u00f3 que, tras la decisi\u00f3n judicial, solo se retuvo 296 millones de bolivianos, lo que significa que el 99,8 % de los recursos del municipio pace\u00f1o se encuentra habilitado. \u201cEl 3 de junio de 2021, solo se encuentra retenido el monto instruido por el juez, en [&hellip;]","og_url":"https:\/\/www.eldiario.net\/portal\/2021\/06\/04\/998-de-recursos-de-la-paz-esta-habilitado\/","og_site_name":"El Diario - Bolivia","article_publisher":"https:\/\/www.facebook.com\/eldiario.bolivia\/","article_published_time":"2021-06-04T10:14:08+00:00","author":"Jeanette","twitter_card":"summary_large_image","twitter_creator":"@eldiario_net","twitter_site":"@eldiario_net","twitter_misc":{"Escrito por":"Jeanette","Tiempo de lectura":"2 minutos"},"schema":{"@context":"https:\/\/schema.org","@graph":[{"@type":"Article","@id":"https:\/\/www.eldiario.net\/portal\/2021\/06\/04\/998-de-recursos-de-la-paz-esta-habilitado\/#article","isPartOf":{"@id":"https:\/\/www.eldiario.net\/portal\/2021\/06\/04\/998-de-recursos-de-la-paz-esta-habilitado\/"},"author":{"name":"Jeanette","@id":"https:\/\/www.eldiario.net\/portal\/#\/schema\/person\/f46445640444750d7d753ccd04ae01b7"},"headline":"99,8 % de recursos de La Paz est\u00e1 habilitado","datePublished":"2021-06-04T10:14:08+00:00","mainEntityOfPage":{"@id":"https:\/\/www.eldiario.net\/portal\/2021\/06\/04\/998-de-recursos-de-la-paz-esta-habilitado\/"},"wordCount":406,"publisher":{"@id":"https:\/\/www.eldiario.net\/portal\/#organization"},"articleSection":["Econom\u00eda"],"inLanguage":"es"},{"@type":"WebPage","@id":"https:\/\/www.eldiario.net\/portal\/2021\/06\/04\/998-de-recursos-de-la-paz-esta-habilitado\/","url":"https:\/\/www.eldiario.net\/portal\/2021\/06\/04\/998-de-recursos-de-la-paz-esta-habilitado\/","name":"99,8 % de recursos de La Paz est\u00e1 habilitado - El Diario - Bolivia","isPartOf":{"@id":"https:\/\/www.eldiario.net\/portal\/#website"},"datePublished":"2021-06-04T10:14:08+00:00","breadcrumb":{"@id":"https:\/\/www.eldiario.net\/portal\/2021\/06\/04\/998-de-recursos-de-la-paz-esta-habilitado\/#breadcrumb"},"inLanguage":"es","potentialAction":[{"@type":"ReadAction","target":["https:\/\/www.eldiario.net\/portal\/2021\/06\/04\/998-de-recursos-de-la-paz-esta-habilitado\/"]}]},{"@type":"BreadcrumbList","@id":"https:\/\/www.eldiario.net\/portal\/2021\/06\/04\/998-de-recursos-de-la-paz-esta-habilitado\/#breadcrumb","itemListElement":[{"@type":"ListItem","position":1,"name":"Portada","item":"https:\/\/www.eldiario.net\/portal\/"},{"@type":"ListItem","position":2,"name":"99,8 % de recursos de La Paz est\u00e1 habilitado"}]},{"@type":"WebSite","@id":"https:\/\/www.eldiario.net\/portal\/#website","url":"https:\/\/www.eldiario.net\/portal\/","name":"El Diario - Decano de la prensa nacional","description":"El Diario - Decano de la prensa nacional","publisher":{"@id":"https:\/\/www.eldiario.net\/portal\/#organization"},"potentialAction":[{"@type":"SearchAction","target":{"@type":"EntryPoint","urlTemplate":"https:\/\/www.eldiario.net\/portal\/?s={search_term_string}"},"query-input":{"@type":"PropertyValueSpecification","valueRequired":true,"valueName":"search_term_string"}}],"inLanguage":"es"},{"@type":"Organization","@id":"https:\/\/www.eldiario.net\/portal\/#organization","name":"El Diario - Decano de la prensa nacional","url":"https:\/\/www.eldiario.net\/portal\/","logo":{"@type":"ImageObject","inLanguage":"es","@id":"https:\/\/www.eldiario.net\/portal\/#\/schema\/logo\/image\/","url":"https:\/\/www.eldiario.net\/portal\/wp-content\/uploads\/2023\/07\/logo_ED.jpg","contentUrl":"https:\/\/www.eldiario.net\/portal\/wp-content\/uploads\/2023\/07\/logo_ED.jpg","width":272,"height":52,"caption":"El Diario - Decano de la prensa nacional"},"image":{"@id":"https:\/\/www.eldiario.net\/portal\/#\/schema\/logo\/image\/"},"sameAs":["https:\/\/www.facebook.com\/eldiario.bolivia\/","https:\/\/x.com\/eldiario_net"]},{"@type":"Person","@id":"https:\/\/www.eldiario.net\/portal\/#\/schema\/person\/f46445640444750d7d753ccd04ae01b7","name":"Jeanette","image":{"@type":"ImageObject","inLanguage":"es","@id":"https:\/\/secure.gravatar.com\/avatar\/3ea2118a5f7dad2b7138b1187a6b7ee55f160b9968b66013c3a3ef39dd7e5798?s=96&d=mm&r=g","url":"https:\/\/secure.gravatar.com\/avatar\/3ea2118a5f7dad2b7138b1187a6b7ee55f160b9968b66013c3a3ef39dd7e5798?s=96&d=mm&r=g","contentUrl":"https:\/\/secure.gravatar.com\/avatar\/3ea2118a5f7dad2b7138b1187a6b7ee55f160b9968b66013c3a3ef39dd7e5798?s=96&d=mm&r=g","caption":"Jeanette"},"sameAs":["https:\/\/www.eldiario.net\/portal"],"url":"https:\/\/www.eldiario.net\/portal\/author\/jeanette\/"}]}},"_links":{"self":[{"href":"https:\/\/www.eldiario.net\/portal\/wp-json\/wp\/v2\/posts\/8204","targetHints":{"allow":["GET"]}}],"collection":[{"href":"https:\/\/www.eldiario.net\/portal\/wp-json\/wp\/v2\/posts"}],"about":[{"href":"https:\/\/www.eldiario.net\/portal\/wp-json\/wp\/v2\/types\/post"}],"author":[{"embeddable":true,"href":"https:\/\/www.eldiario.net\/portal\/wp-json\/wp\/v2\/users\/1"}],"replies":[{"embeddable":true,"href":"https:\/\/www.eldiario.net\/portal\/wp-json\/wp\/v2\/comments?post=8204"}],"version-history":[{"count":0,"href":"https:\/\/www.eldiario.net\/portal\/wp-json\/wp\/v2\/posts\/8204\/revisions"}],"wp:attachment":[{"href":"https:\/\/www.eldiario.net\/portal\/wp-json\/wp\/v2\/media?parent=8204"}],"wp:term":[{"taxonomy":"category","embeddable":true,"href":"https:\/\/www.eldiario.net\/portal\/wp-json\/wp\/v2\/categories?post=8204"},{"taxonomy":"post_tag","embeddable":true,"href":"https:\/\/www.eldiario.net\/portal\/wp-json\/wp\/v2\/tags?post=8204"}],"curies":[{"name":"wp","href":"https:\/\/api.w.org\/{rel}","templated":true}]}}