{"id":8194,"date":"2021-06-04T06:00:34","date_gmt":"2021-06-04T10:00:34","guid":{"rendered":"https:\/\/www.eldiario.net\/portal\/?p=8194"},"modified":"2021-06-04T06:00:34","modified_gmt":"2021-06-04T10:00:34","slug":"alerta-de-la-sip-por-acoso-gubernamental-contra-libertad-de-expresion-en-nicaragua","status":"publish","type":"post","link":"https:\/\/www.eldiario.net\/portal\/2021\/06\/04\/alerta-de-la-sip-por-acoso-gubernamental-contra-libertad-de-expresion-en-nicaragua\/","title":{"rendered":"Alerta de la SIP por acoso gubernamental  contra libertad de expresi\u00f3n en Nicaragua"},"content":{"rendered":"<p class=\"v1MsoNormal\">Miami.- En una nueva escalada de violencia estatal contra los periodistas independientes y contra Cristiana Chamorro, exdirectora ejecutiva de la Fundacion Violeta Barrios de Chamorro (FVBCH) y precandidata a las elecciones presidenciales de Nicaragua, las autoridades de la Sociedad Interamericana de Prensa (SIP) instaron el mi\u00e9rcoles al presidente Daniel Ortega a \u00abterminar con el acoso y acorralamiento de las voces cr\u00edticas\u00bb.<\/p>\n<p class=\"v1MsoNormal\">Jorge Canahuati, presidente de la SIP, y Carlos Jornet, presidente de la Comisi\u00f3n de Libertad de Prensa e Informaci\u00f3n, adelantaron que la instituci\u00f3n se mantiene en estado de alerta ante la \u00abviolencia gubernamental y la ausencia de debido proceso judicial, armas que el r\u00e9gimen utiliza para seguir erosionando la democracia, cortando la libertad de expresi\u00f3n y silenciando al periodismo y las voces independientes. El proceso contra la experiodista Chamorro es claramente una forma de coartar la libertad pol\u00edtica y de expresi\u00f3n frente a las elecciones de noviembre pr\u00f3ximo\u00bb.<\/p>\n<p class=\"v1MsoNormal\">Polic\u00edas antimotines irrumpieron el mi\u00e9rcoles pasado en la residencia de Chamorro, luego de que una jueza ordenara su captura y prisi\u00f3n preventiva. Chamorro fue acusada por la Fiscal\u00eda \u00abpor los delitos de gesti\u00f3n abusiva y falsedad ideol\u00f3gica, ambos en concurso real con lavado de dinero, bienes y activos\u00bb al frente de la Fundaci\u00f3n, seg\u00fan medios locales y agencias de prensa.<\/p>\n<p class=\"v1MsoNormal\">Chamorro fue detenida, confirm\u00f3 en Twitter su hermano, el periodista Carlos Fernando Chamorro, cuyo estudio de grabaci\u00f3n de los programas de televisi\u00f3n Esta Semana y Esta Noche y la redacci\u00f3n del medio digital Confidencial fueron allanados por la polic\u00eda el 20 de mayo.<\/p>\n<p class=\"v1MsoNormal\">A principios de esta semana, la polic\u00eda arrest\u00f3 a Walter G\u00f3mez y Marcos Fletes, agente financiero y contador de la FVBCH, respectivamente, quienes permanecen incomunicados. La Fiscal\u00eda tambi\u00e9n solicit\u00f3 la retenci\u00f3n migratoria para la periodista Mar\u00eda Lilly Delgado y otros dos extrabajadores de la fundaci\u00f3n. M\u00e1s de 20 periodistas fueron citados y entrevistados por el Ministerio P\u00fablico que investiga a Chamorro.<\/p>\n<p class=\"v1MsoNormal\">\u00abLa falta de independencia judicial en Nicaragua permite al gobierno mantener un alto nivel de persecuci\u00f3n contra Chamorro y los periodistas independientes\u00bb, coincidieron en expresar Canahuati, de Grupo Opsa, de Honduras, y Jornet, del diario La Voz del Interior, de Argentina. \u00abNo existen garant\u00edas ni debido proceso en el pa\u00eds, por lo que tememos que todav\u00eda no hayamos visto lo peor de este r\u00e9gimen\u00bb, acot\u00f3.<\/p>\n<p class=\"v1MsoNormal\">La FVBCH suspendi\u00f3 sus operaciones en febrero, tras negarse a seguir operando bajo el control de ley de Regulaci\u00f3n de Agentes Extranjeros, que exige a las organizaciones sin fines de lucro inscribirse como \u00abagente extranjero\u00bb y declarar las donaciones que reciben.<\/p>\n<p class=\"v1MsoNormal\">La SIP es una organizaci\u00f3n sin fines de lucro dedicada a la defensa y promoci\u00f3n de la libertad de prensa y de expresi\u00f3n en las Am\u00e9ricas. Est\u00e1 compuesta por m\u00e1s de 1.300 publicaciones del hemisferio occidental; y tiene sede en Miami, Florida, Estados Unidos.<\/p>\n","protected":false},"excerpt":{"rendered":"<p>Miami.- En una nueva escalada de violencia estatal contra los periodistas independientes y contra Cristiana Chamorro, exdirectora ejecutiva de la Fundacion Violeta Barrios de Chamorro (FVBCH) y precandidata a las elecciones presidenciales de Nicaragua, las autoridades de la Sociedad Interamericana de Prensa (SIP) instaron el mi\u00e9rcoles al presidente Daniel Ortega a \u00abterminar con el acoso [&hellip;]<\/p>\n","protected":false},"author":1,"featured_media":8195,"comment_status":"closed","ping_status":"closed","sticky":false,"template":"","format":"standard","meta":{"_acf_changed":false,"footnotes":""},"categories":[3],"tags":[],"class_list":["post-8194","post","type-post","status-publish","format-standard","has-post-thumbnail","category-internacional"],"acf":{"antetitulo":""},"yoast_head":"<!-- This site is optimized with the Yoast SEO plugin v28.3 - https:\/\/yoast.com\/product\/yoast-seo-wordpress\/ -->\n<title>Alerta de la SIP por acoso gubernamental contra libertad de expresi\u00f3n en Nicaragua - El Diario - Bolivia<\/title>\n<meta name=\"robots\" content=\"index, follow, max-snippet:-1, max-image-preview:large, max-video-preview:-1\" \/>\n<link rel=\"canonical\" href=\"https:\/\/www.eldiario.net\/portal\/2021\/06\/04\/alerta-de-la-sip-por-acoso-gubernamental-contra-libertad-de-expresion-en-nicaragua\/\" \/>\n<meta property=\"og:locale\" content=\"es_ES\" \/>\n<meta property=\"og:type\" content=\"article\" \/>\n<meta property=\"og:title\" content=\"Alerta de la SIP por acoso gubernamental contra libertad de expresi\u00f3n en Nicaragua - El Diario - Bolivia\" \/>\n<meta property=\"og:description\" content=\"Miami.- En una nueva escalada de violencia estatal contra los periodistas independientes y contra Cristiana Chamorro, exdirectora ejecutiva de la Fundacion Violeta Barrios de Chamorro (FVBCH) y precandidata a las elecciones presidenciales de Nicaragua, las autoridades de la Sociedad Interamericana de Prensa (SIP) instaron el mi\u00e9rcoles al presidente Daniel Ortega a \u00abterminar con el acoso [&hellip;]\" \/>\n<meta property=\"og:url\" content=\"https:\/\/www.eldiario.net\/portal\/2021\/06\/04\/alerta-de-la-sip-por-acoso-gubernamental-contra-libertad-de-expresion-en-nicaragua\/\" \/>\n<meta property=\"og:site_name\" content=\"El Diario - Bolivia\" \/>\n<meta property=\"article:publisher\" content=\"https:\/\/www.facebook.com\/eldiario.bolivia\/\" \/>\n<meta property=\"article:published_time\" content=\"2021-06-04T10:00:34+00:00\" \/>\n<meta name=\"author\" content=\"Jeanette\" \/>\n<meta name=\"twitter:card\" content=\"summary_large_image\" \/>\n<meta name=\"twitter:creator\" content=\"@eldiario_net\" \/>\n<meta name=\"twitter:site\" content=\"@eldiario_net\" \/>\n<meta name=\"twitter:label1\" content=\"Escrito por\" \/>\n\t<meta name=\"twitter:data1\" content=\"Jeanette\" \/>\n\t<meta name=\"twitter:label2\" content=\"Tiempo de lectura\" \/>\n\t<meta name=\"twitter:data2\" content=\"3 minutos\" \/>\n<script type=\"application\/ld+json\" class=\"yoast-schema-graph\">{\"@context\":\"https:\\\/\\\/schema.org\",\"@graph\":[{\"@type\":\"Article\",\"@id\":\"https:\\\/\\\/www.eldiario.net\\\/portal\\\/2021\\\/06\\\/04\\\/alerta-de-la-sip-por-acoso-gubernamental-contra-libertad-de-expresion-en-nicaragua\\\/#article\",\"isPartOf\":{\"@id\":\"https:\\\/\\\/www.eldiario.net\\\/portal\\\/2021\\\/06\\\/04\\\/alerta-de-la-sip-por-acoso-gubernamental-contra-libertad-de-expresion-en-nicaragua\\\/\"},\"author\":{\"name\":\"Jeanette\",\"@id\":\"https:\\\/\\\/www.eldiario.net\\\/portal\\\/#\\\/schema\\\/person\\\/f46445640444750d7d753ccd04ae01b7\"},\"headline\":\"Alerta de la SIP por acoso gubernamental contra libertad de expresi\u00f3n en Nicaragua\",\"datePublished\":\"2021-06-04T10:00:34+00:00\",\"mainEntityOfPage\":{\"@id\":\"https:\\\/\\\/www.eldiario.net\\\/portal\\\/2021\\\/06\\\/04\\\/alerta-de-la-sip-por-acoso-gubernamental-contra-libertad-de-expresion-en-nicaragua\\\/\"},\"wordCount\":517,\"publisher\":{\"@id\":\"https:\\\/\\\/www.eldiario.net\\\/portal\\\/#organization\"},\"image\":{\"@id\":\"https:\\\/\\\/www.eldiario.net\\\/portal\\\/2021\\\/06\\\/04\\\/alerta-de-la-sip-por-acoso-gubernamental-contra-libertad-de-expresion-en-nicaragua\\\/#primaryimage\"},\"thumbnailUrl\":\"\",\"articleSection\":[\"Internacional\"],\"inLanguage\":\"es\"},{\"@type\":\"WebPage\",\"@id\":\"https:\\\/\\\/www.eldiario.net\\\/portal\\\/2021\\\/06\\\/04\\\/alerta-de-la-sip-por-acoso-gubernamental-contra-libertad-de-expresion-en-nicaragua\\\/\",\"url\":\"https:\\\/\\\/www.eldiario.net\\\/portal\\\/2021\\\/06\\\/04\\\/alerta-de-la-sip-por-acoso-gubernamental-contra-libertad-de-expresion-en-nicaragua\\\/\",\"name\":\"Alerta de la SIP por acoso gubernamental contra libertad de expresi\u00f3n en Nicaragua - El Diario - Bolivia\",\"isPartOf\":{\"@id\":\"https:\\\/\\\/www.eldiario.net\\\/portal\\\/#website\"},\"primaryImageOfPage\":{\"@id\":\"https:\\\/\\\/www.eldiario.net\\\/portal\\\/2021\\\/06\\\/04\\\/alerta-de-la-sip-por-acoso-gubernamental-contra-libertad-de-expresion-en-nicaragua\\\/#primaryimage\"},\"image\":{\"@id\":\"https:\\\/\\\/www.eldiario.net\\\/portal\\\/2021\\\/06\\\/04\\\/alerta-de-la-sip-por-acoso-gubernamental-contra-libertad-de-expresion-en-nicaragua\\\/#primaryimage\"},\"thumbnailUrl\":\"\",\"datePublished\":\"2021-06-04T10:00:34+00:00\",\"breadcrumb\":{\"@id\":\"https:\\\/\\\/www.eldiario.net\\\/portal\\\/2021\\\/06\\\/04\\\/alerta-de-la-sip-por-acoso-gubernamental-contra-libertad-de-expresion-en-nicaragua\\\/#breadcrumb\"},\"inLanguage\":\"es\",\"potentialAction\":[{\"@type\":\"ReadAction\",\"target\":[\"https:\\\/\\\/www.eldiario.net\\\/portal\\\/2021\\\/06\\\/04\\\/alerta-de-la-sip-por-acoso-gubernamental-contra-libertad-de-expresion-en-nicaragua\\\/\"]}]},{\"@type\":\"ImageObject\",\"inLanguage\":\"es\",\"@id\":\"https:\\\/\\\/www.eldiario.net\\\/portal\\\/2021\\\/06\\\/04\\\/alerta-de-la-sip-por-acoso-gubernamental-contra-libertad-de-expresion-en-nicaragua\\\/#primaryimage\",\"url\":\"\",\"contentUrl\":\"\"},{\"@type\":\"BreadcrumbList\",\"@id\":\"https:\\\/\\\/www.eldiario.net\\\/portal\\\/2021\\\/06\\\/04\\\/alerta-de-la-sip-por-acoso-gubernamental-contra-libertad-de-expresion-en-nicaragua\\\/#breadcrumb\",\"itemListElement\":[{\"@type\":\"ListItem\",\"position\":1,\"name\":\"Portada\",\"item\":\"https:\\\/\\\/www.eldiario.net\\\/portal\\\/\"},{\"@type\":\"ListItem\",\"position\":2,\"name\":\"Alerta de la SIP por acoso gubernamental contra libertad de expresi\u00f3n en Nicaragua\"}]},{\"@type\":\"WebSite\",\"@id\":\"https:\\\/\\\/www.eldiario.net\\\/portal\\\/#website\",\"url\":\"https:\\\/\\\/www.eldiario.net\\\/portal\\\/\",\"name\":\"El Diario - Decano de la prensa nacional\",\"description\":\"El Diario - Decano de la prensa nacional\",\"publisher\":{\"@id\":\"https:\\\/\\\/www.eldiario.net\\\/portal\\\/#organization\"},\"potentialAction\":[{\"@type\":\"SearchAction\",\"target\":{\"@type\":\"EntryPoint\",\"urlTemplate\":\"https:\\\/\\\/www.eldiario.net\\\/portal\\\/?s={search_term_string}\"},\"query-input\":{\"@type\":\"PropertyValueSpecification\",\"valueRequired\":true,\"valueName\":\"search_term_string\"}}],\"inLanguage\":\"es\"},{\"@type\":\"Organization\",\"@id\":\"https:\\\/\\\/www.eldiario.net\\\/portal\\\/#organization\",\"name\":\"El Diario - Decano de la prensa nacional\",\"url\":\"https:\\\/\\\/www.eldiario.net\\\/portal\\\/\",\"logo\":{\"@type\":\"ImageObject\",\"inLanguage\":\"es\",\"@id\":\"https:\\\/\\\/www.eldiario.net\\\/portal\\\/#\\\/schema\\\/logo\\\/image\\\/\",\"url\":\"https:\\\/\\\/www.eldiario.net\\\/portal\\\/wp-content\\\/uploads\\\/2023\\\/07\\\/logo_ED.jpg\",\"contentUrl\":\"https:\\\/\\\/www.eldiario.net\\\/portal\\\/wp-content\\\/uploads\\\/2023\\\/07\\\/logo_ED.jpg\",\"width\":272,\"height\":52,\"caption\":\"El Diario - Decano de la prensa nacional\"},\"image\":{\"@id\":\"https:\\\/\\\/www.eldiario.net\\\/portal\\\/#\\\/schema\\\/logo\\\/image\\\/\"},\"sameAs\":[\"https:\\\/\\\/www.facebook.com\\\/eldiario.bolivia\\\/\",\"https:\\\/\\\/x.com\\\/eldiario_net\"]},{\"@type\":\"Person\",\"@id\":\"https:\\\/\\\/www.eldiario.net\\\/portal\\\/#\\\/schema\\\/person\\\/f46445640444750d7d753ccd04ae01b7\",\"name\":\"Jeanette\",\"image\":{\"@type\":\"ImageObject\",\"inLanguage\":\"es\",\"@id\":\"https:\\\/\\\/secure.gravatar.com\\\/avatar\\\/3ea2118a5f7dad2b7138b1187a6b7ee55f160b9968b66013c3a3ef39dd7e5798?s=96&d=mm&r=g\",\"url\":\"https:\\\/\\\/secure.gravatar.com\\\/avatar\\\/3ea2118a5f7dad2b7138b1187a6b7ee55f160b9968b66013c3a3ef39dd7e5798?s=96&d=mm&r=g\",\"contentUrl\":\"https:\\\/\\\/secure.gravatar.com\\\/avatar\\\/3ea2118a5f7dad2b7138b1187a6b7ee55f160b9968b66013c3a3ef39dd7e5798?s=96&d=mm&r=g\",\"caption\":\"Jeanette\"},\"sameAs\":[\"https:\\\/\\\/www.eldiario.net\\\/portal\"],\"url\":\"https:\\\/\\\/www.eldiario.net\\\/portal\\\/author\\\/jeanette\\\/\"}]}<\/script>\n<!-- \/ Yoast SEO plugin. -->","yoast_head_json":{"title":"Alerta de la SIP por acoso gubernamental contra libertad de expresi\u00f3n en Nicaragua - El Diario - Bolivia","robots":{"index":"index","follow":"follow","max-snippet":"max-snippet:-1","max-image-preview":"max-image-preview:large","max-video-preview":"max-video-preview:-1"},"canonical":"https:\/\/www.eldiario.net\/portal\/2021\/06\/04\/alerta-de-la-sip-por-acoso-gubernamental-contra-libertad-de-expresion-en-nicaragua\/","og_locale":"es_ES","og_type":"article","og_title":"Alerta de la SIP por acoso gubernamental contra libertad de expresi\u00f3n en Nicaragua - El Diario - Bolivia","og_description":"Miami.- En una nueva escalada de violencia estatal contra los periodistas independientes y contra Cristiana Chamorro, exdirectora ejecutiva de la Fundacion Violeta Barrios de Chamorro (FVBCH) y precandidata a las elecciones presidenciales de Nicaragua, las autoridades de la Sociedad Interamericana de Prensa (SIP) instaron el mi\u00e9rcoles al presidente Daniel Ortega a \u00abterminar con el acoso [&hellip;]","og_url":"https:\/\/www.eldiario.net\/portal\/2021\/06\/04\/alerta-de-la-sip-por-acoso-gubernamental-contra-libertad-de-expresion-en-nicaragua\/","og_site_name":"El Diario - Bolivia","article_publisher":"https:\/\/www.facebook.com\/eldiario.bolivia\/","article_published_time":"2021-06-04T10:00:34+00:00","author":"Jeanette","twitter_card":"summary_large_image","twitter_creator":"@eldiario_net","twitter_site":"@eldiario_net","twitter_misc":{"Escrito por":"Jeanette","Tiempo de lectura":"3 minutos"},"schema":{"@context":"https:\/\/schema.org","@graph":[{"@type":"Article","@id":"https:\/\/www.eldiario.net\/portal\/2021\/06\/04\/alerta-de-la-sip-por-acoso-gubernamental-contra-libertad-de-expresion-en-nicaragua\/#article","isPartOf":{"@id":"https:\/\/www.eldiario.net\/portal\/2021\/06\/04\/alerta-de-la-sip-por-acoso-gubernamental-contra-libertad-de-expresion-en-nicaragua\/"},"author":{"name":"Jeanette","@id":"https:\/\/www.eldiario.net\/portal\/#\/schema\/person\/f46445640444750d7d753ccd04ae01b7"},"headline":"Alerta de la SIP por acoso gubernamental contra libertad de expresi\u00f3n en Nicaragua","datePublished":"2021-06-04T10:00:34+00:00","mainEntityOfPage":{"@id":"https:\/\/www.eldiario.net\/portal\/2021\/06\/04\/alerta-de-la-sip-por-acoso-gubernamental-contra-libertad-de-expresion-en-nicaragua\/"},"wordCount":517,"publisher":{"@id":"https:\/\/www.eldiario.net\/portal\/#organization"},"image":{"@id":"https:\/\/www.eldiario.net\/portal\/2021\/06\/04\/alerta-de-la-sip-por-acoso-gubernamental-contra-libertad-de-expresion-en-nicaragua\/#primaryimage"},"thumbnailUrl":"","articleSection":["Internacional"],"inLanguage":"es"},{"@type":"WebPage","@id":"https:\/\/www.eldiario.net\/portal\/2021\/06\/04\/alerta-de-la-sip-por-acoso-gubernamental-contra-libertad-de-expresion-en-nicaragua\/","url":"https:\/\/www.eldiario.net\/portal\/2021\/06\/04\/alerta-de-la-sip-por-acoso-gubernamental-contra-libertad-de-expresion-en-nicaragua\/","name":"Alerta de la SIP por acoso gubernamental contra libertad de expresi\u00f3n en Nicaragua - El Diario - Bolivia","isPartOf":{"@id":"https:\/\/www.eldiario.net\/portal\/#website"},"primaryImageOfPage":{"@id":"https:\/\/www.eldiario.net\/portal\/2021\/06\/04\/alerta-de-la-sip-por-acoso-gubernamental-contra-libertad-de-expresion-en-nicaragua\/#primaryimage"},"image":{"@id":"https:\/\/www.eldiario.net\/portal\/2021\/06\/04\/alerta-de-la-sip-por-acoso-gubernamental-contra-libertad-de-expresion-en-nicaragua\/#primaryimage"},"thumbnailUrl":"","datePublished":"2021-06-04T10:00:34+00:00","breadcrumb":{"@id":"https:\/\/www.eldiario.net\/portal\/2021\/06\/04\/alerta-de-la-sip-por-acoso-gubernamental-contra-libertad-de-expresion-en-nicaragua\/#breadcrumb"},"inLanguage":"es","potentialAction":[{"@type":"ReadAction","target":["https:\/\/www.eldiario.net\/portal\/2021\/06\/04\/alerta-de-la-sip-por-acoso-gubernamental-contra-libertad-de-expresion-en-nicaragua\/"]}]},{"@type":"ImageObject","inLanguage":"es","@id":"https:\/\/www.eldiario.net\/portal\/2021\/06\/04\/alerta-de-la-sip-por-acoso-gubernamental-contra-libertad-de-expresion-en-nicaragua\/#primaryimage","url":"","contentUrl":""},{"@type":"BreadcrumbList","@id":"https:\/\/www.eldiario.net\/portal\/2021\/06\/04\/alerta-de-la-sip-por-acoso-gubernamental-contra-libertad-de-expresion-en-nicaragua\/#breadcrumb","itemListElement":[{"@type":"ListItem","position":1,"name":"Portada","item":"https:\/\/www.eldiario.net\/portal\/"},{"@type":"ListItem","position":2,"name":"Alerta de la SIP por acoso gubernamental contra libertad de expresi\u00f3n en Nicaragua"}]},{"@type":"WebSite","@id":"https:\/\/www.eldiario.net\/portal\/#website","url":"https:\/\/www.eldiario.net\/portal\/","name":"El Diario - Decano de la prensa nacional","description":"El Diario - Decano de la prensa nacional","publisher":{"@id":"https:\/\/www.eldiario.net\/portal\/#organization"},"potentialAction":[{"@type":"SearchAction","target":{"@type":"EntryPoint","urlTemplate":"https:\/\/www.eldiario.net\/portal\/?s={search_term_string}"},"query-input":{"@type":"PropertyValueSpecification","valueRequired":true,"valueName":"search_term_string"}}],"inLanguage":"es"},{"@type":"Organization","@id":"https:\/\/www.eldiario.net\/portal\/#organization","name":"El Diario - Decano de la prensa nacional","url":"https:\/\/www.eldiario.net\/portal\/","logo":{"@type":"ImageObject","inLanguage":"es","@id":"https:\/\/www.eldiario.net\/portal\/#\/schema\/logo\/image\/","url":"https:\/\/www.eldiario.net\/portal\/wp-content\/uploads\/2023\/07\/logo_ED.jpg","contentUrl":"https:\/\/www.eldiario.net\/portal\/wp-content\/uploads\/2023\/07\/logo_ED.jpg","width":272,"height":52,"caption":"El Diario - Decano de la prensa nacional"},"image":{"@id":"https:\/\/www.eldiario.net\/portal\/#\/schema\/logo\/image\/"},"sameAs":["https:\/\/www.facebook.com\/eldiario.bolivia\/","https:\/\/x.com\/eldiario_net"]},{"@type":"Person","@id":"https:\/\/www.eldiario.net\/portal\/#\/schema\/person\/f46445640444750d7d753ccd04ae01b7","name":"Jeanette","image":{"@type":"ImageObject","inLanguage":"es","@id":"https:\/\/secure.gravatar.com\/avatar\/3ea2118a5f7dad2b7138b1187a6b7ee55f160b9968b66013c3a3ef39dd7e5798?s=96&d=mm&r=g","url":"https:\/\/secure.gravatar.com\/avatar\/3ea2118a5f7dad2b7138b1187a6b7ee55f160b9968b66013c3a3ef39dd7e5798?s=96&d=mm&r=g","contentUrl":"https:\/\/secure.gravatar.com\/avatar\/3ea2118a5f7dad2b7138b1187a6b7ee55f160b9968b66013c3a3ef39dd7e5798?s=96&d=mm&r=g","caption":"Jeanette"},"sameAs":["https:\/\/www.eldiario.net\/portal"],"url":"https:\/\/www.eldiario.net\/portal\/author\/jeanette\/"}]}},"_links":{"self":[{"href":"https:\/\/www.eldiario.net\/portal\/wp-json\/wp\/v2\/posts\/8194","targetHints":{"allow":["GET"]}}],"collection":[{"href":"https:\/\/www.eldiario.net\/portal\/wp-json\/wp\/v2\/posts"}],"about":[{"href":"https:\/\/www.eldiario.net\/portal\/wp-json\/wp\/v2\/types\/post"}],"author":[{"embeddable":true,"href":"https:\/\/www.eldiario.net\/portal\/wp-json\/wp\/v2\/users\/1"}],"replies":[{"embeddable":true,"href":"https:\/\/www.eldiario.net\/portal\/wp-json\/wp\/v2\/comments?post=8194"}],"version-history":[{"count":0,"href":"https:\/\/www.eldiario.net\/portal\/wp-json\/wp\/v2\/posts\/8194\/revisions"}],"wp:attachment":[{"href":"https:\/\/www.eldiario.net\/portal\/wp-json\/wp\/v2\/media?parent=8194"}],"wp:term":[{"taxonomy":"category","embeddable":true,"href":"https:\/\/www.eldiario.net\/portal\/wp-json\/wp\/v2\/categories?post=8194"},{"taxonomy":"post_tag","embeddable":true,"href":"https:\/\/www.eldiario.net\/portal\/wp-json\/wp\/v2\/tags?post=8194"}],"curies":[{"name":"wp","href":"https:\/\/api.w.org\/{rel}","templated":true}]}}