{"id":8189,"date":"2021-06-04T05:59:03","date_gmt":"2021-06-04T09:59:03","guid":{"rendered":"https:\/\/www.eldiario.net\/portal\/?p=8189"},"modified":"2021-06-04T05:59:03","modified_gmt":"2021-06-04T09:59:03","slug":"alejandro-delius","status":"publish","type":"post","link":"https:\/\/www.eldiario.net\/portal\/2021\/06\/04\/alejandro-delius\/","title":{"rendered":"Alejandro Delius"},"content":{"rendered":"<p>El invitado de lujo en Cvltvral hoy es un m\u00fasico muy talentoso, dedicado, profesional y, sin duda, uno de los grandes rock stars bolivianos del \u00faltimo tiempo. Con una carrera que inici\u00f3 en los lejanos 90 junto a diferentes proyectos, este tiempo marc\u00f3 el comienzo de una vida dedicada a la m\u00fasica que deriv\u00f3 en la formaci\u00f3n del grupo Quirqui\u00f1a, uno de los que mayor admiraci\u00f3n de sus fans han tenido, sin duda. Ante el inminente regreso de los quirqui\u00f1os, Ale nos cuenta un poco de su actualidad y proyectos venideros. Sean todos bienvenidos al show.<\/p>\n<p><strong>Mucha gente, sobre todo por estos lares, se pregunta \u00bfQu\u00e9 ha sido de Alejandro Delius todo este tiempo?<\/strong><br \/>\nSi nos referimos a \u201ceste tiempo\u00bb como el a\u00f1o de pandemia y cuarentenas, t\u00e9cnicamente hice lo mismo que todos; quedarme en casa. Si la idea es reflexionar sobre mi ausencia en la far\u00e1ndula, debo reconocer que no me siento c\u00f3modo con aparecer en toda entrevista o evento por zoom que se cruza por el frente. Este tiempo de silencio medi\u00e1tico me ha servido mucho para profundizar en otros aspectos fundamentales de mi vida. Para la gente que me sigue, no hubo tal ausencia pues en mis redes sociales estoy expresando pensamientos y compartiendo arte de forma constante. En el plano laboral me he dedicado casi por completo a dar clases virtuales de canto y no puedo quejarme al respecto bajo ninguna circunstancia pues es un enorme gusto ense\u00f1ar canto profesional a gente de todas partes.<\/p>\n<p><strong>Tuviste un p\u00e1rate musical pre-pandemia y se ha sabido poco de ti \u00bfEstabas cargando energ\u00edas musicales para tus nuevos proyectos?<\/strong><br \/>\nNo soy de las personas que corren desesperadas a cualquier invitaci\u00f3n para \u201cfiguretear\u201d sin trascendencia, mis seguidores saben que estoy siempre activo con mi m\u00fasica y mis proyectos.<\/p>\n<p><strong>Ya hablando sobre ti como artista, \u00bfcu\u00e1les son tus mayores influencias musicales?<\/strong><br \/>\nEn una edad temprana los cl\u00e1sicos como Tchaicovsky, Bach, Mozart, Beethoven y tambi\u00e9n lo mejor del pop latino, la m\u00fasica disco y el rock de los 70 y 80. En mi adolescencia mucho rock latino y en ingl\u00e9s, mucho funk y mucho metal. En mi edad adulta, mucho jazz y mucha m\u00fasica caribe\u00f1a como la salsa, el bolero, el latin jazz y el son. Hoy en d\u00eda mucho soul y mucho hip hop.<\/p>\n<p><strong>\u00bfCu\u00e1l dir\u00edas que es tu mejor virtud como int\u00e9rprete?<\/strong><br \/>\nLa concentraci\u00f3n y la seriedad al afrontar los proyectos, adem\u00e1s de la constante creatividad. La personalidad tambi\u00e9n es un factor importante.<\/p>\n<p><strong>Tienes varias piezas compuestas por ti \u00bfQu\u00e9 te inspira? \u00bfQu\u00e9 buscas transmitir mediante tu arte?<\/strong><br \/>\nAmo el idioma, la lengua espa\u00f1ola es sublime. Me gusta escribir la armon\u00eda en primer lugar y luego la poes\u00eda. El sonido, significado y combinaci\u00f3n de las palabras forman un campo creativo que disfruto y donde me gusta permanecer horas y horas. Trato de escribir cosas simples pero con un barniz diferente, normalmente me inclino por escribir desde una mirada constante al mundo interno. Tengo una est\u00e9tica definida.<\/p>\n<p><strong>\u00bfPara cu\u00e1ndo est\u00e1 planeado (sujeto a contingencias) que saques tu nuevo disco como solista?<\/strong><br \/>\nA veces la gente corre sin ninguna raz\u00f3n. En mi caso siempre act\u00fao con calma y respetando mis propios tiempos en el proceso de construcci\u00f3n de una obra. Los temas de mi nuevo disco solista est\u00e1n compuestos y pre producidos, a\u00fan estoy definiendo cu\u00e1ndo terminar el trabajo y lanzarlo. No hay apuro.<\/p>\n<p><strong>\u00bfCu\u00e1ndo calculas que empezar\u00e1s a dar conciertos de nuevo?<\/strong><br \/>\nNo hay planes de hacer conciertos por lo pronto pues no quiero a\u00fan estar en lugares con gente, hay que esperar hasta que se genere un c\u00edrculo de inmunidad social ante el virus. Cuando se libere al pa\u00eds de las restricciones por salubridad comenzar\u00e9 con los conciertos ac\u00fasticos como solista, antes que en Santa Cruz har\u00e9 shows primero en La Paz y en Cochabamba.<\/p>\n<p><strong>Sabemos que se dio el regreso tan esperado de Quirqui\u00f1a \u00bfNos puedes dar m\u00e1s detalles?<\/strong><br \/>\nQuirqui\u00f1a regres\u00f3 oficialmente en julio de 2019 pero por varias razones como los paros y cuarentenas es que no hemos podido iniciar nuestra tan esperada gira. Hay mucho por hacer con la banda y estamos muy entusiasmados al respecto.<br \/>\nEs un hecho. Pronto Quirqui\u00f1a entra al estudio a grabar su nuevo \u00e1lbum y tambi\u00e9n reactiva el proceso de gira nacional.<\/p>\n<p><strong>\u00bfPodremos disfrutar alguna tocada por redes pronto?<\/strong><br \/>\nDudo que Quirqui\u00f1a haga un concierto por redes pues los presupuestos de las empresas que est\u00e1n haciendo streaming son demasiado bajos y no hemos llegado nunca a un acuerdo. Preferimos hacer conciertos con p\u00fablico cuando las autoridades lo permitan. Sobre mis shows online como solista, es verdad que de vez en cuando le regalo un peque\u00f1o show a mi gente, hago un show cada dos meses en las redes. Por ahora con tantos alumnos en nuestra Escuela Virtual de Canto ya no queda tiempo ni energ\u00eda para cantar muy seguido. A esta edad los conceptos \u201cgratuito\u201d, \u201cintercambio\u201d o \u201cpor promoci\u00f3n\u201d\u00b4 no existen en mi agenda musical.<\/p>\n<p><img loading=\"lazy\" decoding=\"async\" class=\"alignleft size-medium wp-image-8191\" src=\"https:\/\/www.eldiario.net\/portal\/wp-content\/uploads\/2021\/06\/nwdn_file_temp_1608555685652.jpg-2.1-MB-169x300.jpg\" alt=\"\" width=\"169\" height=\"300\" \/><img loading=\"lazy\" decoding=\"async\" class=\"alignleft size-medium wp-image-8192\" src=\"https:\/\/www.eldiario.net\/portal\/wp-content\/uploads\/2021\/06\/nwdn_file_temp_1610487298813.jpg-1.6-MB-169x300.jpg\" alt=\"\" width=\"169\" height=\"300\" \/><\/p>\n<p>&nbsp;<\/p>\n","protected":false},"excerpt":{"rendered":"<p>El invitado de lujo en Cvltvral hoy es un m\u00fasico muy talentoso, dedicado, profesional y, sin duda, uno de los grandes rock stars bolivianos del \u00faltimo tiempo. Con una carrera que inici\u00f3 en los lejanos 90 junto a diferentes proyectos, este tiempo marc\u00f3 el comienzo de una vida dedicada a la m\u00fasica que deriv\u00f3 en [&hellip;]<\/p>\n","protected":false},"author":1,"featured_media":8190,"comment_status":"closed","ping_status":"closed","sticky":false,"template":"","format":"standard","meta":{"_acf_changed":false,"footnotes":""},"categories":[8],"tags":[],"class_list":["post-8189","post","type-post","status-publish","format-standard","has-post-thumbnail","category-cultural"],"acf":{"antetitulo":""},"yoast_head":"<!-- This site is optimized with the Yoast SEO plugin v28.4 - https:\/\/yoast.com\/product\/yoast-seo-wordpress\/ -->\n<title>Alejandro Delius - El Diario - Bolivia<\/title>\n<meta name=\"robots\" content=\"index, follow, max-snippet:-1, max-image-preview:large, max-video-preview:-1\" \/>\n<link rel=\"canonical\" href=\"https:\/\/www.eldiario.net\/portal\/2021\/06\/04\/alejandro-delius\/\" \/>\n<meta property=\"og:locale\" content=\"es_ES\" \/>\n<meta property=\"og:type\" content=\"article\" \/>\n<meta property=\"og:title\" content=\"Alejandro Delius - El Diario - Bolivia\" \/>\n<meta property=\"og:description\" content=\"El invitado de lujo en Cvltvral hoy es un m\u00fasico muy talentoso, dedicado, profesional y, sin duda, uno de los grandes rock stars bolivianos del \u00faltimo tiempo. Con una carrera que inici\u00f3 en los lejanos 90 junto a diferentes proyectos, este tiempo marc\u00f3 el comienzo de una vida dedicada a la m\u00fasica que deriv\u00f3 en [&hellip;]\" \/>\n<meta property=\"og:url\" content=\"https:\/\/www.eldiario.net\/portal\/2021\/06\/04\/alejandro-delius\/\" \/>\n<meta property=\"og:site_name\" content=\"El Diario - Bolivia\" \/>\n<meta property=\"article:publisher\" content=\"https:\/\/www.facebook.com\/eldiario.bolivia\/\" \/>\n<meta property=\"article:published_time\" content=\"2021-06-04T09:59:03+00:00\" \/>\n<meta name=\"author\" content=\"Jeanette\" \/>\n<meta name=\"twitter:card\" content=\"summary_large_image\" \/>\n<meta name=\"twitter:creator\" content=\"@eldiario_net\" \/>\n<meta name=\"twitter:site\" content=\"@eldiario_net\" \/>\n<meta name=\"twitter:label1\" content=\"Escrito por\" \/>\n\t<meta name=\"twitter:data1\" content=\"Jeanette\" \/>\n\t<meta name=\"twitter:label2\" content=\"Tiempo de lectura\" \/>\n\t<meta name=\"twitter:data2\" content=\"5 minutos\" \/>\n<script type=\"application\/ld+json\" class=\"yoast-schema-graph\">{\"@context\":\"https:\\\/\\\/schema.org\",\"@graph\":[{\"@type\":\"Article\",\"@id\":\"https:\\\/\\\/www.eldiario.net\\\/portal\\\/2021\\\/06\\\/04\\\/alejandro-delius\\\/#article\",\"isPartOf\":{\"@id\":\"https:\\\/\\\/www.eldiario.net\\\/portal\\\/2021\\\/06\\\/04\\\/alejandro-delius\\\/\"},\"author\":{\"name\":\"Jeanette\",\"@id\":\"https:\\\/\\\/www.eldiario.net\\\/portal\\\/#\\\/schema\\\/person\\\/f46445640444750d7d753ccd04ae01b7\"},\"headline\":\"Alejandro Delius\",\"datePublished\":\"2021-06-04T09:59:03+00:00\",\"mainEntityOfPage\":{\"@id\":\"https:\\\/\\\/www.eldiario.net\\\/portal\\\/2021\\\/06\\\/04\\\/alejandro-delius\\\/\"},\"wordCount\":880,\"publisher\":{\"@id\":\"https:\\\/\\\/www.eldiario.net\\\/portal\\\/#organization\"},\"image\":{\"@id\":\"https:\\\/\\\/www.eldiario.net\\\/portal\\\/2021\\\/06\\\/04\\\/alejandro-delius\\\/#primaryimage\"},\"thumbnailUrl\":\"\",\"articleSection\":[\"Cultural\"],\"inLanguage\":\"es\"},{\"@type\":\"WebPage\",\"@id\":\"https:\\\/\\\/www.eldiario.net\\\/portal\\\/2021\\\/06\\\/04\\\/alejandro-delius\\\/\",\"url\":\"https:\\\/\\\/www.eldiario.net\\\/portal\\\/2021\\\/06\\\/04\\\/alejandro-delius\\\/\",\"name\":\"Alejandro Delius - El Diario - Bolivia\",\"isPartOf\":{\"@id\":\"https:\\\/\\\/www.eldiario.net\\\/portal\\\/#website\"},\"primaryImageOfPage\":{\"@id\":\"https:\\\/\\\/www.eldiario.net\\\/portal\\\/2021\\\/06\\\/04\\\/alejandro-delius\\\/#primaryimage\"},\"image\":{\"@id\":\"https:\\\/\\\/www.eldiario.net\\\/portal\\\/2021\\\/06\\\/04\\\/alejandro-delius\\\/#primaryimage\"},\"thumbnailUrl\":\"\",\"datePublished\":\"2021-06-04T09:59:03+00:00\",\"breadcrumb\":{\"@id\":\"https:\\\/\\\/www.eldiario.net\\\/portal\\\/2021\\\/06\\\/04\\\/alejandro-delius\\\/#breadcrumb\"},\"inLanguage\":\"es\",\"potentialAction\":[{\"@type\":\"ReadAction\",\"target\":[\"https:\\\/\\\/www.eldiario.net\\\/portal\\\/2021\\\/06\\\/04\\\/alejandro-delius\\\/\"]}]},{\"@type\":\"ImageObject\",\"inLanguage\":\"es\",\"@id\":\"https:\\\/\\\/www.eldiario.net\\\/portal\\\/2021\\\/06\\\/04\\\/alejandro-delius\\\/#primaryimage\",\"url\":\"\",\"contentUrl\":\"\"},{\"@type\":\"BreadcrumbList\",\"@id\":\"https:\\\/\\\/www.eldiario.net\\\/portal\\\/2021\\\/06\\\/04\\\/alejandro-delius\\\/#breadcrumb\",\"itemListElement\":[{\"@type\":\"ListItem\",\"position\":1,\"name\":\"Portada\",\"item\":\"https:\\\/\\\/www.eldiario.net\\\/portal\\\/\"},{\"@type\":\"ListItem\",\"position\":2,\"name\":\"Alejandro Delius\"}]},{\"@type\":\"WebSite\",\"@id\":\"https:\\\/\\\/www.eldiario.net\\\/portal\\\/#website\",\"url\":\"https:\\\/\\\/www.eldiario.net\\\/portal\\\/\",\"name\":\"El Diario - Decano de la prensa nacional\",\"description\":\"El Diario - Decano de la prensa nacional\",\"publisher\":{\"@id\":\"https:\\\/\\\/www.eldiario.net\\\/portal\\\/#organization\"},\"potentialAction\":[{\"@type\":\"SearchAction\",\"target\":{\"@type\":\"EntryPoint\",\"urlTemplate\":\"https:\\\/\\\/www.eldiario.net\\\/portal\\\/?s={search_term_string}\"},\"query-input\":{\"@type\":\"PropertyValueSpecification\",\"valueRequired\":true,\"valueName\":\"search_term_string\"}}],\"inLanguage\":\"es\"},{\"@type\":\"Organization\",\"@id\":\"https:\\\/\\\/www.eldiario.net\\\/portal\\\/#organization\",\"name\":\"El Diario - Decano de la prensa nacional\",\"url\":\"https:\\\/\\\/www.eldiario.net\\\/portal\\\/\",\"logo\":{\"@type\":\"ImageObject\",\"inLanguage\":\"es\",\"@id\":\"https:\\\/\\\/www.eldiario.net\\\/portal\\\/#\\\/schema\\\/logo\\\/image\\\/\",\"url\":\"https:\\\/\\\/www.eldiario.net\\\/portal\\\/wp-content\\\/uploads\\\/2023\\\/07\\\/logo_ED.jpg\",\"contentUrl\":\"https:\\\/\\\/www.eldiario.net\\\/portal\\\/wp-content\\\/uploads\\\/2023\\\/07\\\/logo_ED.jpg\",\"width\":272,\"height\":52,\"caption\":\"El Diario - Decano de la prensa nacional\"},\"image\":{\"@id\":\"https:\\\/\\\/www.eldiario.net\\\/portal\\\/#\\\/schema\\\/logo\\\/image\\\/\"},\"sameAs\":[\"https:\\\/\\\/www.facebook.com\\\/eldiario.bolivia\\\/\",\"https:\\\/\\\/x.com\\\/eldiario_net\"]},{\"@type\":\"Person\",\"@id\":\"https:\\\/\\\/www.eldiario.net\\\/portal\\\/#\\\/schema\\\/person\\\/f46445640444750d7d753ccd04ae01b7\",\"name\":\"Jeanette\",\"image\":{\"@type\":\"ImageObject\",\"inLanguage\":\"es\",\"@id\":\"https:\\\/\\\/secure.gravatar.com\\\/avatar\\\/3ea2118a5f7dad2b7138b1187a6b7ee55f160b9968b66013c3a3ef39dd7e5798?s=96&d=mm&r=g\",\"url\":\"https:\\\/\\\/secure.gravatar.com\\\/avatar\\\/3ea2118a5f7dad2b7138b1187a6b7ee55f160b9968b66013c3a3ef39dd7e5798?s=96&d=mm&r=g\",\"contentUrl\":\"https:\\\/\\\/secure.gravatar.com\\\/avatar\\\/3ea2118a5f7dad2b7138b1187a6b7ee55f160b9968b66013c3a3ef39dd7e5798?s=96&d=mm&r=g\",\"caption\":\"Jeanette\"},\"sameAs\":[\"https:\\\/\\\/www.eldiario.net\\\/portal\"],\"url\":\"https:\\\/\\\/www.eldiario.net\\\/portal\\\/author\\\/jeanette\\\/\"}]}<\/script>\n<!-- \/ Yoast SEO plugin. -->","yoast_head_json":{"title":"Alejandro Delius - El Diario - Bolivia","robots":{"index":"index","follow":"follow","max-snippet":"max-snippet:-1","max-image-preview":"max-image-preview:large","max-video-preview":"max-video-preview:-1"},"canonical":"https:\/\/www.eldiario.net\/portal\/2021\/06\/04\/alejandro-delius\/","og_locale":"es_ES","og_type":"article","og_title":"Alejandro Delius - El Diario - Bolivia","og_description":"El invitado de lujo en Cvltvral hoy es un m\u00fasico muy talentoso, dedicado, profesional y, sin duda, uno de los grandes rock stars bolivianos del \u00faltimo tiempo. Con una carrera que inici\u00f3 en los lejanos 90 junto a diferentes proyectos, este tiempo marc\u00f3 el comienzo de una vida dedicada a la m\u00fasica que deriv\u00f3 en [&hellip;]","og_url":"https:\/\/www.eldiario.net\/portal\/2021\/06\/04\/alejandro-delius\/","og_site_name":"El Diario - Bolivia","article_publisher":"https:\/\/www.facebook.com\/eldiario.bolivia\/","article_published_time":"2021-06-04T09:59:03+00:00","author":"Jeanette","twitter_card":"summary_large_image","twitter_creator":"@eldiario_net","twitter_site":"@eldiario_net","twitter_misc":{"Escrito por":"Jeanette","Tiempo de lectura":"5 minutos"},"schema":{"@context":"https:\/\/schema.org","@graph":[{"@type":"Article","@id":"https:\/\/www.eldiario.net\/portal\/2021\/06\/04\/alejandro-delius\/#article","isPartOf":{"@id":"https:\/\/www.eldiario.net\/portal\/2021\/06\/04\/alejandro-delius\/"},"author":{"name":"Jeanette","@id":"https:\/\/www.eldiario.net\/portal\/#\/schema\/person\/f46445640444750d7d753ccd04ae01b7"},"headline":"Alejandro Delius","datePublished":"2021-06-04T09:59:03+00:00","mainEntityOfPage":{"@id":"https:\/\/www.eldiario.net\/portal\/2021\/06\/04\/alejandro-delius\/"},"wordCount":880,"publisher":{"@id":"https:\/\/www.eldiario.net\/portal\/#organization"},"image":{"@id":"https:\/\/www.eldiario.net\/portal\/2021\/06\/04\/alejandro-delius\/#primaryimage"},"thumbnailUrl":"","articleSection":["Cultural"],"inLanguage":"es"},{"@type":"WebPage","@id":"https:\/\/www.eldiario.net\/portal\/2021\/06\/04\/alejandro-delius\/","url":"https:\/\/www.eldiario.net\/portal\/2021\/06\/04\/alejandro-delius\/","name":"Alejandro Delius - El Diario - Bolivia","isPartOf":{"@id":"https:\/\/www.eldiario.net\/portal\/#website"},"primaryImageOfPage":{"@id":"https:\/\/www.eldiario.net\/portal\/2021\/06\/04\/alejandro-delius\/#primaryimage"},"image":{"@id":"https:\/\/www.eldiario.net\/portal\/2021\/06\/04\/alejandro-delius\/#primaryimage"},"thumbnailUrl":"","datePublished":"2021-06-04T09:59:03+00:00","breadcrumb":{"@id":"https:\/\/www.eldiario.net\/portal\/2021\/06\/04\/alejandro-delius\/#breadcrumb"},"inLanguage":"es","potentialAction":[{"@type":"ReadAction","target":["https:\/\/www.eldiario.net\/portal\/2021\/06\/04\/alejandro-delius\/"]}]},{"@type":"ImageObject","inLanguage":"es","@id":"https:\/\/www.eldiario.net\/portal\/2021\/06\/04\/alejandro-delius\/#primaryimage","url":"","contentUrl":""},{"@type":"BreadcrumbList","@id":"https:\/\/www.eldiario.net\/portal\/2021\/06\/04\/alejandro-delius\/#breadcrumb","itemListElement":[{"@type":"ListItem","position":1,"name":"Portada","item":"https:\/\/www.eldiario.net\/portal\/"},{"@type":"ListItem","position":2,"name":"Alejandro Delius"}]},{"@type":"WebSite","@id":"https:\/\/www.eldiario.net\/portal\/#website","url":"https:\/\/www.eldiario.net\/portal\/","name":"El Diario - Decano de la prensa nacional","description":"El Diario - Decano de la prensa nacional","publisher":{"@id":"https:\/\/www.eldiario.net\/portal\/#organization"},"potentialAction":[{"@type":"SearchAction","target":{"@type":"EntryPoint","urlTemplate":"https:\/\/www.eldiario.net\/portal\/?s={search_term_string}"},"query-input":{"@type":"PropertyValueSpecification","valueRequired":true,"valueName":"search_term_string"}}],"inLanguage":"es"},{"@type":"Organization","@id":"https:\/\/www.eldiario.net\/portal\/#organization","name":"El Diario - Decano de la prensa nacional","url":"https:\/\/www.eldiario.net\/portal\/","logo":{"@type":"ImageObject","inLanguage":"es","@id":"https:\/\/www.eldiario.net\/portal\/#\/schema\/logo\/image\/","url":"https:\/\/www.eldiario.net\/portal\/wp-content\/uploads\/2023\/07\/logo_ED.jpg","contentUrl":"https:\/\/www.eldiario.net\/portal\/wp-content\/uploads\/2023\/07\/logo_ED.jpg","width":272,"height":52,"caption":"El Diario - Decano de la prensa nacional"},"image":{"@id":"https:\/\/www.eldiario.net\/portal\/#\/schema\/logo\/image\/"},"sameAs":["https:\/\/www.facebook.com\/eldiario.bolivia\/","https:\/\/x.com\/eldiario_net"]},{"@type":"Person","@id":"https:\/\/www.eldiario.net\/portal\/#\/schema\/person\/f46445640444750d7d753ccd04ae01b7","name":"Jeanette","image":{"@type":"ImageObject","inLanguage":"es","@id":"https:\/\/secure.gravatar.com\/avatar\/3ea2118a5f7dad2b7138b1187a6b7ee55f160b9968b66013c3a3ef39dd7e5798?s=96&d=mm&r=g","url":"https:\/\/secure.gravatar.com\/avatar\/3ea2118a5f7dad2b7138b1187a6b7ee55f160b9968b66013c3a3ef39dd7e5798?s=96&d=mm&r=g","contentUrl":"https:\/\/secure.gravatar.com\/avatar\/3ea2118a5f7dad2b7138b1187a6b7ee55f160b9968b66013c3a3ef39dd7e5798?s=96&d=mm&r=g","caption":"Jeanette"},"sameAs":["https:\/\/www.eldiario.net\/portal"],"url":"https:\/\/www.eldiario.net\/portal\/author\/jeanette\/"}]}},"_links":{"self":[{"href":"https:\/\/www.eldiario.net\/portal\/wp-json\/wp\/v2\/posts\/8189","targetHints":{"allow":["GET"]}}],"collection":[{"href":"https:\/\/www.eldiario.net\/portal\/wp-json\/wp\/v2\/posts"}],"about":[{"href":"https:\/\/www.eldiario.net\/portal\/wp-json\/wp\/v2\/types\/post"}],"author":[{"embeddable":true,"href":"https:\/\/www.eldiario.net\/portal\/wp-json\/wp\/v2\/users\/1"}],"replies":[{"embeddable":true,"href":"https:\/\/www.eldiario.net\/portal\/wp-json\/wp\/v2\/comments?post=8189"}],"version-history":[{"count":0,"href":"https:\/\/www.eldiario.net\/portal\/wp-json\/wp\/v2\/posts\/8189\/revisions"}],"wp:attachment":[{"href":"https:\/\/www.eldiario.net\/portal\/wp-json\/wp\/v2\/media?parent=8189"}],"wp:term":[{"taxonomy":"category","embeddable":true,"href":"https:\/\/www.eldiario.net\/portal\/wp-json\/wp\/v2\/categories?post=8189"},{"taxonomy":"post_tag","embeddable":true,"href":"https:\/\/www.eldiario.net\/portal\/wp-json\/wp\/v2\/tags?post=8189"}],"curies":[{"name":"wp","href":"https:\/\/api.w.org\/{rel}","templated":true}]}}