{"id":8186,"date":"2021-06-04T05:55:33","date_gmt":"2021-06-04T09:55:33","guid":{"rendered":"https:\/\/www.eldiario.net\/portal\/?p=8186"},"modified":"2021-06-04T05:55:33","modified_gmt":"2021-06-04T09:55:33","slug":"patricia-garcia-conmemora-25-anos-de-carrera","status":"publish","type":"post","link":"https:\/\/www.eldiario.net\/portal\/2021\/06\/04\/patricia-garcia-conmemora-25-anos-de-carrera\/","title":{"rendered":"Patricia Garc\u00eda conmemora 25 a\u00f1os de carrera"},"content":{"rendered":"<p>Una serie de siete piezas audiovisuales y performance esc\u00e9nicos componen la propuesta de Diego Aramburo y Patricia Garc\u00eda que se da en el marco de varios a\u00f1os de trabajo conjunto. \u201cLa obra se centra en la dicotom\u00eda naturaleza (lo ind\u00f3mito), y humanidad (lo \u2018civilizado\u2019). Quiz\u00e1s hay que decir \u201ccierta forma de humanidad\u201d, pues de manera muy generalizada, el modelo de sociedad hegem\u00f3nico (la \u2018cultura occidental\u2019 \u2013si tal cosa existe), puede describirse como un modelo \u201cadverso\u201d a lo natural y la naturaleza; mientras en contraposici\u00f3n se sit\u00faa, en acto de resistencia, una forma de \u2018humanidad\u2019 m\u00e1s org\u00e1nica, menos masculina (y patriarcal), y m\u00e1s femenina\u201d , refiere Aramburo..<br \/>\nLa propuesta se relaciona tambi\u00e9n con el mito de Medea le\u00eddo de una manera espectral desde la representaci\u00f3n de un femenino mayor, que en las culturas andinas ser\u00eda la Pachamama y evoca el esp\u00edritu de lo compartido, lo com\u00fan y la convivencia en conceptos que asociamos al \u2018ayni\u2019 y \u2018sumaq kama\u00f1a\u2019 o vivir bien para finalmente representar la dualidad de la pareja hombre-mujer. Todas estas tem\u00e1ticas bajo el lenguaje audiovisual y esc\u00e9nico contempor\u00e1neo siempre presente en las propuestas de ambos creadores.<br \/>\nLa instalaci\u00f3n se inaugura el pr\u00f3ximo s\u00e1bado 12 de junio en el Centro Cultural de Espa\u00f1a a las 11.00 Hrs. Paralelamente a la exposici\u00f3n se presenta el conversatorio: Still Medea: Proceso Abierto un encuentro con los creadores a realizarse el 14 de junio a las 17:00 Hrs. de forma presencial desde la sala del Ccelp. Tambi\u00e9n como actividades complementarias a la instalaci\u00f3n se realizaran las clases magistrales: de la caja negra a la caja blanca, impartida por Diego Aramburo y Extra\u00f1as presencias extremas por Patricia Garc\u00eda; los d\u00edas 16, 18 y 25 de junio, respectivamente.<br \/>\nPara mayor informaci\u00f3n sobre las actividades visitar el sitio web: http:\/\/ccelp.bo\/evento\/patricia-garcia-en-still<\/p>\n","protected":false},"excerpt":{"rendered":"<p>Una serie de siete piezas audiovisuales y performance esc\u00e9nicos componen la propuesta de Diego Aramburo y Patricia Garc\u00eda que se da en el marco de varios a\u00f1os de trabajo conjunto. \u201cLa obra se centra en la dicotom\u00eda naturaleza (lo ind\u00f3mito), y humanidad (lo \u2018civilizado\u2019). Quiz\u00e1s hay que decir \u201ccierta forma de humanidad\u201d, pues de manera [&hellip;]<\/p>\n","protected":false},"author":1,"featured_media":8187,"comment_status":"closed","ping_status":"closed","sticky":false,"template":"","format":"standard","meta":{"_acf_changed":false,"footnotes":""},"categories":[8],"tags":[],"class_list":["post-8186","post","type-post","status-publish","format-standard","has-post-thumbnail","category-cultural"],"acf":{"antetitulo":""},"yoast_head":"<!-- This site is optimized with the Yoast SEO plugin v28.4 - https:\/\/yoast.com\/product\/yoast-seo-wordpress\/ -->\n<title>Patricia Garc\u00eda conmemora 25 a\u00f1os de carrera - El Diario - Bolivia<\/title>\n<meta name=\"robots\" content=\"index, follow, max-snippet:-1, max-image-preview:large, max-video-preview:-1\" \/>\n<link rel=\"canonical\" href=\"https:\/\/www.eldiario.net\/portal\/2021\/06\/04\/patricia-garcia-conmemora-25-anos-de-carrera\/\" \/>\n<meta property=\"og:locale\" content=\"es_ES\" \/>\n<meta property=\"og:type\" content=\"article\" \/>\n<meta property=\"og:title\" content=\"Patricia Garc\u00eda conmemora 25 a\u00f1os de carrera - El Diario - Bolivia\" \/>\n<meta property=\"og:description\" content=\"Una serie de siete piezas audiovisuales y performance esc\u00e9nicos componen la propuesta de Diego Aramburo y Patricia Garc\u00eda que se da en el marco de varios a\u00f1os de trabajo conjunto. \u201cLa obra se centra en la dicotom\u00eda naturaleza (lo ind\u00f3mito), y humanidad (lo \u2018civilizado\u2019). Quiz\u00e1s hay que decir \u201ccierta forma de humanidad\u201d, pues de manera [&hellip;]\" \/>\n<meta property=\"og:url\" content=\"https:\/\/www.eldiario.net\/portal\/2021\/06\/04\/patricia-garcia-conmemora-25-anos-de-carrera\/\" \/>\n<meta property=\"og:site_name\" content=\"El Diario - Bolivia\" \/>\n<meta property=\"article:publisher\" content=\"https:\/\/www.facebook.com\/eldiario.bolivia\/\" \/>\n<meta property=\"article:published_time\" content=\"2021-06-04T09:55:33+00:00\" \/>\n<meta name=\"author\" content=\"Jeanette\" \/>\n<meta name=\"twitter:card\" content=\"summary_large_image\" \/>\n<meta name=\"twitter:creator\" content=\"@eldiario_net\" \/>\n<meta name=\"twitter:site\" content=\"@eldiario_net\" \/>\n<meta name=\"twitter:label1\" content=\"Escrito por\" \/>\n\t<meta name=\"twitter:data1\" content=\"Jeanette\" \/>\n\t<meta name=\"twitter:label2\" content=\"Tiempo de lectura\" \/>\n\t<meta name=\"twitter:data2\" content=\"2 minutos\" \/>\n<script type=\"application\/ld+json\" class=\"yoast-schema-graph\">{\"@context\":\"https:\\\/\\\/schema.org\",\"@graph\":[{\"@type\":\"Article\",\"@id\":\"https:\\\/\\\/www.eldiario.net\\\/portal\\\/2021\\\/06\\\/04\\\/patricia-garcia-conmemora-25-anos-de-carrera\\\/#article\",\"isPartOf\":{\"@id\":\"https:\\\/\\\/www.eldiario.net\\\/portal\\\/2021\\\/06\\\/04\\\/patricia-garcia-conmemora-25-anos-de-carrera\\\/\"},\"author\":{\"name\":\"Jeanette\",\"@id\":\"https:\\\/\\\/www.eldiario.net\\\/portal\\\/#\\\/schema\\\/person\\\/f46445640444750d7d753ccd04ae01b7\"},\"headline\":\"Patricia Garc\u00eda conmemora 25 a\u00f1os de carrera\",\"datePublished\":\"2021-06-04T09:55:33+00:00\",\"mainEntityOfPage\":{\"@id\":\"https:\\\/\\\/www.eldiario.net\\\/portal\\\/2021\\\/06\\\/04\\\/patricia-garcia-conmemora-25-anos-de-carrera\\\/\"},\"wordCount\":330,\"publisher\":{\"@id\":\"https:\\\/\\\/www.eldiario.net\\\/portal\\\/#organization\"},\"image\":{\"@id\":\"https:\\\/\\\/www.eldiario.net\\\/portal\\\/2021\\\/06\\\/04\\\/patricia-garcia-conmemora-25-anos-de-carrera\\\/#primaryimage\"},\"thumbnailUrl\":\"\",\"articleSection\":[\"Cultural\"],\"inLanguage\":\"es\"},{\"@type\":\"WebPage\",\"@id\":\"https:\\\/\\\/www.eldiario.net\\\/portal\\\/2021\\\/06\\\/04\\\/patricia-garcia-conmemora-25-anos-de-carrera\\\/\",\"url\":\"https:\\\/\\\/www.eldiario.net\\\/portal\\\/2021\\\/06\\\/04\\\/patricia-garcia-conmemora-25-anos-de-carrera\\\/\",\"name\":\"Patricia Garc\u00eda conmemora 25 a\u00f1os de carrera - El Diario - Bolivia\",\"isPartOf\":{\"@id\":\"https:\\\/\\\/www.eldiario.net\\\/portal\\\/#website\"},\"primaryImageOfPage\":{\"@id\":\"https:\\\/\\\/www.eldiario.net\\\/portal\\\/2021\\\/06\\\/04\\\/patricia-garcia-conmemora-25-anos-de-carrera\\\/#primaryimage\"},\"image\":{\"@id\":\"https:\\\/\\\/www.eldiario.net\\\/portal\\\/2021\\\/06\\\/04\\\/patricia-garcia-conmemora-25-anos-de-carrera\\\/#primaryimage\"},\"thumbnailUrl\":\"\",\"datePublished\":\"2021-06-04T09:55:33+00:00\",\"breadcrumb\":{\"@id\":\"https:\\\/\\\/www.eldiario.net\\\/portal\\\/2021\\\/06\\\/04\\\/patricia-garcia-conmemora-25-anos-de-carrera\\\/#breadcrumb\"},\"inLanguage\":\"es\",\"potentialAction\":[{\"@type\":\"ReadAction\",\"target\":[\"https:\\\/\\\/www.eldiario.net\\\/portal\\\/2021\\\/06\\\/04\\\/patricia-garcia-conmemora-25-anos-de-carrera\\\/\"]}]},{\"@type\":\"ImageObject\",\"inLanguage\":\"es\",\"@id\":\"https:\\\/\\\/www.eldiario.net\\\/portal\\\/2021\\\/06\\\/04\\\/patricia-garcia-conmemora-25-anos-de-carrera\\\/#primaryimage\",\"url\":\"\",\"contentUrl\":\"\"},{\"@type\":\"BreadcrumbList\",\"@id\":\"https:\\\/\\\/www.eldiario.net\\\/portal\\\/2021\\\/06\\\/04\\\/patricia-garcia-conmemora-25-anos-de-carrera\\\/#breadcrumb\",\"itemListElement\":[{\"@type\":\"ListItem\",\"position\":1,\"name\":\"Portada\",\"item\":\"https:\\\/\\\/www.eldiario.net\\\/portal\\\/\"},{\"@type\":\"ListItem\",\"position\":2,\"name\":\"Patricia Garc\u00eda conmemora 25 a\u00f1os de carrera\"}]},{\"@type\":\"WebSite\",\"@id\":\"https:\\\/\\\/www.eldiario.net\\\/portal\\\/#website\",\"url\":\"https:\\\/\\\/www.eldiario.net\\\/portal\\\/\",\"name\":\"El Diario - Decano de la prensa nacional\",\"description\":\"El Diario - Decano de la prensa nacional\",\"publisher\":{\"@id\":\"https:\\\/\\\/www.eldiario.net\\\/portal\\\/#organization\"},\"potentialAction\":[{\"@type\":\"SearchAction\",\"target\":{\"@type\":\"EntryPoint\",\"urlTemplate\":\"https:\\\/\\\/www.eldiario.net\\\/portal\\\/?s={search_term_string}\"},\"query-input\":{\"@type\":\"PropertyValueSpecification\",\"valueRequired\":true,\"valueName\":\"search_term_string\"}}],\"inLanguage\":\"es\"},{\"@type\":\"Organization\",\"@id\":\"https:\\\/\\\/www.eldiario.net\\\/portal\\\/#organization\",\"name\":\"El Diario - Decano de la prensa nacional\",\"url\":\"https:\\\/\\\/www.eldiario.net\\\/portal\\\/\",\"logo\":{\"@type\":\"ImageObject\",\"inLanguage\":\"es\",\"@id\":\"https:\\\/\\\/www.eldiario.net\\\/portal\\\/#\\\/schema\\\/logo\\\/image\\\/\",\"url\":\"https:\\\/\\\/www.eldiario.net\\\/portal\\\/wp-content\\\/uploads\\\/2023\\\/07\\\/logo_ED.jpg\",\"contentUrl\":\"https:\\\/\\\/www.eldiario.net\\\/portal\\\/wp-content\\\/uploads\\\/2023\\\/07\\\/logo_ED.jpg\",\"width\":272,\"height\":52,\"caption\":\"El Diario - Decano de la prensa nacional\"},\"image\":{\"@id\":\"https:\\\/\\\/www.eldiario.net\\\/portal\\\/#\\\/schema\\\/logo\\\/image\\\/\"},\"sameAs\":[\"https:\\\/\\\/www.facebook.com\\\/eldiario.bolivia\\\/\",\"https:\\\/\\\/x.com\\\/eldiario_net\"]},{\"@type\":\"Person\",\"@id\":\"https:\\\/\\\/www.eldiario.net\\\/portal\\\/#\\\/schema\\\/person\\\/f46445640444750d7d753ccd04ae01b7\",\"name\":\"Jeanette\",\"image\":{\"@type\":\"ImageObject\",\"inLanguage\":\"es\",\"@id\":\"https:\\\/\\\/secure.gravatar.com\\\/avatar\\\/3ea2118a5f7dad2b7138b1187a6b7ee55f160b9968b66013c3a3ef39dd7e5798?s=96&d=mm&r=g\",\"url\":\"https:\\\/\\\/secure.gravatar.com\\\/avatar\\\/3ea2118a5f7dad2b7138b1187a6b7ee55f160b9968b66013c3a3ef39dd7e5798?s=96&d=mm&r=g\",\"contentUrl\":\"https:\\\/\\\/secure.gravatar.com\\\/avatar\\\/3ea2118a5f7dad2b7138b1187a6b7ee55f160b9968b66013c3a3ef39dd7e5798?s=96&d=mm&r=g\",\"caption\":\"Jeanette\"},\"sameAs\":[\"https:\\\/\\\/www.eldiario.net\\\/portal\"],\"url\":\"https:\\\/\\\/www.eldiario.net\\\/portal\\\/author\\\/jeanette\\\/\"}]}<\/script>\n<!-- \/ Yoast SEO plugin. -->","yoast_head_json":{"title":"Patricia Garc\u00eda conmemora 25 a\u00f1os de carrera - El Diario - Bolivia","robots":{"index":"index","follow":"follow","max-snippet":"max-snippet:-1","max-image-preview":"max-image-preview:large","max-video-preview":"max-video-preview:-1"},"canonical":"https:\/\/www.eldiario.net\/portal\/2021\/06\/04\/patricia-garcia-conmemora-25-anos-de-carrera\/","og_locale":"es_ES","og_type":"article","og_title":"Patricia Garc\u00eda conmemora 25 a\u00f1os de carrera - El Diario - Bolivia","og_description":"Una serie de siete piezas audiovisuales y performance esc\u00e9nicos componen la propuesta de Diego Aramburo y Patricia Garc\u00eda que se da en el marco de varios a\u00f1os de trabajo conjunto. \u201cLa obra se centra en la dicotom\u00eda naturaleza (lo ind\u00f3mito), y humanidad (lo \u2018civilizado\u2019). Quiz\u00e1s hay que decir \u201ccierta forma de humanidad\u201d, pues de manera [&hellip;]","og_url":"https:\/\/www.eldiario.net\/portal\/2021\/06\/04\/patricia-garcia-conmemora-25-anos-de-carrera\/","og_site_name":"El Diario - Bolivia","article_publisher":"https:\/\/www.facebook.com\/eldiario.bolivia\/","article_published_time":"2021-06-04T09:55:33+00:00","author":"Jeanette","twitter_card":"summary_large_image","twitter_creator":"@eldiario_net","twitter_site":"@eldiario_net","twitter_misc":{"Escrito por":"Jeanette","Tiempo de lectura":"2 minutos"},"schema":{"@context":"https:\/\/schema.org","@graph":[{"@type":"Article","@id":"https:\/\/www.eldiario.net\/portal\/2021\/06\/04\/patricia-garcia-conmemora-25-anos-de-carrera\/#article","isPartOf":{"@id":"https:\/\/www.eldiario.net\/portal\/2021\/06\/04\/patricia-garcia-conmemora-25-anos-de-carrera\/"},"author":{"name":"Jeanette","@id":"https:\/\/www.eldiario.net\/portal\/#\/schema\/person\/f46445640444750d7d753ccd04ae01b7"},"headline":"Patricia Garc\u00eda conmemora 25 a\u00f1os de carrera","datePublished":"2021-06-04T09:55:33+00:00","mainEntityOfPage":{"@id":"https:\/\/www.eldiario.net\/portal\/2021\/06\/04\/patricia-garcia-conmemora-25-anos-de-carrera\/"},"wordCount":330,"publisher":{"@id":"https:\/\/www.eldiario.net\/portal\/#organization"},"image":{"@id":"https:\/\/www.eldiario.net\/portal\/2021\/06\/04\/patricia-garcia-conmemora-25-anos-de-carrera\/#primaryimage"},"thumbnailUrl":"","articleSection":["Cultural"],"inLanguage":"es"},{"@type":"WebPage","@id":"https:\/\/www.eldiario.net\/portal\/2021\/06\/04\/patricia-garcia-conmemora-25-anos-de-carrera\/","url":"https:\/\/www.eldiario.net\/portal\/2021\/06\/04\/patricia-garcia-conmemora-25-anos-de-carrera\/","name":"Patricia Garc\u00eda conmemora 25 a\u00f1os de carrera - El Diario - Bolivia","isPartOf":{"@id":"https:\/\/www.eldiario.net\/portal\/#website"},"primaryImageOfPage":{"@id":"https:\/\/www.eldiario.net\/portal\/2021\/06\/04\/patricia-garcia-conmemora-25-anos-de-carrera\/#primaryimage"},"image":{"@id":"https:\/\/www.eldiario.net\/portal\/2021\/06\/04\/patricia-garcia-conmemora-25-anos-de-carrera\/#primaryimage"},"thumbnailUrl":"","datePublished":"2021-06-04T09:55:33+00:00","breadcrumb":{"@id":"https:\/\/www.eldiario.net\/portal\/2021\/06\/04\/patricia-garcia-conmemora-25-anos-de-carrera\/#breadcrumb"},"inLanguage":"es","potentialAction":[{"@type":"ReadAction","target":["https:\/\/www.eldiario.net\/portal\/2021\/06\/04\/patricia-garcia-conmemora-25-anos-de-carrera\/"]}]},{"@type":"ImageObject","inLanguage":"es","@id":"https:\/\/www.eldiario.net\/portal\/2021\/06\/04\/patricia-garcia-conmemora-25-anos-de-carrera\/#primaryimage","url":"","contentUrl":""},{"@type":"BreadcrumbList","@id":"https:\/\/www.eldiario.net\/portal\/2021\/06\/04\/patricia-garcia-conmemora-25-anos-de-carrera\/#breadcrumb","itemListElement":[{"@type":"ListItem","position":1,"name":"Portada","item":"https:\/\/www.eldiario.net\/portal\/"},{"@type":"ListItem","position":2,"name":"Patricia Garc\u00eda conmemora 25 a\u00f1os de carrera"}]},{"@type":"WebSite","@id":"https:\/\/www.eldiario.net\/portal\/#website","url":"https:\/\/www.eldiario.net\/portal\/","name":"El Diario - Decano de la prensa nacional","description":"El Diario - Decano de la prensa nacional","publisher":{"@id":"https:\/\/www.eldiario.net\/portal\/#organization"},"potentialAction":[{"@type":"SearchAction","target":{"@type":"EntryPoint","urlTemplate":"https:\/\/www.eldiario.net\/portal\/?s={search_term_string}"},"query-input":{"@type":"PropertyValueSpecification","valueRequired":true,"valueName":"search_term_string"}}],"inLanguage":"es"},{"@type":"Organization","@id":"https:\/\/www.eldiario.net\/portal\/#organization","name":"El Diario - Decano de la prensa nacional","url":"https:\/\/www.eldiario.net\/portal\/","logo":{"@type":"ImageObject","inLanguage":"es","@id":"https:\/\/www.eldiario.net\/portal\/#\/schema\/logo\/image\/","url":"https:\/\/www.eldiario.net\/portal\/wp-content\/uploads\/2023\/07\/logo_ED.jpg","contentUrl":"https:\/\/www.eldiario.net\/portal\/wp-content\/uploads\/2023\/07\/logo_ED.jpg","width":272,"height":52,"caption":"El Diario - Decano de la prensa nacional"},"image":{"@id":"https:\/\/www.eldiario.net\/portal\/#\/schema\/logo\/image\/"},"sameAs":["https:\/\/www.facebook.com\/eldiario.bolivia\/","https:\/\/x.com\/eldiario_net"]},{"@type":"Person","@id":"https:\/\/www.eldiario.net\/portal\/#\/schema\/person\/f46445640444750d7d753ccd04ae01b7","name":"Jeanette","image":{"@type":"ImageObject","inLanguage":"es","@id":"https:\/\/secure.gravatar.com\/avatar\/3ea2118a5f7dad2b7138b1187a6b7ee55f160b9968b66013c3a3ef39dd7e5798?s=96&d=mm&r=g","url":"https:\/\/secure.gravatar.com\/avatar\/3ea2118a5f7dad2b7138b1187a6b7ee55f160b9968b66013c3a3ef39dd7e5798?s=96&d=mm&r=g","contentUrl":"https:\/\/secure.gravatar.com\/avatar\/3ea2118a5f7dad2b7138b1187a6b7ee55f160b9968b66013c3a3ef39dd7e5798?s=96&d=mm&r=g","caption":"Jeanette"},"sameAs":["https:\/\/www.eldiario.net\/portal"],"url":"https:\/\/www.eldiario.net\/portal\/author\/jeanette\/"}]}},"_links":{"self":[{"href":"https:\/\/www.eldiario.net\/portal\/wp-json\/wp\/v2\/posts\/8186","targetHints":{"allow":["GET"]}}],"collection":[{"href":"https:\/\/www.eldiario.net\/portal\/wp-json\/wp\/v2\/posts"}],"about":[{"href":"https:\/\/www.eldiario.net\/portal\/wp-json\/wp\/v2\/types\/post"}],"author":[{"embeddable":true,"href":"https:\/\/www.eldiario.net\/portal\/wp-json\/wp\/v2\/users\/1"}],"replies":[{"embeddable":true,"href":"https:\/\/www.eldiario.net\/portal\/wp-json\/wp\/v2\/comments?post=8186"}],"version-history":[{"count":0,"href":"https:\/\/www.eldiario.net\/portal\/wp-json\/wp\/v2\/posts\/8186\/revisions"}],"wp:attachment":[{"href":"https:\/\/www.eldiario.net\/portal\/wp-json\/wp\/v2\/media?parent=8186"}],"wp:term":[{"taxonomy":"category","embeddable":true,"href":"https:\/\/www.eldiario.net\/portal\/wp-json\/wp\/v2\/categories?post=8186"},{"taxonomy":"post_tag","embeddable":true,"href":"https:\/\/www.eldiario.net\/portal\/wp-json\/wp\/v2\/tags?post=8186"}],"curies":[{"name":"wp","href":"https:\/\/api.w.org\/{rel}","templated":true}]}}