{"id":8183,"date":"2021-06-04T05:53:27","date_gmt":"2021-06-04T09:53:27","guid":{"rendered":"https:\/\/www.eldiario.net\/portal\/?p=8183"},"modified":"2021-06-04T05:53:27","modified_gmt":"2021-06-04T09:53:27","slug":"eeuu-compartira-25-millones-de-vacunas-contra-covid-19","status":"publish","type":"post","link":"https:\/\/www.eldiario.net\/portal\/2021\/06\/04\/eeuu-compartira-25-millones-de-vacunas-contra-covid-19\/","title":{"rendered":"EEUU compartir\u00e1 25 millones  de vacunas contra covid-19"},"content":{"rendered":"<p>Washington.- El presidente Joe Biden anunci\u00f3 este jueves c\u00f3mo Estados Unidos compartir\u00eda unos 25 millones de las 80 millones de vacunas contra el covid-19 que planea distribuir al resto del mundo.<br \/>\nEl presidente Joe Biden asegur\u00f3 que Estados Unidos compartir\u00eda las dosis sin esperar favores pol\u00edticos a cambio. Se ha comprometido a compartir unas 80 millones de vacunas contra el covid-19 a nivel internacional este mes.<br \/>\nEstados Unidos donar\u00e1 casi 19 millones de dosis a trav\u00e9s del esquema multilateral Covax, dijo Biden en un comunicado. A trav\u00e9s de Covax, se destinar\u00edan unos 6 millones de dosis a Am\u00e9rica Latina y el Caribe, unos 7 millones para el sur y sureste de Asia y aproximadamente 5 millones a \u00c1frica.<br \/>\nLas dosis restantes, que ascienden a poco m\u00e1s de 6 millones, ir\u00edan directamente de Estados Unidos a pa\u00edses como Canad\u00e1, M\u00e9xico, India y Corea, asegur\u00f3.<br \/>\n\u00abEstamos compartiendo estas dosis no para asegurar favores o obtener concesiones\u00bb, afirm\u00f3 Biden. \u00abCompartimos estas vacunas para salvar vidas y liderar el mundo para poner fin a la pandemia, con el poder de nuestro ejemplo y con nuestros valores\u00bb.<br \/>\nAunque Estados Unidos est\u00e1 trabajando a trav\u00e9s de la Covax, que es codirigida por la Organizaci\u00f3n Mundial de la Salud, la Casa Blanca tiene la \u00faltima palabra sobre qu\u00e9 pa\u00edses reciben dosis estadounidenses y cu\u00e1ntas, dijo el asesor de seguridad nacional Jake Sullivan.<br \/>\nLa Casa Blanca basar\u00e1 sus decisiones en \u00abfactores que incluyen lograr una cobertura global, responder a crisis&#8230; y ayudar a tantos pa\u00edses como sea posible\u00bb, asever\u00f3 Sullivan, agregando que el pa\u00eds tiene la intenci\u00f3n de priorizar a sus vecinos, incluidos Canad\u00e1, M\u00e9xico y los pa\u00edses de Am\u00e9rica Central y del Sur.<br \/>\nReuters inform\u00f3 en mayo que Estados Unidos estaba considerando priorizar su propio hemisferio, con Am\u00e9rica Latina como beneficiaria.<br \/>\nLos 25 millones de dosis se entregar\u00edan r\u00e1pidamente y algunas saldr\u00edan tan pronto como el jueves, seg\u00fan la Casa Blanca. No incluir\u00e1n suministros de AstraZeneca.<br \/>\nOrganizaciones internacionales, como Naciones Unidas y el Banco Mundial, saludaron el anuncio. \u00abEs un buen comienzo y espero que haya m\u00e1s dosis disponibles\u00bb, dijo a Reuters el presidente del Banco Mundial, David Malpass.<br \/>\nLa Casa Blanca tambi\u00e9n est\u00e1 eliminando los poderes especiales que otorg\u00f3 a trav\u00e9s de la Ley de Producci\u00f3n de Defensa (DPA, por su sigla en ingl\u00e9s) a ciertos fabricantes de vacunas que recibieron financiamiento de Estados Unidos pero que a\u00fan no tienen las aprobaciones del pa\u00eds, incluidos AstraZeneca, Sanofi SA\/GlaxoSmithKline Plc, y Novavax Inc.<br \/>\nLas calificaciones de DPA dan a los productores estadounidenses acceso prioritario a los suministros y equipos necesarios para fabricar las vacunas que escasean en todo el mundo. Levantarlos podr\u00eda liberar materias primas para los principales fabricantes de vacunas en otros lugares, especialmente el Serum Institute of India (SII).<br \/>\nMuchos pa\u00edses latinoamericanos tienen una gran necesidad de vacunas contra el Covid-19 para combatir los brotes. Brasil ha sido uno de los m\u00e1s afectados del mundo por la pandemia, con m\u00e1s de 16,7 millones de casos y con las muertes acerc\u00e1ndose a 500.000.<br \/>\nEsta semana, Per\u00fa revis\u00f3 su cifra de decesos por el Covid-19, convirti\u00e9ndolo en el pa\u00eds con la peor tasa de mortalidad per c\u00e1pita. (Reuters)<\/p>\n","protected":false},"excerpt":{"rendered":"<p>Washington.- El presidente Joe Biden anunci\u00f3 este jueves c\u00f3mo Estados Unidos compartir\u00eda unos 25 millones de las 80 millones de vacunas contra el covid-19 que planea distribuir al resto del mundo. El presidente Joe Biden asegur\u00f3 que Estados Unidos compartir\u00eda las dosis sin esperar favores pol\u00edticos a cambio. Se ha comprometido a compartir unas 80 [&hellip;]<\/p>\n","protected":false},"author":1,"featured_media":8184,"comment_status":"closed","ping_status":"closed","sticky":false,"template":"","format":"standard","meta":{"_acf_changed":false,"footnotes":""},"categories":[3],"tags":[],"class_list":["post-8183","post","type-post","status-publish","format-standard","has-post-thumbnail","category-internacional"],"acf":{"antetitulo":""},"yoast_head":"<!-- This site is optimized with the Yoast SEO plugin v28.4 - https:\/\/yoast.com\/product\/yoast-seo-wordpress\/ -->\n<title>EEUU compartir\u00e1 25 millones de vacunas contra covid-19 - El Diario - Bolivia<\/title>\n<meta name=\"robots\" content=\"index, follow, max-snippet:-1, max-image-preview:large, max-video-preview:-1\" \/>\n<link rel=\"canonical\" href=\"https:\/\/www.eldiario.net\/portal\/2021\/06\/04\/eeuu-compartira-25-millones-de-vacunas-contra-covid-19\/\" \/>\n<meta property=\"og:locale\" content=\"es_ES\" \/>\n<meta property=\"og:type\" content=\"article\" \/>\n<meta property=\"og:title\" content=\"EEUU compartir\u00e1 25 millones de vacunas contra covid-19 - El Diario - Bolivia\" \/>\n<meta property=\"og:description\" content=\"Washington.- El presidente Joe Biden anunci\u00f3 este jueves c\u00f3mo Estados Unidos compartir\u00eda unos 25 millones de las 80 millones de vacunas contra el covid-19 que planea distribuir al resto del mundo. El presidente Joe Biden asegur\u00f3 que Estados Unidos compartir\u00eda las dosis sin esperar favores pol\u00edticos a cambio. Se ha comprometido a compartir unas 80 [&hellip;]\" \/>\n<meta property=\"og:url\" content=\"https:\/\/www.eldiario.net\/portal\/2021\/06\/04\/eeuu-compartira-25-millones-de-vacunas-contra-covid-19\/\" \/>\n<meta property=\"og:site_name\" content=\"El Diario - Bolivia\" \/>\n<meta property=\"article:publisher\" content=\"https:\/\/www.facebook.com\/eldiario.bolivia\/\" \/>\n<meta property=\"article:published_time\" content=\"2021-06-04T09:53:27+00:00\" \/>\n<meta name=\"author\" content=\"Jeanette\" \/>\n<meta name=\"twitter:card\" content=\"summary_large_image\" \/>\n<meta name=\"twitter:creator\" content=\"@eldiario_net\" \/>\n<meta name=\"twitter:site\" content=\"@eldiario_net\" \/>\n<meta name=\"twitter:label1\" content=\"Escrito por\" \/>\n\t<meta name=\"twitter:data1\" content=\"Jeanette\" \/>\n\t<meta name=\"twitter:label2\" content=\"Tiempo de lectura\" \/>\n\t<meta name=\"twitter:data2\" content=\"3 minutos\" \/>\n<script type=\"application\/ld+json\" class=\"yoast-schema-graph\">{\"@context\":\"https:\\\/\\\/schema.org\",\"@graph\":[{\"@type\":\"Article\",\"@id\":\"https:\\\/\\\/www.eldiario.net\\\/portal\\\/2021\\\/06\\\/04\\\/eeuu-compartira-25-millones-de-vacunas-contra-covid-19\\\/#article\",\"isPartOf\":{\"@id\":\"https:\\\/\\\/www.eldiario.net\\\/portal\\\/2021\\\/06\\\/04\\\/eeuu-compartira-25-millones-de-vacunas-contra-covid-19\\\/\"},\"author\":{\"name\":\"Jeanette\",\"@id\":\"https:\\\/\\\/www.eldiario.net\\\/portal\\\/#\\\/schema\\\/person\\\/f46445640444750d7d753ccd04ae01b7\"},\"headline\":\"EEUU compartir\u00e1 25 millones de vacunas contra covid-19\",\"datePublished\":\"2021-06-04T09:53:27+00:00\",\"mainEntityOfPage\":{\"@id\":\"https:\\\/\\\/www.eldiario.net\\\/portal\\\/2021\\\/06\\\/04\\\/eeuu-compartira-25-millones-de-vacunas-contra-covid-19\\\/\"},\"wordCount\":562,\"publisher\":{\"@id\":\"https:\\\/\\\/www.eldiario.net\\\/portal\\\/#organization\"},\"image\":{\"@id\":\"https:\\\/\\\/www.eldiario.net\\\/portal\\\/2021\\\/06\\\/04\\\/eeuu-compartira-25-millones-de-vacunas-contra-covid-19\\\/#primaryimage\"},\"thumbnailUrl\":\"\",\"articleSection\":[\"Internacional\"],\"inLanguage\":\"es\"},{\"@type\":\"WebPage\",\"@id\":\"https:\\\/\\\/www.eldiario.net\\\/portal\\\/2021\\\/06\\\/04\\\/eeuu-compartira-25-millones-de-vacunas-contra-covid-19\\\/\",\"url\":\"https:\\\/\\\/www.eldiario.net\\\/portal\\\/2021\\\/06\\\/04\\\/eeuu-compartira-25-millones-de-vacunas-contra-covid-19\\\/\",\"name\":\"EEUU compartir\u00e1 25 millones de vacunas contra covid-19 - El Diario - Bolivia\",\"isPartOf\":{\"@id\":\"https:\\\/\\\/www.eldiario.net\\\/portal\\\/#website\"},\"primaryImageOfPage\":{\"@id\":\"https:\\\/\\\/www.eldiario.net\\\/portal\\\/2021\\\/06\\\/04\\\/eeuu-compartira-25-millones-de-vacunas-contra-covid-19\\\/#primaryimage\"},\"image\":{\"@id\":\"https:\\\/\\\/www.eldiario.net\\\/portal\\\/2021\\\/06\\\/04\\\/eeuu-compartira-25-millones-de-vacunas-contra-covid-19\\\/#primaryimage\"},\"thumbnailUrl\":\"\",\"datePublished\":\"2021-06-04T09:53:27+00:00\",\"breadcrumb\":{\"@id\":\"https:\\\/\\\/www.eldiario.net\\\/portal\\\/2021\\\/06\\\/04\\\/eeuu-compartira-25-millones-de-vacunas-contra-covid-19\\\/#breadcrumb\"},\"inLanguage\":\"es\",\"potentialAction\":[{\"@type\":\"ReadAction\",\"target\":[\"https:\\\/\\\/www.eldiario.net\\\/portal\\\/2021\\\/06\\\/04\\\/eeuu-compartira-25-millones-de-vacunas-contra-covid-19\\\/\"]}]},{\"@type\":\"ImageObject\",\"inLanguage\":\"es\",\"@id\":\"https:\\\/\\\/www.eldiario.net\\\/portal\\\/2021\\\/06\\\/04\\\/eeuu-compartira-25-millones-de-vacunas-contra-covid-19\\\/#primaryimage\",\"url\":\"\",\"contentUrl\":\"\"},{\"@type\":\"BreadcrumbList\",\"@id\":\"https:\\\/\\\/www.eldiario.net\\\/portal\\\/2021\\\/06\\\/04\\\/eeuu-compartira-25-millones-de-vacunas-contra-covid-19\\\/#breadcrumb\",\"itemListElement\":[{\"@type\":\"ListItem\",\"position\":1,\"name\":\"Portada\",\"item\":\"https:\\\/\\\/www.eldiario.net\\\/portal\\\/\"},{\"@type\":\"ListItem\",\"position\":2,\"name\":\"EEUU compartir\u00e1 25 millones de vacunas contra covid-19\"}]},{\"@type\":\"WebSite\",\"@id\":\"https:\\\/\\\/www.eldiario.net\\\/portal\\\/#website\",\"url\":\"https:\\\/\\\/www.eldiario.net\\\/portal\\\/\",\"name\":\"El Diario - Decano de la prensa nacional\",\"description\":\"El Diario - Decano de la prensa nacional\",\"publisher\":{\"@id\":\"https:\\\/\\\/www.eldiario.net\\\/portal\\\/#organization\"},\"potentialAction\":[{\"@type\":\"SearchAction\",\"target\":{\"@type\":\"EntryPoint\",\"urlTemplate\":\"https:\\\/\\\/www.eldiario.net\\\/portal\\\/?s={search_term_string}\"},\"query-input\":{\"@type\":\"PropertyValueSpecification\",\"valueRequired\":true,\"valueName\":\"search_term_string\"}}],\"inLanguage\":\"es\"},{\"@type\":\"Organization\",\"@id\":\"https:\\\/\\\/www.eldiario.net\\\/portal\\\/#organization\",\"name\":\"El Diario - Decano de la prensa nacional\",\"url\":\"https:\\\/\\\/www.eldiario.net\\\/portal\\\/\",\"logo\":{\"@type\":\"ImageObject\",\"inLanguage\":\"es\",\"@id\":\"https:\\\/\\\/www.eldiario.net\\\/portal\\\/#\\\/schema\\\/logo\\\/image\\\/\",\"url\":\"https:\\\/\\\/www.eldiario.net\\\/portal\\\/wp-content\\\/uploads\\\/2023\\\/07\\\/logo_ED.jpg\",\"contentUrl\":\"https:\\\/\\\/www.eldiario.net\\\/portal\\\/wp-content\\\/uploads\\\/2023\\\/07\\\/logo_ED.jpg\",\"width\":272,\"height\":52,\"caption\":\"El Diario - Decano de la prensa nacional\"},\"image\":{\"@id\":\"https:\\\/\\\/www.eldiario.net\\\/portal\\\/#\\\/schema\\\/logo\\\/image\\\/\"},\"sameAs\":[\"https:\\\/\\\/www.facebook.com\\\/eldiario.bolivia\\\/\",\"https:\\\/\\\/x.com\\\/eldiario_net\"]},{\"@type\":\"Person\",\"@id\":\"https:\\\/\\\/www.eldiario.net\\\/portal\\\/#\\\/schema\\\/person\\\/f46445640444750d7d753ccd04ae01b7\",\"name\":\"Jeanette\",\"image\":{\"@type\":\"ImageObject\",\"inLanguage\":\"es\",\"@id\":\"https:\\\/\\\/secure.gravatar.com\\\/avatar\\\/3ea2118a5f7dad2b7138b1187a6b7ee55f160b9968b66013c3a3ef39dd7e5798?s=96&d=mm&r=g\",\"url\":\"https:\\\/\\\/secure.gravatar.com\\\/avatar\\\/3ea2118a5f7dad2b7138b1187a6b7ee55f160b9968b66013c3a3ef39dd7e5798?s=96&d=mm&r=g\",\"contentUrl\":\"https:\\\/\\\/secure.gravatar.com\\\/avatar\\\/3ea2118a5f7dad2b7138b1187a6b7ee55f160b9968b66013c3a3ef39dd7e5798?s=96&d=mm&r=g\",\"caption\":\"Jeanette\"},\"sameAs\":[\"https:\\\/\\\/www.eldiario.net\\\/portal\"],\"url\":\"https:\\\/\\\/www.eldiario.net\\\/portal\\\/author\\\/jeanette\\\/\"}]}<\/script>\n<!-- \/ Yoast SEO plugin. -->","yoast_head_json":{"title":"EEUU compartir\u00e1 25 millones de vacunas contra covid-19 - El Diario - Bolivia","robots":{"index":"index","follow":"follow","max-snippet":"max-snippet:-1","max-image-preview":"max-image-preview:large","max-video-preview":"max-video-preview:-1"},"canonical":"https:\/\/www.eldiario.net\/portal\/2021\/06\/04\/eeuu-compartira-25-millones-de-vacunas-contra-covid-19\/","og_locale":"es_ES","og_type":"article","og_title":"EEUU compartir\u00e1 25 millones de vacunas contra covid-19 - El Diario - Bolivia","og_description":"Washington.- El presidente Joe Biden anunci\u00f3 este jueves c\u00f3mo Estados Unidos compartir\u00eda unos 25 millones de las 80 millones de vacunas contra el covid-19 que planea distribuir al resto del mundo. El presidente Joe Biden asegur\u00f3 que Estados Unidos compartir\u00eda las dosis sin esperar favores pol\u00edticos a cambio. Se ha comprometido a compartir unas 80 [&hellip;]","og_url":"https:\/\/www.eldiario.net\/portal\/2021\/06\/04\/eeuu-compartira-25-millones-de-vacunas-contra-covid-19\/","og_site_name":"El Diario - Bolivia","article_publisher":"https:\/\/www.facebook.com\/eldiario.bolivia\/","article_published_time":"2021-06-04T09:53:27+00:00","author":"Jeanette","twitter_card":"summary_large_image","twitter_creator":"@eldiario_net","twitter_site":"@eldiario_net","twitter_misc":{"Escrito por":"Jeanette","Tiempo de lectura":"3 minutos"},"schema":{"@context":"https:\/\/schema.org","@graph":[{"@type":"Article","@id":"https:\/\/www.eldiario.net\/portal\/2021\/06\/04\/eeuu-compartira-25-millones-de-vacunas-contra-covid-19\/#article","isPartOf":{"@id":"https:\/\/www.eldiario.net\/portal\/2021\/06\/04\/eeuu-compartira-25-millones-de-vacunas-contra-covid-19\/"},"author":{"name":"Jeanette","@id":"https:\/\/www.eldiario.net\/portal\/#\/schema\/person\/f46445640444750d7d753ccd04ae01b7"},"headline":"EEUU compartir\u00e1 25 millones de vacunas contra covid-19","datePublished":"2021-06-04T09:53:27+00:00","mainEntityOfPage":{"@id":"https:\/\/www.eldiario.net\/portal\/2021\/06\/04\/eeuu-compartira-25-millones-de-vacunas-contra-covid-19\/"},"wordCount":562,"publisher":{"@id":"https:\/\/www.eldiario.net\/portal\/#organization"},"image":{"@id":"https:\/\/www.eldiario.net\/portal\/2021\/06\/04\/eeuu-compartira-25-millones-de-vacunas-contra-covid-19\/#primaryimage"},"thumbnailUrl":"","articleSection":["Internacional"],"inLanguage":"es"},{"@type":"WebPage","@id":"https:\/\/www.eldiario.net\/portal\/2021\/06\/04\/eeuu-compartira-25-millones-de-vacunas-contra-covid-19\/","url":"https:\/\/www.eldiario.net\/portal\/2021\/06\/04\/eeuu-compartira-25-millones-de-vacunas-contra-covid-19\/","name":"EEUU compartir\u00e1 25 millones de vacunas contra covid-19 - El Diario - Bolivia","isPartOf":{"@id":"https:\/\/www.eldiario.net\/portal\/#website"},"primaryImageOfPage":{"@id":"https:\/\/www.eldiario.net\/portal\/2021\/06\/04\/eeuu-compartira-25-millones-de-vacunas-contra-covid-19\/#primaryimage"},"image":{"@id":"https:\/\/www.eldiario.net\/portal\/2021\/06\/04\/eeuu-compartira-25-millones-de-vacunas-contra-covid-19\/#primaryimage"},"thumbnailUrl":"","datePublished":"2021-06-04T09:53:27+00:00","breadcrumb":{"@id":"https:\/\/www.eldiario.net\/portal\/2021\/06\/04\/eeuu-compartira-25-millones-de-vacunas-contra-covid-19\/#breadcrumb"},"inLanguage":"es","potentialAction":[{"@type":"ReadAction","target":["https:\/\/www.eldiario.net\/portal\/2021\/06\/04\/eeuu-compartira-25-millones-de-vacunas-contra-covid-19\/"]}]},{"@type":"ImageObject","inLanguage":"es","@id":"https:\/\/www.eldiario.net\/portal\/2021\/06\/04\/eeuu-compartira-25-millones-de-vacunas-contra-covid-19\/#primaryimage","url":"","contentUrl":""},{"@type":"BreadcrumbList","@id":"https:\/\/www.eldiario.net\/portal\/2021\/06\/04\/eeuu-compartira-25-millones-de-vacunas-contra-covid-19\/#breadcrumb","itemListElement":[{"@type":"ListItem","position":1,"name":"Portada","item":"https:\/\/www.eldiario.net\/portal\/"},{"@type":"ListItem","position":2,"name":"EEUU compartir\u00e1 25 millones de vacunas contra covid-19"}]},{"@type":"WebSite","@id":"https:\/\/www.eldiario.net\/portal\/#website","url":"https:\/\/www.eldiario.net\/portal\/","name":"El Diario - Decano de la prensa nacional","description":"El Diario - Decano de la prensa nacional","publisher":{"@id":"https:\/\/www.eldiario.net\/portal\/#organization"},"potentialAction":[{"@type":"SearchAction","target":{"@type":"EntryPoint","urlTemplate":"https:\/\/www.eldiario.net\/portal\/?s={search_term_string}"},"query-input":{"@type":"PropertyValueSpecification","valueRequired":true,"valueName":"search_term_string"}}],"inLanguage":"es"},{"@type":"Organization","@id":"https:\/\/www.eldiario.net\/portal\/#organization","name":"El Diario - Decano de la prensa nacional","url":"https:\/\/www.eldiario.net\/portal\/","logo":{"@type":"ImageObject","inLanguage":"es","@id":"https:\/\/www.eldiario.net\/portal\/#\/schema\/logo\/image\/","url":"https:\/\/www.eldiario.net\/portal\/wp-content\/uploads\/2023\/07\/logo_ED.jpg","contentUrl":"https:\/\/www.eldiario.net\/portal\/wp-content\/uploads\/2023\/07\/logo_ED.jpg","width":272,"height":52,"caption":"El Diario - Decano de la prensa nacional"},"image":{"@id":"https:\/\/www.eldiario.net\/portal\/#\/schema\/logo\/image\/"},"sameAs":["https:\/\/www.facebook.com\/eldiario.bolivia\/","https:\/\/x.com\/eldiario_net"]},{"@type":"Person","@id":"https:\/\/www.eldiario.net\/portal\/#\/schema\/person\/f46445640444750d7d753ccd04ae01b7","name":"Jeanette","image":{"@type":"ImageObject","inLanguage":"es","@id":"https:\/\/secure.gravatar.com\/avatar\/3ea2118a5f7dad2b7138b1187a6b7ee55f160b9968b66013c3a3ef39dd7e5798?s=96&d=mm&r=g","url":"https:\/\/secure.gravatar.com\/avatar\/3ea2118a5f7dad2b7138b1187a6b7ee55f160b9968b66013c3a3ef39dd7e5798?s=96&d=mm&r=g","contentUrl":"https:\/\/secure.gravatar.com\/avatar\/3ea2118a5f7dad2b7138b1187a6b7ee55f160b9968b66013c3a3ef39dd7e5798?s=96&d=mm&r=g","caption":"Jeanette"},"sameAs":["https:\/\/www.eldiario.net\/portal"],"url":"https:\/\/www.eldiario.net\/portal\/author\/jeanette\/"}]}},"_links":{"self":[{"href":"https:\/\/www.eldiario.net\/portal\/wp-json\/wp\/v2\/posts\/8183","targetHints":{"allow":["GET"]}}],"collection":[{"href":"https:\/\/www.eldiario.net\/portal\/wp-json\/wp\/v2\/posts"}],"about":[{"href":"https:\/\/www.eldiario.net\/portal\/wp-json\/wp\/v2\/types\/post"}],"author":[{"embeddable":true,"href":"https:\/\/www.eldiario.net\/portal\/wp-json\/wp\/v2\/users\/1"}],"replies":[{"embeddable":true,"href":"https:\/\/www.eldiario.net\/portal\/wp-json\/wp\/v2\/comments?post=8183"}],"version-history":[{"count":0,"href":"https:\/\/www.eldiario.net\/portal\/wp-json\/wp\/v2\/posts\/8183\/revisions"}],"wp:attachment":[{"href":"https:\/\/www.eldiario.net\/portal\/wp-json\/wp\/v2\/media?parent=8183"}],"wp:term":[{"taxonomy":"category","embeddable":true,"href":"https:\/\/www.eldiario.net\/portal\/wp-json\/wp\/v2\/categories?post=8183"},{"taxonomy":"post_tag","embeddable":true,"href":"https:\/\/www.eldiario.net\/portal\/wp-json\/wp\/v2\/tags?post=8183"}],"curies":[{"name":"wp","href":"https:\/\/api.w.org\/{rel}","templated":true}]}}