{"id":8180,"date":"2021-06-04T05:52:13","date_gmt":"2021-06-04T09:52:13","guid":{"rendered":"https:\/\/www.eldiario.net\/portal\/?p=8180"},"modified":"2021-06-04T05:52:13","modified_gmt":"2021-06-04T09:52:13","slug":"ocho-de-diez-migrantes-venezolanos-no-puedan-cubrir-su-alimentacion","status":"publish","type":"post","link":"https:\/\/www.eldiario.net\/portal\/2021\/06\/04\/ocho-de-diez-migrantes-venezolanos-no-puedan-cubrir-su-alimentacion\/","title":{"rendered":"Ocho de diez migrantes venezolanos  no puedan cubrir su alimentaci\u00f3n"},"content":{"rendered":"<p>Caracas.- Con la llegada de la pandemia, los migrantes venezolanos se enfrentan a una \u00abdram\u00e1tica p\u00e9rdida de ingresos\u00bb, con el 83 por ciento de los refugiados sin poder cubrir su alimentaci\u00f3n, vi\u00e9ndose obligados a reducir sus comidas diarias, mientras que el 71 por ciento no puede hacerse cargo del alquiler, algo que se traduce en el aumento de las personas que viven en la calle, seg\u00fan World Vision.<br \/>\nEstas son algunas de las conclusiones que se desprenden del informe presentado este jueves por la organizaci\u00f3n World Vision, que ha entrevistado a migrantes venezolanos de 171 hogares desplazados en Colombia, Per\u00fa, Brasil y Venezuela, con una media de cinco miembros por hogar, en una investigaci\u00f3n llevada a cabo en mayo y que ha constatado las consecuencias que la pandemia del coronavirus ha dejado en estas comunidades.<br \/>\nActualmente, hay aproximadamente 5,6 millones de migrantes venezolanos tras una \u00abtormenta perfecta\u00bb que ha supuesto \u00abla violenta colisi\u00f3n de una crisis humanitaria largamente ignorada con la peor pandemia que ha sufrido nuestra poblaci\u00f3n\u00bb, ha lamentado el l\u00edder de World Vision para Am\u00e9rica Latina y el Caribe, Joao Diniz.<br \/>\nEn este contexto, Colombia y Per\u00fa son las naciones donde m\u00e1s acentuada es esta p\u00e9rdida de ingresos, mientras que en todos los pa\u00edses este impacto econ\u00f3mico ha sido m\u00e1s dram\u00e1tico en las mujeres.<br \/>\nLas conclusiones del informe reflejan que para afrontar esta p\u00e9rdida de ingresos los migrantes se han visto obligados a reducir sus comidas, incluso a una sola al d\u00eda, mientras que se han visto empujados a hacer uso de la ayuda humanitaria y de la asistencia que ofrecen los Gobiernos, aunque no obstante hay naciones que ni siquiera tienen contemplados programas humanitarios, como Colombia y Per\u00fa.<br \/>\nAdem\u00e1s, al no poder pagar alquiler, en Colombia la mitad de los migrantes en tr\u00e1nsito dicen haber dormido en la calle, mientras que esta cifra alcanza el 79 por ciento en el norte de Ecuador.<br \/>\nTambi\u00e9n se ha traducido en un aumento de la xenofobia y la discriminaci\u00f3n, en la medida en que los migrantes son acusados de introducir la covid-19 en los pa\u00edses de acogida, una consecuencia que se ha materializado especialmente en Per\u00fa, con un 46 por ciento de los entrevistados asegurando que reciben ataques personales por su condici\u00f3n de migrante.<br \/>\nAsimismo, se ha detectado un incremento en los atrasos del procesamiento de los documentos de refugio, siendo Per\u00fa el que encabeza tambi\u00e9n esta consecuencia, con un 10 por ciento, seguido de Colombia, que registra un 9 por ciento.<\/p>\n<p>SALUD MENTAL<br \/>\nEl informe de 2021, en comparaci\u00f3n con las cifras obtenidas por el an\u00e1lisis del a\u00f1o anterior, ha puesto de manifiesto la aparici\u00f3n de la salud mental como preocupaci\u00f3n para las familias venezolanas migrantes sobre sus los menores de edad.<br \/>\nEn concreto, un 77 por ciento ha constatado un impacto negativo en el bienestar psicol\u00f3gico de sus hijos, mientras que un 40 por ciento ha mencionado tendencias de depresi\u00f3n y un 30 por ciento aumento del estr\u00e9s, as\u00ed como aumento de violencia.<br \/>\nA esto se a\u00f1ade la disminuci\u00f3n en un 26 por ciento de los servicios psicosociales y que solo se ha conseguido un 4 por ciento de la financiaci\u00f3n necesaria para brindar la ayuda que necesitan los migrantes y desplazados internos.<br \/>\nOtras de las preocupaciones para la ni\u00f1ez son la comida limitada -un 51 %-, la deserci\u00f3n escolar -un 16 %- y el abuso, negligencia y explotaci\u00f3n -un 11 %-.<\/p>\n<p>CONSECUENCIAS<br \/>\nDE LA PANDEMIA<br \/>\nLa llegada de la pandemia ha tenido un fuerte impacto en las comunidades de migrantes, no solo en las condiciones econ\u00f3micas y sociales, sino tambi\u00e9n en el acceso a las vacunas contra la enfermedad, algo que desde World Vision han denunciado, ya que \u00abno est\u00e1n llegando a las poblaciones m\u00e1s necesitadas, y las condiciones de vida de los migrantes los exponen a mayor riesgo\u00bb, ha denunciado la directora t\u00e9cnica, promoci\u00f3n y compromiso externo de World Vision.<br \/>\nDe las personas entrevistadas para esta investigaci\u00f3n, el 20 por ciento cree no ser elegible para la inmunizaci\u00f3n por su condici\u00f3n de refugiados, mientras que el 66 por ciento no ten\u00eda informaci\u00f3n sobre los planes de vacunaci\u00f3n para sus comunidades.<br \/>\nEsto se debe a que \u00abno hay informaci\u00f3n espec\u00edficamente creada para ellos, mientras que la mayor\u00eda no tienen acceso a medios de comunicaci\u00f3n, ni en muchos casos a Internet\u00bb, algo que se suma que el 22 por ciento no recibe informaci\u00f3n regular sobre Covid-19, como protocolos y medidas se seguridad sanitaria.<br \/>\nFinalmente, entre las preocupantes conclusiones se incluye que el 40 por ciento no sabe si se vacunar\u00e1 y el 44 por ciento no ha escuchado nada de las vacunas, \u00abni siquiera que existen\u00bb.<br \/>\nEn un contexto de falta de informaci\u00f3n y de acceso a la vacunaci\u00f3n, World Vision ha trabajado estrechamente con los l\u00edderes religiosos de las comunidades, que cuentan con altas cuotas de credibilidad \u00abque no hay otra parte del mundo\u00bb, que en el caso de Brasil se elevan al 78 por ciento y en Colombia al 67 por ciento. (Europa Press)<\/p>\n","protected":false},"excerpt":{"rendered":"<p>Caracas.- Con la llegada de la pandemia, los migrantes venezolanos se enfrentan a una \u00abdram\u00e1tica p\u00e9rdida de ingresos\u00bb, con el 83 por ciento de los refugiados sin poder cubrir su alimentaci\u00f3n, vi\u00e9ndose obligados a reducir sus comidas diarias, mientras que el 71 por ciento no puede hacerse cargo del alquiler, algo que se traduce en [&hellip;]<\/p>\n","protected":false},"author":1,"featured_media":8181,"comment_status":"closed","ping_status":"closed","sticky":false,"template":"","format":"standard","meta":{"_acf_changed":false,"footnotes":""},"categories":[3],"tags":[],"class_list":["post-8180","post","type-post","status-publish","format-standard","has-post-thumbnail","category-internacional"],"acf":{"antetitulo":""},"yoast_head":"<!-- This site is optimized with the Yoast SEO plugin v28.4 - https:\/\/yoast.com\/product\/yoast-seo-wordpress\/ -->\n<title>Ocho de diez migrantes venezolanos no puedan cubrir su alimentaci\u00f3n - El Diario - Bolivia<\/title>\n<meta name=\"robots\" content=\"index, follow, max-snippet:-1, max-image-preview:large, max-video-preview:-1\" \/>\n<link rel=\"canonical\" href=\"https:\/\/www.eldiario.net\/portal\/2021\/06\/04\/ocho-de-diez-migrantes-venezolanos-no-puedan-cubrir-su-alimentacion\/\" \/>\n<meta property=\"og:locale\" content=\"es_ES\" \/>\n<meta property=\"og:type\" content=\"article\" \/>\n<meta property=\"og:title\" content=\"Ocho de diez migrantes venezolanos no puedan cubrir su alimentaci\u00f3n - El Diario - Bolivia\" \/>\n<meta property=\"og:description\" content=\"Caracas.- Con la llegada de la pandemia, los migrantes venezolanos se enfrentan a una \u00abdram\u00e1tica p\u00e9rdida de ingresos\u00bb, con el 83 por ciento de los refugiados sin poder cubrir su alimentaci\u00f3n, vi\u00e9ndose obligados a reducir sus comidas diarias, mientras que el 71 por ciento no puede hacerse cargo del alquiler, algo que se traduce en [&hellip;]\" \/>\n<meta property=\"og:url\" content=\"https:\/\/www.eldiario.net\/portal\/2021\/06\/04\/ocho-de-diez-migrantes-venezolanos-no-puedan-cubrir-su-alimentacion\/\" \/>\n<meta property=\"og:site_name\" content=\"El Diario - Bolivia\" \/>\n<meta property=\"article:publisher\" content=\"https:\/\/www.facebook.com\/eldiario.bolivia\/\" \/>\n<meta property=\"article:published_time\" content=\"2021-06-04T09:52:13+00:00\" \/>\n<meta name=\"author\" content=\"Jeanette\" \/>\n<meta name=\"twitter:card\" content=\"summary_large_image\" \/>\n<meta name=\"twitter:creator\" content=\"@eldiario_net\" \/>\n<meta name=\"twitter:site\" content=\"@eldiario_net\" \/>\n<meta name=\"twitter:label1\" content=\"Escrito por\" \/>\n\t<meta name=\"twitter:data1\" content=\"Jeanette\" \/>\n\t<meta name=\"twitter:label2\" content=\"Tiempo de lectura\" \/>\n\t<meta name=\"twitter:data2\" content=\"4 minutos\" \/>\n<script type=\"application\/ld+json\" class=\"yoast-schema-graph\">{\"@context\":\"https:\\\/\\\/schema.org\",\"@graph\":[{\"@type\":\"Article\",\"@id\":\"https:\\\/\\\/www.eldiario.net\\\/portal\\\/2021\\\/06\\\/04\\\/ocho-de-diez-migrantes-venezolanos-no-puedan-cubrir-su-alimentacion\\\/#article\",\"isPartOf\":{\"@id\":\"https:\\\/\\\/www.eldiario.net\\\/portal\\\/2021\\\/06\\\/04\\\/ocho-de-diez-migrantes-venezolanos-no-puedan-cubrir-su-alimentacion\\\/\"},\"author\":{\"name\":\"Jeanette\",\"@id\":\"https:\\\/\\\/www.eldiario.net\\\/portal\\\/#\\\/schema\\\/person\\\/f46445640444750d7d753ccd04ae01b7\"},\"headline\":\"Ocho de diez migrantes venezolanos no puedan cubrir su alimentaci\u00f3n\",\"datePublished\":\"2021-06-04T09:52:13+00:00\",\"mainEntityOfPage\":{\"@id\":\"https:\\\/\\\/www.eldiario.net\\\/portal\\\/2021\\\/06\\\/04\\\/ocho-de-diez-migrantes-venezolanos-no-puedan-cubrir-su-alimentacion\\\/\"},\"wordCount\":876,\"publisher\":{\"@id\":\"https:\\\/\\\/www.eldiario.net\\\/portal\\\/#organization\"},\"image\":{\"@id\":\"https:\\\/\\\/www.eldiario.net\\\/portal\\\/2021\\\/06\\\/04\\\/ocho-de-diez-migrantes-venezolanos-no-puedan-cubrir-su-alimentacion\\\/#primaryimage\"},\"thumbnailUrl\":\"\",\"articleSection\":[\"Internacional\"],\"inLanguage\":\"es\"},{\"@type\":\"WebPage\",\"@id\":\"https:\\\/\\\/www.eldiario.net\\\/portal\\\/2021\\\/06\\\/04\\\/ocho-de-diez-migrantes-venezolanos-no-puedan-cubrir-su-alimentacion\\\/\",\"url\":\"https:\\\/\\\/www.eldiario.net\\\/portal\\\/2021\\\/06\\\/04\\\/ocho-de-diez-migrantes-venezolanos-no-puedan-cubrir-su-alimentacion\\\/\",\"name\":\"Ocho de diez migrantes venezolanos no puedan cubrir su alimentaci\u00f3n - El Diario - Bolivia\",\"isPartOf\":{\"@id\":\"https:\\\/\\\/www.eldiario.net\\\/portal\\\/#website\"},\"primaryImageOfPage\":{\"@id\":\"https:\\\/\\\/www.eldiario.net\\\/portal\\\/2021\\\/06\\\/04\\\/ocho-de-diez-migrantes-venezolanos-no-puedan-cubrir-su-alimentacion\\\/#primaryimage\"},\"image\":{\"@id\":\"https:\\\/\\\/www.eldiario.net\\\/portal\\\/2021\\\/06\\\/04\\\/ocho-de-diez-migrantes-venezolanos-no-puedan-cubrir-su-alimentacion\\\/#primaryimage\"},\"thumbnailUrl\":\"\",\"datePublished\":\"2021-06-04T09:52:13+00:00\",\"breadcrumb\":{\"@id\":\"https:\\\/\\\/www.eldiario.net\\\/portal\\\/2021\\\/06\\\/04\\\/ocho-de-diez-migrantes-venezolanos-no-puedan-cubrir-su-alimentacion\\\/#breadcrumb\"},\"inLanguage\":\"es\",\"potentialAction\":[{\"@type\":\"ReadAction\",\"target\":[\"https:\\\/\\\/www.eldiario.net\\\/portal\\\/2021\\\/06\\\/04\\\/ocho-de-diez-migrantes-venezolanos-no-puedan-cubrir-su-alimentacion\\\/\"]}]},{\"@type\":\"ImageObject\",\"inLanguage\":\"es\",\"@id\":\"https:\\\/\\\/www.eldiario.net\\\/portal\\\/2021\\\/06\\\/04\\\/ocho-de-diez-migrantes-venezolanos-no-puedan-cubrir-su-alimentacion\\\/#primaryimage\",\"url\":\"\",\"contentUrl\":\"\"},{\"@type\":\"BreadcrumbList\",\"@id\":\"https:\\\/\\\/www.eldiario.net\\\/portal\\\/2021\\\/06\\\/04\\\/ocho-de-diez-migrantes-venezolanos-no-puedan-cubrir-su-alimentacion\\\/#breadcrumb\",\"itemListElement\":[{\"@type\":\"ListItem\",\"position\":1,\"name\":\"Portada\",\"item\":\"https:\\\/\\\/www.eldiario.net\\\/portal\\\/\"},{\"@type\":\"ListItem\",\"position\":2,\"name\":\"Ocho de diez migrantes venezolanos no puedan cubrir su alimentaci\u00f3n\"}]},{\"@type\":\"WebSite\",\"@id\":\"https:\\\/\\\/www.eldiario.net\\\/portal\\\/#website\",\"url\":\"https:\\\/\\\/www.eldiario.net\\\/portal\\\/\",\"name\":\"El Diario - Decano de la prensa nacional\",\"description\":\"El Diario - Decano de la prensa nacional\",\"publisher\":{\"@id\":\"https:\\\/\\\/www.eldiario.net\\\/portal\\\/#organization\"},\"potentialAction\":[{\"@type\":\"SearchAction\",\"target\":{\"@type\":\"EntryPoint\",\"urlTemplate\":\"https:\\\/\\\/www.eldiario.net\\\/portal\\\/?s={search_term_string}\"},\"query-input\":{\"@type\":\"PropertyValueSpecification\",\"valueRequired\":true,\"valueName\":\"search_term_string\"}}],\"inLanguage\":\"es\"},{\"@type\":\"Organization\",\"@id\":\"https:\\\/\\\/www.eldiario.net\\\/portal\\\/#organization\",\"name\":\"El Diario - Decano de la prensa nacional\",\"url\":\"https:\\\/\\\/www.eldiario.net\\\/portal\\\/\",\"logo\":{\"@type\":\"ImageObject\",\"inLanguage\":\"es\",\"@id\":\"https:\\\/\\\/www.eldiario.net\\\/portal\\\/#\\\/schema\\\/logo\\\/image\\\/\",\"url\":\"https:\\\/\\\/www.eldiario.net\\\/portal\\\/wp-content\\\/uploads\\\/2023\\\/07\\\/logo_ED.jpg\",\"contentUrl\":\"https:\\\/\\\/www.eldiario.net\\\/portal\\\/wp-content\\\/uploads\\\/2023\\\/07\\\/logo_ED.jpg\",\"width\":272,\"height\":52,\"caption\":\"El Diario - Decano de la prensa nacional\"},\"image\":{\"@id\":\"https:\\\/\\\/www.eldiario.net\\\/portal\\\/#\\\/schema\\\/logo\\\/image\\\/\"},\"sameAs\":[\"https:\\\/\\\/www.facebook.com\\\/eldiario.bolivia\\\/\",\"https:\\\/\\\/x.com\\\/eldiario_net\"]},{\"@type\":\"Person\",\"@id\":\"https:\\\/\\\/www.eldiario.net\\\/portal\\\/#\\\/schema\\\/person\\\/f46445640444750d7d753ccd04ae01b7\",\"name\":\"Jeanette\",\"image\":{\"@type\":\"ImageObject\",\"inLanguage\":\"es\",\"@id\":\"https:\\\/\\\/secure.gravatar.com\\\/avatar\\\/3ea2118a5f7dad2b7138b1187a6b7ee55f160b9968b66013c3a3ef39dd7e5798?s=96&d=mm&r=g\",\"url\":\"https:\\\/\\\/secure.gravatar.com\\\/avatar\\\/3ea2118a5f7dad2b7138b1187a6b7ee55f160b9968b66013c3a3ef39dd7e5798?s=96&d=mm&r=g\",\"contentUrl\":\"https:\\\/\\\/secure.gravatar.com\\\/avatar\\\/3ea2118a5f7dad2b7138b1187a6b7ee55f160b9968b66013c3a3ef39dd7e5798?s=96&d=mm&r=g\",\"caption\":\"Jeanette\"},\"sameAs\":[\"https:\\\/\\\/www.eldiario.net\\\/portal\"],\"url\":\"https:\\\/\\\/www.eldiario.net\\\/portal\\\/author\\\/jeanette\\\/\"}]}<\/script>\n<!-- \/ Yoast SEO plugin. -->","yoast_head_json":{"title":"Ocho de diez migrantes venezolanos no puedan cubrir su alimentaci\u00f3n - El Diario - Bolivia","robots":{"index":"index","follow":"follow","max-snippet":"max-snippet:-1","max-image-preview":"max-image-preview:large","max-video-preview":"max-video-preview:-1"},"canonical":"https:\/\/www.eldiario.net\/portal\/2021\/06\/04\/ocho-de-diez-migrantes-venezolanos-no-puedan-cubrir-su-alimentacion\/","og_locale":"es_ES","og_type":"article","og_title":"Ocho de diez migrantes venezolanos no puedan cubrir su alimentaci\u00f3n - El Diario - Bolivia","og_description":"Caracas.- Con la llegada de la pandemia, los migrantes venezolanos se enfrentan a una \u00abdram\u00e1tica p\u00e9rdida de ingresos\u00bb, con el 83 por ciento de los refugiados sin poder cubrir su alimentaci\u00f3n, vi\u00e9ndose obligados a reducir sus comidas diarias, mientras que el 71 por ciento no puede hacerse cargo del alquiler, algo que se traduce en [&hellip;]","og_url":"https:\/\/www.eldiario.net\/portal\/2021\/06\/04\/ocho-de-diez-migrantes-venezolanos-no-puedan-cubrir-su-alimentacion\/","og_site_name":"El Diario - Bolivia","article_publisher":"https:\/\/www.facebook.com\/eldiario.bolivia\/","article_published_time":"2021-06-04T09:52:13+00:00","author":"Jeanette","twitter_card":"summary_large_image","twitter_creator":"@eldiario_net","twitter_site":"@eldiario_net","twitter_misc":{"Escrito por":"Jeanette","Tiempo de lectura":"4 minutos"},"schema":{"@context":"https:\/\/schema.org","@graph":[{"@type":"Article","@id":"https:\/\/www.eldiario.net\/portal\/2021\/06\/04\/ocho-de-diez-migrantes-venezolanos-no-puedan-cubrir-su-alimentacion\/#article","isPartOf":{"@id":"https:\/\/www.eldiario.net\/portal\/2021\/06\/04\/ocho-de-diez-migrantes-venezolanos-no-puedan-cubrir-su-alimentacion\/"},"author":{"name":"Jeanette","@id":"https:\/\/www.eldiario.net\/portal\/#\/schema\/person\/f46445640444750d7d753ccd04ae01b7"},"headline":"Ocho de diez migrantes venezolanos no puedan cubrir su alimentaci\u00f3n","datePublished":"2021-06-04T09:52:13+00:00","mainEntityOfPage":{"@id":"https:\/\/www.eldiario.net\/portal\/2021\/06\/04\/ocho-de-diez-migrantes-venezolanos-no-puedan-cubrir-su-alimentacion\/"},"wordCount":876,"publisher":{"@id":"https:\/\/www.eldiario.net\/portal\/#organization"},"image":{"@id":"https:\/\/www.eldiario.net\/portal\/2021\/06\/04\/ocho-de-diez-migrantes-venezolanos-no-puedan-cubrir-su-alimentacion\/#primaryimage"},"thumbnailUrl":"","articleSection":["Internacional"],"inLanguage":"es"},{"@type":"WebPage","@id":"https:\/\/www.eldiario.net\/portal\/2021\/06\/04\/ocho-de-diez-migrantes-venezolanos-no-puedan-cubrir-su-alimentacion\/","url":"https:\/\/www.eldiario.net\/portal\/2021\/06\/04\/ocho-de-diez-migrantes-venezolanos-no-puedan-cubrir-su-alimentacion\/","name":"Ocho de diez migrantes venezolanos no puedan cubrir su alimentaci\u00f3n - El Diario - Bolivia","isPartOf":{"@id":"https:\/\/www.eldiario.net\/portal\/#website"},"primaryImageOfPage":{"@id":"https:\/\/www.eldiario.net\/portal\/2021\/06\/04\/ocho-de-diez-migrantes-venezolanos-no-puedan-cubrir-su-alimentacion\/#primaryimage"},"image":{"@id":"https:\/\/www.eldiario.net\/portal\/2021\/06\/04\/ocho-de-diez-migrantes-venezolanos-no-puedan-cubrir-su-alimentacion\/#primaryimage"},"thumbnailUrl":"","datePublished":"2021-06-04T09:52:13+00:00","breadcrumb":{"@id":"https:\/\/www.eldiario.net\/portal\/2021\/06\/04\/ocho-de-diez-migrantes-venezolanos-no-puedan-cubrir-su-alimentacion\/#breadcrumb"},"inLanguage":"es","potentialAction":[{"@type":"ReadAction","target":["https:\/\/www.eldiario.net\/portal\/2021\/06\/04\/ocho-de-diez-migrantes-venezolanos-no-puedan-cubrir-su-alimentacion\/"]}]},{"@type":"ImageObject","inLanguage":"es","@id":"https:\/\/www.eldiario.net\/portal\/2021\/06\/04\/ocho-de-diez-migrantes-venezolanos-no-puedan-cubrir-su-alimentacion\/#primaryimage","url":"","contentUrl":""},{"@type":"BreadcrumbList","@id":"https:\/\/www.eldiario.net\/portal\/2021\/06\/04\/ocho-de-diez-migrantes-venezolanos-no-puedan-cubrir-su-alimentacion\/#breadcrumb","itemListElement":[{"@type":"ListItem","position":1,"name":"Portada","item":"https:\/\/www.eldiario.net\/portal\/"},{"@type":"ListItem","position":2,"name":"Ocho de diez migrantes venezolanos no puedan cubrir su alimentaci\u00f3n"}]},{"@type":"WebSite","@id":"https:\/\/www.eldiario.net\/portal\/#website","url":"https:\/\/www.eldiario.net\/portal\/","name":"El Diario - Decano de la prensa nacional","description":"El Diario - Decano de la prensa nacional","publisher":{"@id":"https:\/\/www.eldiario.net\/portal\/#organization"},"potentialAction":[{"@type":"SearchAction","target":{"@type":"EntryPoint","urlTemplate":"https:\/\/www.eldiario.net\/portal\/?s={search_term_string}"},"query-input":{"@type":"PropertyValueSpecification","valueRequired":true,"valueName":"search_term_string"}}],"inLanguage":"es"},{"@type":"Organization","@id":"https:\/\/www.eldiario.net\/portal\/#organization","name":"El Diario - Decano de la prensa nacional","url":"https:\/\/www.eldiario.net\/portal\/","logo":{"@type":"ImageObject","inLanguage":"es","@id":"https:\/\/www.eldiario.net\/portal\/#\/schema\/logo\/image\/","url":"https:\/\/www.eldiario.net\/portal\/wp-content\/uploads\/2023\/07\/logo_ED.jpg","contentUrl":"https:\/\/www.eldiario.net\/portal\/wp-content\/uploads\/2023\/07\/logo_ED.jpg","width":272,"height":52,"caption":"El Diario - Decano de la prensa nacional"},"image":{"@id":"https:\/\/www.eldiario.net\/portal\/#\/schema\/logo\/image\/"},"sameAs":["https:\/\/www.facebook.com\/eldiario.bolivia\/","https:\/\/x.com\/eldiario_net"]},{"@type":"Person","@id":"https:\/\/www.eldiario.net\/portal\/#\/schema\/person\/f46445640444750d7d753ccd04ae01b7","name":"Jeanette","image":{"@type":"ImageObject","inLanguage":"es","@id":"https:\/\/secure.gravatar.com\/avatar\/3ea2118a5f7dad2b7138b1187a6b7ee55f160b9968b66013c3a3ef39dd7e5798?s=96&d=mm&r=g","url":"https:\/\/secure.gravatar.com\/avatar\/3ea2118a5f7dad2b7138b1187a6b7ee55f160b9968b66013c3a3ef39dd7e5798?s=96&d=mm&r=g","contentUrl":"https:\/\/secure.gravatar.com\/avatar\/3ea2118a5f7dad2b7138b1187a6b7ee55f160b9968b66013c3a3ef39dd7e5798?s=96&d=mm&r=g","caption":"Jeanette"},"sameAs":["https:\/\/www.eldiario.net\/portal"],"url":"https:\/\/www.eldiario.net\/portal\/author\/jeanette\/"}]}},"_links":{"self":[{"href":"https:\/\/www.eldiario.net\/portal\/wp-json\/wp\/v2\/posts\/8180","targetHints":{"allow":["GET"]}}],"collection":[{"href":"https:\/\/www.eldiario.net\/portal\/wp-json\/wp\/v2\/posts"}],"about":[{"href":"https:\/\/www.eldiario.net\/portal\/wp-json\/wp\/v2\/types\/post"}],"author":[{"embeddable":true,"href":"https:\/\/www.eldiario.net\/portal\/wp-json\/wp\/v2\/users\/1"}],"replies":[{"embeddable":true,"href":"https:\/\/www.eldiario.net\/portal\/wp-json\/wp\/v2\/comments?post=8180"}],"version-history":[{"count":0,"href":"https:\/\/www.eldiario.net\/portal\/wp-json\/wp\/v2\/posts\/8180\/revisions"}],"wp:attachment":[{"href":"https:\/\/www.eldiario.net\/portal\/wp-json\/wp\/v2\/media?parent=8180"}],"wp:term":[{"taxonomy":"category","embeddable":true,"href":"https:\/\/www.eldiario.net\/portal\/wp-json\/wp\/v2\/categories?post=8180"},{"taxonomy":"post_tag","embeddable":true,"href":"https:\/\/www.eldiario.net\/portal\/wp-json\/wp\/v2\/tags?post=8180"}],"curies":[{"name":"wp","href":"https:\/\/api.w.org\/{rel}","templated":true}]}}