{"id":8168,"date":"2021-06-04T05:48:28","date_gmt":"2021-06-04T09:48:28","guid":{"rendered":"https:\/\/www.eldiario.net\/portal\/?p=8168"},"modified":"2021-06-04T05:48:28","modified_gmt":"2021-06-04T09:48:28","slug":"combinar-vacunas-posiblemente-puede-resolver-varios-problemas","status":"publish","type":"post","link":"https:\/\/www.eldiario.net\/portal\/2021\/06\/04\/combinar-vacunas-posiblemente-puede-resolver-varios-problemas\/","title":{"rendered":"Combinar vacunas posiblemente  puede resolver varios problemas"},"content":{"rendered":"<p>Ante los cambios que ha experimentado la vacuna de AstraZeneca, las nuevas variantes del coronavirus y las limitaciones de suministro, muchas personas se preguntan si pueden \u00abmezclar y combinar\u00bb las vacunas contra la covid-19. Este tratamiento puede ser posible, seg\u00fan indag\u00f3 BBC Mundo.<br \/>\nEsto significa, por ejemplo, recibir la vacuna de AstraZeneca como primera dosis, seguida de una segunda dosis de una vacuna diferente, como la de Pfizer, y refuerzos con otras vacunas m\u00e1s adelante.<br \/>\nAunque hay muchos estudios en curso, recientemente se han publicado datos de ensayos de mezcla y combinaci\u00f3n en Espa\u00f1a y el Reino Unido.<br \/>\nEstos datos son muy prometedores y sugieren que los esquemas mixtos pueden proporcionar niveles de anticuerpos m\u00e1s altos que dos dosis de una sola vacuna.<\/p>\n<p>BENEFICIO<br \/>\nSi el programa de vacunaci\u00f3n de la covid-19 puede mezclar y combinar vacunas, aumenta en gran medida su flexibilidad.<br \/>\nDisponer de un programa de inmunizaci\u00f3n flexible nos permite ser \u00e1giles frente a las limitaciones del suministro mundial. Si hay escasez de una vacuna, en lugar de detener todo el proceso para esperar el suministro, puede continuar con una vacuna diferente, independientemente de la que se haya administrado como primera dosis.<br \/>\nSi una vacuna es menos eficaz que otra contra una determinada variante, los programas mixtos podr\u00edan garantizar que las personas que ya han recibido una dosis de una vacuna con menor eficacia puedan recibir un refuerzo con una vacuna m\u00e1s eficaz contra la variante.<br \/>\nAlgunos pa\u00edses ya est\u00e1n utilizando calendarios de vacunaci\u00f3n mixtos tras cambiar las recomendaciones relativas a la vacuna de AstraZeneca debido a la aparici\u00f3n de trombos como efecto secundario muy poco frecuente.<br \/>\nVarios pa\u00edses de Europa est\u00e1n aconsejando ahora a las personas m\u00e1s j\u00f3venes a las que se les administr\u00f3 previamente esta vacuna como primera dosis que reciban una vacuna alternativa como segunda dosis, m\u00e1s com\u00fanmente vacunas de ARNm como la de Pfizer.<br \/>\nEspa\u00f1a, Alemania, Francia, Suecia, Noruega y Dinamarca figuran entre los pa\u00edses entre los que aconsejan calendarios de vacunaci\u00f3n mixtos por este motivo.<\/p>\n<p>SEGURIDAD<br \/>\nEn un estudio del Reino Unido sobre la combinaci\u00f3n de vacunas publicado en la revista Lancet, se design\u00f3 al azar a 830 adultos mayores de 50 a\u00f1os para que recibieran primero la vacuna de Pfizer o la de AstraZeneca, y despu\u00e9s la otra.<br \/>\nSe descubri\u00f3 que las personas que recibieron dosis mixtas eran m\u00e1s propensas a desarrollar s\u00edntomas de leves a moderados a partir de la segunda dosis de la vacuna, incluyendo escalofr\u00edos, fatiga, fiebre, dolor de cabeza, dolor en las articulaciones, malestar general, dolor muscular y dolor en el lugar de la inyecci\u00f3n, en comparaci\u00f3n con los que recibieron vacunas de la misma compa\u00f1\u00eda.<br \/>\nSin embargo, estas reacciones fueron de corta duraci\u00f3n y no hubo otros problemas de seguridad. Los investigadores han adaptado ahora este estudio para comprobar si el uso temprano y regular del paracetamol reduce la frecuencia de estas reacciones.<br \/>\nOtro estudio similar (no revisado por pares) realizado en Espa\u00f1a ha revelado que la mayor\u00eda de los efectos secundarios eran leves o moderados y de corta duraci\u00f3n (de dos a tres d\u00edas). Eran similares a los efectos secundarios de recibir dos dosis de la misma vacuna.<\/p>\n<p>EFICACIA<br \/>\nEl trabajo espa\u00f1ol ha demostrado que las personas ten\u00edan una respuesta de anticuerpos mucho mayor dos semanas despu\u00e9s de recibir el refuerzo de Pfizer, tras una dosis inicial de AstraZeneca.<br \/>\nEstos anticuerpos fueron capaces de reconocer e inactivar el coronavirus en pruebas de laboratorio.<br \/>\nEsta respuesta al refuerzo de Pfizer parece ser m\u00e1s fuerte que la respuesta tras recibir dos dosis de la vacuna de AstraZeneca, seg\u00fan datos anteriores del ensayo. Todav\u00eda no se conoce la respuesta inmunitaria de recibir la vacuna de Pfizer seguida de la de AstraZeneca, pero el Reino Unido dispondr\u00e1 de los resultados pronto.<br \/>\nTodav\u00eda no hay datos sobre la eficacia de los esquemas mixtos para prevenir la covid-19, pero es probable que funcionen bien. La respuesta inmunitaria es similar, o incluso mejor, en comparaci\u00f3n con los estudios que utilizan la misma vacuna como primera y segunda dosis. Esto indica que ser\u00e1n efectivos para prevenir la enfermedad.<\/p>\n<p>PROGRAMAS DE VACUNACI\u00d3N<br \/>\nEn Espa\u00f1a, los menores de 60 a\u00f1os que recibieron la primera dosis de AstraZeneca pueden elegir si continuar con el mismo producto o recibir la vacuna de Pfizer. Si bien el Ministerio de Sanidad les recomienda una segunda dosis de Pfizer, muchos han optado por seguir con AstraZeneca.<br \/>\nLos recientes hallazgos en el mundo real del Reino Unido sugieren que, despu\u00e9s de dos dosis, ambas vacunas son igualmente eficaces contra las variantes que circulan en las islas brit\u00e1nicas.<br \/>\nLas recomendaciones sobre el cambio de vacuna en distintos pa\u00edses se deben a la preocupaci\u00f3n por la aparici\u00f3n detrombos despu\u00e9s de la primera dosis de AstraZeneca, as\u00ed como al cambio de los rangos de edad de los ciudadanos que la reciben y los problemas de suministro.<br \/>\nEsto ha ocasionado una incertidumbre generalizada y ha supuesto que personas j\u00f3venes de algunos pa\u00edses de Europa que ya hab\u00edan recibido una primera dosis quedaran excluidas de recibir una segunda dosis.<br \/>\nLos resultados de estos estudios mixtos apoyan la posibilidad de vacunar a aquellos que han recibido la primera dosis de AstraZeneca con un refuerzo diferente, si surge la necesidad.<br \/>\nSe est\u00e1n llevando a cabo otras investigaciones para evaluar los calendarios de mezcla y combinaci\u00f3n con las vacunas Moderna y Novavax. (BBC Mundo)<\/p>\n<p><strong>Evitar demora en vacunaci\u00f3n<\/strong><\/p>\n<p>Mientras en algunos pa\u00edses bajan los casos, otros muchos est\u00e1n experimentando un aumento. Entre ellos se encuentran Taiw\u00e1n y Singapur, que anteriormente fueron aclamados como excelentes ejemplos de c\u00f3mo gestionar la covid-19.<br \/>\nEstos ejemplos ponen de manifiesto la dificultad de una supresi\u00f3n sostenida del virus en ausencia de una alta cobertura de vacunaci\u00f3n. Esto se ver\u00e1 agravado por las nuevas variantes m\u00e1s transmisibles.<br \/>\nLos casos actuales en muchas regiones de Europa, Estados Unidos y Australia est\u00e1n causados por la variante B.1.617.1 (\u00abindia\u00bb). Ambas vacunas son eficaces contra la variante B.1.617.2, estrechamente relacionada con la india (aunque un poco menos que contra la B.1.1.7), y cabr\u00eda esperar una eficacia similar contra la B.1.617.1.<br \/>\nMientras esperamos, es fundamental que las personas no retrasen su vacunaci\u00f3n con el producto que se les ofrece. La vacunaci\u00f3n es una parte esencial de la estrategia de salida de la pandemia.<\/p>\n<div id='gallery-1' class='gallery galleryid-8168 gallery-columns-3 gallery-size-medium'><figure class='gallery-item'>\n\t\t\t<div class='gallery-icon landscape'>\n\t\t\t\t<a href='https:\/\/www.eldiario.net\/portal\/2021\/06\/04\/combinar-vacunas-posiblemente-puede-resolver-varios-problemas\/inter-25-2-9\/'><img loading=\"lazy\" decoding=\"async\" width=\"300\" height=\"169\" src=\"https:\/\/www.eldiario.net\/portal\/wp-content\/uploads\/2021\/06\/Inter-25-2-1-300x169.jpg\" class=\"attachment-medium size-medium\" alt=\"\" aria-describedby=\"gallery-1-8170\" srcset=\"https:\/\/www.eldiario.net\/portal\/wp-content\/uploads\/2021\/06\/Inter-25-2-1-300x169.jpg 300w, https:\/\/www.eldiario.net\/portal\/wp-content\/uploads\/2021\/06\/Inter-25-2-1-768x432.jpg 768w, https:\/\/www.eldiario.net\/portal\/wp-content\/uploads\/2021\/06\/Inter-25-2-1-696x392.jpg 696w, https:\/\/www.eldiario.net\/portal\/wp-content\/uploads\/2021\/06\/Inter-25-2-1.jpg 800w\" sizes=\"auto, (max-width: 300px) 100vw, 300px\" \/><\/a>\n\t\t\t<\/div>\n\t\t\t\t<figcaption class='wp-caption-text gallery-caption' id='gallery-1-8170'>\n\t\t\t\tALGUNOS PA\u00cdSES YA EST\u00c1N UTILIZANDO CALENDARIOS DE VACUNACI\u00d3N MIXTOS TRAS CAMBIAR LAS RECOMENDACIONES RELATIVAS A LA VACUNA DE ASTRAZENECA DEBIDO A LA APARICI\u00d3N DE TROMBOS COMO EFECTO SECUNDARIO MUY POCO FRECUENTE.\n\t\t\t\t<\/figcaption><\/figure><figure class='gallery-item'>\n\t\t\t<div class='gallery-icon landscape'>\n\t\t\t\t<a href='https:\/\/www.eldiario.net\/portal\/2021\/06\/04\/combinar-vacunas-posiblemente-puede-resolver-varios-problemas\/inter-25-3-9\/'><img loading=\"lazy\" decoding=\"async\" width=\"300\" height=\"169\" src=\"https:\/\/www.eldiario.net\/portal\/wp-content\/uploads\/2021\/06\/Inter-25-3-1-300x169.jpg\" class=\"attachment-medium size-medium\" alt=\"\" aria-describedby=\"gallery-1-8171\" srcset=\"https:\/\/www.eldiario.net\/portal\/wp-content\/uploads\/2021\/06\/Inter-25-3-1-300x169.jpg 300w, https:\/\/www.eldiario.net\/portal\/wp-content\/uploads\/2021\/06\/Inter-25-3-1-768x432.jpg 768w, https:\/\/www.eldiario.net\/portal\/wp-content\/uploads\/2021\/06\/Inter-25-3-1-696x392.jpg 696w, https:\/\/www.eldiario.net\/portal\/wp-content\/uploads\/2021\/06\/Inter-25-3-1.jpg 800w\" sizes=\"auto, (max-width: 300px) 100vw, 300px\" \/><\/a>\n\t\t\t<\/div>\n\t\t\t\t<figcaption class='wp-caption-text gallery-caption' id='gallery-1-8171'>\n\t\t\t\tVARIOS PA\u00cdSES DE EUROPA EST\u00c1N ACONSEJANDO DARLES A LOS J\u00d3VENES QUE RECIBIERON LA ASTRAZENECA EN LA PRIMERA DOSIS, UNA SEGUNDA DOSIS DE OTRA VACUNA. BBC MUNDO\n\t\t\t\t<\/figcaption><\/figure>\n\t\t<\/div>\n\n","protected":false},"excerpt":{"rendered":"<p>Ante los cambios que ha experimentado la vacuna de AstraZeneca, las nuevas variantes del coronavirus y las limitaciones de suministro, muchas personas se preguntan si pueden \u00abmezclar y combinar\u00bb las vacunas contra la covid-19. Este tratamiento puede ser posible, seg\u00fan indag\u00f3 BBC Mundo. Esto significa, por ejemplo, recibir la vacuna de AstraZeneca como primera dosis, [&hellip;]<\/p>\n","protected":false},"author":1,"featured_media":8169,"comment_status":"closed","ping_status":"closed","sticky":false,"template":"","format":"standard","meta":{"_acf_changed":false,"footnotes":""},"categories":[3],"tags":[],"class_list":["post-8168","post","type-post","status-publish","format-standard","has-post-thumbnail","category-internacional"],"acf":{"antetitulo":""},"yoast_head":"<!-- This site is optimized with the Yoast SEO plugin v28.4 - https:\/\/yoast.com\/product\/yoast-seo-wordpress\/ -->\n<title>Combinar vacunas posiblemente puede resolver varios problemas - El Diario - Bolivia<\/title>\n<meta name=\"robots\" content=\"index, follow, max-snippet:-1, max-image-preview:large, max-video-preview:-1\" \/>\n<link rel=\"canonical\" href=\"https:\/\/www.eldiario.net\/portal\/2021\/06\/04\/combinar-vacunas-posiblemente-puede-resolver-varios-problemas\/\" \/>\n<meta property=\"og:locale\" content=\"es_ES\" \/>\n<meta property=\"og:type\" content=\"article\" \/>\n<meta property=\"og:title\" content=\"Combinar vacunas posiblemente puede resolver varios problemas - El Diario - Bolivia\" \/>\n<meta property=\"og:description\" content=\"Ante los cambios que ha experimentado la vacuna de AstraZeneca, las nuevas variantes del coronavirus y las limitaciones de suministro, muchas personas se preguntan si pueden \u00abmezclar y combinar\u00bb las vacunas contra la covid-19. Este tratamiento puede ser posible, seg\u00fan indag\u00f3 BBC Mundo. Esto significa, por ejemplo, recibir la vacuna de AstraZeneca como primera dosis, [&hellip;]\" \/>\n<meta property=\"og:url\" content=\"https:\/\/www.eldiario.net\/portal\/2021\/06\/04\/combinar-vacunas-posiblemente-puede-resolver-varios-problemas\/\" \/>\n<meta property=\"og:site_name\" content=\"El Diario - Bolivia\" \/>\n<meta property=\"article:publisher\" content=\"https:\/\/www.facebook.com\/eldiario.bolivia\/\" \/>\n<meta property=\"article:published_time\" content=\"2021-06-04T09:48:28+00:00\" \/>\n<meta name=\"author\" content=\"Jeanette\" \/>\n<meta name=\"twitter:card\" content=\"summary_large_image\" \/>\n<meta name=\"twitter:creator\" content=\"@eldiario_net\" \/>\n<meta name=\"twitter:site\" content=\"@eldiario_net\" \/>\n<meta name=\"twitter:label1\" content=\"Escrito por\" \/>\n\t<meta name=\"twitter:data1\" content=\"Jeanette\" \/>\n\t<meta name=\"twitter:label2\" content=\"Tiempo de lectura\" \/>\n\t<meta name=\"twitter:data2\" content=\"5 minutos\" \/>\n<script type=\"application\/ld+json\" class=\"yoast-schema-graph\">{\"@context\":\"https:\\\/\\\/schema.org\",\"@graph\":[{\"@type\":\"Article\",\"@id\":\"https:\\\/\\\/www.eldiario.net\\\/portal\\\/2021\\\/06\\\/04\\\/combinar-vacunas-posiblemente-puede-resolver-varios-problemas\\\/#article\",\"isPartOf\":{\"@id\":\"https:\\\/\\\/www.eldiario.net\\\/portal\\\/2021\\\/06\\\/04\\\/combinar-vacunas-posiblemente-puede-resolver-varios-problemas\\\/\"},\"author\":{\"name\":\"Jeanette\",\"@id\":\"https:\\\/\\\/www.eldiario.net\\\/portal\\\/#\\\/schema\\\/person\\\/f46445640444750d7d753ccd04ae01b7\"},\"headline\":\"Combinar vacunas posiblemente puede resolver varios problemas\",\"datePublished\":\"2021-06-04T09:48:28+00:00\",\"mainEntityOfPage\":{\"@id\":\"https:\\\/\\\/www.eldiario.net\\\/portal\\\/2021\\\/06\\\/04\\\/combinar-vacunas-posiblemente-puede-resolver-varios-problemas\\\/\"},\"wordCount\":1111,\"publisher\":{\"@id\":\"https:\\\/\\\/www.eldiario.net\\\/portal\\\/#organization\"},\"image\":{\"@id\":\"https:\\\/\\\/www.eldiario.net\\\/portal\\\/2021\\\/06\\\/04\\\/combinar-vacunas-posiblemente-puede-resolver-varios-problemas\\\/#primaryimage\"},\"thumbnailUrl\":\"\",\"articleSection\":[\"Internacional\"],\"inLanguage\":\"es\"},{\"@type\":\"WebPage\",\"@id\":\"https:\\\/\\\/www.eldiario.net\\\/portal\\\/2021\\\/06\\\/04\\\/combinar-vacunas-posiblemente-puede-resolver-varios-problemas\\\/\",\"url\":\"https:\\\/\\\/www.eldiario.net\\\/portal\\\/2021\\\/06\\\/04\\\/combinar-vacunas-posiblemente-puede-resolver-varios-problemas\\\/\",\"name\":\"Combinar vacunas posiblemente puede resolver varios problemas - El Diario - Bolivia\",\"isPartOf\":{\"@id\":\"https:\\\/\\\/www.eldiario.net\\\/portal\\\/#website\"},\"primaryImageOfPage\":{\"@id\":\"https:\\\/\\\/www.eldiario.net\\\/portal\\\/2021\\\/06\\\/04\\\/combinar-vacunas-posiblemente-puede-resolver-varios-problemas\\\/#primaryimage\"},\"image\":{\"@id\":\"https:\\\/\\\/www.eldiario.net\\\/portal\\\/2021\\\/06\\\/04\\\/combinar-vacunas-posiblemente-puede-resolver-varios-problemas\\\/#primaryimage\"},\"thumbnailUrl\":\"\",\"datePublished\":\"2021-06-04T09:48:28+00:00\",\"breadcrumb\":{\"@id\":\"https:\\\/\\\/www.eldiario.net\\\/portal\\\/2021\\\/06\\\/04\\\/combinar-vacunas-posiblemente-puede-resolver-varios-problemas\\\/#breadcrumb\"},\"inLanguage\":\"es\",\"potentialAction\":[{\"@type\":\"ReadAction\",\"target\":[\"https:\\\/\\\/www.eldiario.net\\\/portal\\\/2021\\\/06\\\/04\\\/combinar-vacunas-posiblemente-puede-resolver-varios-problemas\\\/\"]}]},{\"@type\":\"ImageObject\",\"inLanguage\":\"es\",\"@id\":\"https:\\\/\\\/www.eldiario.net\\\/portal\\\/2021\\\/06\\\/04\\\/combinar-vacunas-posiblemente-puede-resolver-varios-problemas\\\/#primaryimage\",\"url\":\"\",\"contentUrl\":\"\"},{\"@type\":\"BreadcrumbList\",\"@id\":\"https:\\\/\\\/www.eldiario.net\\\/portal\\\/2021\\\/06\\\/04\\\/combinar-vacunas-posiblemente-puede-resolver-varios-problemas\\\/#breadcrumb\",\"itemListElement\":[{\"@type\":\"ListItem\",\"position\":1,\"name\":\"Portada\",\"item\":\"https:\\\/\\\/www.eldiario.net\\\/portal\\\/\"},{\"@type\":\"ListItem\",\"position\":2,\"name\":\"Combinar vacunas posiblemente puede resolver varios problemas\"}]},{\"@type\":\"WebSite\",\"@id\":\"https:\\\/\\\/www.eldiario.net\\\/portal\\\/#website\",\"url\":\"https:\\\/\\\/www.eldiario.net\\\/portal\\\/\",\"name\":\"El Diario - Decano de la prensa nacional\",\"description\":\"El Diario - Decano de la prensa nacional\",\"publisher\":{\"@id\":\"https:\\\/\\\/www.eldiario.net\\\/portal\\\/#organization\"},\"potentialAction\":[{\"@type\":\"SearchAction\",\"target\":{\"@type\":\"EntryPoint\",\"urlTemplate\":\"https:\\\/\\\/www.eldiario.net\\\/portal\\\/?s={search_term_string}\"},\"query-input\":{\"@type\":\"PropertyValueSpecification\",\"valueRequired\":true,\"valueName\":\"search_term_string\"}}],\"inLanguage\":\"es\"},{\"@type\":\"Organization\",\"@id\":\"https:\\\/\\\/www.eldiario.net\\\/portal\\\/#organization\",\"name\":\"El Diario - Decano de la prensa nacional\",\"url\":\"https:\\\/\\\/www.eldiario.net\\\/portal\\\/\",\"logo\":{\"@type\":\"ImageObject\",\"inLanguage\":\"es\",\"@id\":\"https:\\\/\\\/www.eldiario.net\\\/portal\\\/#\\\/schema\\\/logo\\\/image\\\/\",\"url\":\"https:\\\/\\\/www.eldiario.net\\\/portal\\\/wp-content\\\/uploads\\\/2023\\\/07\\\/logo_ED.jpg\",\"contentUrl\":\"https:\\\/\\\/www.eldiario.net\\\/portal\\\/wp-content\\\/uploads\\\/2023\\\/07\\\/logo_ED.jpg\",\"width\":272,\"height\":52,\"caption\":\"El Diario - Decano de la prensa nacional\"},\"image\":{\"@id\":\"https:\\\/\\\/www.eldiario.net\\\/portal\\\/#\\\/schema\\\/logo\\\/image\\\/\"},\"sameAs\":[\"https:\\\/\\\/www.facebook.com\\\/eldiario.bolivia\\\/\",\"https:\\\/\\\/x.com\\\/eldiario_net\"]},{\"@type\":\"Person\",\"@id\":\"https:\\\/\\\/www.eldiario.net\\\/portal\\\/#\\\/schema\\\/person\\\/f46445640444750d7d753ccd04ae01b7\",\"name\":\"Jeanette\",\"image\":{\"@type\":\"ImageObject\",\"inLanguage\":\"es\",\"@id\":\"https:\\\/\\\/secure.gravatar.com\\\/avatar\\\/3ea2118a5f7dad2b7138b1187a6b7ee55f160b9968b66013c3a3ef39dd7e5798?s=96&d=mm&r=g\",\"url\":\"https:\\\/\\\/secure.gravatar.com\\\/avatar\\\/3ea2118a5f7dad2b7138b1187a6b7ee55f160b9968b66013c3a3ef39dd7e5798?s=96&d=mm&r=g\",\"contentUrl\":\"https:\\\/\\\/secure.gravatar.com\\\/avatar\\\/3ea2118a5f7dad2b7138b1187a6b7ee55f160b9968b66013c3a3ef39dd7e5798?s=96&d=mm&r=g\",\"caption\":\"Jeanette\"},\"sameAs\":[\"https:\\\/\\\/www.eldiario.net\\\/portal\"],\"url\":\"https:\\\/\\\/www.eldiario.net\\\/portal\\\/author\\\/jeanette\\\/\"}]}<\/script>\n<!-- \/ Yoast SEO plugin. -->","yoast_head_json":{"title":"Combinar vacunas posiblemente puede resolver varios problemas - El Diario - Bolivia","robots":{"index":"index","follow":"follow","max-snippet":"max-snippet:-1","max-image-preview":"max-image-preview:large","max-video-preview":"max-video-preview:-1"},"canonical":"https:\/\/www.eldiario.net\/portal\/2021\/06\/04\/combinar-vacunas-posiblemente-puede-resolver-varios-problemas\/","og_locale":"es_ES","og_type":"article","og_title":"Combinar vacunas posiblemente puede resolver varios problemas - El Diario - Bolivia","og_description":"Ante los cambios que ha experimentado la vacuna de AstraZeneca, las nuevas variantes del coronavirus y las limitaciones de suministro, muchas personas se preguntan si pueden \u00abmezclar y combinar\u00bb las vacunas contra la covid-19. Este tratamiento puede ser posible, seg\u00fan indag\u00f3 BBC Mundo. Esto significa, por ejemplo, recibir la vacuna de AstraZeneca como primera dosis, [&hellip;]","og_url":"https:\/\/www.eldiario.net\/portal\/2021\/06\/04\/combinar-vacunas-posiblemente-puede-resolver-varios-problemas\/","og_site_name":"El Diario - Bolivia","article_publisher":"https:\/\/www.facebook.com\/eldiario.bolivia\/","article_published_time":"2021-06-04T09:48:28+00:00","author":"Jeanette","twitter_card":"summary_large_image","twitter_creator":"@eldiario_net","twitter_site":"@eldiario_net","twitter_misc":{"Escrito por":"Jeanette","Tiempo de lectura":"5 minutos"},"schema":{"@context":"https:\/\/schema.org","@graph":[{"@type":"Article","@id":"https:\/\/www.eldiario.net\/portal\/2021\/06\/04\/combinar-vacunas-posiblemente-puede-resolver-varios-problemas\/#article","isPartOf":{"@id":"https:\/\/www.eldiario.net\/portal\/2021\/06\/04\/combinar-vacunas-posiblemente-puede-resolver-varios-problemas\/"},"author":{"name":"Jeanette","@id":"https:\/\/www.eldiario.net\/portal\/#\/schema\/person\/f46445640444750d7d753ccd04ae01b7"},"headline":"Combinar vacunas posiblemente puede resolver varios problemas","datePublished":"2021-06-04T09:48:28+00:00","mainEntityOfPage":{"@id":"https:\/\/www.eldiario.net\/portal\/2021\/06\/04\/combinar-vacunas-posiblemente-puede-resolver-varios-problemas\/"},"wordCount":1111,"publisher":{"@id":"https:\/\/www.eldiario.net\/portal\/#organization"},"image":{"@id":"https:\/\/www.eldiario.net\/portal\/2021\/06\/04\/combinar-vacunas-posiblemente-puede-resolver-varios-problemas\/#primaryimage"},"thumbnailUrl":"","articleSection":["Internacional"],"inLanguage":"es"},{"@type":"WebPage","@id":"https:\/\/www.eldiario.net\/portal\/2021\/06\/04\/combinar-vacunas-posiblemente-puede-resolver-varios-problemas\/","url":"https:\/\/www.eldiario.net\/portal\/2021\/06\/04\/combinar-vacunas-posiblemente-puede-resolver-varios-problemas\/","name":"Combinar vacunas posiblemente puede resolver varios problemas - El Diario - Bolivia","isPartOf":{"@id":"https:\/\/www.eldiario.net\/portal\/#website"},"primaryImageOfPage":{"@id":"https:\/\/www.eldiario.net\/portal\/2021\/06\/04\/combinar-vacunas-posiblemente-puede-resolver-varios-problemas\/#primaryimage"},"image":{"@id":"https:\/\/www.eldiario.net\/portal\/2021\/06\/04\/combinar-vacunas-posiblemente-puede-resolver-varios-problemas\/#primaryimage"},"thumbnailUrl":"","datePublished":"2021-06-04T09:48:28+00:00","breadcrumb":{"@id":"https:\/\/www.eldiario.net\/portal\/2021\/06\/04\/combinar-vacunas-posiblemente-puede-resolver-varios-problemas\/#breadcrumb"},"inLanguage":"es","potentialAction":[{"@type":"ReadAction","target":["https:\/\/www.eldiario.net\/portal\/2021\/06\/04\/combinar-vacunas-posiblemente-puede-resolver-varios-problemas\/"]}]},{"@type":"ImageObject","inLanguage":"es","@id":"https:\/\/www.eldiario.net\/portal\/2021\/06\/04\/combinar-vacunas-posiblemente-puede-resolver-varios-problemas\/#primaryimage","url":"","contentUrl":""},{"@type":"BreadcrumbList","@id":"https:\/\/www.eldiario.net\/portal\/2021\/06\/04\/combinar-vacunas-posiblemente-puede-resolver-varios-problemas\/#breadcrumb","itemListElement":[{"@type":"ListItem","position":1,"name":"Portada","item":"https:\/\/www.eldiario.net\/portal\/"},{"@type":"ListItem","position":2,"name":"Combinar vacunas posiblemente puede resolver varios problemas"}]},{"@type":"WebSite","@id":"https:\/\/www.eldiario.net\/portal\/#website","url":"https:\/\/www.eldiario.net\/portal\/","name":"El Diario - Decano de la prensa nacional","description":"El Diario - Decano de la prensa nacional","publisher":{"@id":"https:\/\/www.eldiario.net\/portal\/#organization"},"potentialAction":[{"@type":"SearchAction","target":{"@type":"EntryPoint","urlTemplate":"https:\/\/www.eldiario.net\/portal\/?s={search_term_string}"},"query-input":{"@type":"PropertyValueSpecification","valueRequired":true,"valueName":"search_term_string"}}],"inLanguage":"es"},{"@type":"Organization","@id":"https:\/\/www.eldiario.net\/portal\/#organization","name":"El Diario - Decano de la prensa nacional","url":"https:\/\/www.eldiario.net\/portal\/","logo":{"@type":"ImageObject","inLanguage":"es","@id":"https:\/\/www.eldiario.net\/portal\/#\/schema\/logo\/image\/","url":"https:\/\/www.eldiario.net\/portal\/wp-content\/uploads\/2023\/07\/logo_ED.jpg","contentUrl":"https:\/\/www.eldiario.net\/portal\/wp-content\/uploads\/2023\/07\/logo_ED.jpg","width":272,"height":52,"caption":"El Diario - Decano de la prensa nacional"},"image":{"@id":"https:\/\/www.eldiario.net\/portal\/#\/schema\/logo\/image\/"},"sameAs":["https:\/\/www.facebook.com\/eldiario.bolivia\/","https:\/\/x.com\/eldiario_net"]},{"@type":"Person","@id":"https:\/\/www.eldiario.net\/portal\/#\/schema\/person\/f46445640444750d7d753ccd04ae01b7","name":"Jeanette","image":{"@type":"ImageObject","inLanguage":"es","@id":"https:\/\/secure.gravatar.com\/avatar\/3ea2118a5f7dad2b7138b1187a6b7ee55f160b9968b66013c3a3ef39dd7e5798?s=96&d=mm&r=g","url":"https:\/\/secure.gravatar.com\/avatar\/3ea2118a5f7dad2b7138b1187a6b7ee55f160b9968b66013c3a3ef39dd7e5798?s=96&d=mm&r=g","contentUrl":"https:\/\/secure.gravatar.com\/avatar\/3ea2118a5f7dad2b7138b1187a6b7ee55f160b9968b66013c3a3ef39dd7e5798?s=96&d=mm&r=g","caption":"Jeanette"},"sameAs":["https:\/\/www.eldiario.net\/portal"],"url":"https:\/\/www.eldiario.net\/portal\/author\/jeanette\/"}]}},"_links":{"self":[{"href":"https:\/\/www.eldiario.net\/portal\/wp-json\/wp\/v2\/posts\/8168","targetHints":{"allow":["GET"]}}],"collection":[{"href":"https:\/\/www.eldiario.net\/portal\/wp-json\/wp\/v2\/posts"}],"about":[{"href":"https:\/\/www.eldiario.net\/portal\/wp-json\/wp\/v2\/types\/post"}],"author":[{"embeddable":true,"href":"https:\/\/www.eldiario.net\/portal\/wp-json\/wp\/v2\/users\/1"}],"replies":[{"embeddable":true,"href":"https:\/\/www.eldiario.net\/portal\/wp-json\/wp\/v2\/comments?post=8168"}],"version-history":[{"count":0,"href":"https:\/\/www.eldiario.net\/portal\/wp-json\/wp\/v2\/posts\/8168\/revisions"}],"wp:attachment":[{"href":"https:\/\/www.eldiario.net\/portal\/wp-json\/wp\/v2\/media?parent=8168"}],"wp:term":[{"taxonomy":"category","embeddable":true,"href":"https:\/\/www.eldiario.net\/portal\/wp-json\/wp\/v2\/categories?post=8168"},{"taxonomy":"post_tag","embeddable":true,"href":"https:\/\/www.eldiario.net\/portal\/wp-json\/wp\/v2\/tags?post=8168"}],"curies":[{"name":"wp","href":"https:\/\/api.w.org\/{rel}","templated":true}]}}