{"id":8161,"date":"2021-06-04T05:42:07","date_gmt":"2021-06-04T09:42:07","guid":{"rendered":"https:\/\/www.eldiario.net\/portal\/?p=8161"},"modified":"2021-06-04T05:42:07","modified_gmt":"2021-06-04T09:42:07","slug":"imcruz-sponsor-oficial-de-la-fbf","status":"publish","type":"post","link":"https:\/\/www.eldiario.net\/portal\/2021\/06\/04\/imcruz-sponsor-oficial-de-la-fbf\/","title":{"rendered":"Imcruz sponsor oficial de la FBF"},"content":{"rendered":"<p>La importadora automotriz Imcruz se uni\u00f3 a la Federaci\u00f3n Boliviana de F\u00fatbol (FBF) como sponsor oficial de la Selecci\u00f3n Nacional.<br \/>\nEl acuerdo se plasm\u00f3 entre la gerente de Clientes &amp; Marketing de la compa\u00f1\u00eda automotriz, Michelle Noriega, y el presidente de la FBF, Fernando Costa.<br \/>\n\u201cNos llena de orgullo convertirnos en el sponsor oficial del equipo de todos. El f\u00fatbol es pasi\u00f3n de multitudes y deseamos que retorne la pasi\u00f3n al hincha, unidos acompa\u00f1emos a la verde hasta cumplir su objetivo de clasificar a la Copa Mundial de la FIFA Catar 2022, el camino es largo y todav\u00eda hay mucho por recorrer, juntos lo haremos\u201d, indic\u00f3 Noriega.<br \/>\nPor su parte, la m\u00e1xima autoridad de la FBF asegur\u00f3 que est\u00e1n satisfechos de contar con la confianza de Imcruz. \u201cEl apoyo de la empresa privada es muy importante para poder garantizar que nuestra selecci\u00f3n pueda seguir prepar\u00e1ndose adecuadamente para la fase eliminatoria, la CONMEBOL Copa Am\u00e9rica 2021 a realizarse en Brasil y todos los partidos amistosos\u201d, concluy\u00f3 Costa.<br \/>\nEn la firma del convenio, realizada en la oficina central de Imcruz, se inform\u00f3 que el sponsoreo contempla todas las categor\u00edas de selecciones de f\u00fatbol, masculino y femenino. La importadora tambi\u00e9n dio a conocer el logo de su campa\u00f1a comunicacional denominada CONTIGO MINUTO A MINUTO.<br \/>\n\u201cActualmente Imcruz viene trabajando sus campa\u00f1as comunicaciones bajo el concepto CONTIGO TODO EL CAMINO. manifest\u00f3 Noriega e invit\u00f3 a los clientes y seguidores de la Selecci\u00f3n estar atentos a las redes sociales de Imcruz, porque habr\u00e1 muchas sorpresas.<\/p>\n\n","protected":false},"excerpt":{"rendered":"<p>La importadora automotriz Imcruz se uni\u00f3 a la Federaci\u00f3n Boliviana de F\u00fatbol (FBF) como sponsor oficial de la Selecci\u00f3n Nacional. El acuerdo se plasm\u00f3 entre la gerente de Clientes &amp; Marketing de la compa\u00f1\u00eda automotriz, Michelle Noriega, y el presidente de la FBF, Fernando Costa. \u201cNos llena de orgullo convertirnos en el sponsor oficial del [&hellip;]<\/p>\n","protected":false},"author":1,"featured_media":8162,"comment_status":"closed","ping_status":"closed","sticky":false,"template":"","format":"standard","meta":{"_acf_changed":false,"footnotes":""},"categories":[40],"tags":[],"class_list":["post-8161","post","type-post","status-publish","format-standard","has-post-thumbnail","category-sociales"],"acf":{"antetitulo":""},"yoast_head":"<!-- This site is optimized with the Yoast SEO plugin v28.4 - https:\/\/yoast.com\/product\/yoast-seo-wordpress\/ -->\n<title>Imcruz sponsor oficial de la FBF - El Diario - Bolivia<\/title>\n<meta name=\"robots\" content=\"index, follow, max-snippet:-1, max-image-preview:large, max-video-preview:-1\" \/>\n<link rel=\"canonical\" href=\"https:\/\/www.eldiario.net\/portal\/2021\/06\/04\/imcruz-sponsor-oficial-de-la-fbf\/\" \/>\n<meta property=\"og:locale\" content=\"es_ES\" \/>\n<meta property=\"og:type\" content=\"article\" \/>\n<meta property=\"og:title\" content=\"Imcruz sponsor oficial de la FBF - El Diario - Bolivia\" \/>\n<meta property=\"og:description\" content=\"La importadora automotriz Imcruz se uni\u00f3 a la Federaci\u00f3n Boliviana de F\u00fatbol (FBF) como sponsor oficial de la Selecci\u00f3n Nacional. El acuerdo se plasm\u00f3 entre la gerente de Clientes &amp; Marketing de la compa\u00f1\u00eda automotriz, Michelle Noriega, y el presidente de la FBF, Fernando Costa. \u201cNos llena de orgullo convertirnos en el sponsor oficial del [&hellip;]\" \/>\n<meta property=\"og:url\" content=\"https:\/\/www.eldiario.net\/portal\/2021\/06\/04\/imcruz-sponsor-oficial-de-la-fbf\/\" \/>\n<meta property=\"og:site_name\" content=\"El Diario - Bolivia\" \/>\n<meta property=\"article:publisher\" content=\"https:\/\/www.facebook.com\/eldiario.bolivia\/\" \/>\n<meta property=\"article:published_time\" content=\"2021-06-04T09:42:07+00:00\" \/>\n<meta name=\"author\" content=\"Jeanette\" \/>\n<meta name=\"twitter:card\" content=\"summary_large_image\" \/>\n<meta name=\"twitter:creator\" content=\"@eldiario_net\" \/>\n<meta name=\"twitter:site\" content=\"@eldiario_net\" \/>\n<meta name=\"twitter:label1\" content=\"Escrito por\" \/>\n\t<meta name=\"twitter:data1\" content=\"Jeanette\" \/>\n\t<meta name=\"twitter:label2\" content=\"Tiempo de lectura\" \/>\n\t<meta name=\"twitter:data2\" content=\"2 minutos\" \/>\n<script type=\"application\/ld+json\" class=\"yoast-schema-graph\">{\"@context\":\"https:\\\/\\\/schema.org\",\"@graph\":[{\"@type\":\"Article\",\"@id\":\"https:\\\/\\\/www.eldiario.net\\\/portal\\\/2021\\\/06\\\/04\\\/imcruz-sponsor-oficial-de-la-fbf\\\/#article\",\"isPartOf\":{\"@id\":\"https:\\\/\\\/www.eldiario.net\\\/portal\\\/2021\\\/06\\\/04\\\/imcruz-sponsor-oficial-de-la-fbf\\\/\"},\"author\":{\"name\":\"Jeanette\",\"@id\":\"https:\\\/\\\/www.eldiario.net\\\/portal\\\/#\\\/schema\\\/person\\\/f46445640444750d7d753ccd04ae01b7\"},\"headline\":\"Imcruz sponsor oficial de la FBF\",\"datePublished\":\"2021-06-04T09:42:07+00:00\",\"mainEntityOfPage\":{\"@id\":\"https:\\\/\\\/www.eldiario.net\\\/portal\\\/2021\\\/06\\\/04\\\/imcruz-sponsor-oficial-de-la-fbf\\\/\"},\"wordCount\":277,\"publisher\":{\"@id\":\"https:\\\/\\\/www.eldiario.net\\\/portal\\\/#organization\"},\"image\":{\"@id\":\"https:\\\/\\\/www.eldiario.net\\\/portal\\\/2021\\\/06\\\/04\\\/imcruz-sponsor-oficial-de-la-fbf\\\/#primaryimage\"},\"thumbnailUrl\":\"\",\"articleSection\":[\"Sociales\"],\"inLanguage\":\"es\"},{\"@type\":\"WebPage\",\"@id\":\"https:\\\/\\\/www.eldiario.net\\\/portal\\\/2021\\\/06\\\/04\\\/imcruz-sponsor-oficial-de-la-fbf\\\/\",\"url\":\"https:\\\/\\\/www.eldiario.net\\\/portal\\\/2021\\\/06\\\/04\\\/imcruz-sponsor-oficial-de-la-fbf\\\/\",\"name\":\"Imcruz sponsor oficial de la FBF - El Diario - Bolivia\",\"isPartOf\":{\"@id\":\"https:\\\/\\\/www.eldiario.net\\\/portal\\\/#website\"},\"primaryImageOfPage\":{\"@id\":\"https:\\\/\\\/www.eldiario.net\\\/portal\\\/2021\\\/06\\\/04\\\/imcruz-sponsor-oficial-de-la-fbf\\\/#primaryimage\"},\"image\":{\"@id\":\"https:\\\/\\\/www.eldiario.net\\\/portal\\\/2021\\\/06\\\/04\\\/imcruz-sponsor-oficial-de-la-fbf\\\/#primaryimage\"},\"thumbnailUrl\":\"\",\"datePublished\":\"2021-06-04T09:42:07+00:00\",\"breadcrumb\":{\"@id\":\"https:\\\/\\\/www.eldiario.net\\\/portal\\\/2021\\\/06\\\/04\\\/imcruz-sponsor-oficial-de-la-fbf\\\/#breadcrumb\"},\"inLanguage\":\"es\",\"potentialAction\":[{\"@type\":\"ReadAction\",\"target\":[\"https:\\\/\\\/www.eldiario.net\\\/portal\\\/2021\\\/06\\\/04\\\/imcruz-sponsor-oficial-de-la-fbf\\\/\"]}]},{\"@type\":\"ImageObject\",\"inLanguage\":\"es\",\"@id\":\"https:\\\/\\\/www.eldiario.net\\\/portal\\\/2021\\\/06\\\/04\\\/imcruz-sponsor-oficial-de-la-fbf\\\/#primaryimage\",\"url\":\"\",\"contentUrl\":\"\"},{\"@type\":\"BreadcrumbList\",\"@id\":\"https:\\\/\\\/www.eldiario.net\\\/portal\\\/2021\\\/06\\\/04\\\/imcruz-sponsor-oficial-de-la-fbf\\\/#breadcrumb\",\"itemListElement\":[{\"@type\":\"ListItem\",\"position\":1,\"name\":\"Portada\",\"item\":\"https:\\\/\\\/www.eldiario.net\\\/portal\\\/\"},{\"@type\":\"ListItem\",\"position\":2,\"name\":\"Imcruz sponsor oficial de la FBF\"}]},{\"@type\":\"WebSite\",\"@id\":\"https:\\\/\\\/www.eldiario.net\\\/portal\\\/#website\",\"url\":\"https:\\\/\\\/www.eldiario.net\\\/portal\\\/\",\"name\":\"El Diario - Decano de la prensa nacional\",\"description\":\"El Diario - Decano de la prensa nacional\",\"publisher\":{\"@id\":\"https:\\\/\\\/www.eldiario.net\\\/portal\\\/#organization\"},\"potentialAction\":[{\"@type\":\"SearchAction\",\"target\":{\"@type\":\"EntryPoint\",\"urlTemplate\":\"https:\\\/\\\/www.eldiario.net\\\/portal\\\/?s={search_term_string}\"},\"query-input\":{\"@type\":\"PropertyValueSpecification\",\"valueRequired\":true,\"valueName\":\"search_term_string\"}}],\"inLanguage\":\"es\"},{\"@type\":\"Organization\",\"@id\":\"https:\\\/\\\/www.eldiario.net\\\/portal\\\/#organization\",\"name\":\"El Diario - Decano de la prensa nacional\",\"url\":\"https:\\\/\\\/www.eldiario.net\\\/portal\\\/\",\"logo\":{\"@type\":\"ImageObject\",\"inLanguage\":\"es\",\"@id\":\"https:\\\/\\\/www.eldiario.net\\\/portal\\\/#\\\/schema\\\/logo\\\/image\\\/\",\"url\":\"https:\\\/\\\/www.eldiario.net\\\/portal\\\/wp-content\\\/uploads\\\/2023\\\/07\\\/logo_ED.jpg\",\"contentUrl\":\"https:\\\/\\\/www.eldiario.net\\\/portal\\\/wp-content\\\/uploads\\\/2023\\\/07\\\/logo_ED.jpg\",\"width\":272,\"height\":52,\"caption\":\"El Diario - Decano de la prensa nacional\"},\"image\":{\"@id\":\"https:\\\/\\\/www.eldiario.net\\\/portal\\\/#\\\/schema\\\/logo\\\/image\\\/\"},\"sameAs\":[\"https:\\\/\\\/www.facebook.com\\\/eldiario.bolivia\\\/\",\"https:\\\/\\\/x.com\\\/eldiario_net\"]},{\"@type\":\"Person\",\"@id\":\"https:\\\/\\\/www.eldiario.net\\\/portal\\\/#\\\/schema\\\/person\\\/f46445640444750d7d753ccd04ae01b7\",\"name\":\"Jeanette\",\"image\":{\"@type\":\"ImageObject\",\"inLanguage\":\"es\",\"@id\":\"https:\\\/\\\/secure.gravatar.com\\\/avatar\\\/3ea2118a5f7dad2b7138b1187a6b7ee55f160b9968b66013c3a3ef39dd7e5798?s=96&d=mm&r=g\",\"url\":\"https:\\\/\\\/secure.gravatar.com\\\/avatar\\\/3ea2118a5f7dad2b7138b1187a6b7ee55f160b9968b66013c3a3ef39dd7e5798?s=96&d=mm&r=g\",\"contentUrl\":\"https:\\\/\\\/secure.gravatar.com\\\/avatar\\\/3ea2118a5f7dad2b7138b1187a6b7ee55f160b9968b66013c3a3ef39dd7e5798?s=96&d=mm&r=g\",\"caption\":\"Jeanette\"},\"sameAs\":[\"https:\\\/\\\/www.eldiario.net\\\/portal\"],\"url\":\"https:\\\/\\\/www.eldiario.net\\\/portal\\\/author\\\/jeanette\\\/\"}]}<\/script>\n<!-- \/ Yoast SEO plugin. -->","yoast_head_json":{"title":"Imcruz sponsor oficial de la FBF - El Diario - Bolivia","robots":{"index":"index","follow":"follow","max-snippet":"max-snippet:-1","max-image-preview":"max-image-preview:large","max-video-preview":"max-video-preview:-1"},"canonical":"https:\/\/www.eldiario.net\/portal\/2021\/06\/04\/imcruz-sponsor-oficial-de-la-fbf\/","og_locale":"es_ES","og_type":"article","og_title":"Imcruz sponsor oficial de la FBF - El Diario - Bolivia","og_description":"La importadora automotriz Imcruz se uni\u00f3 a la Federaci\u00f3n Boliviana de F\u00fatbol (FBF) como sponsor oficial de la Selecci\u00f3n Nacional. El acuerdo se plasm\u00f3 entre la gerente de Clientes &amp; Marketing de la compa\u00f1\u00eda automotriz, Michelle Noriega, y el presidente de la FBF, Fernando Costa. \u201cNos llena de orgullo convertirnos en el sponsor oficial del [&hellip;]","og_url":"https:\/\/www.eldiario.net\/portal\/2021\/06\/04\/imcruz-sponsor-oficial-de-la-fbf\/","og_site_name":"El Diario - Bolivia","article_publisher":"https:\/\/www.facebook.com\/eldiario.bolivia\/","article_published_time":"2021-06-04T09:42:07+00:00","author":"Jeanette","twitter_card":"summary_large_image","twitter_creator":"@eldiario_net","twitter_site":"@eldiario_net","twitter_misc":{"Escrito por":"Jeanette","Tiempo de lectura":"2 minutos"},"schema":{"@context":"https:\/\/schema.org","@graph":[{"@type":"Article","@id":"https:\/\/www.eldiario.net\/portal\/2021\/06\/04\/imcruz-sponsor-oficial-de-la-fbf\/#article","isPartOf":{"@id":"https:\/\/www.eldiario.net\/portal\/2021\/06\/04\/imcruz-sponsor-oficial-de-la-fbf\/"},"author":{"name":"Jeanette","@id":"https:\/\/www.eldiario.net\/portal\/#\/schema\/person\/f46445640444750d7d753ccd04ae01b7"},"headline":"Imcruz sponsor oficial de la FBF","datePublished":"2021-06-04T09:42:07+00:00","mainEntityOfPage":{"@id":"https:\/\/www.eldiario.net\/portal\/2021\/06\/04\/imcruz-sponsor-oficial-de-la-fbf\/"},"wordCount":277,"publisher":{"@id":"https:\/\/www.eldiario.net\/portal\/#organization"},"image":{"@id":"https:\/\/www.eldiario.net\/portal\/2021\/06\/04\/imcruz-sponsor-oficial-de-la-fbf\/#primaryimage"},"thumbnailUrl":"","articleSection":["Sociales"],"inLanguage":"es"},{"@type":"WebPage","@id":"https:\/\/www.eldiario.net\/portal\/2021\/06\/04\/imcruz-sponsor-oficial-de-la-fbf\/","url":"https:\/\/www.eldiario.net\/portal\/2021\/06\/04\/imcruz-sponsor-oficial-de-la-fbf\/","name":"Imcruz sponsor oficial de la FBF - El Diario - Bolivia","isPartOf":{"@id":"https:\/\/www.eldiario.net\/portal\/#website"},"primaryImageOfPage":{"@id":"https:\/\/www.eldiario.net\/portal\/2021\/06\/04\/imcruz-sponsor-oficial-de-la-fbf\/#primaryimage"},"image":{"@id":"https:\/\/www.eldiario.net\/portal\/2021\/06\/04\/imcruz-sponsor-oficial-de-la-fbf\/#primaryimage"},"thumbnailUrl":"","datePublished":"2021-06-04T09:42:07+00:00","breadcrumb":{"@id":"https:\/\/www.eldiario.net\/portal\/2021\/06\/04\/imcruz-sponsor-oficial-de-la-fbf\/#breadcrumb"},"inLanguage":"es","potentialAction":[{"@type":"ReadAction","target":["https:\/\/www.eldiario.net\/portal\/2021\/06\/04\/imcruz-sponsor-oficial-de-la-fbf\/"]}]},{"@type":"ImageObject","inLanguage":"es","@id":"https:\/\/www.eldiario.net\/portal\/2021\/06\/04\/imcruz-sponsor-oficial-de-la-fbf\/#primaryimage","url":"","contentUrl":""},{"@type":"BreadcrumbList","@id":"https:\/\/www.eldiario.net\/portal\/2021\/06\/04\/imcruz-sponsor-oficial-de-la-fbf\/#breadcrumb","itemListElement":[{"@type":"ListItem","position":1,"name":"Portada","item":"https:\/\/www.eldiario.net\/portal\/"},{"@type":"ListItem","position":2,"name":"Imcruz sponsor oficial de la FBF"}]},{"@type":"WebSite","@id":"https:\/\/www.eldiario.net\/portal\/#website","url":"https:\/\/www.eldiario.net\/portal\/","name":"El Diario - Decano de la prensa nacional","description":"El Diario - Decano de la prensa nacional","publisher":{"@id":"https:\/\/www.eldiario.net\/portal\/#organization"},"potentialAction":[{"@type":"SearchAction","target":{"@type":"EntryPoint","urlTemplate":"https:\/\/www.eldiario.net\/portal\/?s={search_term_string}"},"query-input":{"@type":"PropertyValueSpecification","valueRequired":true,"valueName":"search_term_string"}}],"inLanguage":"es"},{"@type":"Organization","@id":"https:\/\/www.eldiario.net\/portal\/#organization","name":"El Diario - Decano de la prensa nacional","url":"https:\/\/www.eldiario.net\/portal\/","logo":{"@type":"ImageObject","inLanguage":"es","@id":"https:\/\/www.eldiario.net\/portal\/#\/schema\/logo\/image\/","url":"https:\/\/www.eldiario.net\/portal\/wp-content\/uploads\/2023\/07\/logo_ED.jpg","contentUrl":"https:\/\/www.eldiario.net\/portal\/wp-content\/uploads\/2023\/07\/logo_ED.jpg","width":272,"height":52,"caption":"El Diario - Decano de la prensa nacional"},"image":{"@id":"https:\/\/www.eldiario.net\/portal\/#\/schema\/logo\/image\/"},"sameAs":["https:\/\/www.facebook.com\/eldiario.bolivia\/","https:\/\/x.com\/eldiario_net"]},{"@type":"Person","@id":"https:\/\/www.eldiario.net\/portal\/#\/schema\/person\/f46445640444750d7d753ccd04ae01b7","name":"Jeanette","image":{"@type":"ImageObject","inLanguage":"es","@id":"https:\/\/secure.gravatar.com\/avatar\/3ea2118a5f7dad2b7138b1187a6b7ee55f160b9968b66013c3a3ef39dd7e5798?s=96&d=mm&r=g","url":"https:\/\/secure.gravatar.com\/avatar\/3ea2118a5f7dad2b7138b1187a6b7ee55f160b9968b66013c3a3ef39dd7e5798?s=96&d=mm&r=g","contentUrl":"https:\/\/secure.gravatar.com\/avatar\/3ea2118a5f7dad2b7138b1187a6b7ee55f160b9968b66013c3a3ef39dd7e5798?s=96&d=mm&r=g","caption":"Jeanette"},"sameAs":["https:\/\/www.eldiario.net\/portal"],"url":"https:\/\/www.eldiario.net\/portal\/author\/jeanette\/"}]}},"_links":{"self":[{"href":"https:\/\/www.eldiario.net\/portal\/wp-json\/wp\/v2\/posts\/8161","targetHints":{"allow":["GET"]}}],"collection":[{"href":"https:\/\/www.eldiario.net\/portal\/wp-json\/wp\/v2\/posts"}],"about":[{"href":"https:\/\/www.eldiario.net\/portal\/wp-json\/wp\/v2\/types\/post"}],"author":[{"embeddable":true,"href":"https:\/\/www.eldiario.net\/portal\/wp-json\/wp\/v2\/users\/1"}],"replies":[{"embeddable":true,"href":"https:\/\/www.eldiario.net\/portal\/wp-json\/wp\/v2\/comments?post=8161"}],"version-history":[{"count":0,"href":"https:\/\/www.eldiario.net\/portal\/wp-json\/wp\/v2\/posts\/8161\/revisions"}],"wp:attachment":[{"href":"https:\/\/www.eldiario.net\/portal\/wp-json\/wp\/v2\/media?parent=8161"}],"wp:term":[{"taxonomy":"category","embeddable":true,"href":"https:\/\/www.eldiario.net\/portal\/wp-json\/wp\/v2\/categories?post=8161"},{"taxonomy":"post_tag","embeddable":true,"href":"https:\/\/www.eldiario.net\/portal\/wp-json\/wp\/v2\/tags?post=8161"}],"curies":[{"name":"wp","href":"https:\/\/api.w.org\/{rel}","templated":true}]}}