{"id":81505,"date":"2022-05-06T05:52:45","date_gmt":"2022-05-06T09:52:45","guid":{"rendered":"https:\/\/www.eldiario.net\/portal\/?p=81505"},"modified":"2022-05-06T05:52:45","modified_gmt":"2022-05-06T09:52:45","slug":"prana","status":"publish","type":"post","link":"https:\/\/www.eldiario.net\/portal\/2022\/05\/06\/prana\/","title":{"rendered":"PRANA"},"content":{"rendered":"<p>El invitado de hoy en Cvltvral es un empresario l\u00edder de esta iniciativa que tiene por objetivo principal fomentar el arte mediante estrategias online, lo cual potencia el valor y llegada de las obras de arte. Esta joven empresa, liderada por Marcelo Schuab, apunta a capitalizar el inexplorado campo de los activos digitales en el pa\u00eds a trav\u00e9s de los NFT\u00b4s y, a manera de desembarco, la firma presentar\u00e1 la primera colecci\u00f3n de arte boliviano tasada en este formato con obras del gran Mamami Mamani. En esta exclusiva tenemos los detalles\u2026 Sean todos bienvenidos al show.<\/p>\n<p><strong>\u00bfBajo qu\u00e9 concepto nace Prana Studio?<\/strong><br \/>\nEl concepto de PRANA NFT STUDIO nace del hecho que el mundo comenz\u00f3 a inclinarse hacia un espacio virtual. Los NFT\u00b4s y las criptomonedas est\u00e1n desarrollando una nueva plataforma para que las personas puedan crear e invertir. En otras palabras, se est\u00e1 gestando una nueva econom\u00eda descentralizada. Sin embargo, todav\u00eda existe la necesidad de una plataforma que proporcione soluciones integrales relacionadas a los activos digitales. PRANA NFT STUDIO es esa plataforma.<\/p>\n<p><strong>\u00bfD\u00f3nde radica el inter\u00e9s de ofrecer un servicio un tanto desconocido en nuestro medio?<\/strong><br \/>\nNosotros facilitamos el crear, acu\u00f1ar, almacenar, y vender NFT\u00b4s. Nuestro objetivo es cerrar la brecha entre las bellas artes bolivianas y el metaverso. Nuestra misi\u00f3n es facilitar a artistas, creativos y empresas, a evolucionar hacia el pr\u00f3ximo cap\u00edtulo del internet. Buscamos construir una comunidad diversa y s\u00f3lida para fortalecer y crecer el ecosistema de los NFT\u00b4s en el pa\u00eds.<\/p>\n<p><strong>\u00bfPor qu\u00e9 apuntar a obras de arte y cultura para poder posicionar este tipo de servicio en nuestro medio?<\/strong><br \/>\nCreemos que el arte boliviano no recibe el reconocimiento que amerita. Las obras de arte que seleccionamos para esta primera colecci\u00f3n son un tributo a nuestra cultura, nuestra identidad y nuestras creencias. La colecci\u00f3n se llama \u201cKAMASA\u201d, lo cual significa fuerza y esp\u00edritu en la cultura aymara. Es en un intento de transmitir la fuerza y el esp\u00edritu de la cultura boliviana en un mercado internacional que se acu\u00f1\u00f3<br \/>\ncon ese nombre.<\/p>\n<p><strong>\u00bfC\u00f3mo es el proceso de convertir un objeto art\u00edstico en un activo NFT?<\/strong><br \/>\nEl proceso de convertir una obra f\u00edsica en un NFT comienza por obtener una copia digital de la misma de la mejor y con la m\u00e1s alta calidad posible. PRANA NFT STUDIO trabaja con fot\u00f3grafos profesionales y equipos de escaneado de alta resoluci\u00f3n para adquirir copias digitales que le hagan justicia a los originales. A estas copias se les asigna una direcci\u00f3n inalterable en una cadena de bloques, efectivamente convirti\u00e9ndolas en NFT\u00b4s.<\/p>\n<p><strong>Puede ser una pregunta un poco amplia pero \u00bfcu\u00e1l es la ganancia real del artista al entrar en esta era digital del arte?<\/strong><br \/>\nLa ganancia real del artista al ingresar en este rubro, es la inmortalizaci\u00f3n de su obra, el exponer su obra en un mercado con alcance global y el ingresar a un mundo que est\u00e1 pasando por un periodo de crecimiento exponencial y se est\u00e1 estableciendo como el mercado de arte m\u00e1s grande del mundo.<\/p>\n<p><strong>Luego de digitalizar las obras son destruidas. \u00bfEntonces ah\u00ed est\u00e1 la val\u00eda real de la obra como NFT\u00b4s?<\/strong><br \/>\nLuego de la digitalizaci\u00f3n y comercializaci\u00f3n de las obras, estas son efectivamente destruidas. Es justamente a trav\u00e9s de este proceso que se garantiza que el NFT es la \u00fanica copia original de la obra en existencia.<\/p>\n<p><strong>\u00bfC\u00f3mo fue esta primera experiencia junto al pintor nacional \u201cMamani Mamani\u201d?<\/strong><br \/>\nEsta primera experiencia con Roberto Mamani Mamani fue sumamente grata. Involucr\u00f3 mucho trabajo y paciencia considerando que el estudio y el artista ten\u00edan en mente presentar una colecci\u00f3n \u00fanica y especial. El proceso de selecci\u00f3n de obras fue trabajoso, pero se lleg\u00f3 a un producto final con el que ambas partes quedaron muy felices. Ya se est\u00e1n gestando las siguientes colecciones del artista a trav\u00e9s de nuestra plataforma.<\/p>\n<p><strong>\u00bfQu\u00e9 tipo de obras podr\u00edan quedar exentas de tener la posibilidad de volverse NFT\u00b4s?<\/strong><br \/>\nNing\u00fan tipo de obra queda exenta de convertirse en NFT\u00b4s. La meta de PRANA, a mediano y largo plazo, es diversificar su portafolio de colecciones lo m\u00e1s posible, involucrando a creativos de todo tipo y a quien sea que est\u00e9 interesado en entrar a este mundo de los activos digitales.<\/p>\n<p><strong>\u00bfCon qu\u00e9 otros artistas se ha tenido acercamientos para poder tener obras en este formato dentro de poco?<\/strong><br \/>\nPor el momento no se lleg\u00f3 a nada concreto con otros artistas, pero s\u00ed hubo charlas preliminares. La colecci\u00f3n de Mamani Mamani es nuestra primera, por lo cual servir\u00e1 como carta de presentaci\u00f3n para todo lo que le sigue, por lo que se le ha dedicado todo nuestro esfuerzo, tiempo y recursos. Ahora que se lanz\u00f3 p\u00fablicamente y est\u00e1 generando tanto inter\u00e9s nos podremos enfocar en gestar nuevas colaboraciones.<\/p>\n<p><strong>\u00bfApuntan a expandir Prana a nivel nacional o es un poco pronto para decirlo?<\/strong><br \/>\nPRANA NFT STUDIO definitivamente tiene la intenci\u00f3n de expandirse a nivel nacional. Somos una plataforma de servicios que ya est\u00e1 habilitada para artistas, creativos, y empresas en todo el pa\u00eds. Esperamos crecer junto a las oportunidades que se nos presenten de la mejor manera que nuestras capacidades nos lo permitan.<\/p>\n","protected":false},"excerpt":{"rendered":"<p>El invitado de hoy en Cvltvral es un empresario l\u00edder de esta iniciativa que tiene por objetivo principal fomentar el arte mediante estrategias online, lo cual potencia el valor y llegada de las obras de arte. Esta joven empresa, liderada por Marcelo Schuab, apunta a capitalizar el inexplorado campo de los activos digitales en el [&hellip;]<\/p>\n","protected":false},"author":1,"featured_media":81506,"comment_status":"closed","ping_status":"closed","sticky":false,"template":"","format":"standard","meta":{"_acf_changed":false,"footnotes":""},"categories":[8],"tags":[],"class_list":["post-81505","post","type-post","status-publish","format-standard","has-post-thumbnail","category-cultural"],"acf":{"antetitulo":""},"yoast_head":"<!-- This site is optimized with the Yoast SEO plugin v28.3 - https:\/\/yoast.com\/product\/yoast-seo-wordpress\/ -->\n<title>PRANA - El Diario - Bolivia<\/title>\n<meta name=\"robots\" content=\"index, follow, max-snippet:-1, max-image-preview:large, max-video-preview:-1\" \/>\n<link rel=\"canonical\" href=\"https:\/\/www.eldiario.net\/portal\/2022\/05\/06\/prana\/\" \/>\n<meta property=\"og:locale\" content=\"es_ES\" \/>\n<meta property=\"og:type\" content=\"article\" \/>\n<meta property=\"og:title\" content=\"PRANA - El Diario - Bolivia\" \/>\n<meta property=\"og:description\" content=\"El invitado de hoy en Cvltvral es un empresario l\u00edder de esta iniciativa que tiene por objetivo principal fomentar el arte mediante estrategias online, lo cual potencia el valor y llegada de las obras de arte. Esta joven empresa, liderada por Marcelo Schuab, apunta a capitalizar el inexplorado campo de los activos digitales en el [&hellip;]\" \/>\n<meta property=\"og:url\" content=\"https:\/\/www.eldiario.net\/portal\/2022\/05\/06\/prana\/\" \/>\n<meta property=\"og:site_name\" content=\"El Diario - Bolivia\" \/>\n<meta property=\"article:publisher\" content=\"https:\/\/www.facebook.com\/eldiario.bolivia\/\" \/>\n<meta property=\"article:published_time\" content=\"2022-05-06T09:52:45+00:00\" \/>\n<meta name=\"author\" content=\"Jeanette\" \/>\n<meta name=\"twitter:card\" content=\"summary_large_image\" \/>\n<meta name=\"twitter:creator\" content=\"@eldiario_net\" \/>\n<meta name=\"twitter:site\" content=\"@eldiario_net\" \/>\n<meta name=\"twitter:label1\" content=\"Escrito por\" \/>\n\t<meta name=\"twitter:data1\" content=\"Jeanette\" \/>\n\t<meta name=\"twitter:label2\" content=\"Tiempo de lectura\" \/>\n\t<meta name=\"twitter:data2\" content=\"4 minutos\" \/>\n<script type=\"application\/ld+json\" class=\"yoast-schema-graph\">{\"@context\":\"https:\\\/\\\/schema.org\",\"@graph\":[{\"@type\":\"Article\",\"@id\":\"https:\\\/\\\/www.eldiario.net\\\/portal\\\/2022\\\/05\\\/06\\\/prana\\\/#article\",\"isPartOf\":{\"@id\":\"https:\\\/\\\/www.eldiario.net\\\/portal\\\/2022\\\/05\\\/06\\\/prana\\\/\"},\"author\":{\"name\":\"Jeanette\",\"@id\":\"https:\\\/\\\/www.eldiario.net\\\/portal\\\/#\\\/schema\\\/person\\\/f46445640444750d7d753ccd04ae01b7\"},\"headline\":\"PRANA\",\"datePublished\":\"2022-05-06T09:52:45+00:00\",\"mainEntityOfPage\":{\"@id\":\"https:\\\/\\\/www.eldiario.net\\\/portal\\\/2022\\\/05\\\/06\\\/prana\\\/\"},\"wordCount\":905,\"publisher\":{\"@id\":\"https:\\\/\\\/www.eldiario.net\\\/portal\\\/#organization\"},\"image\":{\"@id\":\"https:\\\/\\\/www.eldiario.net\\\/portal\\\/2022\\\/05\\\/06\\\/prana\\\/#primaryimage\"},\"thumbnailUrl\":\"\",\"articleSection\":[\"Cultural\"],\"inLanguage\":\"es\"},{\"@type\":\"WebPage\",\"@id\":\"https:\\\/\\\/www.eldiario.net\\\/portal\\\/2022\\\/05\\\/06\\\/prana\\\/\",\"url\":\"https:\\\/\\\/www.eldiario.net\\\/portal\\\/2022\\\/05\\\/06\\\/prana\\\/\",\"name\":\"PRANA - El Diario - Bolivia\",\"isPartOf\":{\"@id\":\"https:\\\/\\\/www.eldiario.net\\\/portal\\\/#website\"},\"primaryImageOfPage\":{\"@id\":\"https:\\\/\\\/www.eldiario.net\\\/portal\\\/2022\\\/05\\\/06\\\/prana\\\/#primaryimage\"},\"image\":{\"@id\":\"https:\\\/\\\/www.eldiario.net\\\/portal\\\/2022\\\/05\\\/06\\\/prana\\\/#primaryimage\"},\"thumbnailUrl\":\"\",\"datePublished\":\"2022-05-06T09:52:45+00:00\",\"breadcrumb\":{\"@id\":\"https:\\\/\\\/www.eldiario.net\\\/portal\\\/2022\\\/05\\\/06\\\/prana\\\/#breadcrumb\"},\"inLanguage\":\"es\",\"potentialAction\":[{\"@type\":\"ReadAction\",\"target\":[\"https:\\\/\\\/www.eldiario.net\\\/portal\\\/2022\\\/05\\\/06\\\/prana\\\/\"]}]},{\"@type\":\"ImageObject\",\"inLanguage\":\"es\",\"@id\":\"https:\\\/\\\/www.eldiario.net\\\/portal\\\/2022\\\/05\\\/06\\\/prana\\\/#primaryimage\",\"url\":\"\",\"contentUrl\":\"\"},{\"@type\":\"BreadcrumbList\",\"@id\":\"https:\\\/\\\/www.eldiario.net\\\/portal\\\/2022\\\/05\\\/06\\\/prana\\\/#breadcrumb\",\"itemListElement\":[{\"@type\":\"ListItem\",\"position\":1,\"name\":\"Portada\",\"item\":\"https:\\\/\\\/www.eldiario.net\\\/portal\\\/\"},{\"@type\":\"ListItem\",\"position\":2,\"name\":\"PRANA\"}]},{\"@type\":\"WebSite\",\"@id\":\"https:\\\/\\\/www.eldiario.net\\\/portal\\\/#website\",\"url\":\"https:\\\/\\\/www.eldiario.net\\\/portal\\\/\",\"name\":\"El Diario - Decano de la prensa nacional\",\"description\":\"El Diario - Decano de la prensa nacional\",\"publisher\":{\"@id\":\"https:\\\/\\\/www.eldiario.net\\\/portal\\\/#organization\"},\"potentialAction\":[{\"@type\":\"SearchAction\",\"target\":{\"@type\":\"EntryPoint\",\"urlTemplate\":\"https:\\\/\\\/www.eldiario.net\\\/portal\\\/?s={search_term_string}\"},\"query-input\":{\"@type\":\"PropertyValueSpecification\",\"valueRequired\":true,\"valueName\":\"search_term_string\"}}],\"inLanguage\":\"es\"},{\"@type\":\"Organization\",\"@id\":\"https:\\\/\\\/www.eldiario.net\\\/portal\\\/#organization\",\"name\":\"El Diario - Decano de la prensa nacional\",\"url\":\"https:\\\/\\\/www.eldiario.net\\\/portal\\\/\",\"logo\":{\"@type\":\"ImageObject\",\"inLanguage\":\"es\",\"@id\":\"https:\\\/\\\/www.eldiario.net\\\/portal\\\/#\\\/schema\\\/logo\\\/image\\\/\",\"url\":\"https:\\\/\\\/www.eldiario.net\\\/portal\\\/wp-content\\\/uploads\\\/2023\\\/07\\\/logo_ED.jpg\",\"contentUrl\":\"https:\\\/\\\/www.eldiario.net\\\/portal\\\/wp-content\\\/uploads\\\/2023\\\/07\\\/logo_ED.jpg\",\"width\":272,\"height\":52,\"caption\":\"El Diario - Decano de la prensa nacional\"},\"image\":{\"@id\":\"https:\\\/\\\/www.eldiario.net\\\/portal\\\/#\\\/schema\\\/logo\\\/image\\\/\"},\"sameAs\":[\"https:\\\/\\\/www.facebook.com\\\/eldiario.bolivia\\\/\",\"https:\\\/\\\/x.com\\\/eldiario_net\"]},{\"@type\":\"Person\",\"@id\":\"https:\\\/\\\/www.eldiario.net\\\/portal\\\/#\\\/schema\\\/person\\\/f46445640444750d7d753ccd04ae01b7\",\"name\":\"Jeanette\",\"image\":{\"@type\":\"ImageObject\",\"inLanguage\":\"es\",\"@id\":\"https:\\\/\\\/secure.gravatar.com\\\/avatar\\\/3ea2118a5f7dad2b7138b1187a6b7ee55f160b9968b66013c3a3ef39dd7e5798?s=96&d=mm&r=g\",\"url\":\"https:\\\/\\\/secure.gravatar.com\\\/avatar\\\/3ea2118a5f7dad2b7138b1187a6b7ee55f160b9968b66013c3a3ef39dd7e5798?s=96&d=mm&r=g\",\"contentUrl\":\"https:\\\/\\\/secure.gravatar.com\\\/avatar\\\/3ea2118a5f7dad2b7138b1187a6b7ee55f160b9968b66013c3a3ef39dd7e5798?s=96&d=mm&r=g\",\"caption\":\"Jeanette\"},\"sameAs\":[\"https:\\\/\\\/www.eldiario.net\\\/portal\"],\"url\":\"https:\\\/\\\/www.eldiario.net\\\/portal\\\/author\\\/jeanette\\\/\"}]}<\/script>\n<!-- \/ Yoast SEO plugin. -->","yoast_head_json":{"title":"PRANA - El Diario - Bolivia","robots":{"index":"index","follow":"follow","max-snippet":"max-snippet:-1","max-image-preview":"max-image-preview:large","max-video-preview":"max-video-preview:-1"},"canonical":"https:\/\/www.eldiario.net\/portal\/2022\/05\/06\/prana\/","og_locale":"es_ES","og_type":"article","og_title":"PRANA - El Diario - Bolivia","og_description":"El invitado de hoy en Cvltvral es un empresario l\u00edder de esta iniciativa que tiene por objetivo principal fomentar el arte mediante estrategias online, lo cual potencia el valor y llegada de las obras de arte. Esta joven empresa, liderada por Marcelo Schuab, apunta a capitalizar el inexplorado campo de los activos digitales en el [&hellip;]","og_url":"https:\/\/www.eldiario.net\/portal\/2022\/05\/06\/prana\/","og_site_name":"El Diario - Bolivia","article_publisher":"https:\/\/www.facebook.com\/eldiario.bolivia\/","article_published_time":"2022-05-06T09:52:45+00:00","author":"Jeanette","twitter_card":"summary_large_image","twitter_creator":"@eldiario_net","twitter_site":"@eldiario_net","twitter_misc":{"Escrito por":"Jeanette","Tiempo de lectura":"4 minutos"},"schema":{"@context":"https:\/\/schema.org","@graph":[{"@type":"Article","@id":"https:\/\/www.eldiario.net\/portal\/2022\/05\/06\/prana\/#article","isPartOf":{"@id":"https:\/\/www.eldiario.net\/portal\/2022\/05\/06\/prana\/"},"author":{"name":"Jeanette","@id":"https:\/\/www.eldiario.net\/portal\/#\/schema\/person\/f46445640444750d7d753ccd04ae01b7"},"headline":"PRANA","datePublished":"2022-05-06T09:52:45+00:00","mainEntityOfPage":{"@id":"https:\/\/www.eldiario.net\/portal\/2022\/05\/06\/prana\/"},"wordCount":905,"publisher":{"@id":"https:\/\/www.eldiario.net\/portal\/#organization"},"image":{"@id":"https:\/\/www.eldiario.net\/portal\/2022\/05\/06\/prana\/#primaryimage"},"thumbnailUrl":"","articleSection":["Cultural"],"inLanguage":"es"},{"@type":"WebPage","@id":"https:\/\/www.eldiario.net\/portal\/2022\/05\/06\/prana\/","url":"https:\/\/www.eldiario.net\/portal\/2022\/05\/06\/prana\/","name":"PRANA - El Diario - Bolivia","isPartOf":{"@id":"https:\/\/www.eldiario.net\/portal\/#website"},"primaryImageOfPage":{"@id":"https:\/\/www.eldiario.net\/portal\/2022\/05\/06\/prana\/#primaryimage"},"image":{"@id":"https:\/\/www.eldiario.net\/portal\/2022\/05\/06\/prana\/#primaryimage"},"thumbnailUrl":"","datePublished":"2022-05-06T09:52:45+00:00","breadcrumb":{"@id":"https:\/\/www.eldiario.net\/portal\/2022\/05\/06\/prana\/#breadcrumb"},"inLanguage":"es","potentialAction":[{"@type":"ReadAction","target":["https:\/\/www.eldiario.net\/portal\/2022\/05\/06\/prana\/"]}]},{"@type":"ImageObject","inLanguage":"es","@id":"https:\/\/www.eldiario.net\/portal\/2022\/05\/06\/prana\/#primaryimage","url":"","contentUrl":""},{"@type":"BreadcrumbList","@id":"https:\/\/www.eldiario.net\/portal\/2022\/05\/06\/prana\/#breadcrumb","itemListElement":[{"@type":"ListItem","position":1,"name":"Portada","item":"https:\/\/www.eldiario.net\/portal\/"},{"@type":"ListItem","position":2,"name":"PRANA"}]},{"@type":"WebSite","@id":"https:\/\/www.eldiario.net\/portal\/#website","url":"https:\/\/www.eldiario.net\/portal\/","name":"El Diario - Decano de la prensa nacional","description":"El Diario - Decano de la prensa nacional","publisher":{"@id":"https:\/\/www.eldiario.net\/portal\/#organization"},"potentialAction":[{"@type":"SearchAction","target":{"@type":"EntryPoint","urlTemplate":"https:\/\/www.eldiario.net\/portal\/?s={search_term_string}"},"query-input":{"@type":"PropertyValueSpecification","valueRequired":true,"valueName":"search_term_string"}}],"inLanguage":"es"},{"@type":"Organization","@id":"https:\/\/www.eldiario.net\/portal\/#organization","name":"El Diario - Decano de la prensa nacional","url":"https:\/\/www.eldiario.net\/portal\/","logo":{"@type":"ImageObject","inLanguage":"es","@id":"https:\/\/www.eldiario.net\/portal\/#\/schema\/logo\/image\/","url":"https:\/\/www.eldiario.net\/portal\/wp-content\/uploads\/2023\/07\/logo_ED.jpg","contentUrl":"https:\/\/www.eldiario.net\/portal\/wp-content\/uploads\/2023\/07\/logo_ED.jpg","width":272,"height":52,"caption":"El Diario - Decano de la prensa nacional"},"image":{"@id":"https:\/\/www.eldiario.net\/portal\/#\/schema\/logo\/image\/"},"sameAs":["https:\/\/www.facebook.com\/eldiario.bolivia\/","https:\/\/x.com\/eldiario_net"]},{"@type":"Person","@id":"https:\/\/www.eldiario.net\/portal\/#\/schema\/person\/f46445640444750d7d753ccd04ae01b7","name":"Jeanette","image":{"@type":"ImageObject","inLanguage":"es","@id":"https:\/\/secure.gravatar.com\/avatar\/3ea2118a5f7dad2b7138b1187a6b7ee55f160b9968b66013c3a3ef39dd7e5798?s=96&d=mm&r=g","url":"https:\/\/secure.gravatar.com\/avatar\/3ea2118a5f7dad2b7138b1187a6b7ee55f160b9968b66013c3a3ef39dd7e5798?s=96&d=mm&r=g","contentUrl":"https:\/\/secure.gravatar.com\/avatar\/3ea2118a5f7dad2b7138b1187a6b7ee55f160b9968b66013c3a3ef39dd7e5798?s=96&d=mm&r=g","caption":"Jeanette"},"sameAs":["https:\/\/www.eldiario.net\/portal"],"url":"https:\/\/www.eldiario.net\/portal\/author\/jeanette\/"}]}},"_links":{"self":[{"href":"https:\/\/www.eldiario.net\/portal\/wp-json\/wp\/v2\/posts\/81505","targetHints":{"allow":["GET"]}}],"collection":[{"href":"https:\/\/www.eldiario.net\/portal\/wp-json\/wp\/v2\/posts"}],"about":[{"href":"https:\/\/www.eldiario.net\/portal\/wp-json\/wp\/v2\/types\/post"}],"author":[{"embeddable":true,"href":"https:\/\/www.eldiario.net\/portal\/wp-json\/wp\/v2\/users\/1"}],"replies":[{"embeddable":true,"href":"https:\/\/www.eldiario.net\/portal\/wp-json\/wp\/v2\/comments?post=81505"}],"version-history":[{"count":0,"href":"https:\/\/www.eldiario.net\/portal\/wp-json\/wp\/v2\/posts\/81505\/revisions"}],"wp:attachment":[{"href":"https:\/\/www.eldiario.net\/portal\/wp-json\/wp\/v2\/media?parent=81505"}],"wp:term":[{"taxonomy":"category","embeddable":true,"href":"https:\/\/www.eldiario.net\/portal\/wp-json\/wp\/v2\/categories?post=81505"},{"taxonomy":"post_tag","embeddable":true,"href":"https:\/\/www.eldiario.net\/portal\/wp-json\/wp\/v2\/tags?post=81505"}],"curies":[{"name":"wp","href":"https:\/\/api.w.org\/{rel}","templated":true}]}}