{"id":8150,"date":"2021-06-04T05:32:24","date_gmt":"2021-06-04T09:32:24","guid":{"rendered":"https:\/\/www.eldiario.net\/portal\/?p=8150"},"modified":"2021-06-04T05:32:24","modified_gmt":"2021-06-04T09:32:24","slug":"chile-ajustara-edad-para-vacuna-de-astrazeneca","status":"publish","type":"post","link":"https:\/\/www.eldiario.net\/portal\/2021\/06\/04\/chile-ajustara-edad-para-vacuna-de-astrazeneca\/","title":{"rendered":"Chile ajustar\u00e1 edad para vacuna de AstraZeneca"},"content":{"rendered":"<p>Santiago.- El Ministerio de Salud de Chile dijo este jueves que modific\u00f3 el rango etario de las personas que pueden recibir la vacuna contra el Covid-19 de AstraZeneca hasta culminar una investigaci\u00f3n de un caso de trombosis en un paciente de 31 a\u00f1os.<\/p>\n<p>Las primeras dosis de la vacuna, aprobada por el regulador local para hombres mayores de 18 a\u00f1os y mujeres mayores de 45, llegaron al pa\u00eds a fines de abril.<\/p>\n<p>Un hombre de 31 a\u00f1os que recibi\u00f3 la vacuna present\u00f3 un cuadro de trombosis y trombocitopenia, un evento que se ha atribuido a la vacuna, aunque con poca frecuencia, dijo el ministerio en un comunicado.<\/p>\n<p>\u00abComo medida preventiva y proactiva, mientras el subdepartamento de Farmacovigilancia de Vacunas del Instituto de Salud P\u00fablica realiza el an\u00e1lisis de causalidad, se ha decidido como autoridad sanitaria, modificar la edad de administraci\u00f3n de esta vacuna, a partir de los 45 a\u00f1os, hasta obtener los resultados de dicha investigaci\u00f3n\u00bb, agreg\u00f3.<\/p>\n<p>Pese a la pol\u00e9mica por algunos casos de trombos en personas que recibieron AstraZeneca, varios organismos reguladores han subrayado que los beneficios de la vacunaci\u00f3n superan a los riesgos.<\/p>\n<p>D\u00edas atr\u00e1s, las autoridades locales hab\u00edan decidido acortar el tiempo entre la primera y segunda dosis a 28 d\u00edas desde las 12 semanas inicialmente pautadas.<\/p>\n<p>En abril, los investigadores que desarrollaron un ensayo cl\u00ednico de la vacuna en el pa\u00eds sudamericano dijeron que ninguno los participantes locales no desarrollaron trombos, como lo ocurrido en otros pa\u00edses. (Reuters)<\/p>\n<p>&nbsp;<\/p>\n","protected":false},"excerpt":{"rendered":"<p>Santiago.- El Ministerio de Salud de Chile dijo este jueves que modific\u00f3 el rango etario de las personas que pueden recibir la vacuna contra el Covid-19 de AstraZeneca hasta culminar una investigaci\u00f3n de un caso de trombosis en un paciente de 31 a\u00f1os. Las primeras dosis de la vacuna, aprobada por el regulador local para [&hellip;]<\/p>\n","protected":false},"author":1,"featured_media":8151,"comment_status":"closed","ping_status":"closed","sticky":false,"template":"","format":"standard","meta":{"_acf_changed":false,"footnotes":""},"categories":[3],"tags":[],"class_list":["post-8150","post","type-post","status-publish","format-standard","has-post-thumbnail","category-internacional"],"acf":{"antetitulo":""},"yoast_head":"<!-- This site is optimized with the Yoast SEO plugin v28.4 - https:\/\/yoast.com\/product\/yoast-seo-wordpress\/ -->\n<title>Chile ajustar\u00e1 edad para vacuna de AstraZeneca - El Diario - Bolivia<\/title>\n<meta name=\"robots\" content=\"index, follow, max-snippet:-1, max-image-preview:large, max-video-preview:-1\" \/>\n<link rel=\"canonical\" href=\"https:\/\/www.eldiario.net\/portal\/2021\/06\/04\/chile-ajustara-edad-para-vacuna-de-astrazeneca\/\" \/>\n<meta property=\"og:locale\" content=\"es_ES\" \/>\n<meta property=\"og:type\" content=\"article\" \/>\n<meta property=\"og:title\" content=\"Chile ajustar\u00e1 edad para vacuna de AstraZeneca - El Diario - Bolivia\" \/>\n<meta property=\"og:description\" content=\"Santiago.- El Ministerio de Salud de Chile dijo este jueves que modific\u00f3 el rango etario de las personas que pueden recibir la vacuna contra el Covid-19 de AstraZeneca hasta culminar una investigaci\u00f3n de un caso de trombosis en un paciente de 31 a\u00f1os. Las primeras dosis de la vacuna, aprobada por el regulador local para [&hellip;]\" \/>\n<meta property=\"og:url\" content=\"https:\/\/www.eldiario.net\/portal\/2021\/06\/04\/chile-ajustara-edad-para-vacuna-de-astrazeneca\/\" \/>\n<meta property=\"og:site_name\" content=\"El Diario - Bolivia\" \/>\n<meta property=\"article:publisher\" content=\"https:\/\/www.facebook.com\/eldiario.bolivia\/\" \/>\n<meta property=\"article:published_time\" content=\"2021-06-04T09:32:24+00:00\" \/>\n<meta name=\"author\" content=\"Jeanette\" \/>\n<meta name=\"twitter:card\" content=\"summary_large_image\" \/>\n<meta name=\"twitter:creator\" content=\"@eldiario_net\" \/>\n<meta name=\"twitter:site\" content=\"@eldiario_net\" \/>\n<meta name=\"twitter:label1\" content=\"Escrito por\" \/>\n\t<meta name=\"twitter:data1\" content=\"Jeanette\" \/>\n\t<meta name=\"twitter:label2\" content=\"Tiempo de lectura\" \/>\n\t<meta name=\"twitter:data2\" content=\"2 minutos\" \/>\n<script type=\"application\/ld+json\" class=\"yoast-schema-graph\">{\"@context\":\"https:\\\/\\\/schema.org\",\"@graph\":[{\"@type\":\"Article\",\"@id\":\"https:\\\/\\\/www.eldiario.net\\\/portal\\\/2021\\\/06\\\/04\\\/chile-ajustara-edad-para-vacuna-de-astrazeneca\\\/#article\",\"isPartOf\":{\"@id\":\"https:\\\/\\\/www.eldiario.net\\\/portal\\\/2021\\\/06\\\/04\\\/chile-ajustara-edad-para-vacuna-de-astrazeneca\\\/\"},\"author\":{\"name\":\"Jeanette\",\"@id\":\"https:\\\/\\\/www.eldiario.net\\\/portal\\\/#\\\/schema\\\/person\\\/2c57cf2b7a7ae032e449e4c9b1019eac\"},\"headline\":\"Chile ajustar\u00e1 edad para vacuna de AstraZeneca\",\"datePublished\":\"2021-06-04T09:32:24+00:00\",\"mainEntityOfPage\":{\"@id\":\"https:\\\/\\\/www.eldiario.net\\\/portal\\\/2021\\\/06\\\/04\\\/chile-ajustara-edad-para-vacuna-de-astrazeneca\\\/\"},\"wordCount\":264,\"publisher\":{\"@id\":\"https:\\\/\\\/www.eldiario.net\\\/portal\\\/#organization\"},\"image\":{\"@id\":\"https:\\\/\\\/www.eldiario.net\\\/portal\\\/2021\\\/06\\\/04\\\/chile-ajustara-edad-para-vacuna-de-astrazeneca\\\/#primaryimage\"},\"thumbnailUrl\":\"\",\"articleSection\":[\"Internacional\"],\"inLanguage\":\"es\"},{\"@type\":\"WebPage\",\"@id\":\"https:\\\/\\\/www.eldiario.net\\\/portal\\\/2021\\\/06\\\/04\\\/chile-ajustara-edad-para-vacuna-de-astrazeneca\\\/\",\"url\":\"https:\\\/\\\/www.eldiario.net\\\/portal\\\/2021\\\/06\\\/04\\\/chile-ajustara-edad-para-vacuna-de-astrazeneca\\\/\",\"name\":\"Chile ajustar\u00e1 edad para vacuna de AstraZeneca - El Diario - Bolivia\",\"isPartOf\":{\"@id\":\"https:\\\/\\\/www.eldiario.net\\\/portal\\\/#website\"},\"primaryImageOfPage\":{\"@id\":\"https:\\\/\\\/www.eldiario.net\\\/portal\\\/2021\\\/06\\\/04\\\/chile-ajustara-edad-para-vacuna-de-astrazeneca\\\/#primaryimage\"},\"image\":{\"@id\":\"https:\\\/\\\/www.eldiario.net\\\/portal\\\/2021\\\/06\\\/04\\\/chile-ajustara-edad-para-vacuna-de-astrazeneca\\\/#primaryimage\"},\"thumbnailUrl\":\"\",\"datePublished\":\"2021-06-04T09:32:24+00:00\",\"breadcrumb\":{\"@id\":\"https:\\\/\\\/www.eldiario.net\\\/portal\\\/2021\\\/06\\\/04\\\/chile-ajustara-edad-para-vacuna-de-astrazeneca\\\/#breadcrumb\"},\"inLanguage\":\"es\",\"potentialAction\":[{\"@type\":\"ReadAction\",\"target\":[\"https:\\\/\\\/www.eldiario.net\\\/portal\\\/2021\\\/06\\\/04\\\/chile-ajustara-edad-para-vacuna-de-astrazeneca\\\/\"]}]},{\"@type\":\"ImageObject\",\"inLanguage\":\"es\",\"@id\":\"https:\\\/\\\/www.eldiario.net\\\/portal\\\/2021\\\/06\\\/04\\\/chile-ajustara-edad-para-vacuna-de-astrazeneca\\\/#primaryimage\",\"url\":\"\",\"contentUrl\":\"\"},{\"@type\":\"BreadcrumbList\",\"@id\":\"https:\\\/\\\/www.eldiario.net\\\/portal\\\/2021\\\/06\\\/04\\\/chile-ajustara-edad-para-vacuna-de-astrazeneca\\\/#breadcrumb\",\"itemListElement\":[{\"@type\":\"ListItem\",\"position\":1,\"name\":\"Portada\",\"item\":\"https:\\\/\\\/www.eldiario.net\\\/portal\\\/\"},{\"@type\":\"ListItem\",\"position\":2,\"name\":\"Chile ajustar\u00e1 edad para vacuna de AstraZeneca\"}]},{\"@type\":\"WebSite\",\"@id\":\"https:\\\/\\\/www.eldiario.net\\\/portal\\\/#website\",\"url\":\"https:\\\/\\\/www.eldiario.net\\\/portal\\\/\",\"name\":\"El Diario - Decano de la prensa nacional\",\"description\":\"El Diario - Decano de la prensa nacional\",\"publisher\":{\"@id\":\"https:\\\/\\\/www.eldiario.net\\\/portal\\\/#organization\"},\"potentialAction\":[{\"@type\":\"SearchAction\",\"target\":{\"@type\":\"EntryPoint\",\"urlTemplate\":\"https:\\\/\\\/www.eldiario.net\\\/portal\\\/?s={search_term_string}\"},\"query-input\":{\"@type\":\"PropertyValueSpecification\",\"valueRequired\":true,\"valueName\":\"search_term_string\"}}],\"inLanguage\":\"es\"},{\"@type\":\"Organization\",\"@id\":\"https:\\\/\\\/www.eldiario.net\\\/portal\\\/#organization\",\"name\":\"El Diario - Decano de la prensa nacional\",\"url\":\"https:\\\/\\\/www.eldiario.net\\\/portal\\\/\",\"logo\":{\"@type\":\"ImageObject\",\"inLanguage\":\"es\",\"@id\":\"https:\\\/\\\/www.eldiario.net\\\/portal\\\/#\\\/schema\\\/logo\\\/image\\\/\",\"url\":\"https:\\\/\\\/www.eldiario.net\\\/portal\\\/wp-content\\\/uploads\\\/2023\\\/07\\\/logo_ED.jpg\",\"contentUrl\":\"https:\\\/\\\/www.eldiario.net\\\/portal\\\/wp-content\\\/uploads\\\/2023\\\/07\\\/logo_ED.jpg\",\"width\":272,\"height\":52,\"caption\":\"El Diario - Decano de la prensa nacional\"},\"image\":{\"@id\":\"https:\\\/\\\/www.eldiario.net\\\/portal\\\/#\\\/schema\\\/logo\\\/image\\\/\"},\"sameAs\":[\"https:\\\/\\\/www.facebook.com\\\/eldiario.bolivia\\\/\",\"https:\\\/\\\/x.com\\\/eldiario_net\"]},{\"@type\":\"Person\",\"@id\":\"https:\\\/\\\/www.eldiario.net\\\/portal\\\/#\\\/schema\\\/person\\\/2c57cf2b7a7ae032e449e4c9b1019eac\",\"name\":\"Jeanette\",\"image\":{\"@type\":\"ImageObject\",\"inLanguage\":\"es\",\"@id\":\"https:\\\/\\\/secure.gravatar.com\\\/avatar\\\/3ea2118a5f7dad2b7138b1187a6b7ee55f160b9968b66013c3a3ef39dd7e5798?s=96&d=mm&r=g\",\"url\":\"https:\\\/\\\/secure.gravatar.com\\\/avatar\\\/3ea2118a5f7dad2b7138b1187a6b7ee55f160b9968b66013c3a3ef39dd7e5798?s=96&d=mm&r=g\",\"contentUrl\":\"https:\\\/\\\/secure.gravatar.com\\\/avatar\\\/3ea2118a5f7dad2b7138b1187a6b7ee55f160b9968b66013c3a3ef39dd7e5798?s=96&d=mm&r=g\",\"caption\":\"Jeanette\"},\"sameAs\":[\"https:\\\/\\\/www.eldiario.net\\\/portal\"],\"url\":\"https:\\\/\\\/www.eldiario.net\\\/portal\\\/author\\\/jeanette\\\/\"}]}<\/script>\n<!-- \/ Yoast SEO plugin. -->","yoast_head_json":{"title":"Chile ajustar\u00e1 edad para vacuna de AstraZeneca - El Diario - Bolivia","robots":{"index":"index","follow":"follow","max-snippet":"max-snippet:-1","max-image-preview":"max-image-preview:large","max-video-preview":"max-video-preview:-1"},"canonical":"https:\/\/www.eldiario.net\/portal\/2021\/06\/04\/chile-ajustara-edad-para-vacuna-de-astrazeneca\/","og_locale":"es_ES","og_type":"article","og_title":"Chile ajustar\u00e1 edad para vacuna de AstraZeneca - El Diario - Bolivia","og_description":"Santiago.- El Ministerio de Salud de Chile dijo este jueves que modific\u00f3 el rango etario de las personas que pueden recibir la vacuna contra el Covid-19 de AstraZeneca hasta culminar una investigaci\u00f3n de un caso de trombosis en un paciente de 31 a\u00f1os. Las primeras dosis de la vacuna, aprobada por el regulador local para [&hellip;]","og_url":"https:\/\/www.eldiario.net\/portal\/2021\/06\/04\/chile-ajustara-edad-para-vacuna-de-astrazeneca\/","og_site_name":"El Diario - Bolivia","article_publisher":"https:\/\/www.facebook.com\/eldiario.bolivia\/","article_published_time":"2021-06-04T09:32:24+00:00","author":"Jeanette","twitter_card":"summary_large_image","twitter_creator":"@eldiario_net","twitter_site":"@eldiario_net","twitter_misc":{"Escrito por":"Jeanette","Tiempo de lectura":"2 minutos"},"schema":{"@context":"https:\/\/schema.org","@graph":[{"@type":"Article","@id":"https:\/\/www.eldiario.net\/portal\/2021\/06\/04\/chile-ajustara-edad-para-vacuna-de-astrazeneca\/#article","isPartOf":{"@id":"https:\/\/www.eldiario.net\/portal\/2021\/06\/04\/chile-ajustara-edad-para-vacuna-de-astrazeneca\/"},"author":{"name":"Jeanette","@id":"https:\/\/www.eldiario.net\/portal\/#\/schema\/person\/2c57cf2b7a7ae032e449e4c9b1019eac"},"headline":"Chile ajustar\u00e1 edad para vacuna de AstraZeneca","datePublished":"2021-06-04T09:32:24+00:00","mainEntityOfPage":{"@id":"https:\/\/www.eldiario.net\/portal\/2021\/06\/04\/chile-ajustara-edad-para-vacuna-de-astrazeneca\/"},"wordCount":264,"publisher":{"@id":"https:\/\/www.eldiario.net\/portal\/#organization"},"image":{"@id":"https:\/\/www.eldiario.net\/portal\/2021\/06\/04\/chile-ajustara-edad-para-vacuna-de-astrazeneca\/#primaryimage"},"thumbnailUrl":"","articleSection":["Internacional"],"inLanguage":"es"},{"@type":"WebPage","@id":"https:\/\/www.eldiario.net\/portal\/2021\/06\/04\/chile-ajustara-edad-para-vacuna-de-astrazeneca\/","url":"https:\/\/www.eldiario.net\/portal\/2021\/06\/04\/chile-ajustara-edad-para-vacuna-de-astrazeneca\/","name":"Chile ajustar\u00e1 edad para vacuna de AstraZeneca - El Diario - Bolivia","isPartOf":{"@id":"https:\/\/www.eldiario.net\/portal\/#website"},"primaryImageOfPage":{"@id":"https:\/\/www.eldiario.net\/portal\/2021\/06\/04\/chile-ajustara-edad-para-vacuna-de-astrazeneca\/#primaryimage"},"image":{"@id":"https:\/\/www.eldiario.net\/portal\/2021\/06\/04\/chile-ajustara-edad-para-vacuna-de-astrazeneca\/#primaryimage"},"thumbnailUrl":"","datePublished":"2021-06-04T09:32:24+00:00","breadcrumb":{"@id":"https:\/\/www.eldiario.net\/portal\/2021\/06\/04\/chile-ajustara-edad-para-vacuna-de-astrazeneca\/#breadcrumb"},"inLanguage":"es","potentialAction":[{"@type":"ReadAction","target":["https:\/\/www.eldiario.net\/portal\/2021\/06\/04\/chile-ajustara-edad-para-vacuna-de-astrazeneca\/"]}]},{"@type":"ImageObject","inLanguage":"es","@id":"https:\/\/www.eldiario.net\/portal\/2021\/06\/04\/chile-ajustara-edad-para-vacuna-de-astrazeneca\/#primaryimage","url":"","contentUrl":""},{"@type":"BreadcrumbList","@id":"https:\/\/www.eldiario.net\/portal\/2021\/06\/04\/chile-ajustara-edad-para-vacuna-de-astrazeneca\/#breadcrumb","itemListElement":[{"@type":"ListItem","position":1,"name":"Portada","item":"https:\/\/www.eldiario.net\/portal\/"},{"@type":"ListItem","position":2,"name":"Chile ajustar\u00e1 edad para vacuna de AstraZeneca"}]},{"@type":"WebSite","@id":"https:\/\/www.eldiario.net\/portal\/#website","url":"https:\/\/www.eldiario.net\/portal\/","name":"El Diario - Decano de la prensa nacional","description":"El Diario - Decano de la prensa nacional","publisher":{"@id":"https:\/\/www.eldiario.net\/portal\/#organization"},"potentialAction":[{"@type":"SearchAction","target":{"@type":"EntryPoint","urlTemplate":"https:\/\/www.eldiario.net\/portal\/?s={search_term_string}"},"query-input":{"@type":"PropertyValueSpecification","valueRequired":true,"valueName":"search_term_string"}}],"inLanguage":"es"},{"@type":"Organization","@id":"https:\/\/www.eldiario.net\/portal\/#organization","name":"El Diario - Decano de la prensa nacional","url":"https:\/\/www.eldiario.net\/portal\/","logo":{"@type":"ImageObject","inLanguage":"es","@id":"https:\/\/www.eldiario.net\/portal\/#\/schema\/logo\/image\/","url":"https:\/\/www.eldiario.net\/portal\/wp-content\/uploads\/2023\/07\/logo_ED.jpg","contentUrl":"https:\/\/www.eldiario.net\/portal\/wp-content\/uploads\/2023\/07\/logo_ED.jpg","width":272,"height":52,"caption":"El Diario - Decano de la prensa nacional"},"image":{"@id":"https:\/\/www.eldiario.net\/portal\/#\/schema\/logo\/image\/"},"sameAs":["https:\/\/www.facebook.com\/eldiario.bolivia\/","https:\/\/x.com\/eldiario_net"]},{"@type":"Person","@id":"https:\/\/www.eldiario.net\/portal\/#\/schema\/person\/2c57cf2b7a7ae032e449e4c9b1019eac","name":"Jeanette","image":{"@type":"ImageObject","inLanguage":"es","@id":"https:\/\/secure.gravatar.com\/avatar\/3ea2118a5f7dad2b7138b1187a6b7ee55f160b9968b66013c3a3ef39dd7e5798?s=96&d=mm&r=g","url":"https:\/\/secure.gravatar.com\/avatar\/3ea2118a5f7dad2b7138b1187a6b7ee55f160b9968b66013c3a3ef39dd7e5798?s=96&d=mm&r=g","contentUrl":"https:\/\/secure.gravatar.com\/avatar\/3ea2118a5f7dad2b7138b1187a6b7ee55f160b9968b66013c3a3ef39dd7e5798?s=96&d=mm&r=g","caption":"Jeanette"},"sameAs":["https:\/\/www.eldiario.net\/portal"],"url":"https:\/\/www.eldiario.net\/portal\/author\/jeanette\/"}]}},"_links":{"self":[{"href":"https:\/\/www.eldiario.net\/portal\/wp-json\/wp\/v2\/posts\/8150","targetHints":{"allow":["GET"]}}],"collection":[{"href":"https:\/\/www.eldiario.net\/portal\/wp-json\/wp\/v2\/posts"}],"about":[{"href":"https:\/\/www.eldiario.net\/portal\/wp-json\/wp\/v2\/types\/post"}],"author":[{"embeddable":true,"href":"https:\/\/www.eldiario.net\/portal\/wp-json\/wp\/v2\/users\/1"}],"replies":[{"embeddable":true,"href":"https:\/\/www.eldiario.net\/portal\/wp-json\/wp\/v2\/comments?post=8150"}],"version-history":[{"count":0,"href":"https:\/\/www.eldiario.net\/portal\/wp-json\/wp\/v2\/posts\/8150\/revisions"}],"wp:attachment":[{"href":"https:\/\/www.eldiario.net\/portal\/wp-json\/wp\/v2\/media?parent=8150"}],"wp:term":[{"taxonomy":"category","embeddable":true,"href":"https:\/\/www.eldiario.net\/portal\/wp-json\/wp\/v2\/categories?post=8150"},{"taxonomy":"post_tag","embeddable":true,"href":"https:\/\/www.eldiario.net\/portal\/wp-json\/wp\/v2\/tags?post=8150"}],"curies":[{"name":"wp","href":"https:\/\/api.w.org\/{rel}","templated":true}]}}