{"id":8147,"date":"2021-06-04T05:30:33","date_gmt":"2021-06-04T09:30:33","guid":{"rendered":"https:\/\/www.eldiario.net\/portal\/?p=8147"},"modified":"2021-06-04T05:30:33","modified_gmt":"2021-06-04T09:30:33","slug":"extrabajadores-bloquean-linea-ferroviaria-de-carbon","status":"publish","type":"post","link":"https:\/\/www.eldiario.net\/portal\/2021\/06\/04\/extrabajadores-bloquean-linea-ferroviaria-de-carbon\/","title":{"rendered":"Extrabajadores bloquean  l\u00ednea ferroviaria de carb\u00f3n"},"content":{"rendered":"<p>Bogot\u00e1.- Extrabajadores de la mina colombiana de carb\u00f3n Cerrej\u00f3n bloquearon nuevamente la l\u00ednea ferroviaria que utiliza la compa\u00f1\u00eda, inform\u00f3 este jueves la minera, en la \u00faltima protesta reciente que afecta sus operaciones.<\/p>\n<p>Cerrej\u00f3n, propiedad conjunta de BHP Group, Anglo American PLC y Glencore PLC, enfrenta repetidos desacuerdos con las comunidades ind\u00edgenas Wayuu cercanas a la mina y su sindicato m\u00e1s grande, que realiz\u00f3 una huelga de 91 d\u00edas el a\u00f1o pasado. A finales de mayo la empresa declar\u00f3 la fuerza mayor y detuvo sus operaciones debido a dos bloqueos que impidieron la llegada de suministros como la gasolina.<\/p>\n<p>Un bloqueo fue realizado por extrabajadores molestos ante los recientes recortes en empleos y el otro por una comunidad Wayuu que se queja repetidamente con la compa\u00f1\u00eda por razones ambientales.<\/p>\n<p>Las conversaciones con los exempleados que bloquean la l\u00ednea ferroviaria de la compa\u00f1\u00eda y la comunidad de Media Luna, que estaba afectando una carretera fuera del puerto de Cerrej\u00f3n, terminaron en acuerdos para levantar las protestas a finales de la semana pasada, tras lo cual Cerrej\u00f3n anunci\u00f3 el s\u00e1bado que reiniciar\u00eda gradualmente las operaciones.<\/p>\n<p>Pero el grupo de 226 extrabajadores, que dej\u00f3 la empresa en febrero, retom\u00f3 el bloqueo de la l\u00ednea f\u00e9rrea, dijo Cerrej\u00f3n. \u00abLa empresa solicita a las autoridades su intervenci\u00f3n inmediata frente a los bloqueos ilegales y las acciones de hecho que ponen en peligro la estabilidad laboral de m\u00e1s de 9.000 familias\u00bb, dijo la empresa en un comunicado.<\/p>\n<p>Cerrej\u00f3n asegur\u00f3 que, si bien est\u00e1 dispuesta a dialogar nuevamente, \u00abestas conversaciones nunca pueden realizarse bajo la presi\u00f3n de v\u00edas de hecho, como lo son los bloqueos ilegales\u00bb.<\/p>\n<p>Los antiguos trabajadores recibieron beneficios m\u00e1s generosos que los exigidos por la ley cuando fueron despedidos, pero no los aceptaron, explic\u00f3 Cerrej\u00f3n, al tiempo que les inform\u00f3 que no es posible volver a contratarlos. Cerrej\u00f3n produjo 12,4 millones de toneladas de carb\u00f3n en 2020, casi un 52% menos que en 2019, y sus exportaciones cayeron a su nivel m\u00e1s bajo en los \u00faltimos 18 a\u00f1os en medio de las restricciones del coronavirus y la ca\u00edda de la demanda mundial de carb\u00f3n. (Reuters)<\/p>\n","protected":false},"excerpt":{"rendered":"<p>Bogot\u00e1.- Extrabajadores de la mina colombiana de carb\u00f3n Cerrej\u00f3n bloquearon nuevamente la l\u00ednea ferroviaria que utiliza la compa\u00f1\u00eda, inform\u00f3 este jueves la minera, en la \u00faltima protesta reciente que afecta sus operaciones. Cerrej\u00f3n, propiedad conjunta de BHP Group, Anglo American PLC y Glencore PLC, enfrenta repetidos desacuerdos con las comunidades ind\u00edgenas Wayuu cercanas a la [&hellip;]<\/p>\n","protected":false},"author":1,"featured_media":8148,"comment_status":"closed","ping_status":"closed","sticky":false,"template":"","format":"standard","meta":{"_acf_changed":false,"footnotes":""},"categories":[3],"tags":[],"class_list":["post-8147","post","type-post","status-publish","format-standard","has-post-thumbnail","category-internacional"],"acf":{"antetitulo":""},"yoast_head":"<!-- This site is optimized with the Yoast SEO plugin v28.4 - https:\/\/yoast.com\/product\/yoast-seo-wordpress\/ -->\n<title>Extrabajadores bloquean l\u00ednea ferroviaria de carb\u00f3n - El Diario - Bolivia<\/title>\n<meta name=\"robots\" content=\"index, follow, max-snippet:-1, max-image-preview:large, max-video-preview:-1\" \/>\n<link rel=\"canonical\" href=\"https:\/\/www.eldiario.net\/portal\/2021\/06\/04\/extrabajadores-bloquean-linea-ferroviaria-de-carbon\/\" \/>\n<meta property=\"og:locale\" content=\"es_ES\" \/>\n<meta property=\"og:type\" content=\"article\" \/>\n<meta property=\"og:title\" content=\"Extrabajadores bloquean l\u00ednea ferroviaria de carb\u00f3n - El Diario - Bolivia\" \/>\n<meta property=\"og:description\" content=\"Bogot\u00e1.- Extrabajadores de la mina colombiana de carb\u00f3n Cerrej\u00f3n bloquearon nuevamente la l\u00ednea ferroviaria que utiliza la compa\u00f1\u00eda, inform\u00f3 este jueves la minera, en la \u00faltima protesta reciente que afecta sus operaciones. Cerrej\u00f3n, propiedad conjunta de BHP Group, Anglo American PLC y Glencore PLC, enfrenta repetidos desacuerdos con las comunidades ind\u00edgenas Wayuu cercanas a la [&hellip;]\" \/>\n<meta property=\"og:url\" content=\"https:\/\/www.eldiario.net\/portal\/2021\/06\/04\/extrabajadores-bloquean-linea-ferroviaria-de-carbon\/\" \/>\n<meta property=\"og:site_name\" content=\"El Diario - Bolivia\" \/>\n<meta property=\"article:publisher\" content=\"https:\/\/www.facebook.com\/eldiario.bolivia\/\" \/>\n<meta property=\"article:published_time\" content=\"2021-06-04T09:30:33+00:00\" \/>\n<meta property=\"og:image\" content=\"https:\/\/www.eldiario.net\/portal\/wp-content\/uploads\/2021\/06\/Bloqueo-Colombia-scaled-1.jpg\" \/>\n\t<meta property=\"og:image:width\" content=\"2560\" \/>\n\t<meta property=\"og:image:height\" content=\"1621\" \/>\n\t<meta property=\"og:image:type\" content=\"image\/jpeg\" \/>\n<meta name=\"author\" content=\"Jeanette\" \/>\n<meta name=\"twitter:card\" content=\"summary_large_image\" \/>\n<meta name=\"twitter:creator\" content=\"@eldiario_net\" \/>\n<meta name=\"twitter:site\" content=\"@eldiario_net\" \/>\n<meta name=\"twitter:label1\" content=\"Escrito por\" \/>\n\t<meta name=\"twitter:data1\" content=\"Jeanette\" \/>\n\t<meta name=\"twitter:label2\" content=\"Tiempo de lectura\" \/>\n\t<meta name=\"twitter:data2\" content=\"2 minutos\" \/>\n<script type=\"application\/ld+json\" class=\"yoast-schema-graph\">{\"@context\":\"https:\\\/\\\/schema.org\",\"@graph\":[{\"@type\":\"Article\",\"@id\":\"https:\\\/\\\/www.eldiario.net\\\/portal\\\/2021\\\/06\\\/04\\\/extrabajadores-bloquean-linea-ferroviaria-de-carbon\\\/#article\",\"isPartOf\":{\"@id\":\"https:\\\/\\\/www.eldiario.net\\\/portal\\\/2021\\\/06\\\/04\\\/extrabajadores-bloquean-linea-ferroviaria-de-carbon\\\/\"},\"author\":{\"name\":\"Jeanette\",\"@id\":\"https:\\\/\\\/www.eldiario.net\\\/portal\\\/#\\\/schema\\\/person\\\/2c57cf2b7a7ae032e449e4c9b1019eac\"},\"headline\":\"Extrabajadores bloquean l\u00ednea ferroviaria de carb\u00f3n\",\"datePublished\":\"2021-06-04T09:30:33+00:00\",\"mainEntityOfPage\":{\"@id\":\"https:\\\/\\\/www.eldiario.net\\\/portal\\\/2021\\\/06\\\/04\\\/extrabajadores-bloquean-linea-ferroviaria-de-carbon\\\/\"},\"wordCount\":383,\"publisher\":{\"@id\":\"https:\\\/\\\/www.eldiario.net\\\/portal\\\/#organization\"},\"image\":{\"@id\":\"https:\\\/\\\/www.eldiario.net\\\/portal\\\/2021\\\/06\\\/04\\\/extrabajadores-bloquean-linea-ferroviaria-de-carbon\\\/#primaryimage\"},\"thumbnailUrl\":\"https:\\\/\\\/www.eldiario.net\\\/portal\\\/wp-content\\\/uploads\\\/2021\\\/06\\\/Bloqueo-Colombia-scaled-1.jpg\",\"articleSection\":[\"Internacional\"],\"inLanguage\":\"es\"},{\"@type\":\"WebPage\",\"@id\":\"https:\\\/\\\/www.eldiario.net\\\/portal\\\/2021\\\/06\\\/04\\\/extrabajadores-bloquean-linea-ferroviaria-de-carbon\\\/\",\"url\":\"https:\\\/\\\/www.eldiario.net\\\/portal\\\/2021\\\/06\\\/04\\\/extrabajadores-bloquean-linea-ferroviaria-de-carbon\\\/\",\"name\":\"Extrabajadores bloquean l\u00ednea ferroviaria de carb\u00f3n - El Diario - Bolivia\",\"isPartOf\":{\"@id\":\"https:\\\/\\\/www.eldiario.net\\\/portal\\\/#website\"},\"primaryImageOfPage\":{\"@id\":\"https:\\\/\\\/www.eldiario.net\\\/portal\\\/2021\\\/06\\\/04\\\/extrabajadores-bloquean-linea-ferroviaria-de-carbon\\\/#primaryimage\"},\"image\":{\"@id\":\"https:\\\/\\\/www.eldiario.net\\\/portal\\\/2021\\\/06\\\/04\\\/extrabajadores-bloquean-linea-ferroviaria-de-carbon\\\/#primaryimage\"},\"thumbnailUrl\":\"https:\\\/\\\/www.eldiario.net\\\/portal\\\/wp-content\\\/uploads\\\/2021\\\/06\\\/Bloqueo-Colombia-scaled-1.jpg\",\"datePublished\":\"2021-06-04T09:30:33+00:00\",\"breadcrumb\":{\"@id\":\"https:\\\/\\\/www.eldiario.net\\\/portal\\\/2021\\\/06\\\/04\\\/extrabajadores-bloquean-linea-ferroviaria-de-carbon\\\/#breadcrumb\"},\"inLanguage\":\"es\",\"potentialAction\":[{\"@type\":\"ReadAction\",\"target\":[\"https:\\\/\\\/www.eldiario.net\\\/portal\\\/2021\\\/06\\\/04\\\/extrabajadores-bloquean-linea-ferroviaria-de-carbon\\\/\"]}]},{\"@type\":\"ImageObject\",\"inLanguage\":\"es\",\"@id\":\"https:\\\/\\\/www.eldiario.net\\\/portal\\\/2021\\\/06\\\/04\\\/extrabajadores-bloquean-linea-ferroviaria-de-carbon\\\/#primaryimage\",\"url\":\"https:\\\/\\\/www.eldiario.net\\\/portal\\\/wp-content\\\/uploads\\\/2021\\\/06\\\/Bloqueo-Colombia-scaled-1.jpg\",\"contentUrl\":\"https:\\\/\\\/www.eldiario.net\\\/portal\\\/wp-content\\\/uploads\\\/2021\\\/06\\\/Bloqueo-Colombia-scaled-1.jpg\",\"width\":2560,\"height\":1621,\"caption\":\"Foto de archivo. Un cami\u00f3n minero transporta carb\u00f3n en la mina de Cerrej\u00f3n, cerca de Barrancas, en el departamento de la Guajira, Colombia, 24 de mayo de 2007. REUTERS\\\/Jos\u00e9 Miguel G\u00f3mez\"},{\"@type\":\"BreadcrumbList\",\"@id\":\"https:\\\/\\\/www.eldiario.net\\\/portal\\\/2021\\\/06\\\/04\\\/extrabajadores-bloquean-linea-ferroviaria-de-carbon\\\/#breadcrumb\",\"itemListElement\":[{\"@type\":\"ListItem\",\"position\":1,\"name\":\"Portada\",\"item\":\"https:\\\/\\\/www.eldiario.net\\\/portal\\\/\"},{\"@type\":\"ListItem\",\"position\":2,\"name\":\"Extrabajadores bloquean l\u00ednea ferroviaria de carb\u00f3n\"}]},{\"@type\":\"WebSite\",\"@id\":\"https:\\\/\\\/www.eldiario.net\\\/portal\\\/#website\",\"url\":\"https:\\\/\\\/www.eldiario.net\\\/portal\\\/\",\"name\":\"El Diario - Decano de la prensa nacional\",\"description\":\"El Diario - Decano de la prensa nacional\",\"publisher\":{\"@id\":\"https:\\\/\\\/www.eldiario.net\\\/portal\\\/#organization\"},\"potentialAction\":[{\"@type\":\"SearchAction\",\"target\":{\"@type\":\"EntryPoint\",\"urlTemplate\":\"https:\\\/\\\/www.eldiario.net\\\/portal\\\/?s={search_term_string}\"},\"query-input\":{\"@type\":\"PropertyValueSpecification\",\"valueRequired\":true,\"valueName\":\"search_term_string\"}}],\"inLanguage\":\"es\"},{\"@type\":\"Organization\",\"@id\":\"https:\\\/\\\/www.eldiario.net\\\/portal\\\/#organization\",\"name\":\"El Diario - Decano de la prensa nacional\",\"url\":\"https:\\\/\\\/www.eldiario.net\\\/portal\\\/\",\"logo\":{\"@type\":\"ImageObject\",\"inLanguage\":\"es\",\"@id\":\"https:\\\/\\\/www.eldiario.net\\\/portal\\\/#\\\/schema\\\/logo\\\/image\\\/\",\"url\":\"https:\\\/\\\/www.eldiario.net\\\/portal\\\/wp-content\\\/uploads\\\/2023\\\/07\\\/logo_ED.jpg\",\"contentUrl\":\"https:\\\/\\\/www.eldiario.net\\\/portal\\\/wp-content\\\/uploads\\\/2023\\\/07\\\/logo_ED.jpg\",\"width\":272,\"height\":52,\"caption\":\"El Diario - Decano de la prensa nacional\"},\"image\":{\"@id\":\"https:\\\/\\\/www.eldiario.net\\\/portal\\\/#\\\/schema\\\/logo\\\/image\\\/\"},\"sameAs\":[\"https:\\\/\\\/www.facebook.com\\\/eldiario.bolivia\\\/\",\"https:\\\/\\\/x.com\\\/eldiario_net\"]},{\"@type\":\"Person\",\"@id\":\"https:\\\/\\\/www.eldiario.net\\\/portal\\\/#\\\/schema\\\/person\\\/2c57cf2b7a7ae032e449e4c9b1019eac\",\"name\":\"Jeanette\",\"image\":{\"@type\":\"ImageObject\",\"inLanguage\":\"es\",\"@id\":\"https:\\\/\\\/secure.gravatar.com\\\/avatar\\\/3ea2118a5f7dad2b7138b1187a6b7ee55f160b9968b66013c3a3ef39dd7e5798?s=96&d=mm&r=g\",\"url\":\"https:\\\/\\\/secure.gravatar.com\\\/avatar\\\/3ea2118a5f7dad2b7138b1187a6b7ee55f160b9968b66013c3a3ef39dd7e5798?s=96&d=mm&r=g\",\"contentUrl\":\"https:\\\/\\\/secure.gravatar.com\\\/avatar\\\/3ea2118a5f7dad2b7138b1187a6b7ee55f160b9968b66013c3a3ef39dd7e5798?s=96&d=mm&r=g\",\"caption\":\"Jeanette\"},\"sameAs\":[\"https:\\\/\\\/www.eldiario.net\\\/portal\"],\"url\":\"https:\\\/\\\/www.eldiario.net\\\/portal\\\/author\\\/jeanette\\\/\"}]}<\/script>\n<!-- \/ Yoast SEO plugin. -->","yoast_head_json":{"title":"Extrabajadores bloquean l\u00ednea ferroviaria de carb\u00f3n - El Diario - Bolivia","robots":{"index":"index","follow":"follow","max-snippet":"max-snippet:-1","max-image-preview":"max-image-preview:large","max-video-preview":"max-video-preview:-1"},"canonical":"https:\/\/www.eldiario.net\/portal\/2021\/06\/04\/extrabajadores-bloquean-linea-ferroviaria-de-carbon\/","og_locale":"es_ES","og_type":"article","og_title":"Extrabajadores bloquean l\u00ednea ferroviaria de carb\u00f3n - El Diario - Bolivia","og_description":"Bogot\u00e1.- Extrabajadores de la mina colombiana de carb\u00f3n Cerrej\u00f3n bloquearon nuevamente la l\u00ednea ferroviaria que utiliza la compa\u00f1\u00eda, inform\u00f3 este jueves la minera, en la \u00faltima protesta reciente que afecta sus operaciones. Cerrej\u00f3n, propiedad conjunta de BHP Group, Anglo American PLC y Glencore PLC, enfrenta repetidos desacuerdos con las comunidades ind\u00edgenas Wayuu cercanas a la [&hellip;]","og_url":"https:\/\/www.eldiario.net\/portal\/2021\/06\/04\/extrabajadores-bloquean-linea-ferroviaria-de-carbon\/","og_site_name":"El Diario - Bolivia","article_publisher":"https:\/\/www.facebook.com\/eldiario.bolivia\/","article_published_time":"2021-06-04T09:30:33+00:00","og_image":[{"width":2560,"height":1621,"url":"https:\/\/www.eldiario.net\/portal\/wp-content\/uploads\/2021\/06\/Bloqueo-Colombia-scaled-1.jpg","type":"image\/jpeg"}],"author":"Jeanette","twitter_card":"summary_large_image","twitter_creator":"@eldiario_net","twitter_site":"@eldiario_net","twitter_misc":{"Escrito por":"Jeanette","Tiempo de lectura":"2 minutos"},"schema":{"@context":"https:\/\/schema.org","@graph":[{"@type":"Article","@id":"https:\/\/www.eldiario.net\/portal\/2021\/06\/04\/extrabajadores-bloquean-linea-ferroviaria-de-carbon\/#article","isPartOf":{"@id":"https:\/\/www.eldiario.net\/portal\/2021\/06\/04\/extrabajadores-bloquean-linea-ferroviaria-de-carbon\/"},"author":{"name":"Jeanette","@id":"https:\/\/www.eldiario.net\/portal\/#\/schema\/person\/2c57cf2b7a7ae032e449e4c9b1019eac"},"headline":"Extrabajadores bloquean l\u00ednea ferroviaria de carb\u00f3n","datePublished":"2021-06-04T09:30:33+00:00","mainEntityOfPage":{"@id":"https:\/\/www.eldiario.net\/portal\/2021\/06\/04\/extrabajadores-bloquean-linea-ferroviaria-de-carbon\/"},"wordCount":383,"publisher":{"@id":"https:\/\/www.eldiario.net\/portal\/#organization"},"image":{"@id":"https:\/\/www.eldiario.net\/portal\/2021\/06\/04\/extrabajadores-bloquean-linea-ferroviaria-de-carbon\/#primaryimage"},"thumbnailUrl":"https:\/\/www.eldiario.net\/portal\/wp-content\/uploads\/2021\/06\/Bloqueo-Colombia-scaled-1.jpg","articleSection":["Internacional"],"inLanguage":"es"},{"@type":"WebPage","@id":"https:\/\/www.eldiario.net\/portal\/2021\/06\/04\/extrabajadores-bloquean-linea-ferroviaria-de-carbon\/","url":"https:\/\/www.eldiario.net\/portal\/2021\/06\/04\/extrabajadores-bloquean-linea-ferroviaria-de-carbon\/","name":"Extrabajadores bloquean l\u00ednea ferroviaria de carb\u00f3n - El Diario - Bolivia","isPartOf":{"@id":"https:\/\/www.eldiario.net\/portal\/#website"},"primaryImageOfPage":{"@id":"https:\/\/www.eldiario.net\/portal\/2021\/06\/04\/extrabajadores-bloquean-linea-ferroviaria-de-carbon\/#primaryimage"},"image":{"@id":"https:\/\/www.eldiario.net\/portal\/2021\/06\/04\/extrabajadores-bloquean-linea-ferroviaria-de-carbon\/#primaryimage"},"thumbnailUrl":"https:\/\/www.eldiario.net\/portal\/wp-content\/uploads\/2021\/06\/Bloqueo-Colombia-scaled-1.jpg","datePublished":"2021-06-04T09:30:33+00:00","breadcrumb":{"@id":"https:\/\/www.eldiario.net\/portal\/2021\/06\/04\/extrabajadores-bloquean-linea-ferroviaria-de-carbon\/#breadcrumb"},"inLanguage":"es","potentialAction":[{"@type":"ReadAction","target":["https:\/\/www.eldiario.net\/portal\/2021\/06\/04\/extrabajadores-bloquean-linea-ferroviaria-de-carbon\/"]}]},{"@type":"ImageObject","inLanguage":"es","@id":"https:\/\/www.eldiario.net\/portal\/2021\/06\/04\/extrabajadores-bloquean-linea-ferroviaria-de-carbon\/#primaryimage","url":"https:\/\/www.eldiario.net\/portal\/wp-content\/uploads\/2021\/06\/Bloqueo-Colombia-scaled-1.jpg","contentUrl":"https:\/\/www.eldiario.net\/portal\/wp-content\/uploads\/2021\/06\/Bloqueo-Colombia-scaled-1.jpg","width":2560,"height":1621,"caption":"Foto de archivo. Un cami\u00f3n minero transporta carb\u00f3n en la mina de Cerrej\u00f3n, cerca de Barrancas, en el departamento de la Guajira, Colombia, 24 de mayo de 2007. REUTERS\/Jos\u00e9 Miguel G\u00f3mez"},{"@type":"BreadcrumbList","@id":"https:\/\/www.eldiario.net\/portal\/2021\/06\/04\/extrabajadores-bloquean-linea-ferroviaria-de-carbon\/#breadcrumb","itemListElement":[{"@type":"ListItem","position":1,"name":"Portada","item":"https:\/\/www.eldiario.net\/portal\/"},{"@type":"ListItem","position":2,"name":"Extrabajadores bloquean l\u00ednea ferroviaria de carb\u00f3n"}]},{"@type":"WebSite","@id":"https:\/\/www.eldiario.net\/portal\/#website","url":"https:\/\/www.eldiario.net\/portal\/","name":"El Diario - Decano de la prensa nacional","description":"El Diario - Decano de la prensa nacional","publisher":{"@id":"https:\/\/www.eldiario.net\/portal\/#organization"},"potentialAction":[{"@type":"SearchAction","target":{"@type":"EntryPoint","urlTemplate":"https:\/\/www.eldiario.net\/portal\/?s={search_term_string}"},"query-input":{"@type":"PropertyValueSpecification","valueRequired":true,"valueName":"search_term_string"}}],"inLanguage":"es"},{"@type":"Organization","@id":"https:\/\/www.eldiario.net\/portal\/#organization","name":"El Diario - Decano de la prensa nacional","url":"https:\/\/www.eldiario.net\/portal\/","logo":{"@type":"ImageObject","inLanguage":"es","@id":"https:\/\/www.eldiario.net\/portal\/#\/schema\/logo\/image\/","url":"https:\/\/www.eldiario.net\/portal\/wp-content\/uploads\/2023\/07\/logo_ED.jpg","contentUrl":"https:\/\/www.eldiario.net\/portal\/wp-content\/uploads\/2023\/07\/logo_ED.jpg","width":272,"height":52,"caption":"El Diario - Decano de la prensa nacional"},"image":{"@id":"https:\/\/www.eldiario.net\/portal\/#\/schema\/logo\/image\/"},"sameAs":["https:\/\/www.facebook.com\/eldiario.bolivia\/","https:\/\/x.com\/eldiario_net"]},{"@type":"Person","@id":"https:\/\/www.eldiario.net\/portal\/#\/schema\/person\/2c57cf2b7a7ae032e449e4c9b1019eac","name":"Jeanette","image":{"@type":"ImageObject","inLanguage":"es","@id":"https:\/\/secure.gravatar.com\/avatar\/3ea2118a5f7dad2b7138b1187a6b7ee55f160b9968b66013c3a3ef39dd7e5798?s=96&d=mm&r=g","url":"https:\/\/secure.gravatar.com\/avatar\/3ea2118a5f7dad2b7138b1187a6b7ee55f160b9968b66013c3a3ef39dd7e5798?s=96&d=mm&r=g","contentUrl":"https:\/\/secure.gravatar.com\/avatar\/3ea2118a5f7dad2b7138b1187a6b7ee55f160b9968b66013c3a3ef39dd7e5798?s=96&d=mm&r=g","caption":"Jeanette"},"sameAs":["https:\/\/www.eldiario.net\/portal"],"url":"https:\/\/www.eldiario.net\/portal\/author\/jeanette\/"}]}},"_links":{"self":[{"href":"https:\/\/www.eldiario.net\/portal\/wp-json\/wp\/v2\/posts\/8147","targetHints":{"allow":["GET"]}}],"collection":[{"href":"https:\/\/www.eldiario.net\/portal\/wp-json\/wp\/v2\/posts"}],"about":[{"href":"https:\/\/www.eldiario.net\/portal\/wp-json\/wp\/v2\/types\/post"}],"author":[{"embeddable":true,"href":"https:\/\/www.eldiario.net\/portal\/wp-json\/wp\/v2\/users\/1"}],"replies":[{"embeddable":true,"href":"https:\/\/www.eldiario.net\/portal\/wp-json\/wp\/v2\/comments?post=8147"}],"version-history":[{"count":0,"href":"https:\/\/www.eldiario.net\/portal\/wp-json\/wp\/v2\/posts\/8147\/revisions"}],"wp:featuredmedia":[{"embeddable":true,"href":"https:\/\/www.eldiario.net\/portal\/wp-json\/wp\/v2\/media\/8148"}],"wp:attachment":[{"href":"https:\/\/www.eldiario.net\/portal\/wp-json\/wp\/v2\/media?parent=8147"}],"wp:term":[{"taxonomy":"category","embeddable":true,"href":"https:\/\/www.eldiario.net\/portal\/wp-json\/wp\/v2\/categories?post=8147"},{"taxonomy":"post_tag","embeddable":true,"href":"https:\/\/www.eldiario.net\/portal\/wp-json\/wp\/v2\/tags?post=8147"}],"curies":[{"name":"wp","href":"https:\/\/api.w.org\/{rel}","templated":true}]}}