{"id":8138,"date":"2021-06-04T05:23:51","date_gmt":"2021-06-04T09:23:51","guid":{"rendered":"https:\/\/www.eldiario.net\/portal\/?p=8138"},"modified":"2021-06-04T05:23:51","modified_gmt":"2021-06-04T09:23:51","slug":"la-verde-gana-respira-y-sonrie-ante-venezuela","status":"publish","type":"post","link":"https:\/\/www.eldiario.net\/portal\/2021\/06\/04\/la-verde-gana-respira-y-sonrie-ante-venezuela\/","title":{"rendered":"La Verde gana, respira y sonr\u00ede ante Venezuela"},"content":{"rendered":"<p>La Verde respira en las Eliminatorias Mundialistas. La Selecci\u00f3n Nacional venci\u00f3 ayer a Venezuela por 3-1 y con autoridad consigui\u00f3 su primer triunfo en las Eliminatorias al Mundial de Catar 2022. El cotejo se disput\u00f3 ayer en el estadio Hernando Siles, de la Paz por la jornada siete, donde no hubo p\u00fablico por la pandemia por el Covid 19.<br \/>\nJugando bien y con bastante coraz\u00f3n, la Verde someti\u00f3 a su par venezolano con dos goles de Marcelo Martins y uno de Diego Bejarano, ambos fueron las figuras del equipo nacionl. En tanto, Jhon Chancellor descont\u00f3 para la Vinotinto, que pese a que en cierto momento se ilusion\u00f3 con llevarse al menos un punto, se fue con las manos vac\u00edas del Siles.<br \/>\nDe inicio el due\u00f1o de casa se fue con todo de abrir el marcador y as\u00ed fue. A los 4 minutos tras un centro de Jorge Flores, Martins sac\u00f3 un remate rasante que se col\u00f3 al fondo de la red venezolana para el 1-0. La Verde comenz\u00f3 con todo ante un equipo llanero que se qued\u00f3 en shock producto de ese golpe.<br \/>\nA los 9\u2019 Henry Vaca, el m\u00e1s peligroso en la delantera nacional, se anim\u00f3 a sacar un disparo que pas\u00f3 cerca del arco de Joel Graterol. A los 15\u2019 Martins solo ante el arco no pudo definir de manera correcta y a los 20\u2019 el golero Graterol tras un mal c\u00e1lculo, por poco se le cuela el bal\u00f3n en el fondo de su red. Hasta ah\u00ed Bolivia dominaba y era la mejor en la cancha, pero afloj\u00f3 tras los buenos primeros 20 minutos y ese fue su error.<br \/>\nA los 25\u2019 R\u00f3mulo Otero sac\u00f3 un disparo potente de tiro libre que Lampe no pudo controlar, esta situaci\u00f3n fue aprovechada por Jhon Chancellor que solo ante el golero puso el 1-1. La Verde no pod\u00eda y fue presa del nerviosismo. A los 41\u2019 en un jugada personal Erwin Saavedra sac\u00f3 un remate que fue controlado por el arquero visitante y con esa jugada termin\u00f3 el primer tiempo.<br \/>\nEn la etapa final, el equipo nacional entr\u00f3 mejor y Far\u00edas hizo dos cambios. Orden\u00f3 el ingreso de Jos\u00e9 Sagredo y minutos despu\u00e9s pobl\u00f3 el ataque con Gilbert \u00c1lvarez. Esos cambios le dieron otra cara a la Verde que jugaba mejor. A los 59\u2019 Saavedra sac\u00f3 un remate potente que el golero llanero despej\u00f3 al tiro de esquina y en esa situaci\u00f3n lleg\u00f3 el segundo gol nacional. Diego Bejarano caz\u00f3 el tiro de esquina y de cabeza puso el 2-1.<br \/>\nEl equipo de todos jug\u00f3 mejor ante un rival que busc\u00f3 el empate sin ordenarse. Bolivia presion\u00f3 y arrincon\u00f3 al equipo venezolano que no tuvo reacci\u00f3n. Cerca del final Bejarano sac\u00f3 un centro perfecto para Martins que con un fuerte cabezazo venci\u00f3 al arquero llanero para poner el 3-1 a los 83\u2019. El mismo Martins estuvo a punto de liquidar el cotejo a los 87\u2019 cuando solo ante el golero no pudo convertir. Al final Bolivia gan\u00f3, celebr\u00f3 y respira en el torneo.<\/p>\n<p><em>Far\u00edas: \u201cMerec\u00edamos ganar a Venezuela\u201d<\/em><\/p>\n<p>El DT de laSelecci\u00f3n Nacional, Cesar Far\u00edas, manifest\u00f3 ayer tras el triunfo de la Verde ante Venezuela (3-1) que el equipo nacional mereci\u00f3 ganar este encuentro por las Eliminatorias Sudamericanas.\u201cFelizmente tuvimos buen f\u00fatbol y hubo muchas triangulaciones ofensivas. Generamos situaciones de gol y los jugadores tuvieron el orden necesario cuando lo necesitamos. Se nos puso dif\u00edcil el partido, Venezuela jug\u00f3 un muy buen partido, pero merec\u00edamos ganar\u201d, se\u00f1al\u00f3 el llanero que dio indicaciones al borde del campo de juego. El DT venezolano tambi\u00e9n manifest\u00f3que el triunfo los mantiene con los pies en la tierra de cara a su pr\u00f3ximoduelo ante Chile el 8 de junio. \u201cAhora a tener los pies en la tierra y el compromiso es mayor venimos de sacar un resultados hist\u00f3rico en Paraguay (en la anterior fecha) son dos jornadas que sumamos cuatro puntos\u201d, resalt\u00f3 el t\u00e9cnico\u00a0con satisfacci\u00f3n.<\/p>\n<blockquote><p>\u00abNecesit\u00e1bamos ganar era un partido muy importante para Bolivia. Hubo mucho compromiso de los jugadores y eso se demostr\u00f3. Estoy feliz por haber convertido y que mi Selecci\u00f3n gan\u00f3 .\u00bb MARCELO MARTINS-BOLIVIA<\/p><\/blockquote>\n<p><strong>APUNTES<\/strong><\/p>\n<p>SALUDOS<br \/>\nEn el entretiempo del partido, tanto Fernando Costa como Bernardo A\u00f1or, su similar de Venezuela, intercambiaron presentes en el palco, en una muestra de amistad de ambas federaciones.<\/p>\n<p>DISCUSI\u00d3N<br \/>\nEl director t\u00e9cnico de Bolivia, C\u00e9sar Far\u00edas y el DT de Venezuela, Jos\u00e9 Peseiro discutieron al finalizar del primer tiempo. La situaci\u00f3n no pas\u00f3 a mayores y se dieron la mano delante el \u00e1rbitro.<\/p>\n<p>EL VAR PRESENTE<br \/>\nEl \u00e1rbitro del cotejo adicion\u00f3 en el final siete minutos. El partido fue interrumpido en varios pasajes producto de algunas jugadas que fueron revisadas por el Video Arbitraje (VAR)<\/p>\n<p><strong>La Verde ya se enfoca en su duelo ante Chile<\/strong><\/p>\n<p>La Selecci\u00f3n boliviana de f\u00fatbol tras el triunfo de ayer ante Venezuela se enfoca de cara a su encuentro ante Chile por la octava fecha de las Eliminatorias Sudamericanas.<br \/>\nEl equipo nacional emprendi\u00f3 viaje ayer en la noche a Santa Cruz donde estar\u00e1 hasta el fin de semana para luego partir a territorio trasandino donde jugar\u00e1 con la Roja el 8 de junio desde las 21.30 (HB) en el estadio Nacional de Santiago.<br \/>\nPara este encuentro el equipo de C\u00e9sar Far\u00edas ya podr\u00e1 contar con el defensor Adri\u00e1n Jusino que no estuvo en el encuentro ante los llaneros por acumulaci\u00f3n de tarjetas amarillas. Adem\u00e1s de Danny Bejarano<br \/>\nLa Selecci\u00f3n boliviana sum\u00f3 ayer sus tres primeros puntos. Acumula cuatro unidades en la tabla de posiciones. El \u201cEquipo de Todos\u201d buscar\u00e1 sumar su segundo triunfo al hilo para escalar pelda\u00f1os.<\/p>\n<p>\u00c1RBITRO<\/p>\n<p>El juez central Jhon Ospina tuvo una buena participaci\u00f3n. El \u00e1rbitro cafetalero no influy\u00f3 en el resultado del encuentro estuvo cerca de cada jugada del partido y fue justo con las amarillas. Asimismo, tambi\u00e9n fue bien colaborado en las bandas por sus compatriotas.<\/p>\n<p>LA FIGURA<\/p>\n<p>El delantero Marcelo Martins fue la figura del partido con los dos goles de buena factura, es indudable su liderazgo que trasciende. El ariete tambi\u00e9n fue el que m\u00e1s inquiet\u00f3 en la \u00faltima l\u00ednea de la Vinotinto que en varios pasajes no pudo contenerlo.<\/p>\n<p><strong>MARCO QUISPE<\/strong><\/p>\n<figure id=\"attachment_8141\" aria-describedby=\"caption-attachment-8141\" style=\"width: 300px\" class=\"wp-caption alignleft\"><img loading=\"lazy\" decoding=\"async\" class=\"size-medium wp-image-8141\" src=\"https:\/\/www.eldiario.net\/portal\/wp-content\/uploads\/2021\/06\/pag-4-foto-2-300x222.jpg\" alt=\"\" width=\"300\" height=\"222\" \/><figcaption id=\"caption-attachment-8141\" class=\"wp-caption-text\">Jhon Chancellor celebra tras anotar el transitorio empate, en el Hernando Siles.<\/figcaption><\/figure>\n<figure id=\"attachment_8142\" aria-describedby=\"caption-attachment-8142\" style=\"width: 209px\" class=\"wp-caption alignleft\"><img loading=\"lazy\" decoding=\"async\" class=\"size-medium wp-image-8142\" src=\"https:\/\/www.eldiario.net\/portal\/wp-content\/uploads\/2021\/06\/pag-4-y-5-foto-4-209x300.jpg\" alt=\"\" width=\"209\" height=\"300\" \/><figcaption id=\"caption-attachment-8142\" class=\"wp-caption-text\">Rodrigo Ramallo disputa el bal\u00f3n ante uno de los defensores de Venezuela.<\/figcaption><\/figure>\n<figure id=\"attachment_8144\" aria-describedby=\"caption-attachment-8144\" style=\"width: 300px\" class=\"wp-caption alignleft\"><img loading=\"lazy\" decoding=\"async\" class=\"size-medium wp-image-8144\" src=\"https:\/\/www.eldiario.net\/portal\/wp-content\/uploads\/2021\/06\/pag-4-y-5-foto-3-300x203.jpg\" alt=\"\" width=\"300\" height=\"203\" \/><figcaption id=\"caption-attachment-8144\" class=\"wp-caption-text\">El equipo nacional antes de enotar el himno nacional, en el estadio Siles.<\/figcaption><\/figure>\n","protected":false},"excerpt":{"rendered":"<p>La Verde respira en las Eliminatorias Mundialistas. La Selecci\u00f3n Nacional venci\u00f3 ayer a Venezuela por 3-1 y con autoridad consigui\u00f3 su primer triunfo en las Eliminatorias al Mundial de Catar 2022. El cotejo se disput\u00f3 ayer en el estadio Hernando Siles, de la Paz por la jornada siete, donde no hubo p\u00fablico por la pandemia [&hellip;]<\/p>\n","protected":false},"author":1,"featured_media":8139,"comment_status":"closed","ping_status":"closed","sticky":false,"template":"","format":"standard","meta":{"_acf_changed":false,"footnotes":""},"categories":[6],"tags":[],"class_list":["post-8138","post","type-post","status-publish","format-standard","has-post-thumbnail","category-deportes"],"acf":{"antetitulo":""},"yoast_head":"<!-- This site is optimized with the Yoast SEO plugin v28.4 - https:\/\/yoast.com\/product\/yoast-seo-wordpress\/ -->\n<title>La Verde gana, respira y sonr\u00ede ante Venezuela - El Diario - Bolivia<\/title>\n<meta name=\"robots\" content=\"index, follow, max-snippet:-1, max-image-preview:large, max-video-preview:-1\" \/>\n<link rel=\"canonical\" href=\"https:\/\/www.eldiario.net\/portal\/2021\/06\/04\/la-verde-gana-respira-y-sonrie-ante-venezuela\/\" \/>\n<meta property=\"og:locale\" content=\"es_ES\" \/>\n<meta property=\"og:type\" content=\"article\" \/>\n<meta property=\"og:title\" content=\"La Verde gana, respira y sonr\u00ede ante Venezuela - El Diario - Bolivia\" \/>\n<meta property=\"og:description\" content=\"La Verde respira en las Eliminatorias Mundialistas. La Selecci\u00f3n Nacional venci\u00f3 ayer a Venezuela por 3-1 y con autoridad consigui\u00f3 su primer triunfo en las Eliminatorias al Mundial de Catar 2022. El cotejo se disput\u00f3 ayer en el estadio Hernando Siles, de la Paz por la jornada siete, donde no hubo p\u00fablico por la pandemia [&hellip;]\" \/>\n<meta property=\"og:url\" content=\"https:\/\/www.eldiario.net\/portal\/2021\/06\/04\/la-verde-gana-respira-y-sonrie-ante-venezuela\/\" \/>\n<meta property=\"og:site_name\" content=\"El Diario - Bolivia\" \/>\n<meta property=\"article:publisher\" content=\"https:\/\/www.facebook.com\/eldiario.bolivia\/\" \/>\n<meta property=\"article:published_time\" content=\"2021-06-04T09:23:51+00:00\" \/>\n<meta name=\"author\" content=\"Jeanette\" \/>\n<meta name=\"twitter:card\" content=\"summary_large_image\" \/>\n<meta name=\"twitter:creator\" content=\"@eldiario_net\" \/>\n<meta name=\"twitter:site\" content=\"@eldiario_net\" \/>\n<meta name=\"twitter:label1\" content=\"Escrito por\" \/>\n\t<meta name=\"twitter:data1\" content=\"Jeanette\" \/>\n\t<meta name=\"twitter:label2\" content=\"Tiempo de lectura\" \/>\n\t<meta name=\"twitter:data2\" content=\"6 minutos\" \/>\n<script type=\"application\/ld+json\" class=\"yoast-schema-graph\">{\"@context\":\"https:\\\/\\\/schema.org\",\"@graph\":[{\"@type\":\"Article\",\"@id\":\"https:\\\/\\\/www.eldiario.net\\\/portal\\\/2021\\\/06\\\/04\\\/la-verde-gana-respira-y-sonrie-ante-venezuela\\\/#article\",\"isPartOf\":{\"@id\":\"https:\\\/\\\/www.eldiario.net\\\/portal\\\/2021\\\/06\\\/04\\\/la-verde-gana-respira-y-sonrie-ante-venezuela\\\/\"},\"author\":{\"name\":\"Jeanette\",\"@id\":\"https:\\\/\\\/www.eldiario.net\\\/portal\\\/#\\\/schema\\\/person\\\/2c57cf2b7a7ae032e449e4c9b1019eac\"},\"headline\":\"La Verde gana, respira y sonr\u00ede ante Venezuela\",\"datePublished\":\"2021-06-04T09:23:51+00:00\",\"mainEntityOfPage\":{\"@id\":\"https:\\\/\\\/www.eldiario.net\\\/portal\\\/2021\\\/06\\\/04\\\/la-verde-gana-respira-y-sonrie-ante-venezuela\\\/\"},\"wordCount\":1122,\"publisher\":{\"@id\":\"https:\\\/\\\/www.eldiario.net\\\/portal\\\/#organization\"},\"image\":{\"@id\":\"https:\\\/\\\/www.eldiario.net\\\/portal\\\/2021\\\/06\\\/04\\\/la-verde-gana-respira-y-sonrie-ante-venezuela\\\/#primaryimage\"},\"thumbnailUrl\":\"\",\"articleSection\":[\"Deportes\"],\"inLanguage\":\"es\"},{\"@type\":\"WebPage\",\"@id\":\"https:\\\/\\\/www.eldiario.net\\\/portal\\\/2021\\\/06\\\/04\\\/la-verde-gana-respira-y-sonrie-ante-venezuela\\\/\",\"url\":\"https:\\\/\\\/www.eldiario.net\\\/portal\\\/2021\\\/06\\\/04\\\/la-verde-gana-respira-y-sonrie-ante-venezuela\\\/\",\"name\":\"La Verde gana, respira y sonr\u00ede ante Venezuela - El Diario - Bolivia\",\"isPartOf\":{\"@id\":\"https:\\\/\\\/www.eldiario.net\\\/portal\\\/#website\"},\"primaryImageOfPage\":{\"@id\":\"https:\\\/\\\/www.eldiario.net\\\/portal\\\/2021\\\/06\\\/04\\\/la-verde-gana-respira-y-sonrie-ante-venezuela\\\/#primaryimage\"},\"image\":{\"@id\":\"https:\\\/\\\/www.eldiario.net\\\/portal\\\/2021\\\/06\\\/04\\\/la-verde-gana-respira-y-sonrie-ante-venezuela\\\/#primaryimage\"},\"thumbnailUrl\":\"\",\"datePublished\":\"2021-06-04T09:23:51+00:00\",\"breadcrumb\":{\"@id\":\"https:\\\/\\\/www.eldiario.net\\\/portal\\\/2021\\\/06\\\/04\\\/la-verde-gana-respira-y-sonrie-ante-venezuela\\\/#breadcrumb\"},\"inLanguage\":\"es\",\"potentialAction\":[{\"@type\":\"ReadAction\",\"target\":[\"https:\\\/\\\/www.eldiario.net\\\/portal\\\/2021\\\/06\\\/04\\\/la-verde-gana-respira-y-sonrie-ante-venezuela\\\/\"]}]},{\"@type\":\"ImageObject\",\"inLanguage\":\"es\",\"@id\":\"https:\\\/\\\/www.eldiario.net\\\/portal\\\/2021\\\/06\\\/04\\\/la-verde-gana-respira-y-sonrie-ante-venezuela\\\/#primaryimage\",\"url\":\"\",\"contentUrl\":\"\"},{\"@type\":\"BreadcrumbList\",\"@id\":\"https:\\\/\\\/www.eldiario.net\\\/portal\\\/2021\\\/06\\\/04\\\/la-verde-gana-respira-y-sonrie-ante-venezuela\\\/#breadcrumb\",\"itemListElement\":[{\"@type\":\"ListItem\",\"position\":1,\"name\":\"Portada\",\"item\":\"https:\\\/\\\/www.eldiario.net\\\/portal\\\/\"},{\"@type\":\"ListItem\",\"position\":2,\"name\":\"La Verde gana, respira y sonr\u00ede ante Venezuela\"}]},{\"@type\":\"WebSite\",\"@id\":\"https:\\\/\\\/www.eldiario.net\\\/portal\\\/#website\",\"url\":\"https:\\\/\\\/www.eldiario.net\\\/portal\\\/\",\"name\":\"El Diario - Decano de la prensa nacional\",\"description\":\"El Diario - Decano de la prensa nacional\",\"publisher\":{\"@id\":\"https:\\\/\\\/www.eldiario.net\\\/portal\\\/#organization\"},\"potentialAction\":[{\"@type\":\"SearchAction\",\"target\":{\"@type\":\"EntryPoint\",\"urlTemplate\":\"https:\\\/\\\/www.eldiario.net\\\/portal\\\/?s={search_term_string}\"},\"query-input\":{\"@type\":\"PropertyValueSpecification\",\"valueRequired\":true,\"valueName\":\"search_term_string\"}}],\"inLanguage\":\"es\"},{\"@type\":\"Organization\",\"@id\":\"https:\\\/\\\/www.eldiario.net\\\/portal\\\/#organization\",\"name\":\"El Diario - Decano de la prensa nacional\",\"url\":\"https:\\\/\\\/www.eldiario.net\\\/portal\\\/\",\"logo\":{\"@type\":\"ImageObject\",\"inLanguage\":\"es\",\"@id\":\"https:\\\/\\\/www.eldiario.net\\\/portal\\\/#\\\/schema\\\/logo\\\/image\\\/\",\"url\":\"https:\\\/\\\/www.eldiario.net\\\/portal\\\/wp-content\\\/uploads\\\/2023\\\/07\\\/logo_ED.jpg\",\"contentUrl\":\"https:\\\/\\\/www.eldiario.net\\\/portal\\\/wp-content\\\/uploads\\\/2023\\\/07\\\/logo_ED.jpg\",\"width\":272,\"height\":52,\"caption\":\"El Diario - Decano de la prensa nacional\"},\"image\":{\"@id\":\"https:\\\/\\\/www.eldiario.net\\\/portal\\\/#\\\/schema\\\/logo\\\/image\\\/\"},\"sameAs\":[\"https:\\\/\\\/www.facebook.com\\\/eldiario.bolivia\\\/\",\"https:\\\/\\\/x.com\\\/eldiario_net\"]},{\"@type\":\"Person\",\"@id\":\"https:\\\/\\\/www.eldiario.net\\\/portal\\\/#\\\/schema\\\/person\\\/2c57cf2b7a7ae032e449e4c9b1019eac\",\"name\":\"Jeanette\",\"image\":{\"@type\":\"ImageObject\",\"inLanguage\":\"es\",\"@id\":\"https:\\\/\\\/secure.gravatar.com\\\/avatar\\\/3ea2118a5f7dad2b7138b1187a6b7ee55f160b9968b66013c3a3ef39dd7e5798?s=96&d=mm&r=g\",\"url\":\"https:\\\/\\\/secure.gravatar.com\\\/avatar\\\/3ea2118a5f7dad2b7138b1187a6b7ee55f160b9968b66013c3a3ef39dd7e5798?s=96&d=mm&r=g\",\"contentUrl\":\"https:\\\/\\\/secure.gravatar.com\\\/avatar\\\/3ea2118a5f7dad2b7138b1187a6b7ee55f160b9968b66013c3a3ef39dd7e5798?s=96&d=mm&r=g\",\"caption\":\"Jeanette\"},\"sameAs\":[\"https:\\\/\\\/www.eldiario.net\\\/portal\"],\"url\":\"https:\\\/\\\/www.eldiario.net\\\/portal\\\/author\\\/jeanette\\\/\"}]}<\/script>\n<!-- \/ Yoast SEO plugin. -->","yoast_head_json":{"title":"La Verde gana, respira y sonr\u00ede ante Venezuela - El Diario - Bolivia","robots":{"index":"index","follow":"follow","max-snippet":"max-snippet:-1","max-image-preview":"max-image-preview:large","max-video-preview":"max-video-preview:-1"},"canonical":"https:\/\/www.eldiario.net\/portal\/2021\/06\/04\/la-verde-gana-respira-y-sonrie-ante-venezuela\/","og_locale":"es_ES","og_type":"article","og_title":"La Verde gana, respira y sonr\u00ede ante Venezuela - El Diario - Bolivia","og_description":"La Verde respira en las Eliminatorias Mundialistas. La Selecci\u00f3n Nacional venci\u00f3 ayer a Venezuela por 3-1 y con autoridad consigui\u00f3 su primer triunfo en las Eliminatorias al Mundial de Catar 2022. El cotejo se disput\u00f3 ayer en el estadio Hernando Siles, de la Paz por la jornada siete, donde no hubo p\u00fablico por la pandemia [&hellip;]","og_url":"https:\/\/www.eldiario.net\/portal\/2021\/06\/04\/la-verde-gana-respira-y-sonrie-ante-venezuela\/","og_site_name":"El Diario - Bolivia","article_publisher":"https:\/\/www.facebook.com\/eldiario.bolivia\/","article_published_time":"2021-06-04T09:23:51+00:00","author":"Jeanette","twitter_card":"summary_large_image","twitter_creator":"@eldiario_net","twitter_site":"@eldiario_net","twitter_misc":{"Escrito por":"Jeanette","Tiempo de lectura":"6 minutos"},"schema":{"@context":"https:\/\/schema.org","@graph":[{"@type":"Article","@id":"https:\/\/www.eldiario.net\/portal\/2021\/06\/04\/la-verde-gana-respira-y-sonrie-ante-venezuela\/#article","isPartOf":{"@id":"https:\/\/www.eldiario.net\/portal\/2021\/06\/04\/la-verde-gana-respira-y-sonrie-ante-venezuela\/"},"author":{"name":"Jeanette","@id":"https:\/\/www.eldiario.net\/portal\/#\/schema\/person\/2c57cf2b7a7ae032e449e4c9b1019eac"},"headline":"La Verde gana, respira y sonr\u00ede ante Venezuela","datePublished":"2021-06-04T09:23:51+00:00","mainEntityOfPage":{"@id":"https:\/\/www.eldiario.net\/portal\/2021\/06\/04\/la-verde-gana-respira-y-sonrie-ante-venezuela\/"},"wordCount":1122,"publisher":{"@id":"https:\/\/www.eldiario.net\/portal\/#organization"},"image":{"@id":"https:\/\/www.eldiario.net\/portal\/2021\/06\/04\/la-verde-gana-respira-y-sonrie-ante-venezuela\/#primaryimage"},"thumbnailUrl":"","articleSection":["Deportes"],"inLanguage":"es"},{"@type":"WebPage","@id":"https:\/\/www.eldiario.net\/portal\/2021\/06\/04\/la-verde-gana-respira-y-sonrie-ante-venezuela\/","url":"https:\/\/www.eldiario.net\/portal\/2021\/06\/04\/la-verde-gana-respira-y-sonrie-ante-venezuela\/","name":"La Verde gana, respira y sonr\u00ede ante Venezuela - El Diario - Bolivia","isPartOf":{"@id":"https:\/\/www.eldiario.net\/portal\/#website"},"primaryImageOfPage":{"@id":"https:\/\/www.eldiario.net\/portal\/2021\/06\/04\/la-verde-gana-respira-y-sonrie-ante-venezuela\/#primaryimage"},"image":{"@id":"https:\/\/www.eldiario.net\/portal\/2021\/06\/04\/la-verde-gana-respira-y-sonrie-ante-venezuela\/#primaryimage"},"thumbnailUrl":"","datePublished":"2021-06-04T09:23:51+00:00","breadcrumb":{"@id":"https:\/\/www.eldiario.net\/portal\/2021\/06\/04\/la-verde-gana-respira-y-sonrie-ante-venezuela\/#breadcrumb"},"inLanguage":"es","potentialAction":[{"@type":"ReadAction","target":["https:\/\/www.eldiario.net\/portal\/2021\/06\/04\/la-verde-gana-respira-y-sonrie-ante-venezuela\/"]}]},{"@type":"ImageObject","inLanguage":"es","@id":"https:\/\/www.eldiario.net\/portal\/2021\/06\/04\/la-verde-gana-respira-y-sonrie-ante-venezuela\/#primaryimage","url":"","contentUrl":""},{"@type":"BreadcrumbList","@id":"https:\/\/www.eldiario.net\/portal\/2021\/06\/04\/la-verde-gana-respira-y-sonrie-ante-venezuela\/#breadcrumb","itemListElement":[{"@type":"ListItem","position":1,"name":"Portada","item":"https:\/\/www.eldiario.net\/portal\/"},{"@type":"ListItem","position":2,"name":"La Verde gana, respira y sonr\u00ede ante Venezuela"}]},{"@type":"WebSite","@id":"https:\/\/www.eldiario.net\/portal\/#website","url":"https:\/\/www.eldiario.net\/portal\/","name":"El Diario - Decano de la prensa nacional","description":"El Diario - Decano de la prensa nacional","publisher":{"@id":"https:\/\/www.eldiario.net\/portal\/#organization"},"potentialAction":[{"@type":"SearchAction","target":{"@type":"EntryPoint","urlTemplate":"https:\/\/www.eldiario.net\/portal\/?s={search_term_string}"},"query-input":{"@type":"PropertyValueSpecification","valueRequired":true,"valueName":"search_term_string"}}],"inLanguage":"es"},{"@type":"Organization","@id":"https:\/\/www.eldiario.net\/portal\/#organization","name":"El Diario - Decano de la prensa nacional","url":"https:\/\/www.eldiario.net\/portal\/","logo":{"@type":"ImageObject","inLanguage":"es","@id":"https:\/\/www.eldiario.net\/portal\/#\/schema\/logo\/image\/","url":"https:\/\/www.eldiario.net\/portal\/wp-content\/uploads\/2023\/07\/logo_ED.jpg","contentUrl":"https:\/\/www.eldiario.net\/portal\/wp-content\/uploads\/2023\/07\/logo_ED.jpg","width":272,"height":52,"caption":"El Diario - Decano de la prensa nacional"},"image":{"@id":"https:\/\/www.eldiario.net\/portal\/#\/schema\/logo\/image\/"},"sameAs":["https:\/\/www.facebook.com\/eldiario.bolivia\/","https:\/\/x.com\/eldiario_net"]},{"@type":"Person","@id":"https:\/\/www.eldiario.net\/portal\/#\/schema\/person\/2c57cf2b7a7ae032e449e4c9b1019eac","name":"Jeanette","image":{"@type":"ImageObject","inLanguage":"es","@id":"https:\/\/secure.gravatar.com\/avatar\/3ea2118a5f7dad2b7138b1187a6b7ee55f160b9968b66013c3a3ef39dd7e5798?s=96&d=mm&r=g","url":"https:\/\/secure.gravatar.com\/avatar\/3ea2118a5f7dad2b7138b1187a6b7ee55f160b9968b66013c3a3ef39dd7e5798?s=96&d=mm&r=g","contentUrl":"https:\/\/secure.gravatar.com\/avatar\/3ea2118a5f7dad2b7138b1187a6b7ee55f160b9968b66013c3a3ef39dd7e5798?s=96&d=mm&r=g","caption":"Jeanette"},"sameAs":["https:\/\/www.eldiario.net\/portal"],"url":"https:\/\/www.eldiario.net\/portal\/author\/jeanette\/"}]}},"_links":{"self":[{"href":"https:\/\/www.eldiario.net\/portal\/wp-json\/wp\/v2\/posts\/8138","targetHints":{"allow":["GET"]}}],"collection":[{"href":"https:\/\/www.eldiario.net\/portal\/wp-json\/wp\/v2\/posts"}],"about":[{"href":"https:\/\/www.eldiario.net\/portal\/wp-json\/wp\/v2\/types\/post"}],"author":[{"embeddable":true,"href":"https:\/\/www.eldiario.net\/portal\/wp-json\/wp\/v2\/users\/1"}],"replies":[{"embeddable":true,"href":"https:\/\/www.eldiario.net\/portal\/wp-json\/wp\/v2\/comments?post=8138"}],"version-history":[{"count":0,"href":"https:\/\/www.eldiario.net\/portal\/wp-json\/wp\/v2\/posts\/8138\/revisions"}],"wp:attachment":[{"href":"https:\/\/www.eldiario.net\/portal\/wp-json\/wp\/v2\/media?parent=8138"}],"wp:term":[{"taxonomy":"category","embeddable":true,"href":"https:\/\/www.eldiario.net\/portal\/wp-json\/wp\/v2\/categories?post=8138"},{"taxonomy":"post_tag","embeddable":true,"href":"https:\/\/www.eldiario.net\/portal\/wp-json\/wp\/v2\/tags?post=8138"}],"curies":[{"name":"wp","href":"https:\/\/api.w.org\/{rel}","templated":true}]}}