{"id":81347,"date":"2022-05-05T05:08:06","date_gmt":"2022-05-05T09:08:06","guid":{"rendered":"https:\/\/www.eldiario.net\/portal\/?p=81347"},"modified":"2022-05-05T05:08:06","modified_gmt":"2022-05-05T09:08:06","slug":"oriente-quiere-revancha-ante-union","status":"publish","type":"post","link":"https:\/\/www.eldiario.net\/portal\/2022\/05\/05\/oriente-quiere-revancha-ante-union\/","title":{"rendered":"Oriente quiere revancha ante Uni\u00f3n"},"content":{"rendered":"<p class=\"v1MsoNormal\">Oriente Petrolero jugar\u00e1 contra Uni\u00f3n, este jueves (18:15 HB), en Santa Fe, con el \u00fanico deseo de cobrarse revancha por la derrota sufrida en la ida. Sin chance de pelear por la clasificaci\u00f3n en el grupo \u00abH\u00bb, el cuadro boliviano apunta a convertirse en la \u00abpiedra en el zapato\u00bb de los rivales en la Copa Sudamericana.<\/p>\n<p class=\"v1MsoNormal\">El elenco verdolaga lleg\u00f3 a Santa Fe con las manos vac\u00edas, sin ning\u00fan punto en su cuenta y con el af\u00e1n de sumar sus primer triunfo o empate en condici\u00f3n de visitante que sirva de consuelo, despu\u00e9s de una campa\u00f1a sin \u00e9xito en la ronda de grupos de la Sudamericana.<\/p>\n<p class=\"v1MsoNormal\">En estos dos partidos que quedan, el director t\u00e9cnico, Erwin S\u00e1nchez, mencion\u00f3 que el objetivo est\u00e1 en darle roce internacional a sus jugadores y hacer el esfuerzo de sumar puntos para dejar el fondo de la tabla.<\/p>\n<p class=\"v1MsoNormal\">En la ida, la victoria fue a favor de los argentinos por 3-1. Ese resultado ayud\u00f3 a que Uni\u00f3n de Santa Fe sea tomado en cuenta con seriedad como candidato para pasar de ronda. Con cinco puntos en su casillero, el elenco santafesino est\u00e1 como uno de los favoritos para ganar este compromiso y seguir cerca de la cima.<\/p>\n<p class=\"v1MsoNormal\">El plantel albiverde perdi\u00f3 en la anterior presentaci\u00f3n internacional ante Junior (1-3) en Santa Cruz, pudo reponerse con su triunfo en casa ante Palmaflor en el torneo local (2-1) y jugar\u00e1 ante los argentinos con el cl\u00e1sico ante Blooming encima. Pese a esto, S\u00e1nchez no guardar\u00e1 nada en su paso por Santa Fe.<\/p>\n<p class=\"v1MsoNormal\">Uni\u00f3n sorprendi\u00f3 en la tercera fecha con el empate conseguido frente a Fluminense (0-0) en condici\u00f3n de visitante. El cuadro de Santa Fe quiere continuar con esa l\u00ednea y sus esperanzas de anotar goles est\u00e1n colocadas en el delantero Jonatan \u00c1lvez.<\/p>\n<p class=\"v1MsoNormal\">El \u00e1rbitro chileno Jos\u00e9 Cabero controlar\u00e1 las acciones del partido y estar\u00e1 asistido desde los costados por sus coterr\u00e1neos: Juan Serrano y Manuel Mar\u00edn.<\/p>\n<p class=\"v1MsoNormal\">Uni\u00f3n: Santiago Mele; Emanuel Britez, Franco Calder\u00f3n, Diego Polenta, Claudio Corval\u00e1n, Imanol Machuca, Juan Carlos Portillo, Juan Ignacio Nardoni, Kevin Zen\u00f3n, Mariano Peralta Bauer y Jonatan \u00c1lvez. DT: Gustavo Mun\u00faa.<\/p>\n<p class=\"v1MsoNormal\">Oriente Petrolero: Wilson Qui\u00f1\u00f3nez; Raimundo Garc\u00eda, Maximiliano Caire, Leandro Zazpe, Carlos Roca, Juan Mercado, Daniel Rojas, Hugo Dorrego, Ronaldo S\u00e1nchez, Luciano Guaycochea y Facundo Su\u00e1rez. DT: Erwin S\u00e1nchez. (APG)<\/p>\n","protected":false},"excerpt":{"rendered":"<p>Oriente Petrolero jugar\u00e1 contra Uni\u00f3n, este jueves (18:15 HB), en Santa Fe, con el \u00fanico deseo de cobrarse revancha por la derrota sufrida en la ida. Sin chance de pelear por la clasificaci\u00f3n en el grupo \u00abH\u00bb, el cuadro boliviano apunta a convertirse en la \u00abpiedra en el zapato\u00bb de los rivales en la Copa [&hellip;]<\/p>\n","protected":false},"author":1,"featured_media":81348,"comment_status":"closed","ping_status":"closed","sticky":false,"template":"","format":"standard","meta":{"_acf_changed":false,"footnotes":""},"categories":[6],"tags":[],"class_list":["post-81347","post","type-post","status-publish","format-standard","has-post-thumbnail","category-deportes"],"acf":{"antetitulo":""},"yoast_head":"<!-- This site is optimized with the Yoast SEO plugin v28.4 - https:\/\/yoast.com\/product\/yoast-seo-wordpress\/ -->\n<title>Oriente quiere revancha ante Uni\u00f3n - El Diario - Bolivia<\/title>\n<meta name=\"robots\" content=\"index, follow, max-snippet:-1, max-image-preview:large, max-video-preview:-1\" \/>\n<link rel=\"canonical\" href=\"https:\/\/www.eldiario.net\/portal\/2022\/05\/05\/oriente-quiere-revancha-ante-union\/\" \/>\n<meta property=\"og:locale\" content=\"es_ES\" \/>\n<meta property=\"og:type\" content=\"article\" \/>\n<meta property=\"og:title\" content=\"Oriente quiere revancha ante Uni\u00f3n - El Diario - Bolivia\" \/>\n<meta property=\"og:description\" content=\"Oriente Petrolero jugar\u00e1 contra Uni\u00f3n, este jueves (18:15 HB), en Santa Fe, con el \u00fanico deseo de cobrarse revancha por la derrota sufrida en la ida. Sin chance de pelear por la clasificaci\u00f3n en el grupo \u00abH\u00bb, el cuadro boliviano apunta a convertirse en la \u00abpiedra en el zapato\u00bb de los rivales en la Copa [&hellip;]\" \/>\n<meta property=\"og:url\" content=\"https:\/\/www.eldiario.net\/portal\/2022\/05\/05\/oriente-quiere-revancha-ante-union\/\" \/>\n<meta property=\"og:site_name\" content=\"El Diario - Bolivia\" \/>\n<meta property=\"article:publisher\" content=\"https:\/\/www.facebook.com\/eldiario.bolivia\/\" \/>\n<meta property=\"article:published_time\" content=\"2022-05-05T09:08:06+00:00\" \/>\n<meta name=\"author\" content=\"Jeanette\" \/>\n<meta name=\"twitter:card\" content=\"summary_large_image\" \/>\n<meta name=\"twitter:creator\" content=\"@eldiario_net\" \/>\n<meta name=\"twitter:site\" content=\"@eldiario_net\" \/>\n<meta name=\"twitter:label1\" content=\"Escrito por\" \/>\n\t<meta name=\"twitter:data1\" content=\"Jeanette\" \/>\n\t<meta name=\"twitter:label2\" content=\"Tiempo de lectura\" \/>\n\t<meta name=\"twitter:data2\" content=\"2 minutos\" \/>\n<script type=\"application\/ld+json\" class=\"yoast-schema-graph\">{\"@context\":\"https:\\\/\\\/schema.org\",\"@graph\":[{\"@type\":\"Article\",\"@id\":\"https:\\\/\\\/www.eldiario.net\\\/portal\\\/2022\\\/05\\\/05\\\/oriente-quiere-revancha-ante-union\\\/#article\",\"isPartOf\":{\"@id\":\"https:\\\/\\\/www.eldiario.net\\\/portal\\\/2022\\\/05\\\/05\\\/oriente-quiere-revancha-ante-union\\\/\"},\"author\":{\"name\":\"Jeanette\",\"@id\":\"https:\\\/\\\/www.eldiario.net\\\/portal\\\/#\\\/schema\\\/person\\\/2c57cf2b7a7ae032e449e4c9b1019eac\"},\"headline\":\"Oriente quiere revancha ante Uni\u00f3n\",\"datePublished\":\"2022-05-05T09:08:06+00:00\",\"mainEntityOfPage\":{\"@id\":\"https:\\\/\\\/www.eldiario.net\\\/portal\\\/2022\\\/05\\\/05\\\/oriente-quiere-revancha-ante-union\\\/\"},\"wordCount\":414,\"publisher\":{\"@id\":\"https:\\\/\\\/www.eldiario.net\\\/portal\\\/#organization\"},\"image\":{\"@id\":\"https:\\\/\\\/www.eldiario.net\\\/portal\\\/2022\\\/05\\\/05\\\/oriente-quiere-revancha-ante-union\\\/#primaryimage\"},\"thumbnailUrl\":\"\",\"articleSection\":[\"Deportes\"],\"inLanguage\":\"es\"},{\"@type\":\"WebPage\",\"@id\":\"https:\\\/\\\/www.eldiario.net\\\/portal\\\/2022\\\/05\\\/05\\\/oriente-quiere-revancha-ante-union\\\/\",\"url\":\"https:\\\/\\\/www.eldiario.net\\\/portal\\\/2022\\\/05\\\/05\\\/oriente-quiere-revancha-ante-union\\\/\",\"name\":\"Oriente quiere revancha ante Uni\u00f3n - El Diario - Bolivia\",\"isPartOf\":{\"@id\":\"https:\\\/\\\/www.eldiario.net\\\/portal\\\/#website\"},\"primaryImageOfPage\":{\"@id\":\"https:\\\/\\\/www.eldiario.net\\\/portal\\\/2022\\\/05\\\/05\\\/oriente-quiere-revancha-ante-union\\\/#primaryimage\"},\"image\":{\"@id\":\"https:\\\/\\\/www.eldiario.net\\\/portal\\\/2022\\\/05\\\/05\\\/oriente-quiere-revancha-ante-union\\\/#primaryimage\"},\"thumbnailUrl\":\"\",\"datePublished\":\"2022-05-05T09:08:06+00:00\",\"breadcrumb\":{\"@id\":\"https:\\\/\\\/www.eldiario.net\\\/portal\\\/2022\\\/05\\\/05\\\/oriente-quiere-revancha-ante-union\\\/#breadcrumb\"},\"inLanguage\":\"es\",\"potentialAction\":[{\"@type\":\"ReadAction\",\"target\":[\"https:\\\/\\\/www.eldiario.net\\\/portal\\\/2022\\\/05\\\/05\\\/oriente-quiere-revancha-ante-union\\\/\"]}]},{\"@type\":\"ImageObject\",\"inLanguage\":\"es\",\"@id\":\"https:\\\/\\\/www.eldiario.net\\\/portal\\\/2022\\\/05\\\/05\\\/oriente-quiere-revancha-ante-union\\\/#primaryimage\",\"url\":\"\",\"contentUrl\":\"\"},{\"@type\":\"BreadcrumbList\",\"@id\":\"https:\\\/\\\/www.eldiario.net\\\/portal\\\/2022\\\/05\\\/05\\\/oriente-quiere-revancha-ante-union\\\/#breadcrumb\",\"itemListElement\":[{\"@type\":\"ListItem\",\"position\":1,\"name\":\"Portada\",\"item\":\"https:\\\/\\\/www.eldiario.net\\\/portal\\\/\"},{\"@type\":\"ListItem\",\"position\":2,\"name\":\"Oriente quiere revancha ante Uni\u00f3n\"}]},{\"@type\":\"WebSite\",\"@id\":\"https:\\\/\\\/www.eldiario.net\\\/portal\\\/#website\",\"url\":\"https:\\\/\\\/www.eldiario.net\\\/portal\\\/\",\"name\":\"El Diario - Decano de la prensa nacional\",\"description\":\"El Diario - Decano de la prensa nacional\",\"publisher\":{\"@id\":\"https:\\\/\\\/www.eldiario.net\\\/portal\\\/#organization\"},\"potentialAction\":[{\"@type\":\"SearchAction\",\"target\":{\"@type\":\"EntryPoint\",\"urlTemplate\":\"https:\\\/\\\/www.eldiario.net\\\/portal\\\/?s={search_term_string}\"},\"query-input\":{\"@type\":\"PropertyValueSpecification\",\"valueRequired\":true,\"valueName\":\"search_term_string\"}}],\"inLanguage\":\"es\"},{\"@type\":\"Organization\",\"@id\":\"https:\\\/\\\/www.eldiario.net\\\/portal\\\/#organization\",\"name\":\"El Diario - Decano de la prensa nacional\",\"url\":\"https:\\\/\\\/www.eldiario.net\\\/portal\\\/\",\"logo\":{\"@type\":\"ImageObject\",\"inLanguage\":\"es\",\"@id\":\"https:\\\/\\\/www.eldiario.net\\\/portal\\\/#\\\/schema\\\/logo\\\/image\\\/\",\"url\":\"https:\\\/\\\/www.eldiario.net\\\/portal\\\/wp-content\\\/uploads\\\/2023\\\/07\\\/logo_ED.jpg\",\"contentUrl\":\"https:\\\/\\\/www.eldiario.net\\\/portal\\\/wp-content\\\/uploads\\\/2023\\\/07\\\/logo_ED.jpg\",\"width\":272,\"height\":52,\"caption\":\"El Diario - Decano de la prensa nacional\"},\"image\":{\"@id\":\"https:\\\/\\\/www.eldiario.net\\\/portal\\\/#\\\/schema\\\/logo\\\/image\\\/\"},\"sameAs\":[\"https:\\\/\\\/www.facebook.com\\\/eldiario.bolivia\\\/\",\"https:\\\/\\\/x.com\\\/eldiario_net\"]},{\"@type\":\"Person\",\"@id\":\"https:\\\/\\\/www.eldiario.net\\\/portal\\\/#\\\/schema\\\/person\\\/2c57cf2b7a7ae032e449e4c9b1019eac\",\"name\":\"Jeanette\",\"image\":{\"@type\":\"ImageObject\",\"inLanguage\":\"es\",\"@id\":\"https:\\\/\\\/secure.gravatar.com\\\/avatar\\\/3ea2118a5f7dad2b7138b1187a6b7ee55f160b9968b66013c3a3ef39dd7e5798?s=96&d=mm&r=g\",\"url\":\"https:\\\/\\\/secure.gravatar.com\\\/avatar\\\/3ea2118a5f7dad2b7138b1187a6b7ee55f160b9968b66013c3a3ef39dd7e5798?s=96&d=mm&r=g\",\"contentUrl\":\"https:\\\/\\\/secure.gravatar.com\\\/avatar\\\/3ea2118a5f7dad2b7138b1187a6b7ee55f160b9968b66013c3a3ef39dd7e5798?s=96&d=mm&r=g\",\"caption\":\"Jeanette\"},\"sameAs\":[\"https:\\\/\\\/www.eldiario.net\\\/portal\"],\"url\":\"https:\\\/\\\/www.eldiario.net\\\/portal\\\/author\\\/jeanette\\\/\"}]}<\/script>\n<!-- \/ Yoast SEO plugin. -->","yoast_head_json":{"title":"Oriente quiere revancha ante Uni\u00f3n - El Diario - Bolivia","robots":{"index":"index","follow":"follow","max-snippet":"max-snippet:-1","max-image-preview":"max-image-preview:large","max-video-preview":"max-video-preview:-1"},"canonical":"https:\/\/www.eldiario.net\/portal\/2022\/05\/05\/oriente-quiere-revancha-ante-union\/","og_locale":"es_ES","og_type":"article","og_title":"Oriente quiere revancha ante Uni\u00f3n - El Diario - Bolivia","og_description":"Oriente Petrolero jugar\u00e1 contra Uni\u00f3n, este jueves (18:15 HB), en Santa Fe, con el \u00fanico deseo de cobrarse revancha por la derrota sufrida en la ida. Sin chance de pelear por la clasificaci\u00f3n en el grupo \u00abH\u00bb, el cuadro boliviano apunta a convertirse en la \u00abpiedra en el zapato\u00bb de los rivales en la Copa [&hellip;]","og_url":"https:\/\/www.eldiario.net\/portal\/2022\/05\/05\/oriente-quiere-revancha-ante-union\/","og_site_name":"El Diario - Bolivia","article_publisher":"https:\/\/www.facebook.com\/eldiario.bolivia\/","article_published_time":"2022-05-05T09:08:06+00:00","author":"Jeanette","twitter_card":"summary_large_image","twitter_creator":"@eldiario_net","twitter_site":"@eldiario_net","twitter_misc":{"Escrito por":"Jeanette","Tiempo de lectura":"2 minutos"},"schema":{"@context":"https:\/\/schema.org","@graph":[{"@type":"Article","@id":"https:\/\/www.eldiario.net\/portal\/2022\/05\/05\/oriente-quiere-revancha-ante-union\/#article","isPartOf":{"@id":"https:\/\/www.eldiario.net\/portal\/2022\/05\/05\/oriente-quiere-revancha-ante-union\/"},"author":{"name":"Jeanette","@id":"https:\/\/www.eldiario.net\/portal\/#\/schema\/person\/2c57cf2b7a7ae032e449e4c9b1019eac"},"headline":"Oriente quiere revancha ante Uni\u00f3n","datePublished":"2022-05-05T09:08:06+00:00","mainEntityOfPage":{"@id":"https:\/\/www.eldiario.net\/portal\/2022\/05\/05\/oriente-quiere-revancha-ante-union\/"},"wordCount":414,"publisher":{"@id":"https:\/\/www.eldiario.net\/portal\/#organization"},"image":{"@id":"https:\/\/www.eldiario.net\/portal\/2022\/05\/05\/oriente-quiere-revancha-ante-union\/#primaryimage"},"thumbnailUrl":"","articleSection":["Deportes"],"inLanguage":"es"},{"@type":"WebPage","@id":"https:\/\/www.eldiario.net\/portal\/2022\/05\/05\/oriente-quiere-revancha-ante-union\/","url":"https:\/\/www.eldiario.net\/portal\/2022\/05\/05\/oriente-quiere-revancha-ante-union\/","name":"Oriente quiere revancha ante Uni\u00f3n - El Diario - Bolivia","isPartOf":{"@id":"https:\/\/www.eldiario.net\/portal\/#website"},"primaryImageOfPage":{"@id":"https:\/\/www.eldiario.net\/portal\/2022\/05\/05\/oriente-quiere-revancha-ante-union\/#primaryimage"},"image":{"@id":"https:\/\/www.eldiario.net\/portal\/2022\/05\/05\/oriente-quiere-revancha-ante-union\/#primaryimage"},"thumbnailUrl":"","datePublished":"2022-05-05T09:08:06+00:00","breadcrumb":{"@id":"https:\/\/www.eldiario.net\/portal\/2022\/05\/05\/oriente-quiere-revancha-ante-union\/#breadcrumb"},"inLanguage":"es","potentialAction":[{"@type":"ReadAction","target":["https:\/\/www.eldiario.net\/portal\/2022\/05\/05\/oriente-quiere-revancha-ante-union\/"]}]},{"@type":"ImageObject","inLanguage":"es","@id":"https:\/\/www.eldiario.net\/portal\/2022\/05\/05\/oriente-quiere-revancha-ante-union\/#primaryimage","url":"","contentUrl":""},{"@type":"BreadcrumbList","@id":"https:\/\/www.eldiario.net\/portal\/2022\/05\/05\/oriente-quiere-revancha-ante-union\/#breadcrumb","itemListElement":[{"@type":"ListItem","position":1,"name":"Portada","item":"https:\/\/www.eldiario.net\/portal\/"},{"@type":"ListItem","position":2,"name":"Oriente quiere revancha ante Uni\u00f3n"}]},{"@type":"WebSite","@id":"https:\/\/www.eldiario.net\/portal\/#website","url":"https:\/\/www.eldiario.net\/portal\/","name":"El Diario - Decano de la prensa nacional","description":"El Diario - Decano de la prensa nacional","publisher":{"@id":"https:\/\/www.eldiario.net\/portal\/#organization"},"potentialAction":[{"@type":"SearchAction","target":{"@type":"EntryPoint","urlTemplate":"https:\/\/www.eldiario.net\/portal\/?s={search_term_string}"},"query-input":{"@type":"PropertyValueSpecification","valueRequired":true,"valueName":"search_term_string"}}],"inLanguage":"es"},{"@type":"Organization","@id":"https:\/\/www.eldiario.net\/portal\/#organization","name":"El Diario - Decano de la prensa nacional","url":"https:\/\/www.eldiario.net\/portal\/","logo":{"@type":"ImageObject","inLanguage":"es","@id":"https:\/\/www.eldiario.net\/portal\/#\/schema\/logo\/image\/","url":"https:\/\/www.eldiario.net\/portal\/wp-content\/uploads\/2023\/07\/logo_ED.jpg","contentUrl":"https:\/\/www.eldiario.net\/portal\/wp-content\/uploads\/2023\/07\/logo_ED.jpg","width":272,"height":52,"caption":"El Diario - Decano de la prensa nacional"},"image":{"@id":"https:\/\/www.eldiario.net\/portal\/#\/schema\/logo\/image\/"},"sameAs":["https:\/\/www.facebook.com\/eldiario.bolivia\/","https:\/\/x.com\/eldiario_net"]},{"@type":"Person","@id":"https:\/\/www.eldiario.net\/portal\/#\/schema\/person\/2c57cf2b7a7ae032e449e4c9b1019eac","name":"Jeanette","image":{"@type":"ImageObject","inLanguage":"es","@id":"https:\/\/secure.gravatar.com\/avatar\/3ea2118a5f7dad2b7138b1187a6b7ee55f160b9968b66013c3a3ef39dd7e5798?s=96&d=mm&r=g","url":"https:\/\/secure.gravatar.com\/avatar\/3ea2118a5f7dad2b7138b1187a6b7ee55f160b9968b66013c3a3ef39dd7e5798?s=96&d=mm&r=g","contentUrl":"https:\/\/secure.gravatar.com\/avatar\/3ea2118a5f7dad2b7138b1187a6b7ee55f160b9968b66013c3a3ef39dd7e5798?s=96&d=mm&r=g","caption":"Jeanette"},"sameAs":["https:\/\/www.eldiario.net\/portal"],"url":"https:\/\/www.eldiario.net\/portal\/author\/jeanette\/"}]}},"_links":{"self":[{"href":"https:\/\/www.eldiario.net\/portal\/wp-json\/wp\/v2\/posts\/81347","targetHints":{"allow":["GET"]}}],"collection":[{"href":"https:\/\/www.eldiario.net\/portal\/wp-json\/wp\/v2\/posts"}],"about":[{"href":"https:\/\/www.eldiario.net\/portal\/wp-json\/wp\/v2\/types\/post"}],"author":[{"embeddable":true,"href":"https:\/\/www.eldiario.net\/portal\/wp-json\/wp\/v2\/users\/1"}],"replies":[{"embeddable":true,"href":"https:\/\/www.eldiario.net\/portal\/wp-json\/wp\/v2\/comments?post=81347"}],"version-history":[{"count":0,"href":"https:\/\/www.eldiario.net\/portal\/wp-json\/wp\/v2\/posts\/81347\/revisions"}],"wp:attachment":[{"href":"https:\/\/www.eldiario.net\/portal\/wp-json\/wp\/v2\/media?parent=81347"}],"wp:term":[{"taxonomy":"category","embeddable":true,"href":"https:\/\/www.eldiario.net\/portal\/wp-json\/wp\/v2\/categories?post=81347"},{"taxonomy":"post_tag","embeddable":true,"href":"https:\/\/www.eldiario.net\/portal\/wp-json\/wp\/v2\/tags?post=81347"}],"curies":[{"name":"wp","href":"https:\/\/api.w.org\/{rel}","templated":true}]}}