{"id":8134,"date":"2021-06-04T05:20:53","date_gmt":"2021-06-04T09:20:53","guid":{"rendered":"https:\/\/www.eldiario.net\/portal\/?p=8134"},"modified":"2021-06-04T05:20:53","modified_gmt":"2021-06-04T09:20:53","slug":"argentina-no-puede-abrir-el-cerrojo-chileno","status":"publish","type":"post","link":"https:\/\/www.eldiario.net\/portal\/2021\/06\/04\/argentina-no-puede-abrir-el-cerrojo-chileno\/","title":{"rendered":"Argentina no puede  abrir el cerrojo chileno"},"content":{"rendered":"<p>La selecci\u00f3n de Argentina no pudo sumar de a tres ante Chile, en lance jugado en Santiago del Estero, anoche. Luego de tantos meses de espera, Lionel Messi volvi\u00f3 a ponerse la camiseta de la Selecci\u00f3n en el duelo frente a Chile, correspondiente a la s\u00e9ptima fecha de las Eliminatorias Sudamericanas rumbo al Mundial que organizar\u00e1 Qatar el pr\u00f3ximo a\u00f1o.<br \/>\nCon dos debutantes (Emiliano Mart\u00ednez y Cristian Romero) y un claro recambio en el combinado nacional, la expectativa se traslad\u00f3 a Santiago del Estero, donde la Albiceleste se present\u00f3 con la misi\u00f3n de dar otro paso hacia la cita internacional. La pol\u00e9mica que se instal\u00f3 a los 20 minutos del primer tiempo oblig\u00f3 al venezolano Jes\u00fas Valenzuela a apelar al VAR para que revea su decisi\u00f3n de ignorar un claro penal de Guillermo Marip\u00e1n sobre Lautaro Mart\u00ednez. Desde los doce pasos, el astro rosarino enga\u00f1\u00f3 a Claudio Bravo con una sutileza y festej\u00f3 el 1 a 0 para que la Argentina se aferre a la cima de las posiciones. La Pulga apel\u00f3 a sus conocimientos sobre su ex compa\u00f1ero en el Barcelona para ejecutar la pena m\u00e1xima. Pasada la media hora se produjo una nueva injusticia que tantas veces se impone en el f\u00fatbol. Sin ning\u00fan merecimiento, Chile lleg\u00f3 al empate a trav\u00e9s de una pelota parada. Un centro frontal de Ar\u00e1nguiz encontr\u00f3 por el segundo palo a Gary Medel y el ex Boca habilit\u00f3 a Alexis S\u00e1nchez para que el Ni\u00f1o Maravilla celebre el 1 a 1 ante la desconcertada defensa local. El trabajo del estratega uruguayo se plasm\u00f3 a la perfecci\u00f3n con una vieja jugada de pizarr\u00f3n. En el complemento Scaloni busc\u00f3 mayor profundidad con el ingreso de \u00c1ngel Correa en lugar de Lucas Ocampos, mientras que la salida de Mart\u00ednez Quarta por Lisandro Mart\u00ednez se bas\u00f3 en la amonestaci\u00f3n del central. En un partido tan caliente y de tanto roce fue una buena decisi\u00f3n prevenir una posible expulsi\u00f3n. Antes del cierre, el mejor jugador del mundo improvis\u00f3 dos obras magn\u00edficas que fueron desactivadas por el arquero que determinaron el empate definitivo.<\/p>\n<blockquote><p>\u00abTuvimos mala suerte en el gol de pelota parada porque hubiera sido dif\u00edcil que nos convirtieran de otra manera&#8230; Nos vamos contentos por el resultado m\u00e1s all\u00e1 de no poder ganar, lo importante es sumar.\u00bb Lionel Messi, atacante de Argentina<\/p>\n<p>\u00abFue un partido bastante duro ante uno de los mejores equipos del mundo y al cual no pude anotar antes, ahora fue mi primer gol y estoy contento, ahora debemos pensar en Bolivia.\u00bb ALEXIS S\u00c1NCHEZ,<br \/>\nDELANTERO DE CHILE<\/p><\/blockquote>\n<p><strong>ARGENTINA 1<\/strong><\/p>\n<p>Emiliano Mart\u00ednez<br \/>\nJuan Foyth<br \/>\nCristi\u00e1n Romero<br \/>\nLucas Mart\u00ednez Quarta Nicol\u00e1s Tagliafico<br \/>\nLucas Ocampos<br \/>\nRodrigo De Paul<br \/>\nLeandro Paredes<br \/>\n\u00c1ngel Di Mar\u00eda<br \/>\nLionel Messi<br \/>\nLautaro Mart\u00ednez<br \/>\nDT: Lionel Scaloni<br \/>\nCAMBIOS: Juli\u00e1n Alvarez por Di Mar\u00eda, Nahuel Molina por Paredes, Lizandro Mart\u00ednez por Ocampos, E. Palacios por Foyth.<\/p>\n<p><strong>CHILE 1<\/strong><\/p>\n<p>Claudio Bravo<br \/>\nMauricio Isla<br \/>\nGary Medel<br \/>\nGuillermo Marip\u00e1n Eugenio Mena<br \/>\nCharles Aranguiz<br \/>\nErick Pulgar<br \/>\nPablo Galdames<br \/>\nJean Meneses<br \/>\nEduardo Vargas<br \/>\nAlexis S\u00e1nchez.<br \/>\nDT: Mart\u00edn Lasarte<br \/>\nCAMBIOS: C\u00e9sar Pinares por Pablo Galdam\u00e9s, Tom\u00e1s Alarc\u00f3n por Charles Aranguiz, Carlos Palacios por Eduardo Vargas.<\/p>\n<p>GOLES: Lionel Messi (A) 24\u2019, Alexis S\u00e1nchez (CH) 36\u2019.<br \/>\nARBITRO: Jes\u00fas Valenzuela (Venezuela)<br \/>\nASISTENTES: Tulio Moreno y Juan Soto.<br \/>\nESTADIO: Madre de Ciudades (Santiago del Estero)<\/p>\n<p><strong>INFOBAE<\/strong><\/p>\n<p><img loading=\"lazy\" decoding=\"async\" class=\"alignleft size-medium wp-image-8136\" src=\"https:\/\/www.eldiario.net\/portal\/wp-content\/uploads\/2021\/06\/paga-2-foto-circulo-arriba-300x200.jpeg\" alt=\"\" width=\"300\" height=\"200\" srcset=\"https:\/\/www.eldiario.net\/portal\/wp-content\/uploads\/2021\/06\/paga-2-foto-circulo-arriba-300x200.jpeg 300w, https:\/\/www.eldiario.net\/portal\/wp-content\/uploads\/2021\/06\/paga-2-foto-circulo-arriba-1024x682.jpeg 1024w, https:\/\/www.eldiario.net\/portal\/wp-content\/uploads\/2021\/06\/paga-2-foto-circulo-arriba-768x512.jpeg 768w, https:\/\/www.eldiario.net\/portal\/wp-content\/uploads\/2021\/06\/paga-2-foto-circulo-arriba-696x464.jpeg 696w, https:\/\/www.eldiario.net\/portal\/wp-content\/uploads\/2021\/06\/paga-2-foto-circulo-arriba-1068x712.jpeg 1068w, https:\/\/www.eldiario.net\/portal\/wp-content\/uploads\/2021\/06\/paga-2-foto-circulo-arriba.jpeg 1280w\" sizes=\"auto, (max-width: 300px) 100vw, 300px\" \/><\/p>\n","protected":false},"excerpt":{"rendered":"<p>La selecci\u00f3n de Argentina no pudo sumar de a tres ante Chile, en lance jugado en Santiago del Estero, anoche. Luego de tantos meses de espera, Lionel Messi volvi\u00f3 a ponerse la camiseta de la Selecci\u00f3n en el duelo frente a Chile, correspondiente a la s\u00e9ptima fecha de las Eliminatorias Sudamericanas rumbo al Mundial que [&hellip;]<\/p>\n","protected":false},"author":1,"featured_media":8135,"comment_status":"closed","ping_status":"closed","sticky":false,"template":"","format":"standard","meta":{"_acf_changed":false,"footnotes":""},"categories":[6],"tags":[],"class_list":["post-8134","post","type-post","status-publish","format-standard","has-post-thumbnail","category-deportes"],"acf":{"antetitulo":""},"yoast_head":"<!-- This site is optimized with the Yoast SEO plugin v28.4 - https:\/\/yoast.com\/product\/yoast-seo-wordpress\/ -->\n<title>Argentina no puede abrir el cerrojo chileno - El Diario - Bolivia<\/title>\n<meta name=\"robots\" content=\"index, follow, max-snippet:-1, max-image-preview:large, max-video-preview:-1\" \/>\n<link rel=\"canonical\" href=\"https:\/\/www.eldiario.net\/portal\/2021\/06\/04\/argentina-no-puede-abrir-el-cerrojo-chileno\/\" \/>\n<meta property=\"og:locale\" content=\"es_ES\" \/>\n<meta property=\"og:type\" content=\"article\" \/>\n<meta property=\"og:title\" content=\"Argentina no puede abrir el cerrojo chileno - El Diario - Bolivia\" \/>\n<meta property=\"og:description\" content=\"La selecci\u00f3n de Argentina no pudo sumar de a tres ante Chile, en lance jugado en Santiago del Estero, anoche. Luego de tantos meses de espera, Lionel Messi volvi\u00f3 a ponerse la camiseta de la Selecci\u00f3n en el duelo frente a Chile, correspondiente a la s\u00e9ptima fecha de las Eliminatorias Sudamericanas rumbo al Mundial que [&hellip;]\" \/>\n<meta property=\"og:url\" content=\"https:\/\/www.eldiario.net\/portal\/2021\/06\/04\/argentina-no-puede-abrir-el-cerrojo-chileno\/\" \/>\n<meta property=\"og:site_name\" content=\"El Diario - Bolivia\" \/>\n<meta property=\"article:publisher\" content=\"https:\/\/www.facebook.com\/eldiario.bolivia\/\" \/>\n<meta property=\"article:published_time\" content=\"2021-06-04T09:20:53+00:00\" \/>\n<meta property=\"og:image\" content=\"https:\/\/www.eldiario.net\/portal\/wp-content\/uploads\/2021\/06\/pag-2-foto-1.jpeg\" \/>\n\t<meta property=\"og:image:width\" content=\"1280\" \/>\n\t<meta property=\"og:image:height\" content=\"853\" \/>\n\t<meta property=\"og:image:type\" content=\"image\/jpeg\" \/>\n<meta name=\"author\" content=\"Jeanette\" \/>\n<meta name=\"twitter:card\" content=\"summary_large_image\" \/>\n<meta name=\"twitter:creator\" content=\"@eldiario_net\" \/>\n<meta name=\"twitter:site\" content=\"@eldiario_net\" \/>\n<meta name=\"twitter:label1\" content=\"Escrito por\" \/>\n\t<meta name=\"twitter:data1\" content=\"Jeanette\" \/>\n\t<meta name=\"twitter:label2\" content=\"Tiempo de lectura\" \/>\n\t<meta name=\"twitter:data2\" content=\"3 minutos\" \/>\n<script type=\"application\/ld+json\" class=\"yoast-schema-graph\">{\"@context\":\"https:\\\/\\\/schema.org\",\"@graph\":[{\"@type\":\"Article\",\"@id\":\"https:\\\/\\\/www.eldiario.net\\\/portal\\\/2021\\\/06\\\/04\\\/argentina-no-puede-abrir-el-cerrojo-chileno\\\/#article\",\"isPartOf\":{\"@id\":\"https:\\\/\\\/www.eldiario.net\\\/portal\\\/2021\\\/06\\\/04\\\/argentina-no-puede-abrir-el-cerrojo-chileno\\\/\"},\"author\":{\"name\":\"Jeanette\",\"@id\":\"https:\\\/\\\/www.eldiario.net\\\/portal\\\/#\\\/schema\\\/person\\\/2c57cf2b7a7ae032e449e4c9b1019eac\"},\"headline\":\"Argentina no puede abrir el cerrojo chileno\",\"datePublished\":\"2021-06-04T09:20:53+00:00\",\"mainEntityOfPage\":{\"@id\":\"https:\\\/\\\/www.eldiario.net\\\/portal\\\/2021\\\/06\\\/04\\\/argentina-no-puede-abrir-el-cerrojo-chileno\\\/\"},\"wordCount\":587,\"publisher\":{\"@id\":\"https:\\\/\\\/www.eldiario.net\\\/portal\\\/#organization\"},\"image\":{\"@id\":\"https:\\\/\\\/www.eldiario.net\\\/portal\\\/2021\\\/06\\\/04\\\/argentina-no-puede-abrir-el-cerrojo-chileno\\\/#primaryimage\"},\"thumbnailUrl\":\"https:\\\/\\\/www.eldiario.net\\\/portal\\\/wp-content\\\/uploads\\\/2021\\\/06\\\/pag-2-foto-1.jpeg\",\"articleSection\":[\"Deportes\"],\"inLanguage\":\"es\"},{\"@type\":\"WebPage\",\"@id\":\"https:\\\/\\\/www.eldiario.net\\\/portal\\\/2021\\\/06\\\/04\\\/argentina-no-puede-abrir-el-cerrojo-chileno\\\/\",\"url\":\"https:\\\/\\\/www.eldiario.net\\\/portal\\\/2021\\\/06\\\/04\\\/argentina-no-puede-abrir-el-cerrojo-chileno\\\/\",\"name\":\"Argentina no puede abrir el cerrojo chileno - El Diario - Bolivia\",\"isPartOf\":{\"@id\":\"https:\\\/\\\/www.eldiario.net\\\/portal\\\/#website\"},\"primaryImageOfPage\":{\"@id\":\"https:\\\/\\\/www.eldiario.net\\\/portal\\\/2021\\\/06\\\/04\\\/argentina-no-puede-abrir-el-cerrojo-chileno\\\/#primaryimage\"},\"image\":{\"@id\":\"https:\\\/\\\/www.eldiario.net\\\/portal\\\/2021\\\/06\\\/04\\\/argentina-no-puede-abrir-el-cerrojo-chileno\\\/#primaryimage\"},\"thumbnailUrl\":\"https:\\\/\\\/www.eldiario.net\\\/portal\\\/wp-content\\\/uploads\\\/2021\\\/06\\\/pag-2-foto-1.jpeg\",\"datePublished\":\"2021-06-04T09:20:53+00:00\",\"breadcrumb\":{\"@id\":\"https:\\\/\\\/www.eldiario.net\\\/portal\\\/2021\\\/06\\\/04\\\/argentina-no-puede-abrir-el-cerrojo-chileno\\\/#breadcrumb\"},\"inLanguage\":\"es\",\"potentialAction\":[{\"@type\":\"ReadAction\",\"target\":[\"https:\\\/\\\/www.eldiario.net\\\/portal\\\/2021\\\/06\\\/04\\\/argentina-no-puede-abrir-el-cerrojo-chileno\\\/\"]}]},{\"@type\":\"ImageObject\",\"inLanguage\":\"es\",\"@id\":\"https:\\\/\\\/www.eldiario.net\\\/portal\\\/2021\\\/06\\\/04\\\/argentina-no-puede-abrir-el-cerrojo-chileno\\\/#primaryimage\",\"url\":\"https:\\\/\\\/www.eldiario.net\\\/portal\\\/wp-content\\\/uploads\\\/2021\\\/06\\\/pag-2-foto-1.jpeg\",\"contentUrl\":\"https:\\\/\\\/www.eldiario.net\\\/portal\\\/wp-content\\\/uploads\\\/2021\\\/06\\\/pag-2-foto-1.jpeg\",\"width\":1280,\"height\":853},{\"@type\":\"BreadcrumbList\",\"@id\":\"https:\\\/\\\/www.eldiario.net\\\/portal\\\/2021\\\/06\\\/04\\\/argentina-no-puede-abrir-el-cerrojo-chileno\\\/#breadcrumb\",\"itemListElement\":[{\"@type\":\"ListItem\",\"position\":1,\"name\":\"Portada\",\"item\":\"https:\\\/\\\/www.eldiario.net\\\/portal\\\/\"},{\"@type\":\"ListItem\",\"position\":2,\"name\":\"Argentina no puede abrir el cerrojo chileno\"}]},{\"@type\":\"WebSite\",\"@id\":\"https:\\\/\\\/www.eldiario.net\\\/portal\\\/#website\",\"url\":\"https:\\\/\\\/www.eldiario.net\\\/portal\\\/\",\"name\":\"El Diario - Decano de la prensa nacional\",\"description\":\"El Diario - Decano de la prensa nacional\",\"publisher\":{\"@id\":\"https:\\\/\\\/www.eldiario.net\\\/portal\\\/#organization\"},\"potentialAction\":[{\"@type\":\"SearchAction\",\"target\":{\"@type\":\"EntryPoint\",\"urlTemplate\":\"https:\\\/\\\/www.eldiario.net\\\/portal\\\/?s={search_term_string}\"},\"query-input\":{\"@type\":\"PropertyValueSpecification\",\"valueRequired\":true,\"valueName\":\"search_term_string\"}}],\"inLanguage\":\"es\"},{\"@type\":\"Organization\",\"@id\":\"https:\\\/\\\/www.eldiario.net\\\/portal\\\/#organization\",\"name\":\"El Diario - Decano de la prensa nacional\",\"url\":\"https:\\\/\\\/www.eldiario.net\\\/portal\\\/\",\"logo\":{\"@type\":\"ImageObject\",\"inLanguage\":\"es\",\"@id\":\"https:\\\/\\\/www.eldiario.net\\\/portal\\\/#\\\/schema\\\/logo\\\/image\\\/\",\"url\":\"https:\\\/\\\/www.eldiario.net\\\/portal\\\/wp-content\\\/uploads\\\/2023\\\/07\\\/logo_ED.jpg\",\"contentUrl\":\"https:\\\/\\\/www.eldiario.net\\\/portal\\\/wp-content\\\/uploads\\\/2023\\\/07\\\/logo_ED.jpg\",\"width\":272,\"height\":52,\"caption\":\"El Diario - Decano de la prensa nacional\"},\"image\":{\"@id\":\"https:\\\/\\\/www.eldiario.net\\\/portal\\\/#\\\/schema\\\/logo\\\/image\\\/\"},\"sameAs\":[\"https:\\\/\\\/www.facebook.com\\\/eldiario.bolivia\\\/\",\"https:\\\/\\\/x.com\\\/eldiario_net\"]},{\"@type\":\"Person\",\"@id\":\"https:\\\/\\\/www.eldiario.net\\\/portal\\\/#\\\/schema\\\/person\\\/2c57cf2b7a7ae032e449e4c9b1019eac\",\"name\":\"Jeanette\",\"image\":{\"@type\":\"ImageObject\",\"inLanguage\":\"es\",\"@id\":\"https:\\\/\\\/secure.gravatar.com\\\/avatar\\\/3ea2118a5f7dad2b7138b1187a6b7ee55f160b9968b66013c3a3ef39dd7e5798?s=96&d=mm&r=g\",\"url\":\"https:\\\/\\\/secure.gravatar.com\\\/avatar\\\/3ea2118a5f7dad2b7138b1187a6b7ee55f160b9968b66013c3a3ef39dd7e5798?s=96&d=mm&r=g\",\"contentUrl\":\"https:\\\/\\\/secure.gravatar.com\\\/avatar\\\/3ea2118a5f7dad2b7138b1187a6b7ee55f160b9968b66013c3a3ef39dd7e5798?s=96&d=mm&r=g\",\"caption\":\"Jeanette\"},\"sameAs\":[\"https:\\\/\\\/www.eldiario.net\\\/portal\"],\"url\":\"https:\\\/\\\/www.eldiario.net\\\/portal\\\/author\\\/jeanette\\\/\"}]}<\/script>\n<!-- \/ Yoast SEO plugin. -->","yoast_head_json":{"title":"Argentina no puede abrir el cerrojo chileno - El Diario - Bolivia","robots":{"index":"index","follow":"follow","max-snippet":"max-snippet:-1","max-image-preview":"max-image-preview:large","max-video-preview":"max-video-preview:-1"},"canonical":"https:\/\/www.eldiario.net\/portal\/2021\/06\/04\/argentina-no-puede-abrir-el-cerrojo-chileno\/","og_locale":"es_ES","og_type":"article","og_title":"Argentina no puede abrir el cerrojo chileno - El Diario - Bolivia","og_description":"La selecci\u00f3n de Argentina no pudo sumar de a tres ante Chile, en lance jugado en Santiago del Estero, anoche. Luego de tantos meses de espera, Lionel Messi volvi\u00f3 a ponerse la camiseta de la Selecci\u00f3n en el duelo frente a Chile, correspondiente a la s\u00e9ptima fecha de las Eliminatorias Sudamericanas rumbo al Mundial que [&hellip;]","og_url":"https:\/\/www.eldiario.net\/portal\/2021\/06\/04\/argentina-no-puede-abrir-el-cerrojo-chileno\/","og_site_name":"El Diario - Bolivia","article_publisher":"https:\/\/www.facebook.com\/eldiario.bolivia\/","article_published_time":"2021-06-04T09:20:53+00:00","og_image":[{"width":1280,"height":853,"url":"https:\/\/www.eldiario.net\/portal\/wp-content\/uploads\/2021\/06\/pag-2-foto-1.jpeg","type":"image\/jpeg"}],"author":"Jeanette","twitter_card":"summary_large_image","twitter_creator":"@eldiario_net","twitter_site":"@eldiario_net","twitter_misc":{"Escrito por":"Jeanette","Tiempo de lectura":"3 minutos"},"schema":{"@context":"https:\/\/schema.org","@graph":[{"@type":"Article","@id":"https:\/\/www.eldiario.net\/portal\/2021\/06\/04\/argentina-no-puede-abrir-el-cerrojo-chileno\/#article","isPartOf":{"@id":"https:\/\/www.eldiario.net\/portal\/2021\/06\/04\/argentina-no-puede-abrir-el-cerrojo-chileno\/"},"author":{"name":"Jeanette","@id":"https:\/\/www.eldiario.net\/portal\/#\/schema\/person\/2c57cf2b7a7ae032e449e4c9b1019eac"},"headline":"Argentina no puede abrir el cerrojo chileno","datePublished":"2021-06-04T09:20:53+00:00","mainEntityOfPage":{"@id":"https:\/\/www.eldiario.net\/portal\/2021\/06\/04\/argentina-no-puede-abrir-el-cerrojo-chileno\/"},"wordCount":587,"publisher":{"@id":"https:\/\/www.eldiario.net\/portal\/#organization"},"image":{"@id":"https:\/\/www.eldiario.net\/portal\/2021\/06\/04\/argentina-no-puede-abrir-el-cerrojo-chileno\/#primaryimage"},"thumbnailUrl":"https:\/\/www.eldiario.net\/portal\/wp-content\/uploads\/2021\/06\/pag-2-foto-1.jpeg","articleSection":["Deportes"],"inLanguage":"es"},{"@type":"WebPage","@id":"https:\/\/www.eldiario.net\/portal\/2021\/06\/04\/argentina-no-puede-abrir-el-cerrojo-chileno\/","url":"https:\/\/www.eldiario.net\/portal\/2021\/06\/04\/argentina-no-puede-abrir-el-cerrojo-chileno\/","name":"Argentina no puede abrir el cerrojo chileno - El Diario - Bolivia","isPartOf":{"@id":"https:\/\/www.eldiario.net\/portal\/#website"},"primaryImageOfPage":{"@id":"https:\/\/www.eldiario.net\/portal\/2021\/06\/04\/argentina-no-puede-abrir-el-cerrojo-chileno\/#primaryimage"},"image":{"@id":"https:\/\/www.eldiario.net\/portal\/2021\/06\/04\/argentina-no-puede-abrir-el-cerrojo-chileno\/#primaryimage"},"thumbnailUrl":"https:\/\/www.eldiario.net\/portal\/wp-content\/uploads\/2021\/06\/pag-2-foto-1.jpeg","datePublished":"2021-06-04T09:20:53+00:00","breadcrumb":{"@id":"https:\/\/www.eldiario.net\/portal\/2021\/06\/04\/argentina-no-puede-abrir-el-cerrojo-chileno\/#breadcrumb"},"inLanguage":"es","potentialAction":[{"@type":"ReadAction","target":["https:\/\/www.eldiario.net\/portal\/2021\/06\/04\/argentina-no-puede-abrir-el-cerrojo-chileno\/"]}]},{"@type":"ImageObject","inLanguage":"es","@id":"https:\/\/www.eldiario.net\/portal\/2021\/06\/04\/argentina-no-puede-abrir-el-cerrojo-chileno\/#primaryimage","url":"https:\/\/www.eldiario.net\/portal\/wp-content\/uploads\/2021\/06\/pag-2-foto-1.jpeg","contentUrl":"https:\/\/www.eldiario.net\/portal\/wp-content\/uploads\/2021\/06\/pag-2-foto-1.jpeg","width":1280,"height":853},{"@type":"BreadcrumbList","@id":"https:\/\/www.eldiario.net\/portal\/2021\/06\/04\/argentina-no-puede-abrir-el-cerrojo-chileno\/#breadcrumb","itemListElement":[{"@type":"ListItem","position":1,"name":"Portada","item":"https:\/\/www.eldiario.net\/portal\/"},{"@type":"ListItem","position":2,"name":"Argentina no puede abrir el cerrojo chileno"}]},{"@type":"WebSite","@id":"https:\/\/www.eldiario.net\/portal\/#website","url":"https:\/\/www.eldiario.net\/portal\/","name":"El Diario - Decano de la prensa nacional","description":"El Diario - Decano de la prensa nacional","publisher":{"@id":"https:\/\/www.eldiario.net\/portal\/#organization"},"potentialAction":[{"@type":"SearchAction","target":{"@type":"EntryPoint","urlTemplate":"https:\/\/www.eldiario.net\/portal\/?s={search_term_string}"},"query-input":{"@type":"PropertyValueSpecification","valueRequired":true,"valueName":"search_term_string"}}],"inLanguage":"es"},{"@type":"Organization","@id":"https:\/\/www.eldiario.net\/portal\/#organization","name":"El Diario - Decano de la prensa nacional","url":"https:\/\/www.eldiario.net\/portal\/","logo":{"@type":"ImageObject","inLanguage":"es","@id":"https:\/\/www.eldiario.net\/portal\/#\/schema\/logo\/image\/","url":"https:\/\/www.eldiario.net\/portal\/wp-content\/uploads\/2023\/07\/logo_ED.jpg","contentUrl":"https:\/\/www.eldiario.net\/portal\/wp-content\/uploads\/2023\/07\/logo_ED.jpg","width":272,"height":52,"caption":"El Diario - Decano de la prensa nacional"},"image":{"@id":"https:\/\/www.eldiario.net\/portal\/#\/schema\/logo\/image\/"},"sameAs":["https:\/\/www.facebook.com\/eldiario.bolivia\/","https:\/\/x.com\/eldiario_net"]},{"@type":"Person","@id":"https:\/\/www.eldiario.net\/portal\/#\/schema\/person\/2c57cf2b7a7ae032e449e4c9b1019eac","name":"Jeanette","image":{"@type":"ImageObject","inLanguage":"es","@id":"https:\/\/secure.gravatar.com\/avatar\/3ea2118a5f7dad2b7138b1187a6b7ee55f160b9968b66013c3a3ef39dd7e5798?s=96&d=mm&r=g","url":"https:\/\/secure.gravatar.com\/avatar\/3ea2118a5f7dad2b7138b1187a6b7ee55f160b9968b66013c3a3ef39dd7e5798?s=96&d=mm&r=g","contentUrl":"https:\/\/secure.gravatar.com\/avatar\/3ea2118a5f7dad2b7138b1187a6b7ee55f160b9968b66013c3a3ef39dd7e5798?s=96&d=mm&r=g","caption":"Jeanette"},"sameAs":["https:\/\/www.eldiario.net\/portal"],"url":"https:\/\/www.eldiario.net\/portal\/author\/jeanette\/"}]}},"_links":{"self":[{"href":"https:\/\/www.eldiario.net\/portal\/wp-json\/wp\/v2\/posts\/8134","targetHints":{"allow":["GET"]}}],"collection":[{"href":"https:\/\/www.eldiario.net\/portal\/wp-json\/wp\/v2\/posts"}],"about":[{"href":"https:\/\/www.eldiario.net\/portal\/wp-json\/wp\/v2\/types\/post"}],"author":[{"embeddable":true,"href":"https:\/\/www.eldiario.net\/portal\/wp-json\/wp\/v2\/users\/1"}],"replies":[{"embeddable":true,"href":"https:\/\/www.eldiario.net\/portal\/wp-json\/wp\/v2\/comments?post=8134"}],"version-history":[{"count":0,"href":"https:\/\/www.eldiario.net\/portal\/wp-json\/wp\/v2\/posts\/8134\/revisions"}],"wp:featuredmedia":[{"embeddable":true,"href":"https:\/\/www.eldiario.net\/portal\/wp-json\/wp\/v2\/media\/8135"}],"wp:attachment":[{"href":"https:\/\/www.eldiario.net\/portal\/wp-json\/wp\/v2\/media?parent=8134"}],"wp:term":[{"taxonomy":"category","embeddable":true,"href":"https:\/\/www.eldiario.net\/portal\/wp-json\/wp\/v2\/categories?post=8134"},{"taxonomy":"post_tag","embeddable":true,"href":"https:\/\/www.eldiario.net\/portal\/wp-json\/wp\/v2\/tags?post=8134"}],"curies":[{"name":"wp","href":"https:\/\/api.w.org\/{rel}","templated":true}]}}