{"id":81337,"date":"2022-05-05T05:04:03","date_gmt":"2022-05-05T09:04:03","guid":{"rendered":"https:\/\/www.eldiario.net\/portal\/?p=81337"},"modified":"2022-05-05T05:04:03","modified_gmt":"2022-05-05T09:04:03","slug":"sin-consensos-con-la-oposicion-se-hoy-elige-al-defensor-del-pueblo","status":"publish","type":"post","link":"https:\/\/www.eldiario.net\/portal\/2022\/05\/05\/sin-consensos-con-la-oposicion-se-hoy-elige-al-defensor-del-pueblo\/","title":{"rendered":"Sin consensos con la oposici\u00f3n, se elige hoy al Defensor del Pueblo"},"content":{"rendered":"<p>Una reuni\u00f3n con el vicepresidente de Estado y presidente nato de la Asamblea Legislativa Plurinacional, David Choquehuanca, para buscar consensos en el proceso de elecci\u00f3n de la nueva autoridad de la Defensor\u00eda del Pueblo deb\u00eda efectuarse ayer, sin embargo, la oposici\u00f3n decidi\u00f3 no asistir ante denuncias de falta de transparencia en el proceso.<\/p>\n<p>La bancada del Movimiento al Socialismo (MAS) fue la \u00fanica que asisti\u00f3 al encuentro previo a la sesi\u00f3n convocada para hoy donde se prev\u00e9 que se pueda concluir con el proceso de selecci\u00f3n y designaci\u00f3n de la nueva autoridad en lugar de Nadia Cruz Tarifa.<\/p>\n<p>La jefa de bancada de Creemos en la C\u00e1mara de Senadores, Centa Rek, consider\u00f3 \u201cinnecesario\u201d participar de la reuni\u00f3n y ratific\u00f3 la posici\u00f3n del frente pol\u00edtico que no se encontr\u00f3 \u201csuficiente transparencia\u201d en este proceso pese a que un representante de este partido particip\u00f3 de todas las etapas.<\/p>\n<p>\u201cVemos que entre los candidatos que han sido preseleccionados ninguno de ellos nos garantiza la independencia y posibilidad de que va a haber probidad\u201d, cuestion\u00f3 la legisladora.<\/p>\n<p>Mientras que el jefe de bancada de CC en la C\u00e1mara de Diputados, Carlos Alarc\u00f3n, dijo que se decidi\u00f3 que no participar\u00e1n en la reuni\u00f3n de coordinaci\u00f3n porque no se cuenta con la presencia de las dos fuerzas de oposici\u00f3n.<\/p>\n<p>Anticip\u00f3 que su bancada har\u00e1 se \u201copondr\u00e1\u201d a la votaci\u00f3n del MAS ante la sospecha de una \u201ctendencia\u201d para tratar de favorecer a un defensor del pueblo af\u00edn.<\/p>\n<p>El jefe de bancada del MAS en la C\u00e1mara de Diputado, Gualberto Arispe, cuestion\u00f3 la inasistencia de la oposici\u00f3n y lo calific\u00f3 como una \u201cfalta de respeto\u201d para buscar consensos ante las observaciones denunciadas.<\/p>\n<p>\u201cInicialmente creo que CC se ha manifestado para poder escuchar esta reuni\u00f3n y parte de Creemos tambi\u00e9n pidi\u00f3 tolerancia pero en ese \u00e1mbito, nosotros somos respetuosos, tendr\u00e1n sus motivos y razones (para no asistir)\u201d, a\u00f1adi\u00f3.<\/p>\n<p>Pedro Francisco Callisaya Aro, abogado de La Paz; Claudia Andrea Calvo Campos, administradora de Empresas, de Chuquisaca; Luisa Antonia Chipana Ubaras, abogada, de Cochabamba; Evelin Patricia Cossio Marquez, abogada, de La Paz; Rub\u00e9n Julio Estrada Candia, abogado, de La Paz; Ramiro Leonardo Iquise Pally, abogado, de Potos\u00ed y Porfirio Machado Gisbert, abogado, de La Paz, ser\u00e1n considerados en el pleno.<\/p>\n<p>M\u00c1S INFORMACI\u00d3N: POL\u00cdTICA<\/p>\n","protected":false},"excerpt":{"rendered":"<p>Una reuni\u00f3n con el vicepresidente de Estado y presidente nato de la Asamblea Legislativa Plurinacional, David Choquehuanca, para buscar consensos en el proceso de elecci\u00f3n de la nueva autoridad de la Defensor\u00eda del Pueblo deb\u00eda efectuarse ayer, sin embargo, la oposici\u00f3n decidi\u00f3 no asistir ante denuncias de falta de transparencia en el proceso. La bancada [&hellip;]<\/p>\n","protected":false},"author":1,"featured_media":81338,"comment_status":"closed","ping_status":"closed","sticky":false,"template":"","format":"standard","meta":{"_acf_changed":false,"footnotes":""},"categories":[15],"tags":[],"class_list":["post-81337","post","type-post","status-publish","format-standard","has-post-thumbnail","category-portada"],"acf":{"antetitulo":""},"yoast_head":"<!-- This site is optimized with the Yoast SEO plugin v28.4 - https:\/\/yoast.com\/product\/yoast-seo-wordpress\/ -->\n<title>Sin consensos con la oposici\u00f3n, se elige hoy al Defensor del Pueblo - El Diario - Bolivia<\/title>\n<meta name=\"robots\" content=\"index, follow, max-snippet:-1, max-image-preview:large, max-video-preview:-1\" \/>\n<link rel=\"canonical\" href=\"https:\/\/www.eldiario.net\/portal\/2022\/05\/05\/sin-consensos-con-la-oposicion-se-hoy-elige-al-defensor-del-pueblo\/\" \/>\n<meta property=\"og:locale\" content=\"es_ES\" \/>\n<meta property=\"og:type\" content=\"article\" \/>\n<meta property=\"og:title\" content=\"Sin consensos con la oposici\u00f3n, se elige hoy al Defensor del Pueblo - El Diario - Bolivia\" \/>\n<meta property=\"og:description\" content=\"Una reuni\u00f3n con el vicepresidente de Estado y presidente nato de la Asamblea Legislativa Plurinacional, David Choquehuanca, para buscar consensos en el proceso de elecci\u00f3n de la nueva autoridad de la Defensor\u00eda del Pueblo deb\u00eda efectuarse ayer, sin embargo, la oposici\u00f3n decidi\u00f3 no asistir ante denuncias de falta de transparencia en el proceso. La bancada [&hellip;]\" \/>\n<meta property=\"og:url\" content=\"https:\/\/www.eldiario.net\/portal\/2022\/05\/05\/sin-consensos-con-la-oposicion-se-hoy-elige-al-defensor-del-pueblo\/\" \/>\n<meta property=\"og:site_name\" content=\"El Diario - Bolivia\" \/>\n<meta property=\"article:publisher\" content=\"https:\/\/www.facebook.com\/eldiario.bolivia\/\" \/>\n<meta property=\"article:published_time\" content=\"2022-05-05T09:04:03+00:00\" \/>\n<meta name=\"author\" content=\"Jeanette\" \/>\n<meta name=\"twitter:card\" content=\"summary_large_image\" \/>\n<meta name=\"twitter:creator\" content=\"@eldiario_net\" \/>\n<meta name=\"twitter:site\" content=\"@eldiario_net\" \/>\n<meta name=\"twitter:label1\" content=\"Escrito por\" \/>\n\t<meta name=\"twitter:data1\" content=\"Jeanette\" \/>\n\t<meta name=\"twitter:label2\" content=\"Tiempo de lectura\" \/>\n\t<meta name=\"twitter:data2\" content=\"2 minutos\" \/>\n<script type=\"application\/ld+json\" class=\"yoast-schema-graph\">{\"@context\":\"https:\\\/\\\/schema.org\",\"@graph\":[{\"@type\":\"Article\",\"@id\":\"https:\\\/\\\/www.eldiario.net\\\/portal\\\/2022\\\/05\\\/05\\\/sin-consensos-con-la-oposicion-se-hoy-elige-al-defensor-del-pueblo\\\/#article\",\"isPartOf\":{\"@id\":\"https:\\\/\\\/www.eldiario.net\\\/portal\\\/2022\\\/05\\\/05\\\/sin-consensos-con-la-oposicion-se-hoy-elige-al-defensor-del-pueblo\\\/\"},\"author\":{\"name\":\"Jeanette\",\"@id\":\"https:\\\/\\\/www.eldiario.net\\\/portal\\\/#\\\/schema\\\/person\\\/2c57cf2b7a7ae032e449e4c9b1019eac\"},\"headline\":\"Sin consensos con la oposici\u00f3n, se elige hoy al Defensor del Pueblo\",\"datePublished\":\"2022-05-05T09:04:03+00:00\",\"mainEntityOfPage\":{\"@id\":\"https:\\\/\\\/www.eldiario.net\\\/portal\\\/2022\\\/05\\\/05\\\/sin-consensos-con-la-oposicion-se-hoy-elige-al-defensor-del-pueblo\\\/\"},\"wordCount\":417,\"publisher\":{\"@id\":\"https:\\\/\\\/www.eldiario.net\\\/portal\\\/#organization\"},\"image\":{\"@id\":\"https:\\\/\\\/www.eldiario.net\\\/portal\\\/2022\\\/05\\\/05\\\/sin-consensos-con-la-oposicion-se-hoy-elige-al-defensor-del-pueblo\\\/#primaryimage\"},\"thumbnailUrl\":\"\",\"articleSection\":[\"Portada\"],\"inLanguage\":\"es\"},{\"@type\":\"WebPage\",\"@id\":\"https:\\\/\\\/www.eldiario.net\\\/portal\\\/2022\\\/05\\\/05\\\/sin-consensos-con-la-oposicion-se-hoy-elige-al-defensor-del-pueblo\\\/\",\"url\":\"https:\\\/\\\/www.eldiario.net\\\/portal\\\/2022\\\/05\\\/05\\\/sin-consensos-con-la-oposicion-se-hoy-elige-al-defensor-del-pueblo\\\/\",\"name\":\"Sin consensos con la oposici\u00f3n, se elige hoy al Defensor del Pueblo - El Diario - Bolivia\",\"isPartOf\":{\"@id\":\"https:\\\/\\\/www.eldiario.net\\\/portal\\\/#website\"},\"primaryImageOfPage\":{\"@id\":\"https:\\\/\\\/www.eldiario.net\\\/portal\\\/2022\\\/05\\\/05\\\/sin-consensos-con-la-oposicion-se-hoy-elige-al-defensor-del-pueblo\\\/#primaryimage\"},\"image\":{\"@id\":\"https:\\\/\\\/www.eldiario.net\\\/portal\\\/2022\\\/05\\\/05\\\/sin-consensos-con-la-oposicion-se-hoy-elige-al-defensor-del-pueblo\\\/#primaryimage\"},\"thumbnailUrl\":\"\",\"datePublished\":\"2022-05-05T09:04:03+00:00\",\"breadcrumb\":{\"@id\":\"https:\\\/\\\/www.eldiario.net\\\/portal\\\/2022\\\/05\\\/05\\\/sin-consensos-con-la-oposicion-se-hoy-elige-al-defensor-del-pueblo\\\/#breadcrumb\"},\"inLanguage\":\"es\",\"potentialAction\":[{\"@type\":\"ReadAction\",\"target\":[\"https:\\\/\\\/www.eldiario.net\\\/portal\\\/2022\\\/05\\\/05\\\/sin-consensos-con-la-oposicion-se-hoy-elige-al-defensor-del-pueblo\\\/\"]}]},{\"@type\":\"ImageObject\",\"inLanguage\":\"es\",\"@id\":\"https:\\\/\\\/www.eldiario.net\\\/portal\\\/2022\\\/05\\\/05\\\/sin-consensos-con-la-oposicion-se-hoy-elige-al-defensor-del-pueblo\\\/#primaryimage\",\"url\":\"\",\"contentUrl\":\"\"},{\"@type\":\"BreadcrumbList\",\"@id\":\"https:\\\/\\\/www.eldiario.net\\\/portal\\\/2022\\\/05\\\/05\\\/sin-consensos-con-la-oposicion-se-hoy-elige-al-defensor-del-pueblo\\\/#breadcrumb\",\"itemListElement\":[{\"@type\":\"ListItem\",\"position\":1,\"name\":\"Portada\",\"item\":\"https:\\\/\\\/www.eldiario.net\\\/portal\\\/\"},{\"@type\":\"ListItem\",\"position\":2,\"name\":\"Sin consensos con la oposici\u00f3n, se elige hoy al Defensor del Pueblo\"}]},{\"@type\":\"WebSite\",\"@id\":\"https:\\\/\\\/www.eldiario.net\\\/portal\\\/#website\",\"url\":\"https:\\\/\\\/www.eldiario.net\\\/portal\\\/\",\"name\":\"El Diario - Decano de la prensa nacional\",\"description\":\"El Diario - Decano de la prensa nacional\",\"publisher\":{\"@id\":\"https:\\\/\\\/www.eldiario.net\\\/portal\\\/#organization\"},\"potentialAction\":[{\"@type\":\"SearchAction\",\"target\":{\"@type\":\"EntryPoint\",\"urlTemplate\":\"https:\\\/\\\/www.eldiario.net\\\/portal\\\/?s={search_term_string}\"},\"query-input\":{\"@type\":\"PropertyValueSpecification\",\"valueRequired\":true,\"valueName\":\"search_term_string\"}}],\"inLanguage\":\"es\"},{\"@type\":\"Organization\",\"@id\":\"https:\\\/\\\/www.eldiario.net\\\/portal\\\/#organization\",\"name\":\"El Diario - Decano de la prensa nacional\",\"url\":\"https:\\\/\\\/www.eldiario.net\\\/portal\\\/\",\"logo\":{\"@type\":\"ImageObject\",\"inLanguage\":\"es\",\"@id\":\"https:\\\/\\\/www.eldiario.net\\\/portal\\\/#\\\/schema\\\/logo\\\/image\\\/\",\"url\":\"https:\\\/\\\/www.eldiario.net\\\/portal\\\/wp-content\\\/uploads\\\/2023\\\/07\\\/logo_ED.jpg\",\"contentUrl\":\"https:\\\/\\\/www.eldiario.net\\\/portal\\\/wp-content\\\/uploads\\\/2023\\\/07\\\/logo_ED.jpg\",\"width\":272,\"height\":52,\"caption\":\"El Diario - Decano de la prensa nacional\"},\"image\":{\"@id\":\"https:\\\/\\\/www.eldiario.net\\\/portal\\\/#\\\/schema\\\/logo\\\/image\\\/\"},\"sameAs\":[\"https:\\\/\\\/www.facebook.com\\\/eldiario.bolivia\\\/\",\"https:\\\/\\\/x.com\\\/eldiario_net\"]},{\"@type\":\"Person\",\"@id\":\"https:\\\/\\\/www.eldiario.net\\\/portal\\\/#\\\/schema\\\/person\\\/2c57cf2b7a7ae032e449e4c9b1019eac\",\"name\":\"Jeanette\",\"image\":{\"@type\":\"ImageObject\",\"inLanguage\":\"es\",\"@id\":\"https:\\\/\\\/secure.gravatar.com\\\/avatar\\\/3ea2118a5f7dad2b7138b1187a6b7ee55f160b9968b66013c3a3ef39dd7e5798?s=96&d=mm&r=g\",\"url\":\"https:\\\/\\\/secure.gravatar.com\\\/avatar\\\/3ea2118a5f7dad2b7138b1187a6b7ee55f160b9968b66013c3a3ef39dd7e5798?s=96&d=mm&r=g\",\"contentUrl\":\"https:\\\/\\\/secure.gravatar.com\\\/avatar\\\/3ea2118a5f7dad2b7138b1187a6b7ee55f160b9968b66013c3a3ef39dd7e5798?s=96&d=mm&r=g\",\"caption\":\"Jeanette\"},\"sameAs\":[\"https:\\\/\\\/www.eldiario.net\\\/portal\"],\"url\":\"https:\\\/\\\/www.eldiario.net\\\/portal\\\/author\\\/jeanette\\\/\"}]}<\/script>\n<!-- \/ Yoast SEO plugin. -->","yoast_head_json":{"title":"Sin consensos con la oposici\u00f3n, se elige hoy al Defensor del Pueblo - El Diario - Bolivia","robots":{"index":"index","follow":"follow","max-snippet":"max-snippet:-1","max-image-preview":"max-image-preview:large","max-video-preview":"max-video-preview:-1"},"canonical":"https:\/\/www.eldiario.net\/portal\/2022\/05\/05\/sin-consensos-con-la-oposicion-se-hoy-elige-al-defensor-del-pueblo\/","og_locale":"es_ES","og_type":"article","og_title":"Sin consensos con la oposici\u00f3n, se elige hoy al Defensor del Pueblo - El Diario - Bolivia","og_description":"Una reuni\u00f3n con el vicepresidente de Estado y presidente nato de la Asamblea Legislativa Plurinacional, David Choquehuanca, para buscar consensos en el proceso de elecci\u00f3n de la nueva autoridad de la Defensor\u00eda del Pueblo deb\u00eda efectuarse ayer, sin embargo, la oposici\u00f3n decidi\u00f3 no asistir ante denuncias de falta de transparencia en el proceso. La bancada [&hellip;]","og_url":"https:\/\/www.eldiario.net\/portal\/2022\/05\/05\/sin-consensos-con-la-oposicion-se-hoy-elige-al-defensor-del-pueblo\/","og_site_name":"El Diario - Bolivia","article_publisher":"https:\/\/www.facebook.com\/eldiario.bolivia\/","article_published_time":"2022-05-05T09:04:03+00:00","author":"Jeanette","twitter_card":"summary_large_image","twitter_creator":"@eldiario_net","twitter_site":"@eldiario_net","twitter_misc":{"Escrito por":"Jeanette","Tiempo de lectura":"2 minutos"},"schema":{"@context":"https:\/\/schema.org","@graph":[{"@type":"Article","@id":"https:\/\/www.eldiario.net\/portal\/2022\/05\/05\/sin-consensos-con-la-oposicion-se-hoy-elige-al-defensor-del-pueblo\/#article","isPartOf":{"@id":"https:\/\/www.eldiario.net\/portal\/2022\/05\/05\/sin-consensos-con-la-oposicion-se-hoy-elige-al-defensor-del-pueblo\/"},"author":{"name":"Jeanette","@id":"https:\/\/www.eldiario.net\/portal\/#\/schema\/person\/2c57cf2b7a7ae032e449e4c9b1019eac"},"headline":"Sin consensos con la oposici\u00f3n, se elige hoy al Defensor del Pueblo","datePublished":"2022-05-05T09:04:03+00:00","mainEntityOfPage":{"@id":"https:\/\/www.eldiario.net\/portal\/2022\/05\/05\/sin-consensos-con-la-oposicion-se-hoy-elige-al-defensor-del-pueblo\/"},"wordCount":417,"publisher":{"@id":"https:\/\/www.eldiario.net\/portal\/#organization"},"image":{"@id":"https:\/\/www.eldiario.net\/portal\/2022\/05\/05\/sin-consensos-con-la-oposicion-se-hoy-elige-al-defensor-del-pueblo\/#primaryimage"},"thumbnailUrl":"","articleSection":["Portada"],"inLanguage":"es"},{"@type":"WebPage","@id":"https:\/\/www.eldiario.net\/portal\/2022\/05\/05\/sin-consensos-con-la-oposicion-se-hoy-elige-al-defensor-del-pueblo\/","url":"https:\/\/www.eldiario.net\/portal\/2022\/05\/05\/sin-consensos-con-la-oposicion-se-hoy-elige-al-defensor-del-pueblo\/","name":"Sin consensos con la oposici\u00f3n, se elige hoy al Defensor del Pueblo - El Diario - Bolivia","isPartOf":{"@id":"https:\/\/www.eldiario.net\/portal\/#website"},"primaryImageOfPage":{"@id":"https:\/\/www.eldiario.net\/portal\/2022\/05\/05\/sin-consensos-con-la-oposicion-se-hoy-elige-al-defensor-del-pueblo\/#primaryimage"},"image":{"@id":"https:\/\/www.eldiario.net\/portal\/2022\/05\/05\/sin-consensos-con-la-oposicion-se-hoy-elige-al-defensor-del-pueblo\/#primaryimage"},"thumbnailUrl":"","datePublished":"2022-05-05T09:04:03+00:00","breadcrumb":{"@id":"https:\/\/www.eldiario.net\/portal\/2022\/05\/05\/sin-consensos-con-la-oposicion-se-hoy-elige-al-defensor-del-pueblo\/#breadcrumb"},"inLanguage":"es","potentialAction":[{"@type":"ReadAction","target":["https:\/\/www.eldiario.net\/portal\/2022\/05\/05\/sin-consensos-con-la-oposicion-se-hoy-elige-al-defensor-del-pueblo\/"]}]},{"@type":"ImageObject","inLanguage":"es","@id":"https:\/\/www.eldiario.net\/portal\/2022\/05\/05\/sin-consensos-con-la-oposicion-se-hoy-elige-al-defensor-del-pueblo\/#primaryimage","url":"","contentUrl":""},{"@type":"BreadcrumbList","@id":"https:\/\/www.eldiario.net\/portal\/2022\/05\/05\/sin-consensos-con-la-oposicion-se-hoy-elige-al-defensor-del-pueblo\/#breadcrumb","itemListElement":[{"@type":"ListItem","position":1,"name":"Portada","item":"https:\/\/www.eldiario.net\/portal\/"},{"@type":"ListItem","position":2,"name":"Sin consensos con la oposici\u00f3n, se elige hoy al Defensor del Pueblo"}]},{"@type":"WebSite","@id":"https:\/\/www.eldiario.net\/portal\/#website","url":"https:\/\/www.eldiario.net\/portal\/","name":"El Diario - Decano de la prensa nacional","description":"El Diario - Decano de la prensa nacional","publisher":{"@id":"https:\/\/www.eldiario.net\/portal\/#organization"},"potentialAction":[{"@type":"SearchAction","target":{"@type":"EntryPoint","urlTemplate":"https:\/\/www.eldiario.net\/portal\/?s={search_term_string}"},"query-input":{"@type":"PropertyValueSpecification","valueRequired":true,"valueName":"search_term_string"}}],"inLanguage":"es"},{"@type":"Organization","@id":"https:\/\/www.eldiario.net\/portal\/#organization","name":"El Diario - Decano de la prensa nacional","url":"https:\/\/www.eldiario.net\/portal\/","logo":{"@type":"ImageObject","inLanguage":"es","@id":"https:\/\/www.eldiario.net\/portal\/#\/schema\/logo\/image\/","url":"https:\/\/www.eldiario.net\/portal\/wp-content\/uploads\/2023\/07\/logo_ED.jpg","contentUrl":"https:\/\/www.eldiario.net\/portal\/wp-content\/uploads\/2023\/07\/logo_ED.jpg","width":272,"height":52,"caption":"El Diario - Decano de la prensa nacional"},"image":{"@id":"https:\/\/www.eldiario.net\/portal\/#\/schema\/logo\/image\/"},"sameAs":["https:\/\/www.facebook.com\/eldiario.bolivia\/","https:\/\/x.com\/eldiario_net"]},{"@type":"Person","@id":"https:\/\/www.eldiario.net\/portal\/#\/schema\/person\/2c57cf2b7a7ae032e449e4c9b1019eac","name":"Jeanette","image":{"@type":"ImageObject","inLanguage":"es","@id":"https:\/\/secure.gravatar.com\/avatar\/3ea2118a5f7dad2b7138b1187a6b7ee55f160b9968b66013c3a3ef39dd7e5798?s=96&d=mm&r=g","url":"https:\/\/secure.gravatar.com\/avatar\/3ea2118a5f7dad2b7138b1187a6b7ee55f160b9968b66013c3a3ef39dd7e5798?s=96&d=mm&r=g","contentUrl":"https:\/\/secure.gravatar.com\/avatar\/3ea2118a5f7dad2b7138b1187a6b7ee55f160b9968b66013c3a3ef39dd7e5798?s=96&d=mm&r=g","caption":"Jeanette"},"sameAs":["https:\/\/www.eldiario.net\/portal"],"url":"https:\/\/www.eldiario.net\/portal\/author\/jeanette\/"}]}},"_links":{"self":[{"href":"https:\/\/www.eldiario.net\/portal\/wp-json\/wp\/v2\/posts\/81337","targetHints":{"allow":["GET"]}}],"collection":[{"href":"https:\/\/www.eldiario.net\/portal\/wp-json\/wp\/v2\/posts"}],"about":[{"href":"https:\/\/www.eldiario.net\/portal\/wp-json\/wp\/v2\/types\/post"}],"author":[{"embeddable":true,"href":"https:\/\/www.eldiario.net\/portal\/wp-json\/wp\/v2\/users\/1"}],"replies":[{"embeddable":true,"href":"https:\/\/www.eldiario.net\/portal\/wp-json\/wp\/v2\/comments?post=81337"}],"version-history":[{"count":0,"href":"https:\/\/www.eldiario.net\/portal\/wp-json\/wp\/v2\/posts\/81337\/revisions"}],"wp:attachment":[{"href":"https:\/\/www.eldiario.net\/portal\/wp-json\/wp\/v2\/media?parent=81337"}],"wp:term":[{"taxonomy":"category","embeddable":true,"href":"https:\/\/www.eldiario.net\/portal\/wp-json\/wp\/v2\/categories?post=81337"},{"taxonomy":"post_tag","embeddable":true,"href":"https:\/\/www.eldiario.net\/portal\/wp-json\/wp\/v2\/tags?post=81337"}],"curies":[{"name":"wp","href":"https:\/\/api.w.org\/{rel}","templated":true}]}}