{"id":81331,"date":"2022-05-05T05:01:16","date_gmt":"2022-05-05T09:01:16","guid":{"rendered":"https:\/\/www.eldiario.net\/portal\/?p=81331"},"modified":"2022-05-05T05:01:16","modified_gmt":"2022-05-05T09:01:16","slug":"activaran-horario-de-invierno-en-la-paz-oruro-y-potosi","status":"publish","type":"post","link":"https:\/\/www.eldiario.net\/portal\/2022\/05\/05\/activaran-horario-de-invierno-en-la-paz-oruro-y-potosi\/","title":{"rendered":"Activar\u00e1n horario de invierno  en La Paz, Oruro y Potos\u00ed"},"content":{"rendered":"<p>Ante el descenso de temperaturas en los \u00faltimos d\u00edas, el ministro de Educaci\u00f3n, Edgar Pary, inform\u00f3 que se analiza el activar el horario de invierno, principalmente para los departamentos de Potos\u00ed, Oruro y La Paz.<\/p>\n<p>\u201cVamos a tomar previsiones en lo que respecta al horario de invierno, particularmente en los departamentos de la regi\u00f3n altipl\u00e1nica, La Paz, Oruro y Potos\u00ed, que se caracterizan por las temperaturas bajas\u201d, inform\u00f3 la autoridad seg\u00fan un bolet\u00edn de prensa.<\/p>\n<p>La determinaci\u00f3n ser\u00e1 tomada una vez sean analizados los reportes del Servicio Nacional de Meteorolog\u00eda e Hidrolog\u00eda (Senamhi) y las recomendaciones del Ministerio de Salud y Deportes, a\u00f1adi\u00f3 Pary.<\/p>\n<p>Con relaci\u00f3n a los departamentos del oriente boliviano, inform\u00f3 que no requieren el horario diferenciado de ingreso a clases, debido a que las bajas temperaturas, que corresponden a un surazo, durar\u00e1n solo hasta el viernes.<\/p>\n<p>Una vez que se confirme el horario de invierno para las unidades educativas, los estudiantes del turno ma\u00f1ana ingresar\u00e1n media hora despu\u00e9s de su horario de ingreso normal; mientras que los del turno de la tarde saldr\u00e1n media hora antes del horario de salida cotidiano. (Erbol)<\/p>\n","protected":false},"excerpt":{"rendered":"<p>Ante el descenso de temperaturas en los \u00faltimos d\u00edas, el ministro de Educaci\u00f3n, Edgar Pary, inform\u00f3 que se analiza el activar el horario de invierno, principalmente para los departamentos de Potos\u00ed, Oruro y La Paz. \u201cVamos a tomar previsiones en lo que respecta al horario de invierno, particularmente en los departamentos de la regi\u00f3n altipl\u00e1nica, [&hellip;]<\/p>\n","protected":false},"author":1,"featured_media":81332,"comment_status":"closed","ping_status":"closed","sticky":false,"template":"","format":"standard","meta":{"_acf_changed":false,"footnotes":""},"categories":[15],"tags":[],"class_list":["post-81331","post","type-post","status-publish","format-standard","has-post-thumbnail","category-portada"],"acf":{"antetitulo":""},"yoast_head":"<!-- This site is optimized with the Yoast SEO plugin v28.4 - https:\/\/yoast.com\/product\/yoast-seo-wordpress\/ -->\n<title>Activar\u00e1n horario de invierno en La Paz, Oruro y Potos\u00ed - El Diario - Bolivia<\/title>\n<meta name=\"robots\" content=\"index, follow, max-snippet:-1, max-image-preview:large, max-video-preview:-1\" \/>\n<link rel=\"canonical\" href=\"https:\/\/www.eldiario.net\/portal\/2022\/05\/05\/activaran-horario-de-invierno-en-la-paz-oruro-y-potosi\/\" \/>\n<meta property=\"og:locale\" content=\"es_ES\" \/>\n<meta property=\"og:type\" content=\"article\" \/>\n<meta property=\"og:title\" content=\"Activar\u00e1n horario de invierno en La Paz, Oruro y Potos\u00ed - El Diario - Bolivia\" \/>\n<meta property=\"og:description\" content=\"Ante el descenso de temperaturas en los \u00faltimos d\u00edas, el ministro de Educaci\u00f3n, Edgar Pary, inform\u00f3 que se analiza el activar el horario de invierno, principalmente para los departamentos de Potos\u00ed, Oruro y La Paz. \u201cVamos a tomar previsiones en lo que respecta al horario de invierno, particularmente en los departamentos de la regi\u00f3n altipl\u00e1nica, [&hellip;]\" \/>\n<meta property=\"og:url\" content=\"https:\/\/www.eldiario.net\/portal\/2022\/05\/05\/activaran-horario-de-invierno-en-la-paz-oruro-y-potosi\/\" \/>\n<meta property=\"og:site_name\" content=\"El Diario - Bolivia\" \/>\n<meta property=\"article:publisher\" content=\"https:\/\/www.facebook.com\/eldiario.bolivia\/\" \/>\n<meta property=\"article:published_time\" content=\"2022-05-05T09:01:16+00:00\" \/>\n<meta name=\"author\" content=\"Jeanette\" \/>\n<meta name=\"twitter:card\" content=\"summary_large_image\" \/>\n<meta name=\"twitter:creator\" content=\"@eldiario_net\" \/>\n<meta name=\"twitter:site\" content=\"@eldiario_net\" \/>\n<meta name=\"twitter:label1\" content=\"Escrito por\" \/>\n\t<meta name=\"twitter:data1\" content=\"Jeanette\" \/>\n\t<meta name=\"twitter:label2\" content=\"Tiempo de lectura\" \/>\n\t<meta name=\"twitter:data2\" content=\"1 minuto\" \/>\n<script type=\"application\/ld+json\" class=\"yoast-schema-graph\">{\"@context\":\"https:\\\/\\\/schema.org\",\"@graph\":[{\"@type\":\"Article\",\"@id\":\"https:\\\/\\\/www.eldiario.net\\\/portal\\\/2022\\\/05\\\/05\\\/activaran-horario-de-invierno-en-la-paz-oruro-y-potosi\\\/#article\",\"isPartOf\":{\"@id\":\"https:\\\/\\\/www.eldiario.net\\\/portal\\\/2022\\\/05\\\/05\\\/activaran-horario-de-invierno-en-la-paz-oruro-y-potosi\\\/\"},\"author\":{\"name\":\"Jeanette\",\"@id\":\"https:\\\/\\\/www.eldiario.net\\\/portal\\\/#\\\/schema\\\/person\\\/2c57cf2b7a7ae032e449e4c9b1019eac\"},\"headline\":\"Activar\u00e1n horario de invierno en La Paz, Oruro y Potos\u00ed\",\"datePublished\":\"2022-05-05T09:01:16+00:00\",\"mainEntityOfPage\":{\"@id\":\"https:\\\/\\\/www.eldiario.net\\\/portal\\\/2022\\\/05\\\/05\\\/activaran-horario-de-invierno-en-la-paz-oruro-y-potosi\\\/\"},\"wordCount\":212,\"publisher\":{\"@id\":\"https:\\\/\\\/www.eldiario.net\\\/portal\\\/#organization\"},\"image\":{\"@id\":\"https:\\\/\\\/www.eldiario.net\\\/portal\\\/2022\\\/05\\\/05\\\/activaran-horario-de-invierno-en-la-paz-oruro-y-potosi\\\/#primaryimage\"},\"thumbnailUrl\":\"\",\"articleSection\":[\"Portada\"],\"inLanguage\":\"es\"},{\"@type\":\"WebPage\",\"@id\":\"https:\\\/\\\/www.eldiario.net\\\/portal\\\/2022\\\/05\\\/05\\\/activaran-horario-de-invierno-en-la-paz-oruro-y-potosi\\\/\",\"url\":\"https:\\\/\\\/www.eldiario.net\\\/portal\\\/2022\\\/05\\\/05\\\/activaran-horario-de-invierno-en-la-paz-oruro-y-potosi\\\/\",\"name\":\"Activar\u00e1n horario de invierno en La Paz, Oruro y Potos\u00ed - El Diario - Bolivia\",\"isPartOf\":{\"@id\":\"https:\\\/\\\/www.eldiario.net\\\/portal\\\/#website\"},\"primaryImageOfPage\":{\"@id\":\"https:\\\/\\\/www.eldiario.net\\\/portal\\\/2022\\\/05\\\/05\\\/activaran-horario-de-invierno-en-la-paz-oruro-y-potosi\\\/#primaryimage\"},\"image\":{\"@id\":\"https:\\\/\\\/www.eldiario.net\\\/portal\\\/2022\\\/05\\\/05\\\/activaran-horario-de-invierno-en-la-paz-oruro-y-potosi\\\/#primaryimage\"},\"thumbnailUrl\":\"\",\"datePublished\":\"2022-05-05T09:01:16+00:00\",\"breadcrumb\":{\"@id\":\"https:\\\/\\\/www.eldiario.net\\\/portal\\\/2022\\\/05\\\/05\\\/activaran-horario-de-invierno-en-la-paz-oruro-y-potosi\\\/#breadcrumb\"},\"inLanguage\":\"es\",\"potentialAction\":[{\"@type\":\"ReadAction\",\"target\":[\"https:\\\/\\\/www.eldiario.net\\\/portal\\\/2022\\\/05\\\/05\\\/activaran-horario-de-invierno-en-la-paz-oruro-y-potosi\\\/\"]}]},{\"@type\":\"ImageObject\",\"inLanguage\":\"es\",\"@id\":\"https:\\\/\\\/www.eldiario.net\\\/portal\\\/2022\\\/05\\\/05\\\/activaran-horario-de-invierno-en-la-paz-oruro-y-potosi\\\/#primaryimage\",\"url\":\"\",\"contentUrl\":\"\"},{\"@type\":\"BreadcrumbList\",\"@id\":\"https:\\\/\\\/www.eldiario.net\\\/portal\\\/2022\\\/05\\\/05\\\/activaran-horario-de-invierno-en-la-paz-oruro-y-potosi\\\/#breadcrumb\",\"itemListElement\":[{\"@type\":\"ListItem\",\"position\":1,\"name\":\"Portada\",\"item\":\"https:\\\/\\\/www.eldiario.net\\\/portal\\\/\"},{\"@type\":\"ListItem\",\"position\":2,\"name\":\"Activar\u00e1n horario de invierno en La Paz, Oruro y Potos\u00ed\"}]},{\"@type\":\"WebSite\",\"@id\":\"https:\\\/\\\/www.eldiario.net\\\/portal\\\/#website\",\"url\":\"https:\\\/\\\/www.eldiario.net\\\/portal\\\/\",\"name\":\"El Diario - Decano de la prensa nacional\",\"description\":\"El Diario - Decano de la prensa nacional\",\"publisher\":{\"@id\":\"https:\\\/\\\/www.eldiario.net\\\/portal\\\/#organization\"},\"potentialAction\":[{\"@type\":\"SearchAction\",\"target\":{\"@type\":\"EntryPoint\",\"urlTemplate\":\"https:\\\/\\\/www.eldiario.net\\\/portal\\\/?s={search_term_string}\"},\"query-input\":{\"@type\":\"PropertyValueSpecification\",\"valueRequired\":true,\"valueName\":\"search_term_string\"}}],\"inLanguage\":\"es\"},{\"@type\":\"Organization\",\"@id\":\"https:\\\/\\\/www.eldiario.net\\\/portal\\\/#organization\",\"name\":\"El Diario - Decano de la prensa nacional\",\"url\":\"https:\\\/\\\/www.eldiario.net\\\/portal\\\/\",\"logo\":{\"@type\":\"ImageObject\",\"inLanguage\":\"es\",\"@id\":\"https:\\\/\\\/www.eldiario.net\\\/portal\\\/#\\\/schema\\\/logo\\\/image\\\/\",\"url\":\"https:\\\/\\\/www.eldiario.net\\\/portal\\\/wp-content\\\/uploads\\\/2023\\\/07\\\/logo_ED.jpg\",\"contentUrl\":\"https:\\\/\\\/www.eldiario.net\\\/portal\\\/wp-content\\\/uploads\\\/2023\\\/07\\\/logo_ED.jpg\",\"width\":272,\"height\":52,\"caption\":\"El Diario - Decano de la prensa nacional\"},\"image\":{\"@id\":\"https:\\\/\\\/www.eldiario.net\\\/portal\\\/#\\\/schema\\\/logo\\\/image\\\/\"},\"sameAs\":[\"https:\\\/\\\/www.facebook.com\\\/eldiario.bolivia\\\/\",\"https:\\\/\\\/x.com\\\/eldiario_net\"]},{\"@type\":\"Person\",\"@id\":\"https:\\\/\\\/www.eldiario.net\\\/portal\\\/#\\\/schema\\\/person\\\/2c57cf2b7a7ae032e449e4c9b1019eac\",\"name\":\"Jeanette\",\"image\":{\"@type\":\"ImageObject\",\"inLanguage\":\"es\",\"@id\":\"https:\\\/\\\/secure.gravatar.com\\\/avatar\\\/3ea2118a5f7dad2b7138b1187a6b7ee55f160b9968b66013c3a3ef39dd7e5798?s=96&d=mm&r=g\",\"url\":\"https:\\\/\\\/secure.gravatar.com\\\/avatar\\\/3ea2118a5f7dad2b7138b1187a6b7ee55f160b9968b66013c3a3ef39dd7e5798?s=96&d=mm&r=g\",\"contentUrl\":\"https:\\\/\\\/secure.gravatar.com\\\/avatar\\\/3ea2118a5f7dad2b7138b1187a6b7ee55f160b9968b66013c3a3ef39dd7e5798?s=96&d=mm&r=g\",\"caption\":\"Jeanette\"},\"sameAs\":[\"https:\\\/\\\/www.eldiario.net\\\/portal\"],\"url\":\"https:\\\/\\\/www.eldiario.net\\\/portal\\\/author\\\/jeanette\\\/\"}]}<\/script>\n<!-- \/ Yoast SEO plugin. -->","yoast_head_json":{"title":"Activar\u00e1n horario de invierno en La Paz, Oruro y Potos\u00ed - El Diario - Bolivia","robots":{"index":"index","follow":"follow","max-snippet":"max-snippet:-1","max-image-preview":"max-image-preview:large","max-video-preview":"max-video-preview:-1"},"canonical":"https:\/\/www.eldiario.net\/portal\/2022\/05\/05\/activaran-horario-de-invierno-en-la-paz-oruro-y-potosi\/","og_locale":"es_ES","og_type":"article","og_title":"Activar\u00e1n horario de invierno en La Paz, Oruro y Potos\u00ed - El Diario - Bolivia","og_description":"Ante el descenso de temperaturas en los \u00faltimos d\u00edas, el ministro de Educaci\u00f3n, Edgar Pary, inform\u00f3 que se analiza el activar el horario de invierno, principalmente para los departamentos de Potos\u00ed, Oruro y La Paz. \u201cVamos a tomar previsiones en lo que respecta al horario de invierno, particularmente en los departamentos de la regi\u00f3n altipl\u00e1nica, [&hellip;]","og_url":"https:\/\/www.eldiario.net\/portal\/2022\/05\/05\/activaran-horario-de-invierno-en-la-paz-oruro-y-potosi\/","og_site_name":"El Diario - Bolivia","article_publisher":"https:\/\/www.facebook.com\/eldiario.bolivia\/","article_published_time":"2022-05-05T09:01:16+00:00","author":"Jeanette","twitter_card":"summary_large_image","twitter_creator":"@eldiario_net","twitter_site":"@eldiario_net","twitter_misc":{"Escrito por":"Jeanette","Tiempo de lectura":"1 minuto"},"schema":{"@context":"https:\/\/schema.org","@graph":[{"@type":"Article","@id":"https:\/\/www.eldiario.net\/portal\/2022\/05\/05\/activaran-horario-de-invierno-en-la-paz-oruro-y-potosi\/#article","isPartOf":{"@id":"https:\/\/www.eldiario.net\/portal\/2022\/05\/05\/activaran-horario-de-invierno-en-la-paz-oruro-y-potosi\/"},"author":{"name":"Jeanette","@id":"https:\/\/www.eldiario.net\/portal\/#\/schema\/person\/2c57cf2b7a7ae032e449e4c9b1019eac"},"headline":"Activar\u00e1n horario de invierno en La Paz, Oruro y Potos\u00ed","datePublished":"2022-05-05T09:01:16+00:00","mainEntityOfPage":{"@id":"https:\/\/www.eldiario.net\/portal\/2022\/05\/05\/activaran-horario-de-invierno-en-la-paz-oruro-y-potosi\/"},"wordCount":212,"publisher":{"@id":"https:\/\/www.eldiario.net\/portal\/#organization"},"image":{"@id":"https:\/\/www.eldiario.net\/portal\/2022\/05\/05\/activaran-horario-de-invierno-en-la-paz-oruro-y-potosi\/#primaryimage"},"thumbnailUrl":"","articleSection":["Portada"],"inLanguage":"es"},{"@type":"WebPage","@id":"https:\/\/www.eldiario.net\/portal\/2022\/05\/05\/activaran-horario-de-invierno-en-la-paz-oruro-y-potosi\/","url":"https:\/\/www.eldiario.net\/portal\/2022\/05\/05\/activaran-horario-de-invierno-en-la-paz-oruro-y-potosi\/","name":"Activar\u00e1n horario de invierno en La Paz, Oruro y Potos\u00ed - El Diario - Bolivia","isPartOf":{"@id":"https:\/\/www.eldiario.net\/portal\/#website"},"primaryImageOfPage":{"@id":"https:\/\/www.eldiario.net\/portal\/2022\/05\/05\/activaran-horario-de-invierno-en-la-paz-oruro-y-potosi\/#primaryimage"},"image":{"@id":"https:\/\/www.eldiario.net\/portal\/2022\/05\/05\/activaran-horario-de-invierno-en-la-paz-oruro-y-potosi\/#primaryimage"},"thumbnailUrl":"","datePublished":"2022-05-05T09:01:16+00:00","breadcrumb":{"@id":"https:\/\/www.eldiario.net\/portal\/2022\/05\/05\/activaran-horario-de-invierno-en-la-paz-oruro-y-potosi\/#breadcrumb"},"inLanguage":"es","potentialAction":[{"@type":"ReadAction","target":["https:\/\/www.eldiario.net\/portal\/2022\/05\/05\/activaran-horario-de-invierno-en-la-paz-oruro-y-potosi\/"]}]},{"@type":"ImageObject","inLanguage":"es","@id":"https:\/\/www.eldiario.net\/portal\/2022\/05\/05\/activaran-horario-de-invierno-en-la-paz-oruro-y-potosi\/#primaryimage","url":"","contentUrl":""},{"@type":"BreadcrumbList","@id":"https:\/\/www.eldiario.net\/portal\/2022\/05\/05\/activaran-horario-de-invierno-en-la-paz-oruro-y-potosi\/#breadcrumb","itemListElement":[{"@type":"ListItem","position":1,"name":"Portada","item":"https:\/\/www.eldiario.net\/portal\/"},{"@type":"ListItem","position":2,"name":"Activar\u00e1n horario de invierno en La Paz, Oruro y Potos\u00ed"}]},{"@type":"WebSite","@id":"https:\/\/www.eldiario.net\/portal\/#website","url":"https:\/\/www.eldiario.net\/portal\/","name":"El Diario - Decano de la prensa nacional","description":"El Diario - Decano de la prensa nacional","publisher":{"@id":"https:\/\/www.eldiario.net\/portal\/#organization"},"potentialAction":[{"@type":"SearchAction","target":{"@type":"EntryPoint","urlTemplate":"https:\/\/www.eldiario.net\/portal\/?s={search_term_string}"},"query-input":{"@type":"PropertyValueSpecification","valueRequired":true,"valueName":"search_term_string"}}],"inLanguage":"es"},{"@type":"Organization","@id":"https:\/\/www.eldiario.net\/portal\/#organization","name":"El Diario - Decano de la prensa nacional","url":"https:\/\/www.eldiario.net\/portal\/","logo":{"@type":"ImageObject","inLanguage":"es","@id":"https:\/\/www.eldiario.net\/portal\/#\/schema\/logo\/image\/","url":"https:\/\/www.eldiario.net\/portal\/wp-content\/uploads\/2023\/07\/logo_ED.jpg","contentUrl":"https:\/\/www.eldiario.net\/portal\/wp-content\/uploads\/2023\/07\/logo_ED.jpg","width":272,"height":52,"caption":"El Diario - Decano de la prensa nacional"},"image":{"@id":"https:\/\/www.eldiario.net\/portal\/#\/schema\/logo\/image\/"},"sameAs":["https:\/\/www.facebook.com\/eldiario.bolivia\/","https:\/\/x.com\/eldiario_net"]},{"@type":"Person","@id":"https:\/\/www.eldiario.net\/portal\/#\/schema\/person\/2c57cf2b7a7ae032e449e4c9b1019eac","name":"Jeanette","image":{"@type":"ImageObject","inLanguage":"es","@id":"https:\/\/secure.gravatar.com\/avatar\/3ea2118a5f7dad2b7138b1187a6b7ee55f160b9968b66013c3a3ef39dd7e5798?s=96&d=mm&r=g","url":"https:\/\/secure.gravatar.com\/avatar\/3ea2118a5f7dad2b7138b1187a6b7ee55f160b9968b66013c3a3ef39dd7e5798?s=96&d=mm&r=g","contentUrl":"https:\/\/secure.gravatar.com\/avatar\/3ea2118a5f7dad2b7138b1187a6b7ee55f160b9968b66013c3a3ef39dd7e5798?s=96&d=mm&r=g","caption":"Jeanette"},"sameAs":["https:\/\/www.eldiario.net\/portal"],"url":"https:\/\/www.eldiario.net\/portal\/author\/jeanette\/"}]}},"_links":{"self":[{"href":"https:\/\/www.eldiario.net\/portal\/wp-json\/wp\/v2\/posts\/81331","targetHints":{"allow":["GET"]}}],"collection":[{"href":"https:\/\/www.eldiario.net\/portal\/wp-json\/wp\/v2\/posts"}],"about":[{"href":"https:\/\/www.eldiario.net\/portal\/wp-json\/wp\/v2\/types\/post"}],"author":[{"embeddable":true,"href":"https:\/\/www.eldiario.net\/portal\/wp-json\/wp\/v2\/users\/1"}],"replies":[{"embeddable":true,"href":"https:\/\/www.eldiario.net\/portal\/wp-json\/wp\/v2\/comments?post=81331"}],"version-history":[{"count":0,"href":"https:\/\/www.eldiario.net\/portal\/wp-json\/wp\/v2\/posts\/81331\/revisions"}],"wp:attachment":[{"href":"https:\/\/www.eldiario.net\/portal\/wp-json\/wp\/v2\/media?parent=81331"}],"wp:term":[{"taxonomy":"category","embeddable":true,"href":"https:\/\/www.eldiario.net\/portal\/wp-json\/wp\/v2\/categories?post=81331"},{"taxonomy":"post_tag","embeddable":true,"href":"https:\/\/www.eldiario.net\/portal\/wp-json\/wp\/v2\/tags?post=81331"}],"curies":[{"name":"wp","href":"https:\/\/api.w.org\/{rel}","templated":true}]}}