{"id":81328,"date":"2022-05-05T05:00:16","date_gmt":"2022-05-05T09:00:16","guid":{"rendered":"https:\/\/www.eldiario.net\/portal\/?p=81328"},"modified":"2022-05-05T05:00:16","modified_gmt":"2022-05-05T09:00:16","slug":"rusia-anuncia-alto-al-fuego-temporal-en-azovstal","status":"publish","type":"post","link":"https:\/\/www.eldiario.net\/portal\/2022\/05\/05\/rusia-anuncia-alto-al-fuego-temporal-en-azovstal\/","title":{"rendered":"Rusia anuncia alto al fuego  temporal en Azovstal"},"content":{"rendered":"<p style=\"margin: 0cm; margin-bottom: .0001pt; text-align: justify; text-justify: inter-ideograph; background: white;\"><span style=\"font-size: 14.0pt; color: #222222;\">Mosc\u00fa.- Rusia anunci\u00f3 ayer un alto el fuego temporal en los alrededores de la planta sider\u00fargica de Azovstal, en la asediada ciudad de Mari\u00fapol, para permitir la evacuaci\u00f3n de los cientos de civiles que todav\u00eda resisten en las instalaciones, seg\u00fan las autoridades ucranianas.<\/span><\/p>\n<p style=\"margin: 0cm; margin-bottom: .0001pt; text-align: justify; text-justify: inter-ideograph; background: white;\"><span style=\"font-size: 14.0pt; color: #222222;\">Los corredores humanitarios estar\u00e1n en vigor de las 8.00 hasta las 18.00 hora local durante hoy, ma\u00f1ana y el pr\u00f3ximo s\u00e1bado, se\u00f1alaron fuentes del equipo de asuntos humanitarios del Ministerio de Defensa de Rusia.<\/span><\/p>\n<p style=\"margin: 0cm; margin-bottom: .0001pt; text-align: justify; text-justify: inter-ideograph; background: white;\"><span style=\"font-size: 14.0pt; color: #222222;\">\u00abDurante ese periodo de tiempo, las tropas de las Fuerzas Armadas de Rusia y de la Rep\u00fablica Popular de Donetsk cesar\u00e1n todas sus operaciones de combate\u00bb y \u00ablas unidades se retirar\u00e1n a una distancia segura\u00bb, indicaron Mosc\u00fa.<\/span><\/p>\n<p style=\"margin: 0cm; margin-bottom: .0001pt; text-align: justify; text-justify: inter-ideograph; background: white;\"><span style=\"font-size: 14.0pt; color: #222222;\">Asimismo, las autoridades rusas reportaron que los civiles que sean evacuados de las instalaciones de Azovstal podr\u00e1n decidir si permanecer en Ucrania o bien ser trasladados a Rusia.<\/span><\/p>\n<p style=\"margin: 0cm; margin-bottom: .0001pt; text-align: justify; text-justify: inter-ideograph; background: white;\"><span style=\"font-size: 14.0pt; color: #222222;\">Las autoridades ucranianas culparon a Rusia de un nuevo fracaso en las labores de evacuaci\u00f3n de la ciudad de Mari\u00fapol tras estallar nuevos combates alrededor de la planta sider\u00fargica de Azovstal, despu\u00e9s de que m\u00e1s 150 personas pudieran salir desde el pasado fin de semana, seg\u00fan inform\u00f3 Kiev.<\/span><\/p>\n<p style=\"margin: 0cm; margin-bottom: .0001pt; text-align: justify; text-justify: inter-ideograph; background: white;\"><span style=\"font-size: 14.0pt; color: #222222;\">La planta de Azovstal es uno de los \u00faltimos reductos de la ciudad de Mari\u00fapol que le quedan por conquistar a Rusia, en su intento por tomar el control total del este y sureste de Ucrania y poder formar as\u00ed un corredor que una las regiones de Donb\u00e1s y la pen\u00ednsula de Crimea, limitando a su vez la salida al mar de Kiev.<\/span><\/p>\n<p style=\"margin: 0cm; margin-bottom: .0001pt; text-align: justify; text-justify: inter-ideograph; background: white;\"><span style=\"font-size: 14.0pt; color: #222222;\">Con anterioridad a este anuncio, las autoridades ucranianas denunciaron ofensivas rusas en varias ciudades del pa\u00eds sobre infraestructuras civiles. En Dnipro, en el este, los bombardeos han da\u00f1ado de los servicios ferroviarios<\/span><\/p>\n<p style=\"margin: 0cm; margin-bottom: .0001pt; text-align: justify; text-justify: inter-ideograph; background: white;\"><span style=\"font-size: 14.0pt; color: #222222;\">Al menos dos personas habr\u00edan muerto y otras once habr\u00edan resultado heridas como consecuencia de otra serie de ataques sobre la regi\u00f3n de Donetsk. Las autoridades han informado tambi\u00e9n de explosiones en otras \u00e1reas de Kiev, Odesa, Cherkasy, Kirovohrad, Zaporiyia, Mikolaiv y J\u00e1rkov. (Europa Press)<\/span><\/p>\n<p style=\"margin: 0cm; margin-bottom: .0001pt; text-align: justify; text-justify: inter-ideograph; background: white;\"><span style=\"font-size: 14.0pt; color: #222222;\">\u00a0<\/span><\/p>\n","protected":false},"excerpt":{"rendered":"<p>Mosc\u00fa.- Rusia anunci\u00f3 ayer un alto el fuego temporal en los alrededores de la planta sider\u00fargica de Azovstal, en la asediada ciudad de Mari\u00fapol, para permitir la evacuaci\u00f3n de los cientos de civiles que todav\u00eda resisten en las instalaciones, seg\u00fan las autoridades ucranianas. Los corredores humanitarios estar\u00e1n en vigor de las 8.00 hasta las 18.00 [&hellip;]<\/p>\n","protected":false},"author":1,"featured_media":81329,"comment_status":"closed","ping_status":"closed","sticky":false,"template":"","format":"standard","meta":{"_acf_changed":false,"footnotes":""},"categories":[15],"tags":[],"class_list":["post-81328","post","type-post","status-publish","format-standard","has-post-thumbnail","category-portada"],"acf":{"antetitulo":""},"yoast_head":"<!-- This site is optimized with the Yoast SEO plugin v28.4 - https:\/\/yoast.com\/product\/yoast-seo-wordpress\/ -->\n<title>Rusia anuncia alto al fuego temporal en Azovstal - El Diario - Bolivia<\/title>\n<meta name=\"robots\" content=\"index, follow, max-snippet:-1, max-image-preview:large, max-video-preview:-1\" \/>\n<link rel=\"canonical\" href=\"https:\/\/www.eldiario.net\/portal\/2022\/05\/05\/rusia-anuncia-alto-al-fuego-temporal-en-azovstal\/\" \/>\n<meta property=\"og:locale\" content=\"es_ES\" \/>\n<meta property=\"og:type\" content=\"article\" \/>\n<meta property=\"og:title\" content=\"Rusia anuncia alto al fuego temporal en Azovstal - El Diario - Bolivia\" \/>\n<meta property=\"og:description\" content=\"Mosc\u00fa.- Rusia anunci\u00f3 ayer un alto el fuego temporal en los alrededores de la planta sider\u00fargica de Azovstal, en la asediada ciudad de Mari\u00fapol, para permitir la evacuaci\u00f3n de los cientos de civiles que todav\u00eda resisten en las instalaciones, seg\u00fan las autoridades ucranianas. Los corredores humanitarios estar\u00e1n en vigor de las 8.00 hasta las 18.00 [&hellip;]\" \/>\n<meta property=\"og:url\" content=\"https:\/\/www.eldiario.net\/portal\/2022\/05\/05\/rusia-anuncia-alto-al-fuego-temporal-en-azovstal\/\" \/>\n<meta property=\"og:site_name\" content=\"El Diario - Bolivia\" \/>\n<meta property=\"article:publisher\" content=\"https:\/\/www.facebook.com\/eldiario.bolivia\/\" \/>\n<meta property=\"article:published_time\" content=\"2022-05-05T09:00:16+00:00\" \/>\n<meta name=\"author\" content=\"Jeanette\" \/>\n<meta name=\"twitter:card\" content=\"summary_large_image\" \/>\n<meta name=\"twitter:creator\" content=\"@eldiario_net\" \/>\n<meta name=\"twitter:site\" content=\"@eldiario_net\" \/>\n<meta name=\"twitter:label1\" content=\"Escrito por\" \/>\n\t<meta name=\"twitter:data1\" content=\"Jeanette\" \/>\n\t<meta name=\"twitter:label2\" content=\"Tiempo de lectura\" \/>\n\t<meta name=\"twitter:data2\" content=\"2 minutos\" \/>\n<script type=\"application\/ld+json\" class=\"yoast-schema-graph\">{\"@context\":\"https:\\\/\\\/schema.org\",\"@graph\":[{\"@type\":\"Article\",\"@id\":\"https:\\\/\\\/www.eldiario.net\\\/portal\\\/2022\\\/05\\\/05\\\/rusia-anuncia-alto-al-fuego-temporal-en-azovstal\\\/#article\",\"isPartOf\":{\"@id\":\"https:\\\/\\\/www.eldiario.net\\\/portal\\\/2022\\\/05\\\/05\\\/rusia-anuncia-alto-al-fuego-temporal-en-azovstal\\\/\"},\"author\":{\"name\":\"Jeanette\",\"@id\":\"https:\\\/\\\/www.eldiario.net\\\/portal\\\/#\\\/schema\\\/person\\\/2c57cf2b7a7ae032e449e4c9b1019eac\"},\"headline\":\"Rusia anuncia alto al fuego temporal en Azovstal\",\"datePublished\":\"2022-05-05T09:00:16+00:00\",\"mainEntityOfPage\":{\"@id\":\"https:\\\/\\\/www.eldiario.net\\\/portal\\\/2022\\\/05\\\/05\\\/rusia-anuncia-alto-al-fuego-temporal-en-azovstal\\\/\"},\"wordCount\":366,\"publisher\":{\"@id\":\"https:\\\/\\\/www.eldiario.net\\\/portal\\\/#organization\"},\"image\":{\"@id\":\"https:\\\/\\\/www.eldiario.net\\\/portal\\\/2022\\\/05\\\/05\\\/rusia-anuncia-alto-al-fuego-temporal-en-azovstal\\\/#primaryimage\"},\"thumbnailUrl\":\"\",\"articleSection\":[\"Portada\"],\"inLanguage\":\"es\"},{\"@type\":\"WebPage\",\"@id\":\"https:\\\/\\\/www.eldiario.net\\\/portal\\\/2022\\\/05\\\/05\\\/rusia-anuncia-alto-al-fuego-temporal-en-azovstal\\\/\",\"url\":\"https:\\\/\\\/www.eldiario.net\\\/portal\\\/2022\\\/05\\\/05\\\/rusia-anuncia-alto-al-fuego-temporal-en-azovstal\\\/\",\"name\":\"Rusia anuncia alto al fuego temporal en Azovstal - El Diario - Bolivia\",\"isPartOf\":{\"@id\":\"https:\\\/\\\/www.eldiario.net\\\/portal\\\/#website\"},\"primaryImageOfPage\":{\"@id\":\"https:\\\/\\\/www.eldiario.net\\\/portal\\\/2022\\\/05\\\/05\\\/rusia-anuncia-alto-al-fuego-temporal-en-azovstal\\\/#primaryimage\"},\"image\":{\"@id\":\"https:\\\/\\\/www.eldiario.net\\\/portal\\\/2022\\\/05\\\/05\\\/rusia-anuncia-alto-al-fuego-temporal-en-azovstal\\\/#primaryimage\"},\"thumbnailUrl\":\"\",\"datePublished\":\"2022-05-05T09:00:16+00:00\",\"breadcrumb\":{\"@id\":\"https:\\\/\\\/www.eldiario.net\\\/portal\\\/2022\\\/05\\\/05\\\/rusia-anuncia-alto-al-fuego-temporal-en-azovstal\\\/#breadcrumb\"},\"inLanguage\":\"es\",\"potentialAction\":[{\"@type\":\"ReadAction\",\"target\":[\"https:\\\/\\\/www.eldiario.net\\\/portal\\\/2022\\\/05\\\/05\\\/rusia-anuncia-alto-al-fuego-temporal-en-azovstal\\\/\"]}]},{\"@type\":\"ImageObject\",\"inLanguage\":\"es\",\"@id\":\"https:\\\/\\\/www.eldiario.net\\\/portal\\\/2022\\\/05\\\/05\\\/rusia-anuncia-alto-al-fuego-temporal-en-azovstal\\\/#primaryimage\",\"url\":\"\",\"contentUrl\":\"\"},{\"@type\":\"BreadcrumbList\",\"@id\":\"https:\\\/\\\/www.eldiario.net\\\/portal\\\/2022\\\/05\\\/05\\\/rusia-anuncia-alto-al-fuego-temporal-en-azovstal\\\/#breadcrumb\",\"itemListElement\":[{\"@type\":\"ListItem\",\"position\":1,\"name\":\"Portada\",\"item\":\"https:\\\/\\\/www.eldiario.net\\\/portal\\\/\"},{\"@type\":\"ListItem\",\"position\":2,\"name\":\"Rusia anuncia alto al fuego temporal en Azovstal\"}]},{\"@type\":\"WebSite\",\"@id\":\"https:\\\/\\\/www.eldiario.net\\\/portal\\\/#website\",\"url\":\"https:\\\/\\\/www.eldiario.net\\\/portal\\\/\",\"name\":\"El Diario - Decano de la prensa nacional\",\"description\":\"El Diario - Decano de la prensa nacional\",\"publisher\":{\"@id\":\"https:\\\/\\\/www.eldiario.net\\\/portal\\\/#organization\"},\"potentialAction\":[{\"@type\":\"SearchAction\",\"target\":{\"@type\":\"EntryPoint\",\"urlTemplate\":\"https:\\\/\\\/www.eldiario.net\\\/portal\\\/?s={search_term_string}\"},\"query-input\":{\"@type\":\"PropertyValueSpecification\",\"valueRequired\":true,\"valueName\":\"search_term_string\"}}],\"inLanguage\":\"es\"},{\"@type\":\"Organization\",\"@id\":\"https:\\\/\\\/www.eldiario.net\\\/portal\\\/#organization\",\"name\":\"El Diario - Decano de la prensa nacional\",\"url\":\"https:\\\/\\\/www.eldiario.net\\\/portal\\\/\",\"logo\":{\"@type\":\"ImageObject\",\"inLanguage\":\"es\",\"@id\":\"https:\\\/\\\/www.eldiario.net\\\/portal\\\/#\\\/schema\\\/logo\\\/image\\\/\",\"url\":\"https:\\\/\\\/www.eldiario.net\\\/portal\\\/wp-content\\\/uploads\\\/2023\\\/07\\\/logo_ED.jpg\",\"contentUrl\":\"https:\\\/\\\/www.eldiario.net\\\/portal\\\/wp-content\\\/uploads\\\/2023\\\/07\\\/logo_ED.jpg\",\"width\":272,\"height\":52,\"caption\":\"El Diario - Decano de la prensa nacional\"},\"image\":{\"@id\":\"https:\\\/\\\/www.eldiario.net\\\/portal\\\/#\\\/schema\\\/logo\\\/image\\\/\"},\"sameAs\":[\"https:\\\/\\\/www.facebook.com\\\/eldiario.bolivia\\\/\",\"https:\\\/\\\/x.com\\\/eldiario_net\"]},{\"@type\":\"Person\",\"@id\":\"https:\\\/\\\/www.eldiario.net\\\/portal\\\/#\\\/schema\\\/person\\\/2c57cf2b7a7ae032e449e4c9b1019eac\",\"name\":\"Jeanette\",\"image\":{\"@type\":\"ImageObject\",\"inLanguage\":\"es\",\"@id\":\"https:\\\/\\\/secure.gravatar.com\\\/avatar\\\/3ea2118a5f7dad2b7138b1187a6b7ee55f160b9968b66013c3a3ef39dd7e5798?s=96&d=mm&r=g\",\"url\":\"https:\\\/\\\/secure.gravatar.com\\\/avatar\\\/3ea2118a5f7dad2b7138b1187a6b7ee55f160b9968b66013c3a3ef39dd7e5798?s=96&d=mm&r=g\",\"contentUrl\":\"https:\\\/\\\/secure.gravatar.com\\\/avatar\\\/3ea2118a5f7dad2b7138b1187a6b7ee55f160b9968b66013c3a3ef39dd7e5798?s=96&d=mm&r=g\",\"caption\":\"Jeanette\"},\"sameAs\":[\"https:\\\/\\\/www.eldiario.net\\\/portal\"],\"url\":\"https:\\\/\\\/www.eldiario.net\\\/portal\\\/author\\\/jeanette\\\/\"}]}<\/script>\n<!-- \/ Yoast SEO plugin. -->","yoast_head_json":{"title":"Rusia anuncia alto al fuego temporal en Azovstal - El Diario - Bolivia","robots":{"index":"index","follow":"follow","max-snippet":"max-snippet:-1","max-image-preview":"max-image-preview:large","max-video-preview":"max-video-preview:-1"},"canonical":"https:\/\/www.eldiario.net\/portal\/2022\/05\/05\/rusia-anuncia-alto-al-fuego-temporal-en-azovstal\/","og_locale":"es_ES","og_type":"article","og_title":"Rusia anuncia alto al fuego temporal en Azovstal - El Diario - Bolivia","og_description":"Mosc\u00fa.- Rusia anunci\u00f3 ayer un alto el fuego temporal en los alrededores de la planta sider\u00fargica de Azovstal, en la asediada ciudad de Mari\u00fapol, para permitir la evacuaci\u00f3n de los cientos de civiles que todav\u00eda resisten en las instalaciones, seg\u00fan las autoridades ucranianas. Los corredores humanitarios estar\u00e1n en vigor de las 8.00 hasta las 18.00 [&hellip;]","og_url":"https:\/\/www.eldiario.net\/portal\/2022\/05\/05\/rusia-anuncia-alto-al-fuego-temporal-en-azovstal\/","og_site_name":"El Diario - Bolivia","article_publisher":"https:\/\/www.facebook.com\/eldiario.bolivia\/","article_published_time":"2022-05-05T09:00:16+00:00","author":"Jeanette","twitter_card":"summary_large_image","twitter_creator":"@eldiario_net","twitter_site":"@eldiario_net","twitter_misc":{"Escrito por":"Jeanette","Tiempo de lectura":"2 minutos"},"schema":{"@context":"https:\/\/schema.org","@graph":[{"@type":"Article","@id":"https:\/\/www.eldiario.net\/portal\/2022\/05\/05\/rusia-anuncia-alto-al-fuego-temporal-en-azovstal\/#article","isPartOf":{"@id":"https:\/\/www.eldiario.net\/portal\/2022\/05\/05\/rusia-anuncia-alto-al-fuego-temporal-en-azovstal\/"},"author":{"name":"Jeanette","@id":"https:\/\/www.eldiario.net\/portal\/#\/schema\/person\/2c57cf2b7a7ae032e449e4c9b1019eac"},"headline":"Rusia anuncia alto al fuego temporal en Azovstal","datePublished":"2022-05-05T09:00:16+00:00","mainEntityOfPage":{"@id":"https:\/\/www.eldiario.net\/portal\/2022\/05\/05\/rusia-anuncia-alto-al-fuego-temporal-en-azovstal\/"},"wordCount":366,"publisher":{"@id":"https:\/\/www.eldiario.net\/portal\/#organization"},"image":{"@id":"https:\/\/www.eldiario.net\/portal\/2022\/05\/05\/rusia-anuncia-alto-al-fuego-temporal-en-azovstal\/#primaryimage"},"thumbnailUrl":"","articleSection":["Portada"],"inLanguage":"es"},{"@type":"WebPage","@id":"https:\/\/www.eldiario.net\/portal\/2022\/05\/05\/rusia-anuncia-alto-al-fuego-temporal-en-azovstal\/","url":"https:\/\/www.eldiario.net\/portal\/2022\/05\/05\/rusia-anuncia-alto-al-fuego-temporal-en-azovstal\/","name":"Rusia anuncia alto al fuego temporal en Azovstal - El Diario - Bolivia","isPartOf":{"@id":"https:\/\/www.eldiario.net\/portal\/#website"},"primaryImageOfPage":{"@id":"https:\/\/www.eldiario.net\/portal\/2022\/05\/05\/rusia-anuncia-alto-al-fuego-temporal-en-azovstal\/#primaryimage"},"image":{"@id":"https:\/\/www.eldiario.net\/portal\/2022\/05\/05\/rusia-anuncia-alto-al-fuego-temporal-en-azovstal\/#primaryimage"},"thumbnailUrl":"","datePublished":"2022-05-05T09:00:16+00:00","breadcrumb":{"@id":"https:\/\/www.eldiario.net\/portal\/2022\/05\/05\/rusia-anuncia-alto-al-fuego-temporal-en-azovstal\/#breadcrumb"},"inLanguage":"es","potentialAction":[{"@type":"ReadAction","target":["https:\/\/www.eldiario.net\/portal\/2022\/05\/05\/rusia-anuncia-alto-al-fuego-temporal-en-azovstal\/"]}]},{"@type":"ImageObject","inLanguage":"es","@id":"https:\/\/www.eldiario.net\/portal\/2022\/05\/05\/rusia-anuncia-alto-al-fuego-temporal-en-azovstal\/#primaryimage","url":"","contentUrl":""},{"@type":"BreadcrumbList","@id":"https:\/\/www.eldiario.net\/portal\/2022\/05\/05\/rusia-anuncia-alto-al-fuego-temporal-en-azovstal\/#breadcrumb","itemListElement":[{"@type":"ListItem","position":1,"name":"Portada","item":"https:\/\/www.eldiario.net\/portal\/"},{"@type":"ListItem","position":2,"name":"Rusia anuncia alto al fuego temporal en Azovstal"}]},{"@type":"WebSite","@id":"https:\/\/www.eldiario.net\/portal\/#website","url":"https:\/\/www.eldiario.net\/portal\/","name":"El Diario - Decano de la prensa nacional","description":"El Diario - Decano de la prensa nacional","publisher":{"@id":"https:\/\/www.eldiario.net\/portal\/#organization"},"potentialAction":[{"@type":"SearchAction","target":{"@type":"EntryPoint","urlTemplate":"https:\/\/www.eldiario.net\/portal\/?s={search_term_string}"},"query-input":{"@type":"PropertyValueSpecification","valueRequired":true,"valueName":"search_term_string"}}],"inLanguage":"es"},{"@type":"Organization","@id":"https:\/\/www.eldiario.net\/portal\/#organization","name":"El Diario - Decano de la prensa nacional","url":"https:\/\/www.eldiario.net\/portal\/","logo":{"@type":"ImageObject","inLanguage":"es","@id":"https:\/\/www.eldiario.net\/portal\/#\/schema\/logo\/image\/","url":"https:\/\/www.eldiario.net\/portal\/wp-content\/uploads\/2023\/07\/logo_ED.jpg","contentUrl":"https:\/\/www.eldiario.net\/portal\/wp-content\/uploads\/2023\/07\/logo_ED.jpg","width":272,"height":52,"caption":"El Diario - Decano de la prensa nacional"},"image":{"@id":"https:\/\/www.eldiario.net\/portal\/#\/schema\/logo\/image\/"},"sameAs":["https:\/\/www.facebook.com\/eldiario.bolivia\/","https:\/\/x.com\/eldiario_net"]},{"@type":"Person","@id":"https:\/\/www.eldiario.net\/portal\/#\/schema\/person\/2c57cf2b7a7ae032e449e4c9b1019eac","name":"Jeanette","image":{"@type":"ImageObject","inLanguage":"es","@id":"https:\/\/secure.gravatar.com\/avatar\/3ea2118a5f7dad2b7138b1187a6b7ee55f160b9968b66013c3a3ef39dd7e5798?s=96&d=mm&r=g","url":"https:\/\/secure.gravatar.com\/avatar\/3ea2118a5f7dad2b7138b1187a6b7ee55f160b9968b66013c3a3ef39dd7e5798?s=96&d=mm&r=g","contentUrl":"https:\/\/secure.gravatar.com\/avatar\/3ea2118a5f7dad2b7138b1187a6b7ee55f160b9968b66013c3a3ef39dd7e5798?s=96&d=mm&r=g","caption":"Jeanette"},"sameAs":["https:\/\/www.eldiario.net\/portal"],"url":"https:\/\/www.eldiario.net\/portal\/author\/jeanette\/"}]}},"_links":{"self":[{"href":"https:\/\/www.eldiario.net\/portal\/wp-json\/wp\/v2\/posts\/81328","targetHints":{"allow":["GET"]}}],"collection":[{"href":"https:\/\/www.eldiario.net\/portal\/wp-json\/wp\/v2\/posts"}],"about":[{"href":"https:\/\/www.eldiario.net\/portal\/wp-json\/wp\/v2\/types\/post"}],"author":[{"embeddable":true,"href":"https:\/\/www.eldiario.net\/portal\/wp-json\/wp\/v2\/users\/1"}],"replies":[{"embeddable":true,"href":"https:\/\/www.eldiario.net\/portal\/wp-json\/wp\/v2\/comments?post=81328"}],"version-history":[{"count":0,"href":"https:\/\/www.eldiario.net\/portal\/wp-json\/wp\/v2\/posts\/81328\/revisions"}],"wp:attachment":[{"href":"https:\/\/www.eldiario.net\/portal\/wp-json\/wp\/v2\/media?parent=81328"}],"wp:term":[{"taxonomy":"category","embeddable":true,"href":"https:\/\/www.eldiario.net\/portal\/wp-json\/wp\/v2\/categories?post=81328"},{"taxonomy":"post_tag","embeddable":true,"href":"https:\/\/www.eldiario.net\/portal\/wp-json\/wp\/v2\/tags?post=81328"}],"curies":[{"name":"wp","href":"https:\/\/api.w.org\/{rel}","templated":true}]}}