{"id":81318,"date":"2022-05-05T04:54:57","date_gmt":"2022-05-05T08:54:57","guid":{"rendered":"https:\/\/www.eldiario.net\/portal\/?p=81318"},"modified":"2022-05-05T04:54:57","modified_gmt":"2022-05-05T08:54:57","slug":"nuevo-presidente-del-legislativo-municipal-es-rogelio-maldonado","status":"publish","type":"post","link":"https:\/\/www.eldiario.net\/portal\/2022\/05\/05\/nuevo-presidente-del-legislativo-municipal-es-rogelio-maldonado\/","title":{"rendered":"Nuevo presidente del Legislativo  Municipal es Rogelio Maldonado"},"content":{"rendered":"<p>Luego de desacuerdos y denuncias de traici\u00f3n en la elecci\u00f3n de la nueva autoridad del Concejo Municipal de El Alto, finalmente fue elegido como nueva autoridad del Legislativo el concejal Rogelio Maldonado.<\/p>\n<p>La sesi\u00f3n se instal\u00f3 a las 10:30 de ayer donde grupos de dirigentes y funcionarios representantes del Movimiento al Socialismo\u00a0 (MAS) y de la agrupaci\u00f3n Renueva perteneciente a la alcaldesa Eva Copa, protagonizaron peleas a causa de desinteligencias en la elecci\u00f3n en una primera instancia del concejal V\u00edctor Alejandro Contreras, hasta ese entonces elegido, pero no posesionado.<\/p>\n<p>Este resultado origin\u00f3 que grupos y dirigentes afines a Renueva, al no estar de acuerdo con dicha autoridad, protagonizaron bochornosos enfrentamientos entre simpatizantes de ambos bandos, actitud que logr\u00f3 que la sesi\u00f3n continuara y la decisi\u00f3n de un cuarto intermedio por algunos minutos.<\/p>\n<p>Luego de los momentos de tensi\u00f3n que se vivi\u00f3, se reinstal\u00f3 la sesi\u00f3n del Concejo, pero con una nueva elecci\u00f3n donde los concejales del MAS denunciaron que fueron obligados a asistir a esta sesi\u00f3n y de manera supuestamente ilegal fue elegido como presidente del Concejo Municipal el concejal Rogelio Maldonado, representante del partido Jallalla La Paz.<\/p>\n<p>Luego de estas agresiones entre ambos bandos, y posterior a la elecci\u00f3n de Maldonado, algunos de los concejales del MAS y del oficialismo tuvieron que abandonar por momentos como pudieron la sala de sesiones, para lo cual utilizaron inclusive las salidas de emergencia.<\/p>\n<p>Una vez elegido el concejal Maldonado como presidente del Legislativo, indic\u00f3 que su nominaci\u00f3n fue legal, debido a que la votaci\u00f3n para el cargo que ahora ostenta fue efectuada por mayor\u00eda y no existe ninguna duda el haber llegado a la presidencia.<\/p>\n<p>De esta manera, Rogelio Maldonado af\u00edn al partido Jallalla La Paz y la agrupaci\u00f3n Renueva que lidera la alcaldesa Eva Copa, indic\u00f3 que tendr\u00e1 un trabajo arduo de fiscalizaci\u00f3n de todas las obras que se est\u00e1n realizando y la agilizaci\u00f3n de aquellas que ya tienen el proyecto a dise\u00f1o final.<\/p>\n<p>Por su parte, las concejalas Fabiola Furuya y Wilma Alanoca denunciaron que la elecci\u00f3n del concejal Rogelio Maldonado como presidente del Legislativo municipal es ilegal e inconstitucional.<\/p>\n","protected":false},"excerpt":{"rendered":"<p>Luego de desacuerdos y denuncias de traici\u00f3n en la elecci\u00f3n de la nueva autoridad del Concejo Municipal de El Alto, finalmente fue elegido como nueva autoridad del Legislativo el concejal Rogelio Maldonado. La sesi\u00f3n se instal\u00f3 a las 10:30 de ayer donde grupos de dirigentes y funcionarios representantes del Movimiento al Socialismo\u00a0 (MAS) y de [&hellip;]<\/p>\n","protected":false},"author":1,"featured_media":81319,"comment_status":"closed","ping_status":"closed","sticky":false,"template":"","format":"standard","meta":{"_acf_changed":false,"footnotes":""},"categories":[12],"tags":[],"class_list":["post-81318","post","type-post","status-publish","format-standard","has-post-thumbnail","category-nacional"],"acf":{"antetitulo":""},"yoast_head":"<!-- This site is optimized with the Yoast SEO plugin v28.4 - https:\/\/yoast.com\/product\/yoast-seo-wordpress\/ -->\n<title>Nuevo presidente del Legislativo Municipal es Rogelio Maldonado - El Diario - Bolivia<\/title>\n<meta name=\"robots\" content=\"index, follow, max-snippet:-1, max-image-preview:large, max-video-preview:-1\" \/>\n<link rel=\"canonical\" href=\"https:\/\/www.eldiario.net\/portal\/2022\/05\/05\/nuevo-presidente-del-legislativo-municipal-es-rogelio-maldonado\/\" \/>\n<meta property=\"og:locale\" content=\"es_ES\" \/>\n<meta property=\"og:type\" content=\"article\" \/>\n<meta property=\"og:title\" content=\"Nuevo presidente del Legislativo Municipal es Rogelio Maldonado - El Diario - Bolivia\" \/>\n<meta property=\"og:description\" content=\"Luego de desacuerdos y denuncias de traici\u00f3n en la elecci\u00f3n de la nueva autoridad del Concejo Municipal de El Alto, finalmente fue elegido como nueva autoridad del Legislativo el concejal Rogelio Maldonado. La sesi\u00f3n se instal\u00f3 a las 10:30 de ayer donde grupos de dirigentes y funcionarios representantes del Movimiento al Socialismo\u00a0 (MAS) y de [&hellip;]\" \/>\n<meta property=\"og:url\" content=\"https:\/\/www.eldiario.net\/portal\/2022\/05\/05\/nuevo-presidente-del-legislativo-municipal-es-rogelio-maldonado\/\" \/>\n<meta property=\"og:site_name\" content=\"El Diario - Bolivia\" \/>\n<meta property=\"article:publisher\" content=\"https:\/\/www.facebook.com\/eldiario.bolivia\/\" \/>\n<meta property=\"article:published_time\" content=\"2022-05-05T08:54:57+00:00\" \/>\n<meta name=\"author\" content=\"Jeanette\" \/>\n<meta name=\"twitter:card\" content=\"summary_large_image\" \/>\n<meta name=\"twitter:creator\" content=\"@eldiario_net\" \/>\n<meta name=\"twitter:site\" content=\"@eldiario_net\" \/>\n<meta name=\"twitter:label1\" content=\"Escrito por\" \/>\n\t<meta name=\"twitter:data1\" content=\"Jeanette\" \/>\n\t<meta name=\"twitter:label2\" content=\"Tiempo de lectura\" \/>\n\t<meta name=\"twitter:data2\" content=\"2 minutos\" \/>\n<script type=\"application\/ld+json\" class=\"yoast-schema-graph\">{\"@context\":\"https:\\\/\\\/schema.org\",\"@graph\":[{\"@type\":\"Article\",\"@id\":\"https:\\\/\\\/www.eldiario.net\\\/portal\\\/2022\\\/05\\\/05\\\/nuevo-presidente-del-legislativo-municipal-es-rogelio-maldonado\\\/#article\",\"isPartOf\":{\"@id\":\"https:\\\/\\\/www.eldiario.net\\\/portal\\\/2022\\\/05\\\/05\\\/nuevo-presidente-del-legislativo-municipal-es-rogelio-maldonado\\\/\"},\"author\":{\"name\":\"Jeanette\",\"@id\":\"https:\\\/\\\/www.eldiario.net\\\/portal\\\/#\\\/schema\\\/person\\\/f46445640444750d7d753ccd04ae01b7\"},\"headline\":\"Nuevo presidente del Legislativo Municipal es Rogelio Maldonado\",\"datePublished\":\"2022-05-05T08:54:57+00:00\",\"mainEntityOfPage\":{\"@id\":\"https:\\\/\\\/www.eldiario.net\\\/portal\\\/2022\\\/05\\\/05\\\/nuevo-presidente-del-legislativo-municipal-es-rogelio-maldonado\\\/\"},\"wordCount\":380,\"publisher\":{\"@id\":\"https:\\\/\\\/www.eldiario.net\\\/portal\\\/#organization\"},\"image\":{\"@id\":\"https:\\\/\\\/www.eldiario.net\\\/portal\\\/2022\\\/05\\\/05\\\/nuevo-presidente-del-legislativo-municipal-es-rogelio-maldonado\\\/#primaryimage\"},\"thumbnailUrl\":\"\",\"articleSection\":[\"Nacional\"],\"inLanguage\":\"es\"},{\"@type\":\"WebPage\",\"@id\":\"https:\\\/\\\/www.eldiario.net\\\/portal\\\/2022\\\/05\\\/05\\\/nuevo-presidente-del-legislativo-municipal-es-rogelio-maldonado\\\/\",\"url\":\"https:\\\/\\\/www.eldiario.net\\\/portal\\\/2022\\\/05\\\/05\\\/nuevo-presidente-del-legislativo-municipal-es-rogelio-maldonado\\\/\",\"name\":\"Nuevo presidente del Legislativo Municipal es Rogelio Maldonado - El Diario - Bolivia\",\"isPartOf\":{\"@id\":\"https:\\\/\\\/www.eldiario.net\\\/portal\\\/#website\"},\"primaryImageOfPage\":{\"@id\":\"https:\\\/\\\/www.eldiario.net\\\/portal\\\/2022\\\/05\\\/05\\\/nuevo-presidente-del-legislativo-municipal-es-rogelio-maldonado\\\/#primaryimage\"},\"image\":{\"@id\":\"https:\\\/\\\/www.eldiario.net\\\/portal\\\/2022\\\/05\\\/05\\\/nuevo-presidente-del-legislativo-municipal-es-rogelio-maldonado\\\/#primaryimage\"},\"thumbnailUrl\":\"\",\"datePublished\":\"2022-05-05T08:54:57+00:00\",\"breadcrumb\":{\"@id\":\"https:\\\/\\\/www.eldiario.net\\\/portal\\\/2022\\\/05\\\/05\\\/nuevo-presidente-del-legislativo-municipal-es-rogelio-maldonado\\\/#breadcrumb\"},\"inLanguage\":\"es\",\"potentialAction\":[{\"@type\":\"ReadAction\",\"target\":[\"https:\\\/\\\/www.eldiario.net\\\/portal\\\/2022\\\/05\\\/05\\\/nuevo-presidente-del-legislativo-municipal-es-rogelio-maldonado\\\/\"]}]},{\"@type\":\"ImageObject\",\"inLanguage\":\"es\",\"@id\":\"https:\\\/\\\/www.eldiario.net\\\/portal\\\/2022\\\/05\\\/05\\\/nuevo-presidente-del-legislativo-municipal-es-rogelio-maldonado\\\/#primaryimage\",\"url\":\"\",\"contentUrl\":\"\"},{\"@type\":\"BreadcrumbList\",\"@id\":\"https:\\\/\\\/www.eldiario.net\\\/portal\\\/2022\\\/05\\\/05\\\/nuevo-presidente-del-legislativo-municipal-es-rogelio-maldonado\\\/#breadcrumb\",\"itemListElement\":[{\"@type\":\"ListItem\",\"position\":1,\"name\":\"Portada\",\"item\":\"https:\\\/\\\/www.eldiario.net\\\/portal\\\/\"},{\"@type\":\"ListItem\",\"position\":2,\"name\":\"Nuevo presidente del Legislativo Municipal es Rogelio Maldonado\"}]},{\"@type\":\"WebSite\",\"@id\":\"https:\\\/\\\/www.eldiario.net\\\/portal\\\/#website\",\"url\":\"https:\\\/\\\/www.eldiario.net\\\/portal\\\/\",\"name\":\"El Diario - Decano de la prensa nacional\",\"description\":\"El Diario - Decano de la prensa nacional\",\"publisher\":{\"@id\":\"https:\\\/\\\/www.eldiario.net\\\/portal\\\/#organization\"},\"potentialAction\":[{\"@type\":\"SearchAction\",\"target\":{\"@type\":\"EntryPoint\",\"urlTemplate\":\"https:\\\/\\\/www.eldiario.net\\\/portal\\\/?s={search_term_string}\"},\"query-input\":{\"@type\":\"PropertyValueSpecification\",\"valueRequired\":true,\"valueName\":\"search_term_string\"}}],\"inLanguage\":\"es\"},{\"@type\":\"Organization\",\"@id\":\"https:\\\/\\\/www.eldiario.net\\\/portal\\\/#organization\",\"name\":\"El Diario - Decano de la prensa nacional\",\"url\":\"https:\\\/\\\/www.eldiario.net\\\/portal\\\/\",\"logo\":{\"@type\":\"ImageObject\",\"inLanguage\":\"es\",\"@id\":\"https:\\\/\\\/www.eldiario.net\\\/portal\\\/#\\\/schema\\\/logo\\\/image\\\/\",\"url\":\"https:\\\/\\\/www.eldiario.net\\\/portal\\\/wp-content\\\/uploads\\\/2023\\\/07\\\/logo_ED.jpg\",\"contentUrl\":\"https:\\\/\\\/www.eldiario.net\\\/portal\\\/wp-content\\\/uploads\\\/2023\\\/07\\\/logo_ED.jpg\",\"width\":272,\"height\":52,\"caption\":\"El Diario - Decano de la prensa nacional\"},\"image\":{\"@id\":\"https:\\\/\\\/www.eldiario.net\\\/portal\\\/#\\\/schema\\\/logo\\\/image\\\/\"},\"sameAs\":[\"https:\\\/\\\/www.facebook.com\\\/eldiario.bolivia\\\/\",\"https:\\\/\\\/x.com\\\/eldiario_net\"]},{\"@type\":\"Person\",\"@id\":\"https:\\\/\\\/www.eldiario.net\\\/portal\\\/#\\\/schema\\\/person\\\/f46445640444750d7d753ccd04ae01b7\",\"name\":\"Jeanette\",\"image\":{\"@type\":\"ImageObject\",\"inLanguage\":\"es\",\"@id\":\"https:\\\/\\\/secure.gravatar.com\\\/avatar\\\/3ea2118a5f7dad2b7138b1187a6b7ee55f160b9968b66013c3a3ef39dd7e5798?s=96&d=mm&r=g\",\"url\":\"https:\\\/\\\/secure.gravatar.com\\\/avatar\\\/3ea2118a5f7dad2b7138b1187a6b7ee55f160b9968b66013c3a3ef39dd7e5798?s=96&d=mm&r=g\",\"contentUrl\":\"https:\\\/\\\/secure.gravatar.com\\\/avatar\\\/3ea2118a5f7dad2b7138b1187a6b7ee55f160b9968b66013c3a3ef39dd7e5798?s=96&d=mm&r=g\",\"caption\":\"Jeanette\"},\"sameAs\":[\"https:\\\/\\\/www.eldiario.net\\\/portal\"],\"url\":\"https:\\\/\\\/www.eldiario.net\\\/portal\\\/author\\\/jeanette\\\/\"}]}<\/script>\n<!-- \/ Yoast SEO plugin. -->","yoast_head_json":{"title":"Nuevo presidente del Legislativo Municipal es Rogelio Maldonado - El Diario - Bolivia","robots":{"index":"index","follow":"follow","max-snippet":"max-snippet:-1","max-image-preview":"max-image-preview:large","max-video-preview":"max-video-preview:-1"},"canonical":"https:\/\/www.eldiario.net\/portal\/2022\/05\/05\/nuevo-presidente-del-legislativo-municipal-es-rogelio-maldonado\/","og_locale":"es_ES","og_type":"article","og_title":"Nuevo presidente del Legislativo Municipal es Rogelio Maldonado - El Diario - Bolivia","og_description":"Luego de desacuerdos y denuncias de traici\u00f3n en la elecci\u00f3n de la nueva autoridad del Concejo Municipal de El Alto, finalmente fue elegido como nueva autoridad del Legislativo el concejal Rogelio Maldonado. La sesi\u00f3n se instal\u00f3 a las 10:30 de ayer donde grupos de dirigentes y funcionarios representantes del Movimiento al Socialismo\u00a0 (MAS) y de [&hellip;]","og_url":"https:\/\/www.eldiario.net\/portal\/2022\/05\/05\/nuevo-presidente-del-legislativo-municipal-es-rogelio-maldonado\/","og_site_name":"El Diario - Bolivia","article_publisher":"https:\/\/www.facebook.com\/eldiario.bolivia\/","article_published_time":"2022-05-05T08:54:57+00:00","author":"Jeanette","twitter_card":"summary_large_image","twitter_creator":"@eldiario_net","twitter_site":"@eldiario_net","twitter_misc":{"Escrito por":"Jeanette","Tiempo de lectura":"2 minutos"},"schema":{"@context":"https:\/\/schema.org","@graph":[{"@type":"Article","@id":"https:\/\/www.eldiario.net\/portal\/2022\/05\/05\/nuevo-presidente-del-legislativo-municipal-es-rogelio-maldonado\/#article","isPartOf":{"@id":"https:\/\/www.eldiario.net\/portal\/2022\/05\/05\/nuevo-presidente-del-legislativo-municipal-es-rogelio-maldonado\/"},"author":{"name":"Jeanette","@id":"https:\/\/www.eldiario.net\/portal\/#\/schema\/person\/f46445640444750d7d753ccd04ae01b7"},"headline":"Nuevo presidente del Legislativo Municipal es Rogelio Maldonado","datePublished":"2022-05-05T08:54:57+00:00","mainEntityOfPage":{"@id":"https:\/\/www.eldiario.net\/portal\/2022\/05\/05\/nuevo-presidente-del-legislativo-municipal-es-rogelio-maldonado\/"},"wordCount":380,"publisher":{"@id":"https:\/\/www.eldiario.net\/portal\/#organization"},"image":{"@id":"https:\/\/www.eldiario.net\/portal\/2022\/05\/05\/nuevo-presidente-del-legislativo-municipal-es-rogelio-maldonado\/#primaryimage"},"thumbnailUrl":"","articleSection":["Nacional"],"inLanguage":"es"},{"@type":"WebPage","@id":"https:\/\/www.eldiario.net\/portal\/2022\/05\/05\/nuevo-presidente-del-legislativo-municipal-es-rogelio-maldonado\/","url":"https:\/\/www.eldiario.net\/portal\/2022\/05\/05\/nuevo-presidente-del-legislativo-municipal-es-rogelio-maldonado\/","name":"Nuevo presidente del Legislativo Municipal es Rogelio Maldonado - El Diario - Bolivia","isPartOf":{"@id":"https:\/\/www.eldiario.net\/portal\/#website"},"primaryImageOfPage":{"@id":"https:\/\/www.eldiario.net\/portal\/2022\/05\/05\/nuevo-presidente-del-legislativo-municipal-es-rogelio-maldonado\/#primaryimage"},"image":{"@id":"https:\/\/www.eldiario.net\/portal\/2022\/05\/05\/nuevo-presidente-del-legislativo-municipal-es-rogelio-maldonado\/#primaryimage"},"thumbnailUrl":"","datePublished":"2022-05-05T08:54:57+00:00","breadcrumb":{"@id":"https:\/\/www.eldiario.net\/portal\/2022\/05\/05\/nuevo-presidente-del-legislativo-municipal-es-rogelio-maldonado\/#breadcrumb"},"inLanguage":"es","potentialAction":[{"@type":"ReadAction","target":["https:\/\/www.eldiario.net\/portal\/2022\/05\/05\/nuevo-presidente-del-legislativo-municipal-es-rogelio-maldonado\/"]}]},{"@type":"ImageObject","inLanguage":"es","@id":"https:\/\/www.eldiario.net\/portal\/2022\/05\/05\/nuevo-presidente-del-legislativo-municipal-es-rogelio-maldonado\/#primaryimage","url":"","contentUrl":""},{"@type":"BreadcrumbList","@id":"https:\/\/www.eldiario.net\/portal\/2022\/05\/05\/nuevo-presidente-del-legislativo-municipal-es-rogelio-maldonado\/#breadcrumb","itemListElement":[{"@type":"ListItem","position":1,"name":"Portada","item":"https:\/\/www.eldiario.net\/portal\/"},{"@type":"ListItem","position":2,"name":"Nuevo presidente del Legislativo Municipal es Rogelio Maldonado"}]},{"@type":"WebSite","@id":"https:\/\/www.eldiario.net\/portal\/#website","url":"https:\/\/www.eldiario.net\/portal\/","name":"El Diario - Decano de la prensa nacional","description":"El Diario - Decano de la prensa nacional","publisher":{"@id":"https:\/\/www.eldiario.net\/portal\/#organization"},"potentialAction":[{"@type":"SearchAction","target":{"@type":"EntryPoint","urlTemplate":"https:\/\/www.eldiario.net\/portal\/?s={search_term_string}"},"query-input":{"@type":"PropertyValueSpecification","valueRequired":true,"valueName":"search_term_string"}}],"inLanguage":"es"},{"@type":"Organization","@id":"https:\/\/www.eldiario.net\/portal\/#organization","name":"El Diario - Decano de la prensa nacional","url":"https:\/\/www.eldiario.net\/portal\/","logo":{"@type":"ImageObject","inLanguage":"es","@id":"https:\/\/www.eldiario.net\/portal\/#\/schema\/logo\/image\/","url":"https:\/\/www.eldiario.net\/portal\/wp-content\/uploads\/2023\/07\/logo_ED.jpg","contentUrl":"https:\/\/www.eldiario.net\/portal\/wp-content\/uploads\/2023\/07\/logo_ED.jpg","width":272,"height":52,"caption":"El Diario - Decano de la prensa nacional"},"image":{"@id":"https:\/\/www.eldiario.net\/portal\/#\/schema\/logo\/image\/"},"sameAs":["https:\/\/www.facebook.com\/eldiario.bolivia\/","https:\/\/x.com\/eldiario_net"]},{"@type":"Person","@id":"https:\/\/www.eldiario.net\/portal\/#\/schema\/person\/f46445640444750d7d753ccd04ae01b7","name":"Jeanette","image":{"@type":"ImageObject","inLanguage":"es","@id":"https:\/\/secure.gravatar.com\/avatar\/3ea2118a5f7dad2b7138b1187a6b7ee55f160b9968b66013c3a3ef39dd7e5798?s=96&d=mm&r=g","url":"https:\/\/secure.gravatar.com\/avatar\/3ea2118a5f7dad2b7138b1187a6b7ee55f160b9968b66013c3a3ef39dd7e5798?s=96&d=mm&r=g","contentUrl":"https:\/\/secure.gravatar.com\/avatar\/3ea2118a5f7dad2b7138b1187a6b7ee55f160b9968b66013c3a3ef39dd7e5798?s=96&d=mm&r=g","caption":"Jeanette"},"sameAs":["https:\/\/www.eldiario.net\/portal"],"url":"https:\/\/www.eldiario.net\/portal\/author\/jeanette\/"}]}},"_links":{"self":[{"href":"https:\/\/www.eldiario.net\/portal\/wp-json\/wp\/v2\/posts\/81318","targetHints":{"allow":["GET"]}}],"collection":[{"href":"https:\/\/www.eldiario.net\/portal\/wp-json\/wp\/v2\/posts"}],"about":[{"href":"https:\/\/www.eldiario.net\/portal\/wp-json\/wp\/v2\/types\/post"}],"author":[{"embeddable":true,"href":"https:\/\/www.eldiario.net\/portal\/wp-json\/wp\/v2\/users\/1"}],"replies":[{"embeddable":true,"href":"https:\/\/www.eldiario.net\/portal\/wp-json\/wp\/v2\/comments?post=81318"}],"version-history":[{"count":0,"href":"https:\/\/www.eldiario.net\/portal\/wp-json\/wp\/v2\/posts\/81318\/revisions"}],"wp:attachment":[{"href":"https:\/\/www.eldiario.net\/portal\/wp-json\/wp\/v2\/media?parent=81318"}],"wp:term":[{"taxonomy":"category","embeddable":true,"href":"https:\/\/www.eldiario.net\/portal\/wp-json\/wp\/v2\/categories?post=81318"},{"taxonomy":"post_tag","embeddable":true,"href":"https:\/\/www.eldiario.net\/portal\/wp-json\/wp\/v2\/tags?post=81318"}],"curies":[{"name":"wp","href":"https:\/\/api.w.org\/{rel}","templated":true}]}}