{"id":81312,"date":"2022-05-05T04:53:05","date_gmt":"2022-05-05T08:53:05","guid":{"rendered":"https:\/\/www.eldiario.net\/portal\/?p=81312"},"modified":"2022-05-05T04:53:05","modified_gmt":"2022-05-05T08:53:05","slug":"todavia-no-existe-permiso-para-asistir-a-comicios-del-magisterio","status":"publish","type":"post","link":"https:\/\/www.eldiario.net\/portal\/2022\/05\/05\/todavia-no-existe-permiso-para-asistir-a-comicios-del-magisterio\/","title":{"rendered":"Todav\u00eda no existe permiso para  asistir a comicios del magisterio"},"content":{"rendered":"<p>El dirigente del magisterio de El Alto, Alex Morales, denunci\u00f3 que hasta la fecha no se ha emitido la resoluci\u00f3n administrativa de suspensi\u00f3n de labores escolares para el viernes 6 de mayo, oportunidad en que el sector realizar\u00e1 la elecci\u00f3n de sus dirigentes a nivel departamental.<\/p>\n<p>De acuerdo con el representante, esta actitud viene desde el Gobierno central asumida por el director Departamental de Educaci\u00f3n, Carmelo L\u00f3pez Valda, quien no ha emitido esta resoluci\u00f3n, como cada a\u00f1o el magisterio de La Paz realiza sus elecciones para elegir a su nuevo directorio sindical.<\/p>\n<p>\u201cNuestra denuncia es en contra de la autoridad departamental Carmelo L\u00f3pez Valda, quien con segundas intenciones de que nuestros maestros no asistan a las elecciones y hacer fracasar las mismas no le ha dado la gana de emitir esta resoluci\u00f3n que nos corresponde por derecho tener este d\u00eda libre para elegir al nuevo directorio de magisterio de La Paz\u201d, indic\u00f3 Morales.<\/p>\n<p>De esta manera, adem\u00e1s dicha autoridad solamente habr\u00eda hecho conocer un comunicado que se\u00f1ala tolerancia, actitud denunciada por la dirigencia del magisterio de El Alto y La Paz de un sabotaje a las elecciones del magisterio, donde m\u00e1s de 37.000 maestros y administrativos exigen el derecho a sufragar este d\u00eda del 6 de mayo.<\/p>\n<p>Por lo que se ha tomado la decisi\u00f3n de rechazar la actitud de dicha autoridad departamental de Educaci\u00f3n, primero declarando el 6 de mayo paro departamental, luego el rechazo al comunicado de tolerancia por parte de L\u00f3pez Valda y finalmente un tercer punto se convoca al magisterio de El Alto, La Paz y Provincias a participar de manera activa en las elecciones.<\/p>\n<p>\u201cComo es de conocimiento, nuestro sector es el \u00fanico que lleva elecciones democr\u00e1ticas universales, es por eso que el Gobierno quiere conculcarnos nuestros derechos constitucionales y sindicales para evitar que el magisterio pueda sufragar, actitud al cual nosotros daremos dura batalla, porque no vamos a permitir que se tome por asalto nuestra federaci\u00f3n\u201d, advirti\u00f3 el dirigente.<\/p>\n<p>Morales denunci\u00f3 tambi\u00e9n que toda esta actitud que se est\u00e1 intentando asumir por parte del Gobierno a trav\u00e9s de la autoridad departamental, es la creaci\u00f3n de un paralelismo con la finalidad de dividir al magisterio, algo que no se va a permitir, recalc\u00f3.<\/p>\n","protected":false},"excerpt":{"rendered":"<p>El dirigente del magisterio de El Alto, Alex Morales, denunci\u00f3 que hasta la fecha no se ha emitido la resoluci\u00f3n administrativa de suspensi\u00f3n de labores escolares para el viernes 6 de mayo, oportunidad en que el sector realizar\u00e1 la elecci\u00f3n de sus dirigentes a nivel departamental. De acuerdo con el representante, esta actitud viene desde [&hellip;]<\/p>\n","protected":false},"author":1,"featured_media":81313,"comment_status":"closed","ping_status":"closed","sticky":false,"template":"","format":"standard","meta":{"_acf_changed":false,"footnotes":""},"categories":[12],"tags":[],"class_list":["post-81312","post","type-post","status-publish","format-standard","has-post-thumbnail","category-nacional"],"acf":{"antetitulo":""},"yoast_head":"<!-- This site is optimized with the Yoast SEO plugin v28.3 - https:\/\/yoast.com\/product\/yoast-seo-wordpress\/ -->\n<title>Todav\u00eda no existe permiso para asistir a comicios del magisterio - El Diario - Bolivia<\/title>\n<meta name=\"robots\" content=\"index, follow, max-snippet:-1, max-image-preview:large, max-video-preview:-1\" \/>\n<link rel=\"canonical\" href=\"https:\/\/www.eldiario.net\/portal\/2022\/05\/05\/todavia-no-existe-permiso-para-asistir-a-comicios-del-magisterio\/\" \/>\n<meta property=\"og:locale\" content=\"es_ES\" \/>\n<meta property=\"og:type\" content=\"article\" \/>\n<meta property=\"og:title\" content=\"Todav\u00eda no existe permiso para asistir a comicios del magisterio - El Diario - Bolivia\" \/>\n<meta property=\"og:description\" content=\"El dirigente del magisterio de El Alto, Alex Morales, denunci\u00f3 que hasta la fecha no se ha emitido la resoluci\u00f3n administrativa de suspensi\u00f3n de labores escolares para el viernes 6 de mayo, oportunidad en que el sector realizar\u00e1 la elecci\u00f3n de sus dirigentes a nivel departamental. De acuerdo con el representante, esta actitud viene desde [&hellip;]\" \/>\n<meta property=\"og:url\" content=\"https:\/\/www.eldiario.net\/portal\/2022\/05\/05\/todavia-no-existe-permiso-para-asistir-a-comicios-del-magisterio\/\" \/>\n<meta property=\"og:site_name\" content=\"El Diario - Bolivia\" \/>\n<meta property=\"article:publisher\" content=\"https:\/\/www.facebook.com\/eldiario.bolivia\/\" \/>\n<meta property=\"article:published_time\" content=\"2022-05-05T08:53:05+00:00\" \/>\n<meta name=\"author\" content=\"Jeanette\" \/>\n<meta name=\"twitter:card\" content=\"summary_large_image\" \/>\n<meta name=\"twitter:creator\" content=\"@eldiario_net\" \/>\n<meta name=\"twitter:site\" content=\"@eldiario_net\" \/>\n<meta name=\"twitter:label1\" content=\"Escrito por\" \/>\n\t<meta name=\"twitter:data1\" content=\"Jeanette\" \/>\n\t<meta name=\"twitter:label2\" content=\"Tiempo de lectura\" \/>\n\t<meta name=\"twitter:data2\" content=\"2 minutos\" \/>\n<script type=\"application\/ld+json\" class=\"yoast-schema-graph\">{\"@context\":\"https:\\\/\\\/schema.org\",\"@graph\":[{\"@type\":\"Article\",\"@id\":\"https:\\\/\\\/www.eldiario.net\\\/portal\\\/2022\\\/05\\\/05\\\/todavia-no-existe-permiso-para-asistir-a-comicios-del-magisterio\\\/#article\",\"isPartOf\":{\"@id\":\"https:\\\/\\\/www.eldiario.net\\\/portal\\\/2022\\\/05\\\/05\\\/todavia-no-existe-permiso-para-asistir-a-comicios-del-magisterio\\\/\"},\"author\":{\"name\":\"Jeanette\",\"@id\":\"https:\\\/\\\/www.eldiario.net\\\/portal\\\/#\\\/schema\\\/person\\\/f46445640444750d7d753ccd04ae01b7\"},\"headline\":\"Todav\u00eda no existe permiso para asistir a comicios del magisterio\",\"datePublished\":\"2022-05-05T08:53:05+00:00\",\"mainEntityOfPage\":{\"@id\":\"https:\\\/\\\/www.eldiario.net\\\/portal\\\/2022\\\/05\\\/05\\\/todavia-no-existe-permiso-para-asistir-a-comicios-del-magisterio\\\/\"},\"wordCount\":398,\"publisher\":{\"@id\":\"https:\\\/\\\/www.eldiario.net\\\/portal\\\/#organization\"},\"image\":{\"@id\":\"https:\\\/\\\/www.eldiario.net\\\/portal\\\/2022\\\/05\\\/05\\\/todavia-no-existe-permiso-para-asistir-a-comicios-del-magisterio\\\/#primaryimage\"},\"thumbnailUrl\":\"\",\"articleSection\":[\"Nacional\"],\"inLanguage\":\"es\"},{\"@type\":\"WebPage\",\"@id\":\"https:\\\/\\\/www.eldiario.net\\\/portal\\\/2022\\\/05\\\/05\\\/todavia-no-existe-permiso-para-asistir-a-comicios-del-magisterio\\\/\",\"url\":\"https:\\\/\\\/www.eldiario.net\\\/portal\\\/2022\\\/05\\\/05\\\/todavia-no-existe-permiso-para-asistir-a-comicios-del-magisterio\\\/\",\"name\":\"Todav\u00eda no existe permiso para asistir a comicios del magisterio - El Diario - Bolivia\",\"isPartOf\":{\"@id\":\"https:\\\/\\\/www.eldiario.net\\\/portal\\\/#website\"},\"primaryImageOfPage\":{\"@id\":\"https:\\\/\\\/www.eldiario.net\\\/portal\\\/2022\\\/05\\\/05\\\/todavia-no-existe-permiso-para-asistir-a-comicios-del-magisterio\\\/#primaryimage\"},\"image\":{\"@id\":\"https:\\\/\\\/www.eldiario.net\\\/portal\\\/2022\\\/05\\\/05\\\/todavia-no-existe-permiso-para-asistir-a-comicios-del-magisterio\\\/#primaryimage\"},\"thumbnailUrl\":\"\",\"datePublished\":\"2022-05-05T08:53:05+00:00\",\"breadcrumb\":{\"@id\":\"https:\\\/\\\/www.eldiario.net\\\/portal\\\/2022\\\/05\\\/05\\\/todavia-no-existe-permiso-para-asistir-a-comicios-del-magisterio\\\/#breadcrumb\"},\"inLanguage\":\"es\",\"potentialAction\":[{\"@type\":\"ReadAction\",\"target\":[\"https:\\\/\\\/www.eldiario.net\\\/portal\\\/2022\\\/05\\\/05\\\/todavia-no-existe-permiso-para-asistir-a-comicios-del-magisterio\\\/\"]}]},{\"@type\":\"ImageObject\",\"inLanguage\":\"es\",\"@id\":\"https:\\\/\\\/www.eldiario.net\\\/portal\\\/2022\\\/05\\\/05\\\/todavia-no-existe-permiso-para-asistir-a-comicios-del-magisterio\\\/#primaryimage\",\"url\":\"\",\"contentUrl\":\"\"},{\"@type\":\"BreadcrumbList\",\"@id\":\"https:\\\/\\\/www.eldiario.net\\\/portal\\\/2022\\\/05\\\/05\\\/todavia-no-existe-permiso-para-asistir-a-comicios-del-magisterio\\\/#breadcrumb\",\"itemListElement\":[{\"@type\":\"ListItem\",\"position\":1,\"name\":\"Portada\",\"item\":\"https:\\\/\\\/www.eldiario.net\\\/portal\\\/\"},{\"@type\":\"ListItem\",\"position\":2,\"name\":\"Todav\u00eda no existe permiso para asistir a comicios del magisterio\"}]},{\"@type\":\"WebSite\",\"@id\":\"https:\\\/\\\/www.eldiario.net\\\/portal\\\/#website\",\"url\":\"https:\\\/\\\/www.eldiario.net\\\/portal\\\/\",\"name\":\"El Diario - Decano de la prensa nacional\",\"description\":\"El Diario - Decano de la prensa nacional\",\"publisher\":{\"@id\":\"https:\\\/\\\/www.eldiario.net\\\/portal\\\/#organization\"},\"potentialAction\":[{\"@type\":\"SearchAction\",\"target\":{\"@type\":\"EntryPoint\",\"urlTemplate\":\"https:\\\/\\\/www.eldiario.net\\\/portal\\\/?s={search_term_string}\"},\"query-input\":{\"@type\":\"PropertyValueSpecification\",\"valueRequired\":true,\"valueName\":\"search_term_string\"}}],\"inLanguage\":\"es\"},{\"@type\":\"Organization\",\"@id\":\"https:\\\/\\\/www.eldiario.net\\\/portal\\\/#organization\",\"name\":\"El Diario - Decano de la prensa nacional\",\"url\":\"https:\\\/\\\/www.eldiario.net\\\/portal\\\/\",\"logo\":{\"@type\":\"ImageObject\",\"inLanguage\":\"es\",\"@id\":\"https:\\\/\\\/www.eldiario.net\\\/portal\\\/#\\\/schema\\\/logo\\\/image\\\/\",\"url\":\"https:\\\/\\\/www.eldiario.net\\\/portal\\\/wp-content\\\/uploads\\\/2023\\\/07\\\/logo_ED.jpg\",\"contentUrl\":\"https:\\\/\\\/www.eldiario.net\\\/portal\\\/wp-content\\\/uploads\\\/2023\\\/07\\\/logo_ED.jpg\",\"width\":272,\"height\":52,\"caption\":\"El Diario - Decano de la prensa nacional\"},\"image\":{\"@id\":\"https:\\\/\\\/www.eldiario.net\\\/portal\\\/#\\\/schema\\\/logo\\\/image\\\/\"},\"sameAs\":[\"https:\\\/\\\/www.facebook.com\\\/eldiario.bolivia\\\/\",\"https:\\\/\\\/x.com\\\/eldiario_net\"]},{\"@type\":\"Person\",\"@id\":\"https:\\\/\\\/www.eldiario.net\\\/portal\\\/#\\\/schema\\\/person\\\/f46445640444750d7d753ccd04ae01b7\",\"name\":\"Jeanette\",\"image\":{\"@type\":\"ImageObject\",\"inLanguage\":\"es\",\"@id\":\"https:\\\/\\\/secure.gravatar.com\\\/avatar\\\/3ea2118a5f7dad2b7138b1187a6b7ee55f160b9968b66013c3a3ef39dd7e5798?s=96&d=mm&r=g\",\"url\":\"https:\\\/\\\/secure.gravatar.com\\\/avatar\\\/3ea2118a5f7dad2b7138b1187a6b7ee55f160b9968b66013c3a3ef39dd7e5798?s=96&d=mm&r=g\",\"contentUrl\":\"https:\\\/\\\/secure.gravatar.com\\\/avatar\\\/3ea2118a5f7dad2b7138b1187a6b7ee55f160b9968b66013c3a3ef39dd7e5798?s=96&d=mm&r=g\",\"caption\":\"Jeanette\"},\"sameAs\":[\"https:\\\/\\\/www.eldiario.net\\\/portal\"],\"url\":\"https:\\\/\\\/www.eldiario.net\\\/portal\\\/author\\\/jeanette\\\/\"}]}<\/script>\n<!-- \/ Yoast SEO plugin. -->","yoast_head_json":{"title":"Todav\u00eda no existe permiso para asistir a comicios del magisterio - El Diario - Bolivia","robots":{"index":"index","follow":"follow","max-snippet":"max-snippet:-1","max-image-preview":"max-image-preview:large","max-video-preview":"max-video-preview:-1"},"canonical":"https:\/\/www.eldiario.net\/portal\/2022\/05\/05\/todavia-no-existe-permiso-para-asistir-a-comicios-del-magisterio\/","og_locale":"es_ES","og_type":"article","og_title":"Todav\u00eda no existe permiso para asistir a comicios del magisterio - El Diario - Bolivia","og_description":"El dirigente del magisterio de El Alto, Alex Morales, denunci\u00f3 que hasta la fecha no se ha emitido la resoluci\u00f3n administrativa de suspensi\u00f3n de labores escolares para el viernes 6 de mayo, oportunidad en que el sector realizar\u00e1 la elecci\u00f3n de sus dirigentes a nivel departamental. De acuerdo con el representante, esta actitud viene desde [&hellip;]","og_url":"https:\/\/www.eldiario.net\/portal\/2022\/05\/05\/todavia-no-existe-permiso-para-asistir-a-comicios-del-magisterio\/","og_site_name":"El Diario - Bolivia","article_publisher":"https:\/\/www.facebook.com\/eldiario.bolivia\/","article_published_time":"2022-05-05T08:53:05+00:00","author":"Jeanette","twitter_card":"summary_large_image","twitter_creator":"@eldiario_net","twitter_site":"@eldiario_net","twitter_misc":{"Escrito por":"Jeanette","Tiempo de lectura":"2 minutos"},"schema":{"@context":"https:\/\/schema.org","@graph":[{"@type":"Article","@id":"https:\/\/www.eldiario.net\/portal\/2022\/05\/05\/todavia-no-existe-permiso-para-asistir-a-comicios-del-magisterio\/#article","isPartOf":{"@id":"https:\/\/www.eldiario.net\/portal\/2022\/05\/05\/todavia-no-existe-permiso-para-asistir-a-comicios-del-magisterio\/"},"author":{"name":"Jeanette","@id":"https:\/\/www.eldiario.net\/portal\/#\/schema\/person\/f46445640444750d7d753ccd04ae01b7"},"headline":"Todav\u00eda no existe permiso para asistir a comicios del magisterio","datePublished":"2022-05-05T08:53:05+00:00","mainEntityOfPage":{"@id":"https:\/\/www.eldiario.net\/portal\/2022\/05\/05\/todavia-no-existe-permiso-para-asistir-a-comicios-del-magisterio\/"},"wordCount":398,"publisher":{"@id":"https:\/\/www.eldiario.net\/portal\/#organization"},"image":{"@id":"https:\/\/www.eldiario.net\/portal\/2022\/05\/05\/todavia-no-existe-permiso-para-asistir-a-comicios-del-magisterio\/#primaryimage"},"thumbnailUrl":"","articleSection":["Nacional"],"inLanguage":"es"},{"@type":"WebPage","@id":"https:\/\/www.eldiario.net\/portal\/2022\/05\/05\/todavia-no-existe-permiso-para-asistir-a-comicios-del-magisterio\/","url":"https:\/\/www.eldiario.net\/portal\/2022\/05\/05\/todavia-no-existe-permiso-para-asistir-a-comicios-del-magisterio\/","name":"Todav\u00eda no existe permiso para asistir a comicios del magisterio - El Diario - Bolivia","isPartOf":{"@id":"https:\/\/www.eldiario.net\/portal\/#website"},"primaryImageOfPage":{"@id":"https:\/\/www.eldiario.net\/portal\/2022\/05\/05\/todavia-no-existe-permiso-para-asistir-a-comicios-del-magisterio\/#primaryimage"},"image":{"@id":"https:\/\/www.eldiario.net\/portal\/2022\/05\/05\/todavia-no-existe-permiso-para-asistir-a-comicios-del-magisterio\/#primaryimage"},"thumbnailUrl":"","datePublished":"2022-05-05T08:53:05+00:00","breadcrumb":{"@id":"https:\/\/www.eldiario.net\/portal\/2022\/05\/05\/todavia-no-existe-permiso-para-asistir-a-comicios-del-magisterio\/#breadcrumb"},"inLanguage":"es","potentialAction":[{"@type":"ReadAction","target":["https:\/\/www.eldiario.net\/portal\/2022\/05\/05\/todavia-no-existe-permiso-para-asistir-a-comicios-del-magisterio\/"]}]},{"@type":"ImageObject","inLanguage":"es","@id":"https:\/\/www.eldiario.net\/portal\/2022\/05\/05\/todavia-no-existe-permiso-para-asistir-a-comicios-del-magisterio\/#primaryimage","url":"","contentUrl":""},{"@type":"BreadcrumbList","@id":"https:\/\/www.eldiario.net\/portal\/2022\/05\/05\/todavia-no-existe-permiso-para-asistir-a-comicios-del-magisterio\/#breadcrumb","itemListElement":[{"@type":"ListItem","position":1,"name":"Portada","item":"https:\/\/www.eldiario.net\/portal\/"},{"@type":"ListItem","position":2,"name":"Todav\u00eda no existe permiso para asistir a comicios del magisterio"}]},{"@type":"WebSite","@id":"https:\/\/www.eldiario.net\/portal\/#website","url":"https:\/\/www.eldiario.net\/portal\/","name":"El Diario - Decano de la prensa nacional","description":"El Diario - Decano de la prensa nacional","publisher":{"@id":"https:\/\/www.eldiario.net\/portal\/#organization"},"potentialAction":[{"@type":"SearchAction","target":{"@type":"EntryPoint","urlTemplate":"https:\/\/www.eldiario.net\/portal\/?s={search_term_string}"},"query-input":{"@type":"PropertyValueSpecification","valueRequired":true,"valueName":"search_term_string"}}],"inLanguage":"es"},{"@type":"Organization","@id":"https:\/\/www.eldiario.net\/portal\/#organization","name":"El Diario - Decano de la prensa nacional","url":"https:\/\/www.eldiario.net\/portal\/","logo":{"@type":"ImageObject","inLanguage":"es","@id":"https:\/\/www.eldiario.net\/portal\/#\/schema\/logo\/image\/","url":"https:\/\/www.eldiario.net\/portal\/wp-content\/uploads\/2023\/07\/logo_ED.jpg","contentUrl":"https:\/\/www.eldiario.net\/portal\/wp-content\/uploads\/2023\/07\/logo_ED.jpg","width":272,"height":52,"caption":"El Diario - Decano de la prensa nacional"},"image":{"@id":"https:\/\/www.eldiario.net\/portal\/#\/schema\/logo\/image\/"},"sameAs":["https:\/\/www.facebook.com\/eldiario.bolivia\/","https:\/\/x.com\/eldiario_net"]},{"@type":"Person","@id":"https:\/\/www.eldiario.net\/portal\/#\/schema\/person\/f46445640444750d7d753ccd04ae01b7","name":"Jeanette","image":{"@type":"ImageObject","inLanguage":"es","@id":"https:\/\/secure.gravatar.com\/avatar\/3ea2118a5f7dad2b7138b1187a6b7ee55f160b9968b66013c3a3ef39dd7e5798?s=96&d=mm&r=g","url":"https:\/\/secure.gravatar.com\/avatar\/3ea2118a5f7dad2b7138b1187a6b7ee55f160b9968b66013c3a3ef39dd7e5798?s=96&d=mm&r=g","contentUrl":"https:\/\/secure.gravatar.com\/avatar\/3ea2118a5f7dad2b7138b1187a6b7ee55f160b9968b66013c3a3ef39dd7e5798?s=96&d=mm&r=g","caption":"Jeanette"},"sameAs":["https:\/\/www.eldiario.net\/portal"],"url":"https:\/\/www.eldiario.net\/portal\/author\/jeanette\/"}]}},"_links":{"self":[{"href":"https:\/\/www.eldiario.net\/portal\/wp-json\/wp\/v2\/posts\/81312","targetHints":{"allow":["GET"]}}],"collection":[{"href":"https:\/\/www.eldiario.net\/portal\/wp-json\/wp\/v2\/posts"}],"about":[{"href":"https:\/\/www.eldiario.net\/portal\/wp-json\/wp\/v2\/types\/post"}],"author":[{"embeddable":true,"href":"https:\/\/www.eldiario.net\/portal\/wp-json\/wp\/v2\/users\/1"}],"replies":[{"embeddable":true,"href":"https:\/\/www.eldiario.net\/portal\/wp-json\/wp\/v2\/comments?post=81312"}],"version-history":[{"count":0,"href":"https:\/\/www.eldiario.net\/portal\/wp-json\/wp\/v2\/posts\/81312\/revisions"}],"wp:attachment":[{"href":"https:\/\/www.eldiario.net\/portal\/wp-json\/wp\/v2\/media?parent=81312"}],"wp:term":[{"taxonomy":"category","embeddable":true,"href":"https:\/\/www.eldiario.net\/portal\/wp-json\/wp\/v2\/categories?post=81312"},{"taxonomy":"post_tag","embeddable":true,"href":"https:\/\/www.eldiario.net\/portal\/wp-json\/wp\/v2\/tags?post=81312"}],"curies":[{"name":"wp","href":"https:\/\/api.w.org\/{rel}","templated":true}]}}