{"id":81306,"date":"2022-05-05T04:49:43","date_gmt":"2022-05-05T08:49:43","guid":{"rendered":"https:\/\/www.eldiario.net\/portal\/?p=81306"},"modified":"2022-05-05T04:49:43","modified_gmt":"2022-05-05T08:49:43","slug":"convocan-a-olimpiada-cientifica-estudiantil","status":"publish","type":"post","link":"https:\/\/www.eldiario.net\/portal\/2022\/05\/05\/convocan-a-olimpiada-cientifica-estudiantil\/","title":{"rendered":"Convocan a Olimpiada  Cient\u00edfica Estudiantil"},"content":{"rendered":"<p>Est\u00e1n abiertas las inscripciones hasta el 19 de junio de este a\u00f1o para la Olimpiada Cient\u00edfica Estudiantil 2022, el evento busca promover y desarrollar el talento de los alumnos a nivel nacional, inform\u00f3 el Ministerio de Educaci\u00f3n.<\/p>\n<p>\u201cLa olimpiada cient\u00edfica es un incentivo para nuestros estudiantes, para que profundicen sus conocimientos, para que se esfuercen a ser los mejores. Es un espacio para mejorar la calidad educativa de nuestro pa\u00eds\u201d, expres\u00f3 el ministro de Educaci\u00f3n, Edgar Pary, durante el evento de premiaci\u00f3n de los 34 ganadores del departamento de La Paz, seg\u00fan un informe institucional.<\/p>\n<p>La 10ma Olimpiada Cient\u00edfica Estudiantil Plurinacional Boliviana, realizada durante la gesti\u00f3n 2021, tuvo un total de 339 ganadores, a nivel nacional. \u201cHacemos un reconocimiento a los 34 ganadores del departamento de La Paz, durante los pr\u00f3ximos d\u00edas premiaremos a los ganadores del resto del pa\u00eds\u201d, anunci\u00f3 el ministro, quien felicit\u00f3 a los medalleros de los nueve departamentos.<\/p>\n<p>\u201cNo necesitamos que gente extranjera venga a dise\u00f1ar nuestras pol\u00edticas econ\u00f3micas. Ustedes van a ser los dise\u00f1adores de pol\u00edticas sociales y econ\u00f3micas en nuestro pa\u00eds. Con ustedes vamos a aportar al desarrollo socioecon\u00f3mico de Bolivia\u201d, sostuvo Pary, antes de destacar la participaci\u00f3n de mujeres en la competici\u00f3n cient\u00edfica. El 2021, el 55% de los inscritos eran del g\u00e9nero femenino.<\/p>\n<p>El Ministerio de Educaci\u00f3n, a trav\u00e9s del Viceministerio de Ciencia y Tecnolog\u00eda, organiza cada a\u00f1o la Olimpiada Cient\u00edfica Estudiantil Plurinacional Boliviana con el objetivo de promover el desarrollo de capacidades cient\u00edficas y tecnol\u00f3gicas e identificar talentos cient\u00edficos en estudiantes del Subsistema de Educaci\u00f3n Regular.<\/p>\n<p>Estudiantes bolivianos del Subsistema de Educaci\u00f3n Regular de todas las unidades educativas fiscales, privadas y de convenio del Estado Plurinacional de Bolivia pueden participar en el certamen, en las \u00e1reas de: Matem\u00e1tica, F\u00edsica, Qu\u00edmica, Biolog\u00eda, Geograf\u00eda, Astronom\u00eda-Astrof\u00edsica, Inform\u00e1tica, Rob\u00f3tica y Feria Cient\u00edfica.<\/p>\n<p>La m\u00e1xima autoridad de la cartera de Educaci\u00f3n anunci\u00f3 que la 11va versi\u00f3n de la competici\u00f3n cient\u00edfica abre sus inscripciones a partir del 3 de mayo hasta el 19 de junio, ingresando a la p\u00e1gina <a href=\"http:\/\/www.olimpiada.minedu.gob.bo\">www.olimpiada.minedu.gob.bo<\/a>.<\/p>\n<p>&nbsp;<\/p>\n","protected":false},"excerpt":{"rendered":"<p>Est\u00e1n abiertas las inscripciones hasta el 19 de junio de este a\u00f1o para la Olimpiada Cient\u00edfica Estudiantil 2022, el evento busca promover y desarrollar el talento de los alumnos a nivel nacional, inform\u00f3 el Ministerio de Educaci\u00f3n. \u201cLa olimpiada cient\u00edfica es un incentivo para nuestros estudiantes, para que profundicen sus conocimientos, para que se esfuercen [&hellip;]<\/p>\n","protected":false},"author":1,"featured_media":81307,"comment_status":"closed","ping_status":"closed","sticky":false,"template":"","format":"standard","meta":{"_acf_changed":false,"footnotes":""},"categories":[12],"tags":[],"class_list":["post-81306","post","type-post","status-publish","format-standard","has-post-thumbnail","category-nacional"],"acf":{"antetitulo":""},"yoast_head":"<!-- This site is optimized with the Yoast SEO plugin v28.3 - https:\/\/yoast.com\/product\/yoast-seo-wordpress\/ -->\n<title>Convocan a Olimpiada Cient\u00edfica Estudiantil - El Diario - Bolivia<\/title>\n<meta name=\"robots\" content=\"index, follow, max-snippet:-1, max-image-preview:large, max-video-preview:-1\" \/>\n<link rel=\"canonical\" href=\"https:\/\/www.eldiario.net\/portal\/2022\/05\/05\/convocan-a-olimpiada-cientifica-estudiantil\/\" \/>\n<meta property=\"og:locale\" content=\"es_ES\" \/>\n<meta property=\"og:type\" content=\"article\" \/>\n<meta property=\"og:title\" content=\"Convocan a Olimpiada Cient\u00edfica Estudiantil - El Diario - Bolivia\" \/>\n<meta property=\"og:description\" content=\"Est\u00e1n abiertas las inscripciones hasta el 19 de junio de este a\u00f1o para la Olimpiada Cient\u00edfica Estudiantil 2022, el evento busca promover y desarrollar el talento de los alumnos a nivel nacional, inform\u00f3 el Ministerio de Educaci\u00f3n. \u201cLa olimpiada cient\u00edfica es un incentivo para nuestros estudiantes, para que profundicen sus conocimientos, para que se esfuercen [&hellip;]\" \/>\n<meta property=\"og:url\" content=\"https:\/\/www.eldiario.net\/portal\/2022\/05\/05\/convocan-a-olimpiada-cientifica-estudiantil\/\" \/>\n<meta property=\"og:site_name\" content=\"El Diario - Bolivia\" \/>\n<meta property=\"article:publisher\" content=\"https:\/\/www.facebook.com\/eldiario.bolivia\/\" \/>\n<meta property=\"article:published_time\" content=\"2022-05-05T08:49:43+00:00\" \/>\n<meta name=\"author\" content=\"Jeanette\" \/>\n<meta name=\"twitter:card\" content=\"summary_large_image\" \/>\n<meta name=\"twitter:creator\" content=\"@eldiario_net\" \/>\n<meta name=\"twitter:site\" content=\"@eldiario_net\" \/>\n<meta name=\"twitter:label1\" content=\"Escrito por\" \/>\n\t<meta name=\"twitter:data1\" content=\"Jeanette\" \/>\n\t<meta name=\"twitter:label2\" content=\"Tiempo de lectura\" \/>\n\t<meta name=\"twitter:data2\" content=\"2 minutos\" \/>\n<script type=\"application\/ld+json\" class=\"yoast-schema-graph\">{\"@context\":\"https:\\\/\\\/schema.org\",\"@graph\":[{\"@type\":\"Article\",\"@id\":\"https:\\\/\\\/www.eldiario.net\\\/portal\\\/2022\\\/05\\\/05\\\/convocan-a-olimpiada-cientifica-estudiantil\\\/#article\",\"isPartOf\":{\"@id\":\"https:\\\/\\\/www.eldiario.net\\\/portal\\\/2022\\\/05\\\/05\\\/convocan-a-olimpiada-cientifica-estudiantil\\\/\"},\"author\":{\"name\":\"Jeanette\",\"@id\":\"https:\\\/\\\/www.eldiario.net\\\/portal\\\/#\\\/schema\\\/person\\\/f46445640444750d7d753ccd04ae01b7\"},\"headline\":\"Convocan a Olimpiada Cient\u00edfica Estudiantil\",\"datePublished\":\"2022-05-05T08:49:43+00:00\",\"mainEntityOfPage\":{\"@id\":\"https:\\\/\\\/www.eldiario.net\\\/portal\\\/2022\\\/05\\\/05\\\/convocan-a-olimpiada-cientifica-estudiantil\\\/\"},\"wordCount\":386,\"publisher\":{\"@id\":\"https:\\\/\\\/www.eldiario.net\\\/portal\\\/#organization\"},\"image\":{\"@id\":\"https:\\\/\\\/www.eldiario.net\\\/portal\\\/2022\\\/05\\\/05\\\/convocan-a-olimpiada-cientifica-estudiantil\\\/#primaryimage\"},\"thumbnailUrl\":\"\",\"articleSection\":[\"Nacional\"],\"inLanguage\":\"es\"},{\"@type\":\"WebPage\",\"@id\":\"https:\\\/\\\/www.eldiario.net\\\/portal\\\/2022\\\/05\\\/05\\\/convocan-a-olimpiada-cientifica-estudiantil\\\/\",\"url\":\"https:\\\/\\\/www.eldiario.net\\\/portal\\\/2022\\\/05\\\/05\\\/convocan-a-olimpiada-cientifica-estudiantil\\\/\",\"name\":\"Convocan a Olimpiada Cient\u00edfica Estudiantil - El Diario - Bolivia\",\"isPartOf\":{\"@id\":\"https:\\\/\\\/www.eldiario.net\\\/portal\\\/#website\"},\"primaryImageOfPage\":{\"@id\":\"https:\\\/\\\/www.eldiario.net\\\/portal\\\/2022\\\/05\\\/05\\\/convocan-a-olimpiada-cientifica-estudiantil\\\/#primaryimage\"},\"image\":{\"@id\":\"https:\\\/\\\/www.eldiario.net\\\/portal\\\/2022\\\/05\\\/05\\\/convocan-a-olimpiada-cientifica-estudiantil\\\/#primaryimage\"},\"thumbnailUrl\":\"\",\"datePublished\":\"2022-05-05T08:49:43+00:00\",\"breadcrumb\":{\"@id\":\"https:\\\/\\\/www.eldiario.net\\\/portal\\\/2022\\\/05\\\/05\\\/convocan-a-olimpiada-cientifica-estudiantil\\\/#breadcrumb\"},\"inLanguage\":\"es\",\"potentialAction\":[{\"@type\":\"ReadAction\",\"target\":[\"https:\\\/\\\/www.eldiario.net\\\/portal\\\/2022\\\/05\\\/05\\\/convocan-a-olimpiada-cientifica-estudiantil\\\/\"]}]},{\"@type\":\"ImageObject\",\"inLanguage\":\"es\",\"@id\":\"https:\\\/\\\/www.eldiario.net\\\/portal\\\/2022\\\/05\\\/05\\\/convocan-a-olimpiada-cientifica-estudiantil\\\/#primaryimage\",\"url\":\"\",\"contentUrl\":\"\"},{\"@type\":\"BreadcrumbList\",\"@id\":\"https:\\\/\\\/www.eldiario.net\\\/portal\\\/2022\\\/05\\\/05\\\/convocan-a-olimpiada-cientifica-estudiantil\\\/#breadcrumb\",\"itemListElement\":[{\"@type\":\"ListItem\",\"position\":1,\"name\":\"Portada\",\"item\":\"https:\\\/\\\/www.eldiario.net\\\/portal\\\/\"},{\"@type\":\"ListItem\",\"position\":2,\"name\":\"Convocan a Olimpiada Cient\u00edfica Estudiantil\"}]},{\"@type\":\"WebSite\",\"@id\":\"https:\\\/\\\/www.eldiario.net\\\/portal\\\/#website\",\"url\":\"https:\\\/\\\/www.eldiario.net\\\/portal\\\/\",\"name\":\"El Diario - Decano de la prensa nacional\",\"description\":\"El Diario - Decano de la prensa nacional\",\"publisher\":{\"@id\":\"https:\\\/\\\/www.eldiario.net\\\/portal\\\/#organization\"},\"potentialAction\":[{\"@type\":\"SearchAction\",\"target\":{\"@type\":\"EntryPoint\",\"urlTemplate\":\"https:\\\/\\\/www.eldiario.net\\\/portal\\\/?s={search_term_string}\"},\"query-input\":{\"@type\":\"PropertyValueSpecification\",\"valueRequired\":true,\"valueName\":\"search_term_string\"}}],\"inLanguage\":\"es\"},{\"@type\":\"Organization\",\"@id\":\"https:\\\/\\\/www.eldiario.net\\\/portal\\\/#organization\",\"name\":\"El Diario - Decano de la prensa nacional\",\"url\":\"https:\\\/\\\/www.eldiario.net\\\/portal\\\/\",\"logo\":{\"@type\":\"ImageObject\",\"inLanguage\":\"es\",\"@id\":\"https:\\\/\\\/www.eldiario.net\\\/portal\\\/#\\\/schema\\\/logo\\\/image\\\/\",\"url\":\"https:\\\/\\\/www.eldiario.net\\\/portal\\\/wp-content\\\/uploads\\\/2023\\\/07\\\/logo_ED.jpg\",\"contentUrl\":\"https:\\\/\\\/www.eldiario.net\\\/portal\\\/wp-content\\\/uploads\\\/2023\\\/07\\\/logo_ED.jpg\",\"width\":272,\"height\":52,\"caption\":\"El Diario - Decano de la prensa nacional\"},\"image\":{\"@id\":\"https:\\\/\\\/www.eldiario.net\\\/portal\\\/#\\\/schema\\\/logo\\\/image\\\/\"},\"sameAs\":[\"https:\\\/\\\/www.facebook.com\\\/eldiario.bolivia\\\/\",\"https:\\\/\\\/x.com\\\/eldiario_net\"]},{\"@type\":\"Person\",\"@id\":\"https:\\\/\\\/www.eldiario.net\\\/portal\\\/#\\\/schema\\\/person\\\/f46445640444750d7d753ccd04ae01b7\",\"name\":\"Jeanette\",\"image\":{\"@type\":\"ImageObject\",\"inLanguage\":\"es\",\"@id\":\"https:\\\/\\\/secure.gravatar.com\\\/avatar\\\/3ea2118a5f7dad2b7138b1187a6b7ee55f160b9968b66013c3a3ef39dd7e5798?s=96&d=mm&r=g\",\"url\":\"https:\\\/\\\/secure.gravatar.com\\\/avatar\\\/3ea2118a5f7dad2b7138b1187a6b7ee55f160b9968b66013c3a3ef39dd7e5798?s=96&d=mm&r=g\",\"contentUrl\":\"https:\\\/\\\/secure.gravatar.com\\\/avatar\\\/3ea2118a5f7dad2b7138b1187a6b7ee55f160b9968b66013c3a3ef39dd7e5798?s=96&d=mm&r=g\",\"caption\":\"Jeanette\"},\"sameAs\":[\"https:\\\/\\\/www.eldiario.net\\\/portal\"],\"url\":\"https:\\\/\\\/www.eldiario.net\\\/portal\\\/author\\\/jeanette\\\/\"}]}<\/script>\n<!-- \/ Yoast SEO plugin. -->","yoast_head_json":{"title":"Convocan a Olimpiada Cient\u00edfica Estudiantil - El Diario - Bolivia","robots":{"index":"index","follow":"follow","max-snippet":"max-snippet:-1","max-image-preview":"max-image-preview:large","max-video-preview":"max-video-preview:-1"},"canonical":"https:\/\/www.eldiario.net\/portal\/2022\/05\/05\/convocan-a-olimpiada-cientifica-estudiantil\/","og_locale":"es_ES","og_type":"article","og_title":"Convocan a Olimpiada Cient\u00edfica Estudiantil - El Diario - Bolivia","og_description":"Est\u00e1n abiertas las inscripciones hasta el 19 de junio de este a\u00f1o para la Olimpiada Cient\u00edfica Estudiantil 2022, el evento busca promover y desarrollar el talento de los alumnos a nivel nacional, inform\u00f3 el Ministerio de Educaci\u00f3n. \u201cLa olimpiada cient\u00edfica es un incentivo para nuestros estudiantes, para que profundicen sus conocimientos, para que se esfuercen [&hellip;]","og_url":"https:\/\/www.eldiario.net\/portal\/2022\/05\/05\/convocan-a-olimpiada-cientifica-estudiantil\/","og_site_name":"El Diario - Bolivia","article_publisher":"https:\/\/www.facebook.com\/eldiario.bolivia\/","article_published_time":"2022-05-05T08:49:43+00:00","author":"Jeanette","twitter_card":"summary_large_image","twitter_creator":"@eldiario_net","twitter_site":"@eldiario_net","twitter_misc":{"Escrito por":"Jeanette","Tiempo de lectura":"2 minutos"},"schema":{"@context":"https:\/\/schema.org","@graph":[{"@type":"Article","@id":"https:\/\/www.eldiario.net\/portal\/2022\/05\/05\/convocan-a-olimpiada-cientifica-estudiantil\/#article","isPartOf":{"@id":"https:\/\/www.eldiario.net\/portal\/2022\/05\/05\/convocan-a-olimpiada-cientifica-estudiantil\/"},"author":{"name":"Jeanette","@id":"https:\/\/www.eldiario.net\/portal\/#\/schema\/person\/f46445640444750d7d753ccd04ae01b7"},"headline":"Convocan a Olimpiada Cient\u00edfica Estudiantil","datePublished":"2022-05-05T08:49:43+00:00","mainEntityOfPage":{"@id":"https:\/\/www.eldiario.net\/portal\/2022\/05\/05\/convocan-a-olimpiada-cientifica-estudiantil\/"},"wordCount":386,"publisher":{"@id":"https:\/\/www.eldiario.net\/portal\/#organization"},"image":{"@id":"https:\/\/www.eldiario.net\/portal\/2022\/05\/05\/convocan-a-olimpiada-cientifica-estudiantil\/#primaryimage"},"thumbnailUrl":"","articleSection":["Nacional"],"inLanguage":"es"},{"@type":"WebPage","@id":"https:\/\/www.eldiario.net\/portal\/2022\/05\/05\/convocan-a-olimpiada-cientifica-estudiantil\/","url":"https:\/\/www.eldiario.net\/portal\/2022\/05\/05\/convocan-a-olimpiada-cientifica-estudiantil\/","name":"Convocan a Olimpiada Cient\u00edfica Estudiantil - El Diario - Bolivia","isPartOf":{"@id":"https:\/\/www.eldiario.net\/portal\/#website"},"primaryImageOfPage":{"@id":"https:\/\/www.eldiario.net\/portal\/2022\/05\/05\/convocan-a-olimpiada-cientifica-estudiantil\/#primaryimage"},"image":{"@id":"https:\/\/www.eldiario.net\/portal\/2022\/05\/05\/convocan-a-olimpiada-cientifica-estudiantil\/#primaryimage"},"thumbnailUrl":"","datePublished":"2022-05-05T08:49:43+00:00","breadcrumb":{"@id":"https:\/\/www.eldiario.net\/portal\/2022\/05\/05\/convocan-a-olimpiada-cientifica-estudiantil\/#breadcrumb"},"inLanguage":"es","potentialAction":[{"@type":"ReadAction","target":["https:\/\/www.eldiario.net\/portal\/2022\/05\/05\/convocan-a-olimpiada-cientifica-estudiantil\/"]}]},{"@type":"ImageObject","inLanguage":"es","@id":"https:\/\/www.eldiario.net\/portal\/2022\/05\/05\/convocan-a-olimpiada-cientifica-estudiantil\/#primaryimage","url":"","contentUrl":""},{"@type":"BreadcrumbList","@id":"https:\/\/www.eldiario.net\/portal\/2022\/05\/05\/convocan-a-olimpiada-cientifica-estudiantil\/#breadcrumb","itemListElement":[{"@type":"ListItem","position":1,"name":"Portada","item":"https:\/\/www.eldiario.net\/portal\/"},{"@type":"ListItem","position":2,"name":"Convocan a Olimpiada Cient\u00edfica Estudiantil"}]},{"@type":"WebSite","@id":"https:\/\/www.eldiario.net\/portal\/#website","url":"https:\/\/www.eldiario.net\/portal\/","name":"El Diario - Decano de la prensa nacional","description":"El Diario - Decano de la prensa nacional","publisher":{"@id":"https:\/\/www.eldiario.net\/portal\/#organization"},"potentialAction":[{"@type":"SearchAction","target":{"@type":"EntryPoint","urlTemplate":"https:\/\/www.eldiario.net\/portal\/?s={search_term_string}"},"query-input":{"@type":"PropertyValueSpecification","valueRequired":true,"valueName":"search_term_string"}}],"inLanguage":"es"},{"@type":"Organization","@id":"https:\/\/www.eldiario.net\/portal\/#organization","name":"El Diario - Decano de la prensa nacional","url":"https:\/\/www.eldiario.net\/portal\/","logo":{"@type":"ImageObject","inLanguage":"es","@id":"https:\/\/www.eldiario.net\/portal\/#\/schema\/logo\/image\/","url":"https:\/\/www.eldiario.net\/portal\/wp-content\/uploads\/2023\/07\/logo_ED.jpg","contentUrl":"https:\/\/www.eldiario.net\/portal\/wp-content\/uploads\/2023\/07\/logo_ED.jpg","width":272,"height":52,"caption":"El Diario - Decano de la prensa nacional"},"image":{"@id":"https:\/\/www.eldiario.net\/portal\/#\/schema\/logo\/image\/"},"sameAs":["https:\/\/www.facebook.com\/eldiario.bolivia\/","https:\/\/x.com\/eldiario_net"]},{"@type":"Person","@id":"https:\/\/www.eldiario.net\/portal\/#\/schema\/person\/f46445640444750d7d753ccd04ae01b7","name":"Jeanette","image":{"@type":"ImageObject","inLanguage":"es","@id":"https:\/\/secure.gravatar.com\/avatar\/3ea2118a5f7dad2b7138b1187a6b7ee55f160b9968b66013c3a3ef39dd7e5798?s=96&d=mm&r=g","url":"https:\/\/secure.gravatar.com\/avatar\/3ea2118a5f7dad2b7138b1187a6b7ee55f160b9968b66013c3a3ef39dd7e5798?s=96&d=mm&r=g","contentUrl":"https:\/\/secure.gravatar.com\/avatar\/3ea2118a5f7dad2b7138b1187a6b7ee55f160b9968b66013c3a3ef39dd7e5798?s=96&d=mm&r=g","caption":"Jeanette"},"sameAs":["https:\/\/www.eldiario.net\/portal"],"url":"https:\/\/www.eldiario.net\/portal\/author\/jeanette\/"}]}},"_links":{"self":[{"href":"https:\/\/www.eldiario.net\/portal\/wp-json\/wp\/v2\/posts\/81306","targetHints":{"allow":["GET"]}}],"collection":[{"href":"https:\/\/www.eldiario.net\/portal\/wp-json\/wp\/v2\/posts"}],"about":[{"href":"https:\/\/www.eldiario.net\/portal\/wp-json\/wp\/v2\/types\/post"}],"author":[{"embeddable":true,"href":"https:\/\/www.eldiario.net\/portal\/wp-json\/wp\/v2\/users\/1"}],"replies":[{"embeddable":true,"href":"https:\/\/www.eldiario.net\/portal\/wp-json\/wp\/v2\/comments?post=81306"}],"version-history":[{"count":0,"href":"https:\/\/www.eldiario.net\/portal\/wp-json\/wp\/v2\/posts\/81306\/revisions"}],"wp:attachment":[{"href":"https:\/\/www.eldiario.net\/portal\/wp-json\/wp\/v2\/media?parent=81306"}],"wp:term":[{"taxonomy":"category","embeddable":true,"href":"https:\/\/www.eldiario.net\/portal\/wp-json\/wp\/v2\/categories?post=81306"},{"taxonomy":"post_tag","embeddable":true,"href":"https:\/\/www.eldiario.net\/portal\/wp-json\/wp\/v2\/tags?post=81306"}],"curies":[{"name":"wp","href":"https:\/\/api.w.org\/{rel}","templated":true}]}}