{"id":81303,"date":"2022-05-05T04:48:13","date_gmt":"2022-05-05T08:48:13","guid":{"rendered":"https:\/\/www.eldiario.net\/portal\/?p=81303"},"modified":"2022-05-05T04:48:13","modified_gmt":"2022-05-05T08:48:13","slug":"arias-y-quispe-reunidos-para-definir-presidencia-del-concejo-municipal","status":"publish","type":"post","link":"https:\/\/www.eldiario.net\/portal\/2022\/05\/05\/arias-y-quispe-reunidos-para-definir-presidencia-del-concejo-municipal\/","title":{"rendered":"Arias y Quispe reunidos para definir presidencia del Concejo Municipal"},"content":{"rendered":"<p>La alianza Por el Bien Com\u00fan Somos Pueblo se reuni\u00f3 desde las primeras horas de la tarde de ayer en un c\u00e9ntrico edificio en la zona de Miraflores para definir qui\u00e9n asumir\u00e1 la presidencia del Concejo Municipal en la gesti\u00f3n 2022-2023.<\/p>\n<p>El alcalde de la ciudad de La Paz, Iv\u00e1n Arias, indic\u00f3 que no permitir\u00e1 que el Movimiento Al Socialismo (MAS) asuma la silla de la presidencia del Concejo, m\u00e1s a\u00fan cuando son minor\u00eda. En la reuni\u00f3n participa Rafael Quipe, a quien llam\u00f3 traidor y acus\u00f3 de gestar un golpe de Estado municipal.<\/p>\n<p>\u201cNosotros no vamos a permitir que el Movimiento Al Socialismo, con sus concejales, quiera ganar lo que perdi\u00f3 en las urnas. Como alianza vamos a tomar una decisi\u00f3n y es lo que se va a respetar, somos nosotros que hemos ganado la Alcald\u00eda de La Paz\u201d, declar\u00f3 la autoridad municipal a Urgente.bo.<\/p>\n<p>Arias indic\u00f3 que la alianza \u201catraviesa por uno de los momentos m\u00e1s dif\u00edciles\u201d. Quispe quiere que la concejala Lourdes Chambilla sea la que asuma la presidencia del Concejo Municipal en el marco de la alternancia.<\/p>\n<p>Por la ma\u00f1ana, los concejales de Por el Bien Com\u00fan Somos Pueblo, calificaron como \u201ctraidor a Quispe y rechazaron que Chambilla no haya respetado la decisi\u00f3n de la bancada mayoritaria.<\/p>\n<p>\u201cSe ha autonominado para presidenta del Consejo Municipal, no habiendo obtenido ni un solo voto, ni de la bancada mayoritaria de la bancada minoritaria, MAS-IPSP. Rafael Quispe no respet\u00f3 la decisi\u00f3n de sus propios concejales electos\u201d, lament\u00f3 una de las concejalas.<\/p>\n<p>&nbsp;<\/p>\n","protected":false},"excerpt":{"rendered":"<p>La alianza Por el Bien Com\u00fan Somos Pueblo se reuni\u00f3 desde las primeras horas de la tarde de ayer en un c\u00e9ntrico edificio en la zona de Miraflores para definir qui\u00e9n asumir\u00e1 la presidencia del Concejo Municipal en la gesti\u00f3n 2022-2023. El alcalde de la ciudad de La Paz, Iv\u00e1n Arias, indic\u00f3 que no permitir\u00e1 [&hellip;]<\/p>\n","protected":false},"author":1,"featured_media":81304,"comment_status":"closed","ping_status":"closed","sticky":false,"template":"","format":"standard","meta":{"_acf_changed":false,"footnotes":""},"categories":[12],"tags":[],"class_list":["post-81303","post","type-post","status-publish","format-standard","has-post-thumbnail","category-nacional"],"acf":{"antetitulo":""},"yoast_head":"<!-- This site is optimized with the Yoast SEO plugin v28.3 - https:\/\/yoast.com\/product\/yoast-seo-wordpress\/ -->\n<title>Arias y Quispe reunidos para definir presidencia del Concejo Municipal - El Diario - Bolivia<\/title>\n<meta name=\"robots\" content=\"index, follow, max-snippet:-1, max-image-preview:large, max-video-preview:-1\" \/>\n<link rel=\"canonical\" href=\"https:\/\/www.eldiario.net\/portal\/2022\/05\/05\/arias-y-quispe-reunidos-para-definir-presidencia-del-concejo-municipal\/\" \/>\n<meta property=\"og:locale\" content=\"es_ES\" \/>\n<meta property=\"og:type\" content=\"article\" \/>\n<meta property=\"og:title\" content=\"Arias y Quispe reunidos para definir presidencia del Concejo Municipal - El Diario - Bolivia\" \/>\n<meta property=\"og:description\" content=\"La alianza Por el Bien Com\u00fan Somos Pueblo se reuni\u00f3 desde las primeras horas de la tarde de ayer en un c\u00e9ntrico edificio en la zona de Miraflores para definir qui\u00e9n asumir\u00e1 la presidencia del Concejo Municipal en la gesti\u00f3n 2022-2023. El alcalde de la ciudad de La Paz, Iv\u00e1n Arias, indic\u00f3 que no permitir\u00e1 [&hellip;]\" \/>\n<meta property=\"og:url\" content=\"https:\/\/www.eldiario.net\/portal\/2022\/05\/05\/arias-y-quispe-reunidos-para-definir-presidencia-del-concejo-municipal\/\" \/>\n<meta property=\"og:site_name\" content=\"El Diario - Bolivia\" \/>\n<meta property=\"article:publisher\" content=\"https:\/\/www.facebook.com\/eldiario.bolivia\/\" \/>\n<meta property=\"article:published_time\" content=\"2022-05-05T08:48:13+00:00\" \/>\n<meta name=\"author\" content=\"Jeanette\" \/>\n<meta name=\"twitter:card\" content=\"summary_large_image\" \/>\n<meta name=\"twitter:creator\" content=\"@eldiario_net\" \/>\n<meta name=\"twitter:site\" content=\"@eldiario_net\" \/>\n<meta name=\"twitter:label1\" content=\"Escrito por\" \/>\n\t<meta name=\"twitter:data1\" content=\"Jeanette\" \/>\n\t<meta name=\"twitter:label2\" content=\"Tiempo de lectura\" \/>\n\t<meta name=\"twitter:data2\" content=\"2 minutos\" \/>\n<script type=\"application\/ld+json\" class=\"yoast-schema-graph\">{\"@context\":\"https:\\\/\\\/schema.org\",\"@graph\":[{\"@type\":\"Article\",\"@id\":\"https:\\\/\\\/www.eldiario.net\\\/portal\\\/2022\\\/05\\\/05\\\/arias-y-quispe-reunidos-para-definir-presidencia-del-concejo-municipal\\\/#article\",\"isPartOf\":{\"@id\":\"https:\\\/\\\/www.eldiario.net\\\/portal\\\/2022\\\/05\\\/05\\\/arias-y-quispe-reunidos-para-definir-presidencia-del-concejo-municipal\\\/\"},\"author\":{\"name\":\"Jeanette\",\"@id\":\"https:\\\/\\\/www.eldiario.net\\\/portal\\\/#\\\/schema\\\/person\\\/f46445640444750d7d753ccd04ae01b7\"},\"headline\":\"Arias y Quispe reunidos para definir presidencia del Concejo Municipal\",\"datePublished\":\"2022-05-05T08:48:13+00:00\",\"mainEntityOfPage\":{\"@id\":\"https:\\\/\\\/www.eldiario.net\\\/portal\\\/2022\\\/05\\\/05\\\/arias-y-quispe-reunidos-para-definir-presidencia-del-concejo-municipal\\\/\"},\"wordCount\":280,\"publisher\":{\"@id\":\"https:\\\/\\\/www.eldiario.net\\\/portal\\\/#organization\"},\"image\":{\"@id\":\"https:\\\/\\\/www.eldiario.net\\\/portal\\\/2022\\\/05\\\/05\\\/arias-y-quispe-reunidos-para-definir-presidencia-del-concejo-municipal\\\/#primaryimage\"},\"thumbnailUrl\":\"\",\"articleSection\":[\"Nacional\"],\"inLanguage\":\"es\"},{\"@type\":\"WebPage\",\"@id\":\"https:\\\/\\\/www.eldiario.net\\\/portal\\\/2022\\\/05\\\/05\\\/arias-y-quispe-reunidos-para-definir-presidencia-del-concejo-municipal\\\/\",\"url\":\"https:\\\/\\\/www.eldiario.net\\\/portal\\\/2022\\\/05\\\/05\\\/arias-y-quispe-reunidos-para-definir-presidencia-del-concejo-municipal\\\/\",\"name\":\"Arias y Quispe reunidos para definir presidencia del Concejo Municipal - El Diario - Bolivia\",\"isPartOf\":{\"@id\":\"https:\\\/\\\/www.eldiario.net\\\/portal\\\/#website\"},\"primaryImageOfPage\":{\"@id\":\"https:\\\/\\\/www.eldiario.net\\\/portal\\\/2022\\\/05\\\/05\\\/arias-y-quispe-reunidos-para-definir-presidencia-del-concejo-municipal\\\/#primaryimage\"},\"image\":{\"@id\":\"https:\\\/\\\/www.eldiario.net\\\/portal\\\/2022\\\/05\\\/05\\\/arias-y-quispe-reunidos-para-definir-presidencia-del-concejo-municipal\\\/#primaryimage\"},\"thumbnailUrl\":\"\",\"datePublished\":\"2022-05-05T08:48:13+00:00\",\"breadcrumb\":{\"@id\":\"https:\\\/\\\/www.eldiario.net\\\/portal\\\/2022\\\/05\\\/05\\\/arias-y-quispe-reunidos-para-definir-presidencia-del-concejo-municipal\\\/#breadcrumb\"},\"inLanguage\":\"es\",\"potentialAction\":[{\"@type\":\"ReadAction\",\"target\":[\"https:\\\/\\\/www.eldiario.net\\\/portal\\\/2022\\\/05\\\/05\\\/arias-y-quispe-reunidos-para-definir-presidencia-del-concejo-municipal\\\/\"]}]},{\"@type\":\"ImageObject\",\"inLanguage\":\"es\",\"@id\":\"https:\\\/\\\/www.eldiario.net\\\/portal\\\/2022\\\/05\\\/05\\\/arias-y-quispe-reunidos-para-definir-presidencia-del-concejo-municipal\\\/#primaryimage\",\"url\":\"\",\"contentUrl\":\"\"},{\"@type\":\"BreadcrumbList\",\"@id\":\"https:\\\/\\\/www.eldiario.net\\\/portal\\\/2022\\\/05\\\/05\\\/arias-y-quispe-reunidos-para-definir-presidencia-del-concejo-municipal\\\/#breadcrumb\",\"itemListElement\":[{\"@type\":\"ListItem\",\"position\":1,\"name\":\"Portada\",\"item\":\"https:\\\/\\\/www.eldiario.net\\\/portal\\\/\"},{\"@type\":\"ListItem\",\"position\":2,\"name\":\"Arias y Quispe reunidos para definir presidencia del Concejo Municipal\"}]},{\"@type\":\"WebSite\",\"@id\":\"https:\\\/\\\/www.eldiario.net\\\/portal\\\/#website\",\"url\":\"https:\\\/\\\/www.eldiario.net\\\/portal\\\/\",\"name\":\"El Diario - Decano de la prensa nacional\",\"description\":\"El Diario - Decano de la prensa nacional\",\"publisher\":{\"@id\":\"https:\\\/\\\/www.eldiario.net\\\/portal\\\/#organization\"},\"potentialAction\":[{\"@type\":\"SearchAction\",\"target\":{\"@type\":\"EntryPoint\",\"urlTemplate\":\"https:\\\/\\\/www.eldiario.net\\\/portal\\\/?s={search_term_string}\"},\"query-input\":{\"@type\":\"PropertyValueSpecification\",\"valueRequired\":true,\"valueName\":\"search_term_string\"}}],\"inLanguage\":\"es\"},{\"@type\":\"Organization\",\"@id\":\"https:\\\/\\\/www.eldiario.net\\\/portal\\\/#organization\",\"name\":\"El Diario - Decano de la prensa nacional\",\"url\":\"https:\\\/\\\/www.eldiario.net\\\/portal\\\/\",\"logo\":{\"@type\":\"ImageObject\",\"inLanguage\":\"es\",\"@id\":\"https:\\\/\\\/www.eldiario.net\\\/portal\\\/#\\\/schema\\\/logo\\\/image\\\/\",\"url\":\"https:\\\/\\\/www.eldiario.net\\\/portal\\\/wp-content\\\/uploads\\\/2023\\\/07\\\/logo_ED.jpg\",\"contentUrl\":\"https:\\\/\\\/www.eldiario.net\\\/portal\\\/wp-content\\\/uploads\\\/2023\\\/07\\\/logo_ED.jpg\",\"width\":272,\"height\":52,\"caption\":\"El Diario - Decano de la prensa nacional\"},\"image\":{\"@id\":\"https:\\\/\\\/www.eldiario.net\\\/portal\\\/#\\\/schema\\\/logo\\\/image\\\/\"},\"sameAs\":[\"https:\\\/\\\/www.facebook.com\\\/eldiario.bolivia\\\/\",\"https:\\\/\\\/x.com\\\/eldiario_net\"]},{\"@type\":\"Person\",\"@id\":\"https:\\\/\\\/www.eldiario.net\\\/portal\\\/#\\\/schema\\\/person\\\/f46445640444750d7d753ccd04ae01b7\",\"name\":\"Jeanette\",\"image\":{\"@type\":\"ImageObject\",\"inLanguage\":\"es\",\"@id\":\"https:\\\/\\\/secure.gravatar.com\\\/avatar\\\/3ea2118a5f7dad2b7138b1187a6b7ee55f160b9968b66013c3a3ef39dd7e5798?s=96&d=mm&r=g\",\"url\":\"https:\\\/\\\/secure.gravatar.com\\\/avatar\\\/3ea2118a5f7dad2b7138b1187a6b7ee55f160b9968b66013c3a3ef39dd7e5798?s=96&d=mm&r=g\",\"contentUrl\":\"https:\\\/\\\/secure.gravatar.com\\\/avatar\\\/3ea2118a5f7dad2b7138b1187a6b7ee55f160b9968b66013c3a3ef39dd7e5798?s=96&d=mm&r=g\",\"caption\":\"Jeanette\"},\"sameAs\":[\"https:\\\/\\\/www.eldiario.net\\\/portal\"],\"url\":\"https:\\\/\\\/www.eldiario.net\\\/portal\\\/author\\\/jeanette\\\/\"}]}<\/script>\n<!-- \/ Yoast SEO plugin. -->","yoast_head_json":{"title":"Arias y Quispe reunidos para definir presidencia del Concejo Municipal - El Diario - Bolivia","robots":{"index":"index","follow":"follow","max-snippet":"max-snippet:-1","max-image-preview":"max-image-preview:large","max-video-preview":"max-video-preview:-1"},"canonical":"https:\/\/www.eldiario.net\/portal\/2022\/05\/05\/arias-y-quispe-reunidos-para-definir-presidencia-del-concejo-municipal\/","og_locale":"es_ES","og_type":"article","og_title":"Arias y Quispe reunidos para definir presidencia del Concejo Municipal - El Diario - Bolivia","og_description":"La alianza Por el Bien Com\u00fan Somos Pueblo se reuni\u00f3 desde las primeras horas de la tarde de ayer en un c\u00e9ntrico edificio en la zona de Miraflores para definir qui\u00e9n asumir\u00e1 la presidencia del Concejo Municipal en la gesti\u00f3n 2022-2023. El alcalde de la ciudad de La Paz, Iv\u00e1n Arias, indic\u00f3 que no permitir\u00e1 [&hellip;]","og_url":"https:\/\/www.eldiario.net\/portal\/2022\/05\/05\/arias-y-quispe-reunidos-para-definir-presidencia-del-concejo-municipal\/","og_site_name":"El Diario - Bolivia","article_publisher":"https:\/\/www.facebook.com\/eldiario.bolivia\/","article_published_time":"2022-05-05T08:48:13+00:00","author":"Jeanette","twitter_card":"summary_large_image","twitter_creator":"@eldiario_net","twitter_site":"@eldiario_net","twitter_misc":{"Escrito por":"Jeanette","Tiempo de lectura":"2 minutos"},"schema":{"@context":"https:\/\/schema.org","@graph":[{"@type":"Article","@id":"https:\/\/www.eldiario.net\/portal\/2022\/05\/05\/arias-y-quispe-reunidos-para-definir-presidencia-del-concejo-municipal\/#article","isPartOf":{"@id":"https:\/\/www.eldiario.net\/portal\/2022\/05\/05\/arias-y-quispe-reunidos-para-definir-presidencia-del-concejo-municipal\/"},"author":{"name":"Jeanette","@id":"https:\/\/www.eldiario.net\/portal\/#\/schema\/person\/f46445640444750d7d753ccd04ae01b7"},"headline":"Arias y Quispe reunidos para definir presidencia del Concejo Municipal","datePublished":"2022-05-05T08:48:13+00:00","mainEntityOfPage":{"@id":"https:\/\/www.eldiario.net\/portal\/2022\/05\/05\/arias-y-quispe-reunidos-para-definir-presidencia-del-concejo-municipal\/"},"wordCount":280,"publisher":{"@id":"https:\/\/www.eldiario.net\/portal\/#organization"},"image":{"@id":"https:\/\/www.eldiario.net\/portal\/2022\/05\/05\/arias-y-quispe-reunidos-para-definir-presidencia-del-concejo-municipal\/#primaryimage"},"thumbnailUrl":"","articleSection":["Nacional"],"inLanguage":"es"},{"@type":"WebPage","@id":"https:\/\/www.eldiario.net\/portal\/2022\/05\/05\/arias-y-quispe-reunidos-para-definir-presidencia-del-concejo-municipal\/","url":"https:\/\/www.eldiario.net\/portal\/2022\/05\/05\/arias-y-quispe-reunidos-para-definir-presidencia-del-concejo-municipal\/","name":"Arias y Quispe reunidos para definir presidencia del Concejo Municipal - El Diario - Bolivia","isPartOf":{"@id":"https:\/\/www.eldiario.net\/portal\/#website"},"primaryImageOfPage":{"@id":"https:\/\/www.eldiario.net\/portal\/2022\/05\/05\/arias-y-quispe-reunidos-para-definir-presidencia-del-concejo-municipal\/#primaryimage"},"image":{"@id":"https:\/\/www.eldiario.net\/portal\/2022\/05\/05\/arias-y-quispe-reunidos-para-definir-presidencia-del-concejo-municipal\/#primaryimage"},"thumbnailUrl":"","datePublished":"2022-05-05T08:48:13+00:00","breadcrumb":{"@id":"https:\/\/www.eldiario.net\/portal\/2022\/05\/05\/arias-y-quispe-reunidos-para-definir-presidencia-del-concejo-municipal\/#breadcrumb"},"inLanguage":"es","potentialAction":[{"@type":"ReadAction","target":["https:\/\/www.eldiario.net\/portal\/2022\/05\/05\/arias-y-quispe-reunidos-para-definir-presidencia-del-concejo-municipal\/"]}]},{"@type":"ImageObject","inLanguage":"es","@id":"https:\/\/www.eldiario.net\/portal\/2022\/05\/05\/arias-y-quispe-reunidos-para-definir-presidencia-del-concejo-municipal\/#primaryimage","url":"","contentUrl":""},{"@type":"BreadcrumbList","@id":"https:\/\/www.eldiario.net\/portal\/2022\/05\/05\/arias-y-quispe-reunidos-para-definir-presidencia-del-concejo-municipal\/#breadcrumb","itemListElement":[{"@type":"ListItem","position":1,"name":"Portada","item":"https:\/\/www.eldiario.net\/portal\/"},{"@type":"ListItem","position":2,"name":"Arias y Quispe reunidos para definir presidencia del Concejo Municipal"}]},{"@type":"WebSite","@id":"https:\/\/www.eldiario.net\/portal\/#website","url":"https:\/\/www.eldiario.net\/portal\/","name":"El Diario - Decano de la prensa nacional","description":"El Diario - Decano de la prensa nacional","publisher":{"@id":"https:\/\/www.eldiario.net\/portal\/#organization"},"potentialAction":[{"@type":"SearchAction","target":{"@type":"EntryPoint","urlTemplate":"https:\/\/www.eldiario.net\/portal\/?s={search_term_string}"},"query-input":{"@type":"PropertyValueSpecification","valueRequired":true,"valueName":"search_term_string"}}],"inLanguage":"es"},{"@type":"Organization","@id":"https:\/\/www.eldiario.net\/portal\/#organization","name":"El Diario - Decano de la prensa nacional","url":"https:\/\/www.eldiario.net\/portal\/","logo":{"@type":"ImageObject","inLanguage":"es","@id":"https:\/\/www.eldiario.net\/portal\/#\/schema\/logo\/image\/","url":"https:\/\/www.eldiario.net\/portal\/wp-content\/uploads\/2023\/07\/logo_ED.jpg","contentUrl":"https:\/\/www.eldiario.net\/portal\/wp-content\/uploads\/2023\/07\/logo_ED.jpg","width":272,"height":52,"caption":"El Diario - Decano de la prensa nacional"},"image":{"@id":"https:\/\/www.eldiario.net\/portal\/#\/schema\/logo\/image\/"},"sameAs":["https:\/\/www.facebook.com\/eldiario.bolivia\/","https:\/\/x.com\/eldiario_net"]},{"@type":"Person","@id":"https:\/\/www.eldiario.net\/portal\/#\/schema\/person\/f46445640444750d7d753ccd04ae01b7","name":"Jeanette","image":{"@type":"ImageObject","inLanguage":"es","@id":"https:\/\/secure.gravatar.com\/avatar\/3ea2118a5f7dad2b7138b1187a6b7ee55f160b9968b66013c3a3ef39dd7e5798?s=96&d=mm&r=g","url":"https:\/\/secure.gravatar.com\/avatar\/3ea2118a5f7dad2b7138b1187a6b7ee55f160b9968b66013c3a3ef39dd7e5798?s=96&d=mm&r=g","contentUrl":"https:\/\/secure.gravatar.com\/avatar\/3ea2118a5f7dad2b7138b1187a6b7ee55f160b9968b66013c3a3ef39dd7e5798?s=96&d=mm&r=g","caption":"Jeanette"},"sameAs":["https:\/\/www.eldiario.net\/portal"],"url":"https:\/\/www.eldiario.net\/portal\/author\/jeanette\/"}]}},"_links":{"self":[{"href":"https:\/\/www.eldiario.net\/portal\/wp-json\/wp\/v2\/posts\/81303","targetHints":{"allow":["GET"]}}],"collection":[{"href":"https:\/\/www.eldiario.net\/portal\/wp-json\/wp\/v2\/posts"}],"about":[{"href":"https:\/\/www.eldiario.net\/portal\/wp-json\/wp\/v2\/types\/post"}],"author":[{"embeddable":true,"href":"https:\/\/www.eldiario.net\/portal\/wp-json\/wp\/v2\/users\/1"}],"replies":[{"embeddable":true,"href":"https:\/\/www.eldiario.net\/portal\/wp-json\/wp\/v2\/comments?post=81303"}],"version-history":[{"count":0,"href":"https:\/\/www.eldiario.net\/portal\/wp-json\/wp\/v2\/posts\/81303\/revisions"}],"wp:attachment":[{"href":"https:\/\/www.eldiario.net\/portal\/wp-json\/wp\/v2\/media?parent=81303"}],"wp:term":[{"taxonomy":"category","embeddable":true,"href":"https:\/\/www.eldiario.net\/portal\/wp-json\/wp\/v2\/categories?post=81303"},{"taxonomy":"post_tag","embeddable":true,"href":"https:\/\/www.eldiario.net\/portal\/wp-json\/wp\/v2\/tags?post=81303"}],"curies":[{"name":"wp","href":"https:\/\/api.w.org\/{rel}","templated":true}]}}