{"id":81297,"date":"2022-05-05T04:45:02","date_gmt":"2022-05-05T08:45:02","guid":{"rendered":"https:\/\/www.eldiario.net\/portal\/?p=81297"},"modified":"2022-05-05T04:45:02","modified_gmt":"2022-05-05T08:45:02","slug":"imputan-a-policia-por-traslado-de-armamento-no-letal-de-ecuador","status":"publish","type":"post","link":"https:\/\/www.eldiario.net\/portal\/2022\/05\/05\/imputan-a-policia-por-traslado-de-armamento-no-letal-de-ecuador\/","title":{"rendered":"Imputan a polic\u00eda por traslado de  armamento no letal de Ecuador"},"content":{"rendered":"<p>El exsubcomandante de la Polic\u00eda, Claudio Z. E. L., fue imputado por la presunta comisi\u00f3n de los delitos de tr\u00e1fico il\u00edcito de armas y tenencia, porte o portaci\u00f3n y uso de armas no convencionales en grado de complicidad, en el marco de la investigaci\u00f3n por el pr\u00e9stamo de armamento no letal de Ecuador, en 2019, inform\u00f3 ayer el fiscal departamental de La Paz, William Alave.<\/p>\n<p>\u201cEn este caso, la Comisi\u00f3n de Fiscales emiti\u00f3 la imputaci\u00f3n formal en contra de esta exautoridad policial quien, en su calidad de Subcomandante de la Polic\u00eda, habr\u00eda participado de la reuni\u00f3n en Palacio de Gobierno el 15 de noviembre de 2019, a horas 16:30, aproximadamente, junto con el excomandante de la Polic\u00eda Rodolfo M. T. Adem\u00e1s, habr\u00eda realizado el seguimiento y supervisi\u00f3n de los dos funcionarios que viajaron al pa\u00eds del Ecuador y trasladaron los agentes qu\u00edmicos a Bolivia que, posteriormente, fueron distribuidos a las direcciones dependientes de la Polic\u00eda Boliviana\u201d, dijo la autoridad.<\/p>\n<p>Por su parte, el fiscal Eddy Flores inform\u00f3 que el ahora imputado presuntamente convoc\u00f3 al jefe del Departamento Nacional de Armamento y Equipo, William F. H., para que se constituya al Palacio de Gobierno y trasladarse al hangar de los Diablos Negros de El Alto.<\/p>\n<p>\u201cEl exjefe Policial habr\u00eda realizado la supervisi\u00f3n el 16 de noviembre de 2019, sobre la distribuci\u00f3n equitativa con las Fuerzas Armadas de los agentes qu\u00edmicos, lo que establece su presunta participaci\u00f3n en calidad de complicidad debido a que facilit\u00f3 y cooper\u00f3 en la ejecuci\u00f3n del hecho\u201d, dijo Flores.<\/p>\n<p>Seg\u00fan el fiscal, el exsubcomandante presuntamente hizo el seguimiento y supervisi\u00f3n de los dos funcionarios policial y militar, quienes abordaron la aeronave H\u00e9rcules, para que se constituyan a Ecuador con el fin de recoger material de agentes qu\u00edmicos consistentes en granada de mano gl-302, 5.000 unidades; proyectil largo alcance calibre 37mm, 1.000 unidades; proyectil de corto alcance calibre 37mm, 560 unidades y granada de sonido y destello para exteriores en 500 unidades.<\/p>\n<p>Adelantaron que en la audiencia de medidas cautelares solicitar\u00e1n la detenci\u00f3n preventiva del exjefe policial para asegurar su presencia mientras dure la investigaci\u00f3n, adem\u00e1s se continuar\u00e1n realizando los actos investigativos necesarios que ayuden a esclarecer el hecho, como continuar citando a m\u00e1s testigos.<\/p>\n","protected":false},"excerpt":{"rendered":"<p>El exsubcomandante de la Polic\u00eda, Claudio Z. E. L., fue imputado por la presunta comisi\u00f3n de los delitos de tr\u00e1fico il\u00edcito de armas y tenencia, porte o portaci\u00f3n y uso de armas no convencionales en grado de complicidad, en el marco de la investigaci\u00f3n por el pr\u00e9stamo de armamento no letal de Ecuador, en 2019, [&hellip;]<\/p>\n","protected":false},"author":1,"featured_media":81298,"comment_status":"closed","ping_status":"closed","sticky":false,"template":"","format":"standard","meta":{"_acf_changed":false,"footnotes":""},"categories":[39],"tags":[],"class_list":["post-81297","post","type-post","status-publish","format-standard","has-post-thumbnail","category-sociedad"],"acf":{"antetitulo":""},"yoast_head":"<!-- This site is optimized with the Yoast SEO plugin v28.3 - https:\/\/yoast.com\/product\/yoast-seo-wordpress\/ -->\n<title>Imputan a polic\u00eda por traslado de armamento no letal de Ecuador - El Diario - Bolivia<\/title>\n<meta name=\"robots\" content=\"index, follow, max-snippet:-1, max-image-preview:large, max-video-preview:-1\" \/>\n<link rel=\"canonical\" href=\"https:\/\/www.eldiario.net\/portal\/2022\/05\/05\/imputan-a-policia-por-traslado-de-armamento-no-letal-de-ecuador\/\" \/>\n<meta property=\"og:locale\" content=\"es_ES\" \/>\n<meta property=\"og:type\" content=\"article\" \/>\n<meta property=\"og:title\" content=\"Imputan a polic\u00eda por traslado de armamento no letal de Ecuador - El Diario - Bolivia\" \/>\n<meta property=\"og:description\" content=\"El exsubcomandante de la Polic\u00eda, Claudio Z. E. L., fue imputado por la presunta comisi\u00f3n de los delitos de tr\u00e1fico il\u00edcito de armas y tenencia, porte o portaci\u00f3n y uso de armas no convencionales en grado de complicidad, en el marco de la investigaci\u00f3n por el pr\u00e9stamo de armamento no letal de Ecuador, en 2019, [&hellip;]\" \/>\n<meta property=\"og:url\" content=\"https:\/\/www.eldiario.net\/portal\/2022\/05\/05\/imputan-a-policia-por-traslado-de-armamento-no-letal-de-ecuador\/\" \/>\n<meta property=\"og:site_name\" content=\"El Diario - Bolivia\" \/>\n<meta property=\"article:publisher\" content=\"https:\/\/www.facebook.com\/eldiario.bolivia\/\" \/>\n<meta property=\"article:published_time\" content=\"2022-05-05T08:45:02+00:00\" \/>\n<meta property=\"og:image\" content=\"https:\/\/www.eldiario.net\/portal\/wp-content\/uploads\/2022\/05\/POLICIA-FOTO.jpg\" \/>\n\t<meta property=\"og:image:width\" content=\"1600\" \/>\n\t<meta property=\"og:image:height\" content=\"900\" \/>\n\t<meta property=\"og:image:type\" content=\"image\/jpeg\" \/>\n<meta name=\"author\" content=\"Jeanette\" \/>\n<meta name=\"twitter:card\" content=\"summary_large_image\" \/>\n<meta name=\"twitter:creator\" content=\"@eldiario_net\" \/>\n<meta name=\"twitter:site\" content=\"@eldiario_net\" \/>\n<meta name=\"twitter:label1\" content=\"Escrito por\" \/>\n\t<meta name=\"twitter:data1\" content=\"Jeanette\" \/>\n\t<meta name=\"twitter:label2\" content=\"Tiempo de lectura\" \/>\n\t<meta name=\"twitter:data2\" content=\"2 minutos\" \/>\n<script type=\"application\/ld+json\" class=\"yoast-schema-graph\">{\"@context\":\"https:\\\/\\\/schema.org\",\"@graph\":[{\"@type\":\"Article\",\"@id\":\"https:\\\/\\\/www.eldiario.net\\\/portal\\\/2022\\\/05\\\/05\\\/imputan-a-policia-por-traslado-de-armamento-no-letal-de-ecuador\\\/#article\",\"isPartOf\":{\"@id\":\"https:\\\/\\\/www.eldiario.net\\\/portal\\\/2022\\\/05\\\/05\\\/imputan-a-policia-por-traslado-de-armamento-no-letal-de-ecuador\\\/\"},\"author\":{\"name\":\"Jeanette\",\"@id\":\"https:\\\/\\\/www.eldiario.net\\\/portal\\\/#\\\/schema\\\/person\\\/f46445640444750d7d753ccd04ae01b7\"},\"headline\":\"Imputan a polic\u00eda por traslado de armamento no letal de Ecuador\",\"datePublished\":\"2022-05-05T08:45:02+00:00\",\"mainEntityOfPage\":{\"@id\":\"https:\\\/\\\/www.eldiario.net\\\/portal\\\/2022\\\/05\\\/05\\\/imputan-a-policia-por-traslado-de-armamento-no-letal-de-ecuador\\\/\"},\"wordCount\":404,\"publisher\":{\"@id\":\"https:\\\/\\\/www.eldiario.net\\\/portal\\\/#organization\"},\"image\":{\"@id\":\"https:\\\/\\\/www.eldiario.net\\\/portal\\\/2022\\\/05\\\/05\\\/imputan-a-policia-por-traslado-de-armamento-no-letal-de-ecuador\\\/#primaryimage\"},\"thumbnailUrl\":\"https:\\\/\\\/www.eldiario.net\\\/portal\\\/wp-content\\\/uploads\\\/2022\\\/05\\\/POLICIA-FOTO.jpg\",\"articleSection\":[\"Sociedad - Seguridad\"],\"inLanguage\":\"es\"},{\"@type\":\"WebPage\",\"@id\":\"https:\\\/\\\/www.eldiario.net\\\/portal\\\/2022\\\/05\\\/05\\\/imputan-a-policia-por-traslado-de-armamento-no-letal-de-ecuador\\\/\",\"url\":\"https:\\\/\\\/www.eldiario.net\\\/portal\\\/2022\\\/05\\\/05\\\/imputan-a-policia-por-traslado-de-armamento-no-letal-de-ecuador\\\/\",\"name\":\"Imputan a polic\u00eda por traslado de armamento no letal de Ecuador - El Diario - Bolivia\",\"isPartOf\":{\"@id\":\"https:\\\/\\\/www.eldiario.net\\\/portal\\\/#website\"},\"primaryImageOfPage\":{\"@id\":\"https:\\\/\\\/www.eldiario.net\\\/portal\\\/2022\\\/05\\\/05\\\/imputan-a-policia-por-traslado-de-armamento-no-letal-de-ecuador\\\/#primaryimage\"},\"image\":{\"@id\":\"https:\\\/\\\/www.eldiario.net\\\/portal\\\/2022\\\/05\\\/05\\\/imputan-a-policia-por-traslado-de-armamento-no-letal-de-ecuador\\\/#primaryimage\"},\"thumbnailUrl\":\"https:\\\/\\\/www.eldiario.net\\\/portal\\\/wp-content\\\/uploads\\\/2022\\\/05\\\/POLICIA-FOTO.jpg\",\"datePublished\":\"2022-05-05T08:45:02+00:00\",\"breadcrumb\":{\"@id\":\"https:\\\/\\\/www.eldiario.net\\\/portal\\\/2022\\\/05\\\/05\\\/imputan-a-policia-por-traslado-de-armamento-no-letal-de-ecuador\\\/#breadcrumb\"},\"inLanguage\":\"es\",\"potentialAction\":[{\"@type\":\"ReadAction\",\"target\":[\"https:\\\/\\\/www.eldiario.net\\\/portal\\\/2022\\\/05\\\/05\\\/imputan-a-policia-por-traslado-de-armamento-no-letal-de-ecuador\\\/\"]}]},{\"@type\":\"ImageObject\",\"inLanguage\":\"es\",\"@id\":\"https:\\\/\\\/www.eldiario.net\\\/portal\\\/2022\\\/05\\\/05\\\/imputan-a-policia-por-traslado-de-armamento-no-letal-de-ecuador\\\/#primaryimage\",\"url\":\"https:\\\/\\\/www.eldiario.net\\\/portal\\\/wp-content\\\/uploads\\\/2022\\\/05\\\/POLICIA-FOTO.jpg\",\"contentUrl\":\"https:\\\/\\\/www.eldiario.net\\\/portal\\\/wp-content\\\/uploads\\\/2022\\\/05\\\/POLICIA-FOTO.jpg\",\"width\":1600,\"height\":900,\"caption\":\"UNO DE LOS ELEMENTOS QUE FUERON TRASLADADOS DE ECUADOR A BOLIVIA FOTO: FGE\"},{\"@type\":\"BreadcrumbList\",\"@id\":\"https:\\\/\\\/www.eldiario.net\\\/portal\\\/2022\\\/05\\\/05\\\/imputan-a-policia-por-traslado-de-armamento-no-letal-de-ecuador\\\/#breadcrumb\",\"itemListElement\":[{\"@type\":\"ListItem\",\"position\":1,\"name\":\"Portada\",\"item\":\"https:\\\/\\\/www.eldiario.net\\\/portal\\\/\"},{\"@type\":\"ListItem\",\"position\":2,\"name\":\"Imputan a polic\u00eda por traslado de armamento no letal de Ecuador\"}]},{\"@type\":\"WebSite\",\"@id\":\"https:\\\/\\\/www.eldiario.net\\\/portal\\\/#website\",\"url\":\"https:\\\/\\\/www.eldiario.net\\\/portal\\\/\",\"name\":\"El Diario - Decano de la prensa nacional\",\"description\":\"El Diario - Decano de la prensa nacional\",\"publisher\":{\"@id\":\"https:\\\/\\\/www.eldiario.net\\\/portal\\\/#organization\"},\"potentialAction\":[{\"@type\":\"SearchAction\",\"target\":{\"@type\":\"EntryPoint\",\"urlTemplate\":\"https:\\\/\\\/www.eldiario.net\\\/portal\\\/?s={search_term_string}\"},\"query-input\":{\"@type\":\"PropertyValueSpecification\",\"valueRequired\":true,\"valueName\":\"search_term_string\"}}],\"inLanguage\":\"es\"},{\"@type\":\"Organization\",\"@id\":\"https:\\\/\\\/www.eldiario.net\\\/portal\\\/#organization\",\"name\":\"El Diario - Decano de la prensa nacional\",\"url\":\"https:\\\/\\\/www.eldiario.net\\\/portal\\\/\",\"logo\":{\"@type\":\"ImageObject\",\"inLanguage\":\"es\",\"@id\":\"https:\\\/\\\/www.eldiario.net\\\/portal\\\/#\\\/schema\\\/logo\\\/image\\\/\",\"url\":\"https:\\\/\\\/www.eldiario.net\\\/portal\\\/wp-content\\\/uploads\\\/2023\\\/07\\\/logo_ED.jpg\",\"contentUrl\":\"https:\\\/\\\/www.eldiario.net\\\/portal\\\/wp-content\\\/uploads\\\/2023\\\/07\\\/logo_ED.jpg\",\"width\":272,\"height\":52,\"caption\":\"El Diario - Decano de la prensa nacional\"},\"image\":{\"@id\":\"https:\\\/\\\/www.eldiario.net\\\/portal\\\/#\\\/schema\\\/logo\\\/image\\\/\"},\"sameAs\":[\"https:\\\/\\\/www.facebook.com\\\/eldiario.bolivia\\\/\",\"https:\\\/\\\/x.com\\\/eldiario_net\"]},{\"@type\":\"Person\",\"@id\":\"https:\\\/\\\/www.eldiario.net\\\/portal\\\/#\\\/schema\\\/person\\\/f46445640444750d7d753ccd04ae01b7\",\"name\":\"Jeanette\",\"image\":{\"@type\":\"ImageObject\",\"inLanguage\":\"es\",\"@id\":\"https:\\\/\\\/secure.gravatar.com\\\/avatar\\\/3ea2118a5f7dad2b7138b1187a6b7ee55f160b9968b66013c3a3ef39dd7e5798?s=96&d=mm&r=g\",\"url\":\"https:\\\/\\\/secure.gravatar.com\\\/avatar\\\/3ea2118a5f7dad2b7138b1187a6b7ee55f160b9968b66013c3a3ef39dd7e5798?s=96&d=mm&r=g\",\"contentUrl\":\"https:\\\/\\\/secure.gravatar.com\\\/avatar\\\/3ea2118a5f7dad2b7138b1187a6b7ee55f160b9968b66013c3a3ef39dd7e5798?s=96&d=mm&r=g\",\"caption\":\"Jeanette\"},\"sameAs\":[\"https:\\\/\\\/www.eldiario.net\\\/portal\"],\"url\":\"https:\\\/\\\/www.eldiario.net\\\/portal\\\/author\\\/jeanette\\\/\"}]}<\/script>\n<!-- \/ Yoast SEO plugin. -->","yoast_head_json":{"title":"Imputan a polic\u00eda por traslado de armamento no letal de Ecuador - El Diario - Bolivia","robots":{"index":"index","follow":"follow","max-snippet":"max-snippet:-1","max-image-preview":"max-image-preview:large","max-video-preview":"max-video-preview:-1"},"canonical":"https:\/\/www.eldiario.net\/portal\/2022\/05\/05\/imputan-a-policia-por-traslado-de-armamento-no-letal-de-ecuador\/","og_locale":"es_ES","og_type":"article","og_title":"Imputan a polic\u00eda por traslado de armamento no letal de Ecuador - El Diario - Bolivia","og_description":"El exsubcomandante de la Polic\u00eda, Claudio Z. E. L., fue imputado por la presunta comisi\u00f3n de los delitos de tr\u00e1fico il\u00edcito de armas y tenencia, porte o portaci\u00f3n y uso de armas no convencionales en grado de complicidad, en el marco de la investigaci\u00f3n por el pr\u00e9stamo de armamento no letal de Ecuador, en 2019, [&hellip;]","og_url":"https:\/\/www.eldiario.net\/portal\/2022\/05\/05\/imputan-a-policia-por-traslado-de-armamento-no-letal-de-ecuador\/","og_site_name":"El Diario - Bolivia","article_publisher":"https:\/\/www.facebook.com\/eldiario.bolivia\/","article_published_time":"2022-05-05T08:45:02+00:00","og_image":[{"width":1600,"height":900,"url":"https:\/\/www.eldiario.net\/portal\/wp-content\/uploads\/2022\/05\/POLICIA-FOTO.jpg","type":"image\/jpeg"}],"author":"Jeanette","twitter_card":"summary_large_image","twitter_creator":"@eldiario_net","twitter_site":"@eldiario_net","twitter_misc":{"Escrito por":"Jeanette","Tiempo de lectura":"2 minutos"},"schema":{"@context":"https:\/\/schema.org","@graph":[{"@type":"Article","@id":"https:\/\/www.eldiario.net\/portal\/2022\/05\/05\/imputan-a-policia-por-traslado-de-armamento-no-letal-de-ecuador\/#article","isPartOf":{"@id":"https:\/\/www.eldiario.net\/portal\/2022\/05\/05\/imputan-a-policia-por-traslado-de-armamento-no-letal-de-ecuador\/"},"author":{"name":"Jeanette","@id":"https:\/\/www.eldiario.net\/portal\/#\/schema\/person\/f46445640444750d7d753ccd04ae01b7"},"headline":"Imputan a polic\u00eda por traslado de armamento no letal de Ecuador","datePublished":"2022-05-05T08:45:02+00:00","mainEntityOfPage":{"@id":"https:\/\/www.eldiario.net\/portal\/2022\/05\/05\/imputan-a-policia-por-traslado-de-armamento-no-letal-de-ecuador\/"},"wordCount":404,"publisher":{"@id":"https:\/\/www.eldiario.net\/portal\/#organization"},"image":{"@id":"https:\/\/www.eldiario.net\/portal\/2022\/05\/05\/imputan-a-policia-por-traslado-de-armamento-no-letal-de-ecuador\/#primaryimage"},"thumbnailUrl":"https:\/\/www.eldiario.net\/portal\/wp-content\/uploads\/2022\/05\/POLICIA-FOTO.jpg","articleSection":["Sociedad - Seguridad"],"inLanguage":"es"},{"@type":"WebPage","@id":"https:\/\/www.eldiario.net\/portal\/2022\/05\/05\/imputan-a-policia-por-traslado-de-armamento-no-letal-de-ecuador\/","url":"https:\/\/www.eldiario.net\/portal\/2022\/05\/05\/imputan-a-policia-por-traslado-de-armamento-no-letal-de-ecuador\/","name":"Imputan a polic\u00eda por traslado de armamento no letal de Ecuador - El Diario - Bolivia","isPartOf":{"@id":"https:\/\/www.eldiario.net\/portal\/#website"},"primaryImageOfPage":{"@id":"https:\/\/www.eldiario.net\/portal\/2022\/05\/05\/imputan-a-policia-por-traslado-de-armamento-no-letal-de-ecuador\/#primaryimage"},"image":{"@id":"https:\/\/www.eldiario.net\/portal\/2022\/05\/05\/imputan-a-policia-por-traslado-de-armamento-no-letal-de-ecuador\/#primaryimage"},"thumbnailUrl":"https:\/\/www.eldiario.net\/portal\/wp-content\/uploads\/2022\/05\/POLICIA-FOTO.jpg","datePublished":"2022-05-05T08:45:02+00:00","breadcrumb":{"@id":"https:\/\/www.eldiario.net\/portal\/2022\/05\/05\/imputan-a-policia-por-traslado-de-armamento-no-letal-de-ecuador\/#breadcrumb"},"inLanguage":"es","potentialAction":[{"@type":"ReadAction","target":["https:\/\/www.eldiario.net\/portal\/2022\/05\/05\/imputan-a-policia-por-traslado-de-armamento-no-letal-de-ecuador\/"]}]},{"@type":"ImageObject","inLanguage":"es","@id":"https:\/\/www.eldiario.net\/portal\/2022\/05\/05\/imputan-a-policia-por-traslado-de-armamento-no-letal-de-ecuador\/#primaryimage","url":"https:\/\/www.eldiario.net\/portal\/wp-content\/uploads\/2022\/05\/POLICIA-FOTO.jpg","contentUrl":"https:\/\/www.eldiario.net\/portal\/wp-content\/uploads\/2022\/05\/POLICIA-FOTO.jpg","width":1600,"height":900,"caption":"UNO DE LOS ELEMENTOS QUE FUERON TRASLADADOS DE ECUADOR A BOLIVIA FOTO: FGE"},{"@type":"BreadcrumbList","@id":"https:\/\/www.eldiario.net\/portal\/2022\/05\/05\/imputan-a-policia-por-traslado-de-armamento-no-letal-de-ecuador\/#breadcrumb","itemListElement":[{"@type":"ListItem","position":1,"name":"Portada","item":"https:\/\/www.eldiario.net\/portal\/"},{"@type":"ListItem","position":2,"name":"Imputan a polic\u00eda por traslado de armamento no letal de Ecuador"}]},{"@type":"WebSite","@id":"https:\/\/www.eldiario.net\/portal\/#website","url":"https:\/\/www.eldiario.net\/portal\/","name":"El Diario - Decano de la prensa nacional","description":"El Diario - Decano de la prensa nacional","publisher":{"@id":"https:\/\/www.eldiario.net\/portal\/#organization"},"potentialAction":[{"@type":"SearchAction","target":{"@type":"EntryPoint","urlTemplate":"https:\/\/www.eldiario.net\/portal\/?s={search_term_string}"},"query-input":{"@type":"PropertyValueSpecification","valueRequired":true,"valueName":"search_term_string"}}],"inLanguage":"es"},{"@type":"Organization","@id":"https:\/\/www.eldiario.net\/portal\/#organization","name":"El Diario - Decano de la prensa nacional","url":"https:\/\/www.eldiario.net\/portal\/","logo":{"@type":"ImageObject","inLanguage":"es","@id":"https:\/\/www.eldiario.net\/portal\/#\/schema\/logo\/image\/","url":"https:\/\/www.eldiario.net\/portal\/wp-content\/uploads\/2023\/07\/logo_ED.jpg","contentUrl":"https:\/\/www.eldiario.net\/portal\/wp-content\/uploads\/2023\/07\/logo_ED.jpg","width":272,"height":52,"caption":"El Diario - Decano de la prensa nacional"},"image":{"@id":"https:\/\/www.eldiario.net\/portal\/#\/schema\/logo\/image\/"},"sameAs":["https:\/\/www.facebook.com\/eldiario.bolivia\/","https:\/\/x.com\/eldiario_net"]},{"@type":"Person","@id":"https:\/\/www.eldiario.net\/portal\/#\/schema\/person\/f46445640444750d7d753ccd04ae01b7","name":"Jeanette","image":{"@type":"ImageObject","inLanguage":"es","@id":"https:\/\/secure.gravatar.com\/avatar\/3ea2118a5f7dad2b7138b1187a6b7ee55f160b9968b66013c3a3ef39dd7e5798?s=96&d=mm&r=g","url":"https:\/\/secure.gravatar.com\/avatar\/3ea2118a5f7dad2b7138b1187a6b7ee55f160b9968b66013c3a3ef39dd7e5798?s=96&d=mm&r=g","contentUrl":"https:\/\/secure.gravatar.com\/avatar\/3ea2118a5f7dad2b7138b1187a6b7ee55f160b9968b66013c3a3ef39dd7e5798?s=96&d=mm&r=g","caption":"Jeanette"},"sameAs":["https:\/\/www.eldiario.net\/portal"],"url":"https:\/\/www.eldiario.net\/portal\/author\/jeanette\/"}]}},"_links":{"self":[{"href":"https:\/\/www.eldiario.net\/portal\/wp-json\/wp\/v2\/posts\/81297","targetHints":{"allow":["GET"]}}],"collection":[{"href":"https:\/\/www.eldiario.net\/portal\/wp-json\/wp\/v2\/posts"}],"about":[{"href":"https:\/\/www.eldiario.net\/portal\/wp-json\/wp\/v2\/types\/post"}],"author":[{"embeddable":true,"href":"https:\/\/www.eldiario.net\/portal\/wp-json\/wp\/v2\/users\/1"}],"replies":[{"embeddable":true,"href":"https:\/\/www.eldiario.net\/portal\/wp-json\/wp\/v2\/comments?post=81297"}],"version-history":[{"count":0,"href":"https:\/\/www.eldiario.net\/portal\/wp-json\/wp\/v2\/posts\/81297\/revisions"}],"wp:featuredmedia":[{"embeddable":true,"href":"https:\/\/www.eldiario.net\/portal\/wp-json\/wp\/v2\/media\/81298"}],"wp:attachment":[{"href":"https:\/\/www.eldiario.net\/portal\/wp-json\/wp\/v2\/media?parent=81297"}],"wp:term":[{"taxonomy":"category","embeddable":true,"href":"https:\/\/www.eldiario.net\/portal\/wp-json\/wp\/v2\/categories?post=81297"},{"taxonomy":"post_tag","embeddable":true,"href":"https:\/\/www.eldiario.net\/portal\/wp-json\/wp\/v2\/tags?post=81297"}],"curies":[{"name":"wp","href":"https:\/\/api.w.org\/{rel}","templated":true}]}}