{"id":81291,"date":"2022-05-05T04:43:04","date_gmt":"2022-05-05T08:43:04","guid":{"rendered":"https:\/\/www.eldiario.net\/portal\/?p=81291"},"modified":"2022-05-05T04:43:04","modified_gmt":"2022-05-05T08:43:04","slug":"encarcelan-a-policia-implicado-en-trafico-de-vehiculos-robados-y-el-dice-que-es-por-presion","status":"publish","type":"post","link":"https:\/\/www.eldiario.net\/portal\/2022\/05\/05\/encarcelan-a-policia-implicado-en-trafico-de-vehiculos-robados-y-el-dice-que-es-por-presion\/","title":{"rendered":"Encarcelan a polic\u00eda implicado en tr\u00e1fico de  veh\u00edculos robados y \u00e9l dice que es por \u201cpresi\u00f3n\u201d"},"content":{"rendered":"<p>El juez del Juzgado Tercero Anticorrupci\u00f3n de Santa Cruz, orden\u00f3 ayer la detenci\u00f3n preventiva del excomandante de la Polic\u00eda Fronteriza de Uyuni, Ra\u00fal C., por 180 d\u00edas al penal de Palmasola, en el marco de la investigaci\u00f3n por el tr\u00e1fico de veh\u00edculos robados en Chile. A la salida de la audiencia el efectivo del orden dijo que la decisi\u00f3n judicial fue \u201cpor presi\u00f3n\u201d.<\/p>\n<p>El fiscal departamental de Santa Cruz, Roger Mariaca, inform\u00f3 ayer que en la audiencia cautelar presentaron v\u00eddeos de medios de comunicaci\u00f3n de Chile donde identifican al veh\u00edculo con denuncia de robo, registros de llamadas y otros.<\/p>\n<p>El fiscal asignado al caso, Alexander Mendoza, se\u00f1al\u00f3 que la investigaci\u00f3n inici\u00f3 de oficio el 2 de mayo de 2022, por la denuncia a trav\u00e9s de redes sociales y medios de comunicaci\u00f3n sobre la existencia de un veh\u00edculo robado en Chile que estar\u00eda en la vivienda de un efectivo policial, ubicada en la ciudad de Santa Cruz de la Sierra.<\/p>\n<p>La orden de aprehensi\u00f3n contra el oficial de la Polic\u00eda fue emitida el mismo d\u00eda del inicio de la investigaci\u00f3n y ejecutada por personal policial horas m\u00e1s tarde, en el departamento de Potos\u00ed, y el Teniente Coronel fue trasladado a Santa Cruz, a dependencias de la Fiscal\u00eda en calidad de investigado. Ra\u00fal se abstuvo a declarar; sin embargo, se encontr\u00f3 elementos suficientes por lo que se emiti\u00f3 la imputaci\u00f3n.<\/p>\n<p>El uniformado enfrenta un proceso por la presunta comisi\u00f3n de los delitos de uso indebido de influencias, enriquecimiento il\u00edcito, receptaci\u00f3n proveniente de delitos de corrupci\u00f3n y favorecimiento al enriquecimiento il\u00edcito.<\/p>\n<p>El investigador chileno se comunic\u00f3 por tel\u00e9fono con el polic\u00eda para recuperar el veh\u00edculo. Despu\u00e9s el coche fue dejado en v\u00eda p\u00fablica abierto, para que se lo lleven de vuelta a Chile.<\/p>\n<p>El martes, la Divisi\u00f3n Anticorrupci\u00f3n de la Fuerza Especial de Lucha Contra el Crimen (FELCC) allan\u00f3 el inmueble y se secuestr\u00f3 documentaci\u00f3n como parte de las investigaciones.<\/p>\n","protected":false},"excerpt":{"rendered":"<p>El juez del Juzgado Tercero Anticorrupci\u00f3n de Santa Cruz, orden\u00f3 ayer la detenci\u00f3n preventiva del excomandante de la Polic\u00eda Fronteriza de Uyuni, Ra\u00fal C., por 180 d\u00edas al penal de Palmasola, en el marco de la investigaci\u00f3n por el tr\u00e1fico de veh\u00edculos robados en Chile. A la salida de la audiencia el efectivo del orden [&hellip;]<\/p>\n","protected":false},"author":1,"featured_media":81292,"comment_status":"closed","ping_status":"closed","sticky":false,"template":"","format":"standard","meta":{"_acf_changed":false,"footnotes":""},"categories":[39],"tags":[],"class_list":["post-81291","post","type-post","status-publish","format-standard","has-post-thumbnail","category-sociedad"],"acf":{"antetitulo":""},"yoast_head":"<!-- This site is optimized with the Yoast SEO plugin v28.3 - https:\/\/yoast.com\/product\/yoast-seo-wordpress\/ -->\n<title>Encarcelan a polic\u00eda implicado en tr\u00e1fico de veh\u00edculos robados y \u00e9l dice que es por \u201cpresi\u00f3n\u201d - El Diario - Bolivia<\/title>\n<meta name=\"robots\" content=\"index, follow, max-snippet:-1, max-image-preview:large, max-video-preview:-1\" \/>\n<link rel=\"canonical\" href=\"https:\/\/www.eldiario.net\/portal\/2022\/05\/05\/encarcelan-a-policia-implicado-en-trafico-de-vehiculos-robados-y-el-dice-que-es-por-presion\/\" \/>\n<meta property=\"og:locale\" content=\"es_ES\" \/>\n<meta property=\"og:type\" content=\"article\" \/>\n<meta property=\"og:title\" content=\"Encarcelan a polic\u00eda implicado en tr\u00e1fico de veh\u00edculos robados y \u00e9l dice que es por \u201cpresi\u00f3n\u201d - El Diario - Bolivia\" \/>\n<meta property=\"og:description\" content=\"El juez del Juzgado Tercero Anticorrupci\u00f3n de Santa Cruz, orden\u00f3 ayer la detenci\u00f3n preventiva del excomandante de la Polic\u00eda Fronteriza de Uyuni, Ra\u00fal C., por 180 d\u00edas al penal de Palmasola, en el marco de la investigaci\u00f3n por el tr\u00e1fico de veh\u00edculos robados en Chile. A la salida de la audiencia el efectivo del orden [&hellip;]\" \/>\n<meta property=\"og:url\" content=\"https:\/\/www.eldiario.net\/portal\/2022\/05\/05\/encarcelan-a-policia-implicado-en-trafico-de-vehiculos-robados-y-el-dice-que-es-por-presion\/\" \/>\n<meta property=\"og:site_name\" content=\"El Diario - Bolivia\" \/>\n<meta property=\"article:publisher\" content=\"https:\/\/www.facebook.com\/eldiario.bolivia\/\" \/>\n<meta property=\"article:published_time\" content=\"2022-05-05T08:43:04+00:00\" \/>\n<meta property=\"og:image\" content=\"https:\/\/www.eldiario.net\/portal\/wp-content\/uploads\/2022\/05\/Uyuni.FOTO_.jpg\" \/>\n\t<meta property=\"og:image:width\" content=\"1080\" \/>\n\t<meta property=\"og:image:height\" content=\"608\" \/>\n\t<meta property=\"og:image:type\" content=\"image\/jpeg\" \/>\n<meta name=\"author\" content=\"Jeanette\" \/>\n<meta name=\"twitter:card\" content=\"summary_large_image\" \/>\n<meta name=\"twitter:creator\" content=\"@eldiario_net\" \/>\n<meta name=\"twitter:site\" content=\"@eldiario_net\" \/>\n<meta name=\"twitter:label1\" content=\"Escrito por\" \/>\n\t<meta name=\"twitter:data1\" content=\"Jeanette\" \/>\n\t<meta name=\"twitter:label2\" content=\"Tiempo de lectura\" \/>\n\t<meta name=\"twitter:data2\" content=\"2 minutos\" \/>\n<script type=\"application\/ld+json\" class=\"yoast-schema-graph\">{\"@context\":\"https:\\\/\\\/schema.org\",\"@graph\":[{\"@type\":\"Article\",\"@id\":\"https:\\\/\\\/www.eldiario.net\\\/portal\\\/2022\\\/05\\\/05\\\/encarcelan-a-policia-implicado-en-trafico-de-vehiculos-robados-y-el-dice-que-es-por-presion\\\/#article\",\"isPartOf\":{\"@id\":\"https:\\\/\\\/www.eldiario.net\\\/portal\\\/2022\\\/05\\\/05\\\/encarcelan-a-policia-implicado-en-trafico-de-vehiculos-robados-y-el-dice-que-es-por-presion\\\/\"},\"author\":{\"name\":\"Jeanette\",\"@id\":\"https:\\\/\\\/www.eldiario.net\\\/portal\\\/#\\\/schema\\\/person\\\/f46445640444750d7d753ccd04ae01b7\"},\"headline\":\"Encarcelan a polic\u00eda implicado en tr\u00e1fico de veh\u00edculos robados y \u00e9l dice que es por \u201cpresi\u00f3n\u201d\",\"datePublished\":\"2022-05-05T08:43:04+00:00\",\"mainEntityOfPage\":{\"@id\":\"https:\\\/\\\/www.eldiario.net\\\/portal\\\/2022\\\/05\\\/05\\\/encarcelan-a-policia-implicado-en-trafico-de-vehiculos-robados-y-el-dice-que-es-por-presion\\\/\"},\"wordCount\":375,\"publisher\":{\"@id\":\"https:\\\/\\\/www.eldiario.net\\\/portal\\\/#organization\"},\"image\":{\"@id\":\"https:\\\/\\\/www.eldiario.net\\\/portal\\\/2022\\\/05\\\/05\\\/encarcelan-a-policia-implicado-en-trafico-de-vehiculos-robados-y-el-dice-que-es-por-presion\\\/#primaryimage\"},\"thumbnailUrl\":\"https:\\\/\\\/www.eldiario.net\\\/portal\\\/wp-content\\\/uploads\\\/2022\\\/05\\\/Uyuni.FOTO_.jpg\",\"articleSection\":[\"Sociedad - Seguridad\"],\"inLanguage\":\"es\"},{\"@type\":\"WebPage\",\"@id\":\"https:\\\/\\\/www.eldiario.net\\\/portal\\\/2022\\\/05\\\/05\\\/encarcelan-a-policia-implicado-en-trafico-de-vehiculos-robados-y-el-dice-que-es-por-presion\\\/\",\"url\":\"https:\\\/\\\/www.eldiario.net\\\/portal\\\/2022\\\/05\\\/05\\\/encarcelan-a-policia-implicado-en-trafico-de-vehiculos-robados-y-el-dice-que-es-por-presion\\\/\",\"name\":\"Encarcelan a polic\u00eda implicado en tr\u00e1fico de veh\u00edculos robados y \u00e9l dice que es por \u201cpresi\u00f3n\u201d - El Diario - Bolivia\",\"isPartOf\":{\"@id\":\"https:\\\/\\\/www.eldiario.net\\\/portal\\\/#website\"},\"primaryImageOfPage\":{\"@id\":\"https:\\\/\\\/www.eldiario.net\\\/portal\\\/2022\\\/05\\\/05\\\/encarcelan-a-policia-implicado-en-trafico-de-vehiculos-robados-y-el-dice-que-es-por-presion\\\/#primaryimage\"},\"image\":{\"@id\":\"https:\\\/\\\/www.eldiario.net\\\/portal\\\/2022\\\/05\\\/05\\\/encarcelan-a-policia-implicado-en-trafico-de-vehiculos-robados-y-el-dice-que-es-por-presion\\\/#primaryimage\"},\"thumbnailUrl\":\"https:\\\/\\\/www.eldiario.net\\\/portal\\\/wp-content\\\/uploads\\\/2022\\\/05\\\/Uyuni.FOTO_.jpg\",\"datePublished\":\"2022-05-05T08:43:04+00:00\",\"breadcrumb\":{\"@id\":\"https:\\\/\\\/www.eldiario.net\\\/portal\\\/2022\\\/05\\\/05\\\/encarcelan-a-policia-implicado-en-trafico-de-vehiculos-robados-y-el-dice-que-es-por-presion\\\/#breadcrumb\"},\"inLanguage\":\"es\",\"potentialAction\":[{\"@type\":\"ReadAction\",\"target\":[\"https:\\\/\\\/www.eldiario.net\\\/portal\\\/2022\\\/05\\\/05\\\/encarcelan-a-policia-implicado-en-trafico-de-vehiculos-robados-y-el-dice-que-es-por-presion\\\/\"]}]},{\"@type\":\"ImageObject\",\"inLanguage\":\"es\",\"@id\":\"https:\\\/\\\/www.eldiario.net\\\/portal\\\/2022\\\/05\\\/05\\\/encarcelan-a-policia-implicado-en-trafico-de-vehiculos-robados-y-el-dice-que-es-por-presion\\\/#primaryimage\",\"url\":\"https:\\\/\\\/www.eldiario.net\\\/portal\\\/wp-content\\\/uploads\\\/2022\\\/05\\\/Uyuni.FOTO_.jpg\",\"contentUrl\":\"https:\\\/\\\/www.eldiario.net\\\/portal\\\/wp-content\\\/uploads\\\/2022\\\/05\\\/Uyuni.FOTO_.jpg\",\"width\":1080,\"height\":608,\"caption\":\"EL UNIFORMADO EN AUDIENCIA DE MEDIDAS CAUTELARES AYER FOTO: DETR\u00c1S DE LA JUSTICIA\"},{\"@type\":\"BreadcrumbList\",\"@id\":\"https:\\\/\\\/www.eldiario.net\\\/portal\\\/2022\\\/05\\\/05\\\/encarcelan-a-policia-implicado-en-trafico-de-vehiculos-robados-y-el-dice-que-es-por-presion\\\/#breadcrumb\",\"itemListElement\":[{\"@type\":\"ListItem\",\"position\":1,\"name\":\"Portada\",\"item\":\"https:\\\/\\\/www.eldiario.net\\\/portal\\\/\"},{\"@type\":\"ListItem\",\"position\":2,\"name\":\"Encarcelan a polic\u00eda implicado en tr\u00e1fico de veh\u00edculos robados y \u00e9l dice que es por \u201cpresi\u00f3n\u201d\"}]},{\"@type\":\"WebSite\",\"@id\":\"https:\\\/\\\/www.eldiario.net\\\/portal\\\/#website\",\"url\":\"https:\\\/\\\/www.eldiario.net\\\/portal\\\/\",\"name\":\"El Diario - Decano de la prensa nacional\",\"description\":\"El Diario - Decano de la prensa nacional\",\"publisher\":{\"@id\":\"https:\\\/\\\/www.eldiario.net\\\/portal\\\/#organization\"},\"potentialAction\":[{\"@type\":\"SearchAction\",\"target\":{\"@type\":\"EntryPoint\",\"urlTemplate\":\"https:\\\/\\\/www.eldiario.net\\\/portal\\\/?s={search_term_string}\"},\"query-input\":{\"@type\":\"PropertyValueSpecification\",\"valueRequired\":true,\"valueName\":\"search_term_string\"}}],\"inLanguage\":\"es\"},{\"@type\":\"Organization\",\"@id\":\"https:\\\/\\\/www.eldiario.net\\\/portal\\\/#organization\",\"name\":\"El Diario - Decano de la prensa nacional\",\"url\":\"https:\\\/\\\/www.eldiario.net\\\/portal\\\/\",\"logo\":{\"@type\":\"ImageObject\",\"inLanguage\":\"es\",\"@id\":\"https:\\\/\\\/www.eldiario.net\\\/portal\\\/#\\\/schema\\\/logo\\\/image\\\/\",\"url\":\"https:\\\/\\\/www.eldiario.net\\\/portal\\\/wp-content\\\/uploads\\\/2023\\\/07\\\/logo_ED.jpg\",\"contentUrl\":\"https:\\\/\\\/www.eldiario.net\\\/portal\\\/wp-content\\\/uploads\\\/2023\\\/07\\\/logo_ED.jpg\",\"width\":272,\"height\":52,\"caption\":\"El Diario - Decano de la prensa nacional\"},\"image\":{\"@id\":\"https:\\\/\\\/www.eldiario.net\\\/portal\\\/#\\\/schema\\\/logo\\\/image\\\/\"},\"sameAs\":[\"https:\\\/\\\/www.facebook.com\\\/eldiario.bolivia\\\/\",\"https:\\\/\\\/x.com\\\/eldiario_net\"]},{\"@type\":\"Person\",\"@id\":\"https:\\\/\\\/www.eldiario.net\\\/portal\\\/#\\\/schema\\\/person\\\/f46445640444750d7d753ccd04ae01b7\",\"name\":\"Jeanette\",\"image\":{\"@type\":\"ImageObject\",\"inLanguage\":\"es\",\"@id\":\"https:\\\/\\\/secure.gravatar.com\\\/avatar\\\/3ea2118a5f7dad2b7138b1187a6b7ee55f160b9968b66013c3a3ef39dd7e5798?s=96&d=mm&r=g\",\"url\":\"https:\\\/\\\/secure.gravatar.com\\\/avatar\\\/3ea2118a5f7dad2b7138b1187a6b7ee55f160b9968b66013c3a3ef39dd7e5798?s=96&d=mm&r=g\",\"contentUrl\":\"https:\\\/\\\/secure.gravatar.com\\\/avatar\\\/3ea2118a5f7dad2b7138b1187a6b7ee55f160b9968b66013c3a3ef39dd7e5798?s=96&d=mm&r=g\",\"caption\":\"Jeanette\"},\"sameAs\":[\"https:\\\/\\\/www.eldiario.net\\\/portal\"],\"url\":\"https:\\\/\\\/www.eldiario.net\\\/portal\\\/author\\\/jeanette\\\/\"}]}<\/script>\n<!-- \/ Yoast SEO plugin. -->","yoast_head_json":{"title":"Encarcelan a polic\u00eda implicado en tr\u00e1fico de veh\u00edculos robados y \u00e9l dice que es por \u201cpresi\u00f3n\u201d - El Diario - Bolivia","robots":{"index":"index","follow":"follow","max-snippet":"max-snippet:-1","max-image-preview":"max-image-preview:large","max-video-preview":"max-video-preview:-1"},"canonical":"https:\/\/www.eldiario.net\/portal\/2022\/05\/05\/encarcelan-a-policia-implicado-en-trafico-de-vehiculos-robados-y-el-dice-que-es-por-presion\/","og_locale":"es_ES","og_type":"article","og_title":"Encarcelan a polic\u00eda implicado en tr\u00e1fico de veh\u00edculos robados y \u00e9l dice que es por \u201cpresi\u00f3n\u201d - El Diario - Bolivia","og_description":"El juez del Juzgado Tercero Anticorrupci\u00f3n de Santa Cruz, orden\u00f3 ayer la detenci\u00f3n preventiva del excomandante de la Polic\u00eda Fronteriza de Uyuni, Ra\u00fal C., por 180 d\u00edas al penal de Palmasola, en el marco de la investigaci\u00f3n por el tr\u00e1fico de veh\u00edculos robados en Chile. A la salida de la audiencia el efectivo del orden [&hellip;]","og_url":"https:\/\/www.eldiario.net\/portal\/2022\/05\/05\/encarcelan-a-policia-implicado-en-trafico-de-vehiculos-robados-y-el-dice-que-es-por-presion\/","og_site_name":"El Diario - Bolivia","article_publisher":"https:\/\/www.facebook.com\/eldiario.bolivia\/","article_published_time":"2022-05-05T08:43:04+00:00","og_image":[{"width":1080,"height":608,"url":"https:\/\/www.eldiario.net\/portal\/wp-content\/uploads\/2022\/05\/Uyuni.FOTO_.jpg","type":"image\/jpeg"}],"author":"Jeanette","twitter_card":"summary_large_image","twitter_creator":"@eldiario_net","twitter_site":"@eldiario_net","twitter_misc":{"Escrito por":"Jeanette","Tiempo de lectura":"2 minutos"},"schema":{"@context":"https:\/\/schema.org","@graph":[{"@type":"Article","@id":"https:\/\/www.eldiario.net\/portal\/2022\/05\/05\/encarcelan-a-policia-implicado-en-trafico-de-vehiculos-robados-y-el-dice-que-es-por-presion\/#article","isPartOf":{"@id":"https:\/\/www.eldiario.net\/portal\/2022\/05\/05\/encarcelan-a-policia-implicado-en-trafico-de-vehiculos-robados-y-el-dice-que-es-por-presion\/"},"author":{"name":"Jeanette","@id":"https:\/\/www.eldiario.net\/portal\/#\/schema\/person\/f46445640444750d7d753ccd04ae01b7"},"headline":"Encarcelan a polic\u00eda implicado en tr\u00e1fico de veh\u00edculos robados y \u00e9l dice que es por \u201cpresi\u00f3n\u201d","datePublished":"2022-05-05T08:43:04+00:00","mainEntityOfPage":{"@id":"https:\/\/www.eldiario.net\/portal\/2022\/05\/05\/encarcelan-a-policia-implicado-en-trafico-de-vehiculos-robados-y-el-dice-que-es-por-presion\/"},"wordCount":375,"publisher":{"@id":"https:\/\/www.eldiario.net\/portal\/#organization"},"image":{"@id":"https:\/\/www.eldiario.net\/portal\/2022\/05\/05\/encarcelan-a-policia-implicado-en-trafico-de-vehiculos-robados-y-el-dice-que-es-por-presion\/#primaryimage"},"thumbnailUrl":"https:\/\/www.eldiario.net\/portal\/wp-content\/uploads\/2022\/05\/Uyuni.FOTO_.jpg","articleSection":["Sociedad - Seguridad"],"inLanguage":"es"},{"@type":"WebPage","@id":"https:\/\/www.eldiario.net\/portal\/2022\/05\/05\/encarcelan-a-policia-implicado-en-trafico-de-vehiculos-robados-y-el-dice-que-es-por-presion\/","url":"https:\/\/www.eldiario.net\/portal\/2022\/05\/05\/encarcelan-a-policia-implicado-en-trafico-de-vehiculos-robados-y-el-dice-que-es-por-presion\/","name":"Encarcelan a polic\u00eda implicado en tr\u00e1fico de veh\u00edculos robados y \u00e9l dice que es por \u201cpresi\u00f3n\u201d - El Diario - Bolivia","isPartOf":{"@id":"https:\/\/www.eldiario.net\/portal\/#website"},"primaryImageOfPage":{"@id":"https:\/\/www.eldiario.net\/portal\/2022\/05\/05\/encarcelan-a-policia-implicado-en-trafico-de-vehiculos-robados-y-el-dice-que-es-por-presion\/#primaryimage"},"image":{"@id":"https:\/\/www.eldiario.net\/portal\/2022\/05\/05\/encarcelan-a-policia-implicado-en-trafico-de-vehiculos-robados-y-el-dice-que-es-por-presion\/#primaryimage"},"thumbnailUrl":"https:\/\/www.eldiario.net\/portal\/wp-content\/uploads\/2022\/05\/Uyuni.FOTO_.jpg","datePublished":"2022-05-05T08:43:04+00:00","breadcrumb":{"@id":"https:\/\/www.eldiario.net\/portal\/2022\/05\/05\/encarcelan-a-policia-implicado-en-trafico-de-vehiculos-robados-y-el-dice-que-es-por-presion\/#breadcrumb"},"inLanguage":"es","potentialAction":[{"@type":"ReadAction","target":["https:\/\/www.eldiario.net\/portal\/2022\/05\/05\/encarcelan-a-policia-implicado-en-trafico-de-vehiculos-robados-y-el-dice-que-es-por-presion\/"]}]},{"@type":"ImageObject","inLanguage":"es","@id":"https:\/\/www.eldiario.net\/portal\/2022\/05\/05\/encarcelan-a-policia-implicado-en-trafico-de-vehiculos-robados-y-el-dice-que-es-por-presion\/#primaryimage","url":"https:\/\/www.eldiario.net\/portal\/wp-content\/uploads\/2022\/05\/Uyuni.FOTO_.jpg","contentUrl":"https:\/\/www.eldiario.net\/portal\/wp-content\/uploads\/2022\/05\/Uyuni.FOTO_.jpg","width":1080,"height":608,"caption":"EL UNIFORMADO EN AUDIENCIA DE MEDIDAS CAUTELARES AYER FOTO: DETR\u00c1S DE LA JUSTICIA"},{"@type":"BreadcrumbList","@id":"https:\/\/www.eldiario.net\/portal\/2022\/05\/05\/encarcelan-a-policia-implicado-en-trafico-de-vehiculos-robados-y-el-dice-que-es-por-presion\/#breadcrumb","itemListElement":[{"@type":"ListItem","position":1,"name":"Portada","item":"https:\/\/www.eldiario.net\/portal\/"},{"@type":"ListItem","position":2,"name":"Encarcelan a polic\u00eda implicado en tr\u00e1fico de veh\u00edculos robados y \u00e9l dice que es por \u201cpresi\u00f3n\u201d"}]},{"@type":"WebSite","@id":"https:\/\/www.eldiario.net\/portal\/#website","url":"https:\/\/www.eldiario.net\/portal\/","name":"El Diario - Decano de la prensa nacional","description":"El Diario - Decano de la prensa nacional","publisher":{"@id":"https:\/\/www.eldiario.net\/portal\/#organization"},"potentialAction":[{"@type":"SearchAction","target":{"@type":"EntryPoint","urlTemplate":"https:\/\/www.eldiario.net\/portal\/?s={search_term_string}"},"query-input":{"@type":"PropertyValueSpecification","valueRequired":true,"valueName":"search_term_string"}}],"inLanguage":"es"},{"@type":"Organization","@id":"https:\/\/www.eldiario.net\/portal\/#organization","name":"El Diario - Decano de la prensa nacional","url":"https:\/\/www.eldiario.net\/portal\/","logo":{"@type":"ImageObject","inLanguage":"es","@id":"https:\/\/www.eldiario.net\/portal\/#\/schema\/logo\/image\/","url":"https:\/\/www.eldiario.net\/portal\/wp-content\/uploads\/2023\/07\/logo_ED.jpg","contentUrl":"https:\/\/www.eldiario.net\/portal\/wp-content\/uploads\/2023\/07\/logo_ED.jpg","width":272,"height":52,"caption":"El Diario - Decano de la prensa nacional"},"image":{"@id":"https:\/\/www.eldiario.net\/portal\/#\/schema\/logo\/image\/"},"sameAs":["https:\/\/www.facebook.com\/eldiario.bolivia\/","https:\/\/x.com\/eldiario_net"]},{"@type":"Person","@id":"https:\/\/www.eldiario.net\/portal\/#\/schema\/person\/f46445640444750d7d753ccd04ae01b7","name":"Jeanette","image":{"@type":"ImageObject","inLanguage":"es","@id":"https:\/\/secure.gravatar.com\/avatar\/3ea2118a5f7dad2b7138b1187a6b7ee55f160b9968b66013c3a3ef39dd7e5798?s=96&d=mm&r=g","url":"https:\/\/secure.gravatar.com\/avatar\/3ea2118a5f7dad2b7138b1187a6b7ee55f160b9968b66013c3a3ef39dd7e5798?s=96&d=mm&r=g","contentUrl":"https:\/\/secure.gravatar.com\/avatar\/3ea2118a5f7dad2b7138b1187a6b7ee55f160b9968b66013c3a3ef39dd7e5798?s=96&d=mm&r=g","caption":"Jeanette"},"sameAs":["https:\/\/www.eldiario.net\/portal"],"url":"https:\/\/www.eldiario.net\/portal\/author\/jeanette\/"}]}},"_links":{"self":[{"href":"https:\/\/www.eldiario.net\/portal\/wp-json\/wp\/v2\/posts\/81291","targetHints":{"allow":["GET"]}}],"collection":[{"href":"https:\/\/www.eldiario.net\/portal\/wp-json\/wp\/v2\/posts"}],"about":[{"href":"https:\/\/www.eldiario.net\/portal\/wp-json\/wp\/v2\/types\/post"}],"author":[{"embeddable":true,"href":"https:\/\/www.eldiario.net\/portal\/wp-json\/wp\/v2\/users\/1"}],"replies":[{"embeddable":true,"href":"https:\/\/www.eldiario.net\/portal\/wp-json\/wp\/v2\/comments?post=81291"}],"version-history":[{"count":0,"href":"https:\/\/www.eldiario.net\/portal\/wp-json\/wp\/v2\/posts\/81291\/revisions"}],"wp:featuredmedia":[{"embeddable":true,"href":"https:\/\/www.eldiario.net\/portal\/wp-json\/wp\/v2\/media\/81292"}],"wp:attachment":[{"href":"https:\/\/www.eldiario.net\/portal\/wp-json\/wp\/v2\/media?parent=81291"}],"wp:term":[{"taxonomy":"category","embeddable":true,"href":"https:\/\/www.eldiario.net\/portal\/wp-json\/wp\/v2\/categories?post=81291"},{"taxonomy":"post_tag","embeddable":true,"href":"https:\/\/www.eldiario.net\/portal\/wp-json\/wp\/v2\/tags?post=81291"}],"curies":[{"name":"wp","href":"https:\/\/api.w.org\/{rel}","templated":true}]}}