{"id":81288,"date":"2022-05-05T04:41:53","date_gmt":"2022-05-05T08:41:53","guid":{"rendered":"https:\/\/www.eldiario.net\/portal\/?p=81288"},"modified":"2022-05-05T04:41:53","modified_gmt":"2022-05-05T08:41:53","slug":"camex-cambia-y-ofrece-cuatro-nuevos-servicios","status":"publish","type":"post","link":"https:\/\/www.eldiario.net\/portal\/2022\/05\/05\/camex-cambia-y-ofrece-cuatro-nuevos-servicios\/","title":{"rendered":"Camex cambia y ofrece  cuatro nuevos servicios"},"content":{"rendered":"<p>La C\u00e1mara de Exportadores de La Paz cambi\u00f3 de raz\u00f3n social y ofrece cuatro servicios para fomentar la venta de productos pace\u00f1o al mercado exterior, y para impulsar la econom\u00eda regional con apoyo log\u00edstico, b\u00fasqueda de mercado, contactos empresariales y organizaci\u00f3n de eventos para el emprendedor.<\/p>\n<p>El presidente de la ahora C\u00e1mara de Exportadores, Log\u00edstica y Promoci\u00f3n de Inversiones La Paz (Camex), Humberto B\u00f6rth, al momento de presentar a la nueva instituci\u00f3n y los servicios, dijo que la pandemia afect\u00f3 a toda la econom\u00eda nacional, en especial a La Paz, y sumado al contexto internacional, donde los mercados y los contactos casi se perdieron, y el alza de los fletes de los containers, presentan un panorama poco alentador para la econom\u00eda.<\/p>\n<p>En ese sentido, la instituci\u00f3n cambi\u00f3, y adecu\u00f3 su estatuto, para ampliar su apoyo a los emprendedores y a los afiliados a la Camex, con el objetivo de mejorar la econom\u00eda de las empresas, as\u00ed como de la regi\u00f3n.<\/p>\n<p>Presentaron cuatro servicios que brindar\u00e1 la nueva Camex, entre ellos est\u00e1 la b\u00fasqueda de mercados, que identificar\u00e1 las tendencias internacionales de consumo y contactos de compradores, y los beneficiarios tendr\u00e1n a la mano informaci\u00f3n confiable y fidedigna.<\/p>\n<p>Tambi\u00e9n brindar\u00e1n el servicio de log\u00edstica de exportaci\u00f3n, que consiste en un asesoramiento en transporte internacional de carga, as\u00ed como la cotizaciones, documentaci\u00f3n y tr\u00e1mites para vender los productos.<\/p>\n<p>No est\u00e1 fuera los contactos empresariales que ofrecer\u00e1n los de C\u00e1mex, es decir los emprendimientos pertenecer\u00e1n a una red de socios estrat\u00e9gicos, y paralelamente encontrar\u00e1n nuevos en funci\u00f3n al sector que pertenece.<\/p>\n<p>Finalmente, la organizaci\u00f3n de eventos abrir\u00e1 el espacio de la Camex para realizar eventos que promocionen a nivel internacional, la oferta nacional y pace\u00f1a.<\/p>\n<p>Apoyo<\/p>\n<p>El presidente de la Federaci\u00f3n de Empresarios Privados de La Paz (FEPLP), Jaime Ascarrunz, se\u00f1al\u00f3 que el Centro de Desarrollo Empresarial en Exportaci\u00f3n (Cedex) brindar\u00e1 toto el apoyo a los emprendimientos, y se espera sumar las ventas con valor agregado, y promover\u00e1n la generaci\u00f3n de empleo.<\/p>\n<p>Calific\u00f3 a La Paz como el epicentro de oportunidades, y por ello es importantes contar con nuevos emprendimientos, y estar preparado para encarar los efectos de la guerra Rusia Ucrania.<\/p>\n<p>Por su parte, el presidente de la C\u00e1mara Nacional de Industrias (CNI), Pablo Camacho, hizo \u00e9nfasis en que La Paz cuenta con una infraestructura productiva, y se debe trabajar en una log\u00edstica para insertarse a las cadenas de valor.<\/p>\n<p>Afirm\u00f3 que es importante el transporte terrestre, fluvial y ferrero, en definitiva, un transporte multimodal, y por ello el ferrocarril ser\u00e1 vital su participaci\u00f3n para abaratar costos y reducir los tiempos.<\/p>\n<p>Finalmente, el presidente de la C\u00e1mara Nacional de Exportadores de Bolivia (Caneb), Danilo Velasco, destac\u00f3 el potencial que tiene el departamento en el \u00e1rea de la manufactura, y nombr\u00f3 algunos productos que ya est\u00e1n en el mercado internacional con valor agregado, como el cacao, la quinua, entre otros.<\/p>\n","protected":false},"excerpt":{"rendered":"<p>La C\u00e1mara de Exportadores de La Paz cambi\u00f3 de raz\u00f3n social y ofrece cuatro servicios para fomentar la venta de productos pace\u00f1o al mercado exterior, y para impulsar la econom\u00eda regional con apoyo log\u00edstico, b\u00fasqueda de mercado, contactos empresariales y organizaci\u00f3n de eventos para el emprendedor. El presidente de la ahora C\u00e1mara de Exportadores, Log\u00edstica [&hellip;]<\/p>\n","protected":false},"author":1,"featured_media":81289,"comment_status":"closed","ping_status":"closed","sticky":false,"template":"","format":"standard","meta":{"_acf_changed":false,"footnotes":""},"categories":[7],"tags":[],"class_list":["post-81288","post","type-post","status-publish","format-standard","has-post-thumbnail","category-economia"],"acf":{"antetitulo":""},"yoast_head":"<!-- This site is optimized with the Yoast SEO plugin v28.3 - https:\/\/yoast.com\/product\/yoast-seo-wordpress\/ -->\n<title>Camex cambia y ofrece cuatro nuevos servicios - El Diario - Bolivia<\/title>\n<meta name=\"robots\" content=\"index, follow, max-snippet:-1, max-image-preview:large, max-video-preview:-1\" \/>\n<link rel=\"canonical\" href=\"https:\/\/www.eldiario.net\/portal\/2022\/05\/05\/camex-cambia-y-ofrece-cuatro-nuevos-servicios\/\" \/>\n<meta property=\"og:locale\" content=\"es_ES\" \/>\n<meta property=\"og:type\" content=\"article\" \/>\n<meta property=\"og:title\" content=\"Camex cambia y ofrece cuatro nuevos servicios - El Diario - Bolivia\" \/>\n<meta property=\"og:description\" content=\"La C\u00e1mara de Exportadores de La Paz cambi\u00f3 de raz\u00f3n social y ofrece cuatro servicios para fomentar la venta de productos pace\u00f1o al mercado exterior, y para impulsar la econom\u00eda regional con apoyo log\u00edstico, b\u00fasqueda de mercado, contactos empresariales y organizaci\u00f3n de eventos para el emprendedor. El presidente de la ahora C\u00e1mara de Exportadores, Log\u00edstica [&hellip;]\" \/>\n<meta property=\"og:url\" content=\"https:\/\/www.eldiario.net\/portal\/2022\/05\/05\/camex-cambia-y-ofrece-cuatro-nuevos-servicios\/\" \/>\n<meta property=\"og:site_name\" content=\"El Diario - Bolivia\" \/>\n<meta property=\"article:publisher\" content=\"https:\/\/www.facebook.com\/eldiario.bolivia\/\" \/>\n<meta property=\"article:published_time\" content=\"2022-05-05T08:41:53+00:00\" \/>\n<meta name=\"author\" content=\"Jeanette\" \/>\n<meta name=\"twitter:card\" content=\"summary_large_image\" \/>\n<meta name=\"twitter:creator\" content=\"@eldiario_net\" \/>\n<meta name=\"twitter:site\" content=\"@eldiario_net\" \/>\n<meta name=\"twitter:label1\" content=\"Escrito por\" \/>\n\t<meta name=\"twitter:data1\" content=\"Jeanette\" \/>\n\t<meta name=\"twitter:label2\" content=\"Tiempo de lectura\" \/>\n\t<meta name=\"twitter:data2\" content=\"3 minutos\" \/>\n<script type=\"application\/ld+json\" class=\"yoast-schema-graph\">{\"@context\":\"https:\\\/\\\/schema.org\",\"@graph\":[{\"@type\":\"Article\",\"@id\":\"https:\\\/\\\/www.eldiario.net\\\/portal\\\/2022\\\/05\\\/05\\\/camex-cambia-y-ofrece-cuatro-nuevos-servicios\\\/#article\",\"isPartOf\":{\"@id\":\"https:\\\/\\\/www.eldiario.net\\\/portal\\\/2022\\\/05\\\/05\\\/camex-cambia-y-ofrece-cuatro-nuevos-servicios\\\/\"},\"author\":{\"name\":\"Jeanette\",\"@id\":\"https:\\\/\\\/www.eldiario.net\\\/portal\\\/#\\\/schema\\\/person\\\/f46445640444750d7d753ccd04ae01b7\"},\"headline\":\"Camex cambia y ofrece cuatro nuevos servicios\",\"datePublished\":\"2022-05-05T08:41:53+00:00\",\"mainEntityOfPage\":{\"@id\":\"https:\\\/\\\/www.eldiario.net\\\/portal\\\/2022\\\/05\\\/05\\\/camex-cambia-y-ofrece-cuatro-nuevos-servicios\\\/\"},\"wordCount\":528,\"publisher\":{\"@id\":\"https:\\\/\\\/www.eldiario.net\\\/portal\\\/#organization\"},\"image\":{\"@id\":\"https:\\\/\\\/www.eldiario.net\\\/portal\\\/2022\\\/05\\\/05\\\/camex-cambia-y-ofrece-cuatro-nuevos-servicios\\\/#primaryimage\"},\"thumbnailUrl\":\"\",\"articleSection\":[\"Econom\u00eda\"],\"inLanguage\":\"es\"},{\"@type\":\"WebPage\",\"@id\":\"https:\\\/\\\/www.eldiario.net\\\/portal\\\/2022\\\/05\\\/05\\\/camex-cambia-y-ofrece-cuatro-nuevos-servicios\\\/\",\"url\":\"https:\\\/\\\/www.eldiario.net\\\/portal\\\/2022\\\/05\\\/05\\\/camex-cambia-y-ofrece-cuatro-nuevos-servicios\\\/\",\"name\":\"Camex cambia y ofrece cuatro nuevos servicios - El Diario - Bolivia\",\"isPartOf\":{\"@id\":\"https:\\\/\\\/www.eldiario.net\\\/portal\\\/#website\"},\"primaryImageOfPage\":{\"@id\":\"https:\\\/\\\/www.eldiario.net\\\/portal\\\/2022\\\/05\\\/05\\\/camex-cambia-y-ofrece-cuatro-nuevos-servicios\\\/#primaryimage\"},\"image\":{\"@id\":\"https:\\\/\\\/www.eldiario.net\\\/portal\\\/2022\\\/05\\\/05\\\/camex-cambia-y-ofrece-cuatro-nuevos-servicios\\\/#primaryimage\"},\"thumbnailUrl\":\"\",\"datePublished\":\"2022-05-05T08:41:53+00:00\",\"breadcrumb\":{\"@id\":\"https:\\\/\\\/www.eldiario.net\\\/portal\\\/2022\\\/05\\\/05\\\/camex-cambia-y-ofrece-cuatro-nuevos-servicios\\\/#breadcrumb\"},\"inLanguage\":\"es\",\"potentialAction\":[{\"@type\":\"ReadAction\",\"target\":[\"https:\\\/\\\/www.eldiario.net\\\/portal\\\/2022\\\/05\\\/05\\\/camex-cambia-y-ofrece-cuatro-nuevos-servicios\\\/\"]}]},{\"@type\":\"ImageObject\",\"inLanguage\":\"es\",\"@id\":\"https:\\\/\\\/www.eldiario.net\\\/portal\\\/2022\\\/05\\\/05\\\/camex-cambia-y-ofrece-cuatro-nuevos-servicios\\\/#primaryimage\",\"url\":\"\",\"contentUrl\":\"\"},{\"@type\":\"BreadcrumbList\",\"@id\":\"https:\\\/\\\/www.eldiario.net\\\/portal\\\/2022\\\/05\\\/05\\\/camex-cambia-y-ofrece-cuatro-nuevos-servicios\\\/#breadcrumb\",\"itemListElement\":[{\"@type\":\"ListItem\",\"position\":1,\"name\":\"Portada\",\"item\":\"https:\\\/\\\/www.eldiario.net\\\/portal\\\/\"},{\"@type\":\"ListItem\",\"position\":2,\"name\":\"Camex cambia y ofrece cuatro nuevos servicios\"}]},{\"@type\":\"WebSite\",\"@id\":\"https:\\\/\\\/www.eldiario.net\\\/portal\\\/#website\",\"url\":\"https:\\\/\\\/www.eldiario.net\\\/portal\\\/\",\"name\":\"El Diario - Decano de la prensa nacional\",\"description\":\"El Diario - Decano de la prensa nacional\",\"publisher\":{\"@id\":\"https:\\\/\\\/www.eldiario.net\\\/portal\\\/#organization\"},\"potentialAction\":[{\"@type\":\"SearchAction\",\"target\":{\"@type\":\"EntryPoint\",\"urlTemplate\":\"https:\\\/\\\/www.eldiario.net\\\/portal\\\/?s={search_term_string}\"},\"query-input\":{\"@type\":\"PropertyValueSpecification\",\"valueRequired\":true,\"valueName\":\"search_term_string\"}}],\"inLanguage\":\"es\"},{\"@type\":\"Organization\",\"@id\":\"https:\\\/\\\/www.eldiario.net\\\/portal\\\/#organization\",\"name\":\"El Diario - Decano de la prensa nacional\",\"url\":\"https:\\\/\\\/www.eldiario.net\\\/portal\\\/\",\"logo\":{\"@type\":\"ImageObject\",\"inLanguage\":\"es\",\"@id\":\"https:\\\/\\\/www.eldiario.net\\\/portal\\\/#\\\/schema\\\/logo\\\/image\\\/\",\"url\":\"https:\\\/\\\/www.eldiario.net\\\/portal\\\/wp-content\\\/uploads\\\/2023\\\/07\\\/logo_ED.jpg\",\"contentUrl\":\"https:\\\/\\\/www.eldiario.net\\\/portal\\\/wp-content\\\/uploads\\\/2023\\\/07\\\/logo_ED.jpg\",\"width\":272,\"height\":52,\"caption\":\"El Diario - Decano de la prensa nacional\"},\"image\":{\"@id\":\"https:\\\/\\\/www.eldiario.net\\\/portal\\\/#\\\/schema\\\/logo\\\/image\\\/\"},\"sameAs\":[\"https:\\\/\\\/www.facebook.com\\\/eldiario.bolivia\\\/\",\"https:\\\/\\\/x.com\\\/eldiario_net\"]},{\"@type\":\"Person\",\"@id\":\"https:\\\/\\\/www.eldiario.net\\\/portal\\\/#\\\/schema\\\/person\\\/f46445640444750d7d753ccd04ae01b7\",\"name\":\"Jeanette\",\"image\":{\"@type\":\"ImageObject\",\"inLanguage\":\"es\",\"@id\":\"https:\\\/\\\/secure.gravatar.com\\\/avatar\\\/3ea2118a5f7dad2b7138b1187a6b7ee55f160b9968b66013c3a3ef39dd7e5798?s=96&d=mm&r=g\",\"url\":\"https:\\\/\\\/secure.gravatar.com\\\/avatar\\\/3ea2118a5f7dad2b7138b1187a6b7ee55f160b9968b66013c3a3ef39dd7e5798?s=96&d=mm&r=g\",\"contentUrl\":\"https:\\\/\\\/secure.gravatar.com\\\/avatar\\\/3ea2118a5f7dad2b7138b1187a6b7ee55f160b9968b66013c3a3ef39dd7e5798?s=96&d=mm&r=g\",\"caption\":\"Jeanette\"},\"sameAs\":[\"https:\\\/\\\/www.eldiario.net\\\/portal\"],\"url\":\"https:\\\/\\\/www.eldiario.net\\\/portal\\\/author\\\/jeanette\\\/\"}]}<\/script>\n<!-- \/ Yoast SEO plugin. -->","yoast_head_json":{"title":"Camex cambia y ofrece cuatro nuevos servicios - El Diario - Bolivia","robots":{"index":"index","follow":"follow","max-snippet":"max-snippet:-1","max-image-preview":"max-image-preview:large","max-video-preview":"max-video-preview:-1"},"canonical":"https:\/\/www.eldiario.net\/portal\/2022\/05\/05\/camex-cambia-y-ofrece-cuatro-nuevos-servicios\/","og_locale":"es_ES","og_type":"article","og_title":"Camex cambia y ofrece cuatro nuevos servicios - El Diario - Bolivia","og_description":"La C\u00e1mara de Exportadores de La Paz cambi\u00f3 de raz\u00f3n social y ofrece cuatro servicios para fomentar la venta de productos pace\u00f1o al mercado exterior, y para impulsar la econom\u00eda regional con apoyo log\u00edstico, b\u00fasqueda de mercado, contactos empresariales y organizaci\u00f3n de eventos para el emprendedor. El presidente de la ahora C\u00e1mara de Exportadores, Log\u00edstica [&hellip;]","og_url":"https:\/\/www.eldiario.net\/portal\/2022\/05\/05\/camex-cambia-y-ofrece-cuatro-nuevos-servicios\/","og_site_name":"El Diario - Bolivia","article_publisher":"https:\/\/www.facebook.com\/eldiario.bolivia\/","article_published_time":"2022-05-05T08:41:53+00:00","author":"Jeanette","twitter_card":"summary_large_image","twitter_creator":"@eldiario_net","twitter_site":"@eldiario_net","twitter_misc":{"Escrito por":"Jeanette","Tiempo de lectura":"3 minutos"},"schema":{"@context":"https:\/\/schema.org","@graph":[{"@type":"Article","@id":"https:\/\/www.eldiario.net\/portal\/2022\/05\/05\/camex-cambia-y-ofrece-cuatro-nuevos-servicios\/#article","isPartOf":{"@id":"https:\/\/www.eldiario.net\/portal\/2022\/05\/05\/camex-cambia-y-ofrece-cuatro-nuevos-servicios\/"},"author":{"name":"Jeanette","@id":"https:\/\/www.eldiario.net\/portal\/#\/schema\/person\/f46445640444750d7d753ccd04ae01b7"},"headline":"Camex cambia y ofrece cuatro nuevos servicios","datePublished":"2022-05-05T08:41:53+00:00","mainEntityOfPage":{"@id":"https:\/\/www.eldiario.net\/portal\/2022\/05\/05\/camex-cambia-y-ofrece-cuatro-nuevos-servicios\/"},"wordCount":528,"publisher":{"@id":"https:\/\/www.eldiario.net\/portal\/#organization"},"image":{"@id":"https:\/\/www.eldiario.net\/portal\/2022\/05\/05\/camex-cambia-y-ofrece-cuatro-nuevos-servicios\/#primaryimage"},"thumbnailUrl":"","articleSection":["Econom\u00eda"],"inLanguage":"es"},{"@type":"WebPage","@id":"https:\/\/www.eldiario.net\/portal\/2022\/05\/05\/camex-cambia-y-ofrece-cuatro-nuevos-servicios\/","url":"https:\/\/www.eldiario.net\/portal\/2022\/05\/05\/camex-cambia-y-ofrece-cuatro-nuevos-servicios\/","name":"Camex cambia y ofrece cuatro nuevos servicios - El Diario - Bolivia","isPartOf":{"@id":"https:\/\/www.eldiario.net\/portal\/#website"},"primaryImageOfPage":{"@id":"https:\/\/www.eldiario.net\/portal\/2022\/05\/05\/camex-cambia-y-ofrece-cuatro-nuevos-servicios\/#primaryimage"},"image":{"@id":"https:\/\/www.eldiario.net\/portal\/2022\/05\/05\/camex-cambia-y-ofrece-cuatro-nuevos-servicios\/#primaryimage"},"thumbnailUrl":"","datePublished":"2022-05-05T08:41:53+00:00","breadcrumb":{"@id":"https:\/\/www.eldiario.net\/portal\/2022\/05\/05\/camex-cambia-y-ofrece-cuatro-nuevos-servicios\/#breadcrumb"},"inLanguage":"es","potentialAction":[{"@type":"ReadAction","target":["https:\/\/www.eldiario.net\/portal\/2022\/05\/05\/camex-cambia-y-ofrece-cuatro-nuevos-servicios\/"]}]},{"@type":"ImageObject","inLanguage":"es","@id":"https:\/\/www.eldiario.net\/portal\/2022\/05\/05\/camex-cambia-y-ofrece-cuatro-nuevos-servicios\/#primaryimage","url":"","contentUrl":""},{"@type":"BreadcrumbList","@id":"https:\/\/www.eldiario.net\/portal\/2022\/05\/05\/camex-cambia-y-ofrece-cuatro-nuevos-servicios\/#breadcrumb","itemListElement":[{"@type":"ListItem","position":1,"name":"Portada","item":"https:\/\/www.eldiario.net\/portal\/"},{"@type":"ListItem","position":2,"name":"Camex cambia y ofrece cuatro nuevos servicios"}]},{"@type":"WebSite","@id":"https:\/\/www.eldiario.net\/portal\/#website","url":"https:\/\/www.eldiario.net\/portal\/","name":"El Diario - Decano de la prensa nacional","description":"El Diario - Decano de la prensa nacional","publisher":{"@id":"https:\/\/www.eldiario.net\/portal\/#organization"},"potentialAction":[{"@type":"SearchAction","target":{"@type":"EntryPoint","urlTemplate":"https:\/\/www.eldiario.net\/portal\/?s={search_term_string}"},"query-input":{"@type":"PropertyValueSpecification","valueRequired":true,"valueName":"search_term_string"}}],"inLanguage":"es"},{"@type":"Organization","@id":"https:\/\/www.eldiario.net\/portal\/#organization","name":"El Diario - Decano de la prensa nacional","url":"https:\/\/www.eldiario.net\/portal\/","logo":{"@type":"ImageObject","inLanguage":"es","@id":"https:\/\/www.eldiario.net\/portal\/#\/schema\/logo\/image\/","url":"https:\/\/www.eldiario.net\/portal\/wp-content\/uploads\/2023\/07\/logo_ED.jpg","contentUrl":"https:\/\/www.eldiario.net\/portal\/wp-content\/uploads\/2023\/07\/logo_ED.jpg","width":272,"height":52,"caption":"El Diario - Decano de la prensa nacional"},"image":{"@id":"https:\/\/www.eldiario.net\/portal\/#\/schema\/logo\/image\/"},"sameAs":["https:\/\/www.facebook.com\/eldiario.bolivia\/","https:\/\/x.com\/eldiario_net"]},{"@type":"Person","@id":"https:\/\/www.eldiario.net\/portal\/#\/schema\/person\/f46445640444750d7d753ccd04ae01b7","name":"Jeanette","image":{"@type":"ImageObject","inLanguage":"es","@id":"https:\/\/secure.gravatar.com\/avatar\/3ea2118a5f7dad2b7138b1187a6b7ee55f160b9968b66013c3a3ef39dd7e5798?s=96&d=mm&r=g","url":"https:\/\/secure.gravatar.com\/avatar\/3ea2118a5f7dad2b7138b1187a6b7ee55f160b9968b66013c3a3ef39dd7e5798?s=96&d=mm&r=g","contentUrl":"https:\/\/secure.gravatar.com\/avatar\/3ea2118a5f7dad2b7138b1187a6b7ee55f160b9968b66013c3a3ef39dd7e5798?s=96&d=mm&r=g","caption":"Jeanette"},"sameAs":["https:\/\/www.eldiario.net\/portal"],"url":"https:\/\/www.eldiario.net\/portal\/author\/jeanette\/"}]}},"_links":{"self":[{"href":"https:\/\/www.eldiario.net\/portal\/wp-json\/wp\/v2\/posts\/81288","targetHints":{"allow":["GET"]}}],"collection":[{"href":"https:\/\/www.eldiario.net\/portal\/wp-json\/wp\/v2\/posts"}],"about":[{"href":"https:\/\/www.eldiario.net\/portal\/wp-json\/wp\/v2\/types\/post"}],"author":[{"embeddable":true,"href":"https:\/\/www.eldiario.net\/portal\/wp-json\/wp\/v2\/users\/1"}],"replies":[{"embeddable":true,"href":"https:\/\/www.eldiario.net\/portal\/wp-json\/wp\/v2\/comments?post=81288"}],"version-history":[{"count":0,"href":"https:\/\/www.eldiario.net\/portal\/wp-json\/wp\/v2\/posts\/81288\/revisions"}],"wp:attachment":[{"href":"https:\/\/www.eldiario.net\/portal\/wp-json\/wp\/v2\/media?parent=81288"}],"wp:term":[{"taxonomy":"category","embeddable":true,"href":"https:\/\/www.eldiario.net\/portal\/wp-json\/wp\/v2\/categories?post=81288"},{"taxonomy":"post_tag","embeddable":true,"href":"https:\/\/www.eldiario.net\/portal\/wp-json\/wp\/v2\/tags?post=81288"}],"curies":[{"name":"wp","href":"https:\/\/api.w.org\/{rel}","templated":true}]}}