{"id":8127,"date":"2021-06-04T05:16:20","date_gmt":"2021-06-04T09:16:20","guid":{"rendered":"https:\/\/www.eldiario.net\/portal\/?p=8127"},"modified":"2021-06-04T05:16:20","modified_gmt":"2021-06-04T09:16:20","slug":"brasil-defiende-su-liderato-ante-el-aguerrido-ecuador","status":"publish","type":"post","link":"https:\/\/www.eldiario.net\/portal\/2021\/06\/04\/brasil-defiende-su-liderato-ante-el-aguerrido-ecuador\/","title":{"rendered":"Brasil defiende su liderato ante el aguerrido Ecuador"},"content":{"rendered":"<p>El l\u00edder invicto Brasil, que posee el ciento por ciento de eficacia al vencer en sus cuatro presentaciones, intentar\u00e1 ratificar su dominio hoy en las Eliminatorias Sudamericana para el Mundial de Qatar 2022 cuando reciba a Ecuador, dirigido por el argentino Gustavo Alfaro y sorpresa del inicio de la clasificaci\u00f3n.<br \/>\nEl partido, v\u00e1lido por la s\u00e9ptima fecha, que fue programada antes de la quinta y sexta, a causa de la pandemia, se celebrar\u00e1 desde las 21.30 en el estadio Beira Rio de Porto Alegre, con el arbitraje del venezolano Alexis Herrera. Las \u00faltimas 5 veces que se enfrentaron en el torneo tuvieron todos los resultados posibles. El conjunto local acumul\u00f3 3 victorias, mientras que la visita sum\u00f3 1. En 1 partido terminaron igualados en el marcador. Brasil, dirigido por Tite, logr\u00f3 los 12 puntos en cuatro encuentros luego de vencer a Per\u00fa (4-2), Venezuela (1-0), Per\u00fa (2-0) y Uruguay (2-0), alcanzando una eficacia que no sorprende a nadie, es lo com\u00fan en las Eliminatorias que para los brasile\u00f1os alcanzar una plaza mundialista sea un tr\u00e1mite. El f\u00fatbol de los pentacampeones mundiales es de los mejor del mundo y es dominador de esta regi\u00f3n del continente generalmente con poca oposici\u00f3n y logra ello merced a la calidad y cantidad de jugadores que posee y que, en su mayor\u00eda act\u00faan en equipo top de Europa. Brasil tendr\u00e1 a unos de los rivales m\u00e1s duros en este clasificaci\u00f3n en el Ecuador de Alfaro, que sum\u00f3 tres triunfos (Uruguay 4-2, Bolivia 3-2 y Colombia 6-1) y solo un rev\u00e9s en la cancha de Boca cayendo ante Argentina por 1-0 con gol de Lionel Messi, de tiro penal.<br \/>\nAlfaro logro en muy poco tiempo una elogiable comuni\u00f3n con su plantel y las dudas de gran parte del periodismo ecuatoriano qued\u00f3 de lado, m\u00e1xime tomando en cuenta la verticalidad del equipo sumando 13 tantos y siendo hasta, ahora el equipo con m\u00e1s poder de gol con \u00c1ngel Mena y Michael Estrada como su elementos m\u00e1s contundentes ante el arco rival. Brasil: Alisson; Danilo, \u00c9der Militao, Marquinhos, Alex Sandro; Casemiro, Fred, Lucas Paquet\u00e1; Neymar, Richarlison, Gabigol. DT: Tite.<br \/>\nEcuador: Alexander Dominguez; \u00c1ngelo Preciado, Xavier Arreaga, Robert Arbodela, Pervis Estupi\u00f1\u00e1n; Carlos Gruezo, Mois\u00e9s Caicedo, Jehgson M\u00e9ndez; \u00c1ngel Mena, Michael Estrada, Enner Valencia. DT; Gustavo Alfaro.<\/p>\n<p>12 puntos tiene Brasil, el l\u00edder del certamen, mientras su rival cuenta con 9 unidades.<\/p>\n<p><strong>M\u00c1S DATOS<\/strong><\/p>\n<p>Brasil solo ha perdido en dos ocasiones contra Ecuador en toda su historia (26V 4E), y las dos fueron en Ecuador. La selecci\u00f3n brasile\u00f1a no recibi\u00f3 goles en los \u00faltimos cuatro encuentros frente a los ecuatorianos, su mejor racha con porter\u00eda a cero en la historia de este enfrentamiento.<br \/>\nBrasil est\u00e1 disfrutando de su segunda mejor racha de la historia sin perder en clasificatorios para el Mundial (21 encuentros, 16V 5E), tan solo por detr\u00e1s de sus primeros 31 partidos invicto (24V 7E).<br \/>\nEcuador viene de vencer en sus \u00faltimos tres encuentros marcando de medio 4,3 goles por encuentro (los tres encuentros pertenecientes al clasificatorio). Se trata de su mejor racha de triunfos seguidos desde noviembre de 2015 (seis).<br \/>\nEcuador es el equipo con m\u00e1s goles anotados en estas primeras cuatro fechas de las eliminatorias de CONMEBOL (13, uno m\u00e1s que su rival en este partido).<br \/>\nEn este partido se medir\u00e1n los dos jugadores con mayor implicaci\u00f3n goleadora en las eliminatorias de 2022: \u00c1ngel Mena (5 \u2013 dos goles y tres asistencias) y Neymar (5 \u2013 tres goles y dos asistencias).<\/p>\n<p><strong>Infobae y AGENCIAS<\/strong><\/p>\n","protected":false},"excerpt":{"rendered":"<p>El l\u00edder invicto Brasil, que posee el ciento por ciento de eficacia al vencer en sus cuatro presentaciones, intentar\u00e1 ratificar su dominio hoy en las Eliminatorias Sudamericana para el Mundial de Qatar 2022 cuando reciba a Ecuador, dirigido por el argentino Gustavo Alfaro y sorpresa del inicio de la clasificaci\u00f3n. El partido, v\u00e1lido por la [&hellip;]<\/p>\n","protected":false},"author":1,"featured_media":8128,"comment_status":"closed","ping_status":"closed","sticky":false,"template":"","format":"standard","meta":{"_acf_changed":false,"footnotes":""},"categories":[6],"tags":[],"class_list":["post-8127","post","type-post","status-publish","format-standard","has-post-thumbnail","category-deportes"],"acf":{"antetitulo":""},"yoast_head":"<!-- This site is optimized with the Yoast SEO plugin v28.4 - https:\/\/yoast.com\/product\/yoast-seo-wordpress\/ -->\n<title>Brasil defiende su liderato ante el aguerrido Ecuador - El Diario - Bolivia<\/title>\n<meta name=\"robots\" content=\"index, follow, max-snippet:-1, max-image-preview:large, max-video-preview:-1\" \/>\n<link rel=\"canonical\" href=\"https:\/\/www.eldiario.net\/portal\/2021\/06\/04\/brasil-defiende-su-liderato-ante-el-aguerrido-ecuador\/\" \/>\n<meta property=\"og:locale\" content=\"es_ES\" \/>\n<meta property=\"og:type\" content=\"article\" \/>\n<meta property=\"og:title\" content=\"Brasil defiende su liderato ante el aguerrido Ecuador - El Diario - Bolivia\" \/>\n<meta property=\"og:description\" content=\"El l\u00edder invicto Brasil, que posee el ciento por ciento de eficacia al vencer en sus cuatro presentaciones, intentar\u00e1 ratificar su dominio hoy en las Eliminatorias Sudamericana para el Mundial de Qatar 2022 cuando reciba a Ecuador, dirigido por el argentino Gustavo Alfaro y sorpresa del inicio de la clasificaci\u00f3n. El partido, v\u00e1lido por la [&hellip;]\" \/>\n<meta property=\"og:url\" content=\"https:\/\/www.eldiario.net\/portal\/2021\/06\/04\/brasil-defiende-su-liderato-ante-el-aguerrido-ecuador\/\" \/>\n<meta property=\"og:site_name\" content=\"El Diario - Bolivia\" \/>\n<meta property=\"article:publisher\" content=\"https:\/\/www.facebook.com\/eldiario.bolivia\/\" \/>\n<meta property=\"article:published_time\" content=\"2021-06-04T09:16:20+00:00\" \/>\n<meta name=\"author\" content=\"Jeanette\" \/>\n<meta name=\"twitter:card\" content=\"summary_large_image\" \/>\n<meta name=\"twitter:creator\" content=\"@eldiario_net\" \/>\n<meta name=\"twitter:site\" content=\"@eldiario_net\" \/>\n<meta name=\"twitter:label1\" content=\"Escrito por\" \/>\n\t<meta name=\"twitter:data1\" content=\"Jeanette\" \/>\n\t<meta name=\"twitter:label2\" content=\"Tiempo de lectura\" \/>\n\t<meta name=\"twitter:data2\" content=\"3 minutos\" \/>\n<script type=\"application\/ld+json\" class=\"yoast-schema-graph\">{\"@context\":\"https:\\\/\\\/schema.org\",\"@graph\":[{\"@type\":\"Article\",\"@id\":\"https:\\\/\\\/www.eldiario.net\\\/portal\\\/2021\\\/06\\\/04\\\/brasil-defiende-su-liderato-ante-el-aguerrido-ecuador\\\/#article\",\"isPartOf\":{\"@id\":\"https:\\\/\\\/www.eldiario.net\\\/portal\\\/2021\\\/06\\\/04\\\/brasil-defiende-su-liderato-ante-el-aguerrido-ecuador\\\/\"},\"author\":{\"name\":\"Jeanette\",\"@id\":\"https:\\\/\\\/www.eldiario.net\\\/portal\\\/#\\\/schema\\\/person\\\/2c57cf2b7a7ae032e449e4c9b1019eac\"},\"headline\":\"Brasil defiende su liderato ante el aguerrido Ecuador\",\"datePublished\":\"2021-06-04T09:16:20+00:00\",\"mainEntityOfPage\":{\"@id\":\"https:\\\/\\\/www.eldiario.net\\\/portal\\\/2021\\\/06\\\/04\\\/brasil-defiende-su-liderato-ante-el-aguerrido-ecuador\\\/\"},\"wordCount\":598,\"publisher\":{\"@id\":\"https:\\\/\\\/www.eldiario.net\\\/portal\\\/#organization\"},\"image\":{\"@id\":\"https:\\\/\\\/www.eldiario.net\\\/portal\\\/2021\\\/06\\\/04\\\/brasil-defiende-su-liderato-ante-el-aguerrido-ecuador\\\/#primaryimage\"},\"thumbnailUrl\":\"\",\"articleSection\":[\"Deportes\"],\"inLanguage\":\"es\"},{\"@type\":\"WebPage\",\"@id\":\"https:\\\/\\\/www.eldiario.net\\\/portal\\\/2021\\\/06\\\/04\\\/brasil-defiende-su-liderato-ante-el-aguerrido-ecuador\\\/\",\"url\":\"https:\\\/\\\/www.eldiario.net\\\/portal\\\/2021\\\/06\\\/04\\\/brasil-defiende-su-liderato-ante-el-aguerrido-ecuador\\\/\",\"name\":\"Brasil defiende su liderato ante el aguerrido Ecuador - El Diario - Bolivia\",\"isPartOf\":{\"@id\":\"https:\\\/\\\/www.eldiario.net\\\/portal\\\/#website\"},\"primaryImageOfPage\":{\"@id\":\"https:\\\/\\\/www.eldiario.net\\\/portal\\\/2021\\\/06\\\/04\\\/brasil-defiende-su-liderato-ante-el-aguerrido-ecuador\\\/#primaryimage\"},\"image\":{\"@id\":\"https:\\\/\\\/www.eldiario.net\\\/portal\\\/2021\\\/06\\\/04\\\/brasil-defiende-su-liderato-ante-el-aguerrido-ecuador\\\/#primaryimage\"},\"thumbnailUrl\":\"\",\"datePublished\":\"2021-06-04T09:16:20+00:00\",\"breadcrumb\":{\"@id\":\"https:\\\/\\\/www.eldiario.net\\\/portal\\\/2021\\\/06\\\/04\\\/brasil-defiende-su-liderato-ante-el-aguerrido-ecuador\\\/#breadcrumb\"},\"inLanguage\":\"es\",\"potentialAction\":[{\"@type\":\"ReadAction\",\"target\":[\"https:\\\/\\\/www.eldiario.net\\\/portal\\\/2021\\\/06\\\/04\\\/brasil-defiende-su-liderato-ante-el-aguerrido-ecuador\\\/\"]}]},{\"@type\":\"ImageObject\",\"inLanguage\":\"es\",\"@id\":\"https:\\\/\\\/www.eldiario.net\\\/portal\\\/2021\\\/06\\\/04\\\/brasil-defiende-su-liderato-ante-el-aguerrido-ecuador\\\/#primaryimage\",\"url\":\"\",\"contentUrl\":\"\"},{\"@type\":\"BreadcrumbList\",\"@id\":\"https:\\\/\\\/www.eldiario.net\\\/portal\\\/2021\\\/06\\\/04\\\/brasil-defiende-su-liderato-ante-el-aguerrido-ecuador\\\/#breadcrumb\",\"itemListElement\":[{\"@type\":\"ListItem\",\"position\":1,\"name\":\"Portada\",\"item\":\"https:\\\/\\\/www.eldiario.net\\\/portal\\\/\"},{\"@type\":\"ListItem\",\"position\":2,\"name\":\"Brasil defiende su liderato ante el aguerrido Ecuador\"}]},{\"@type\":\"WebSite\",\"@id\":\"https:\\\/\\\/www.eldiario.net\\\/portal\\\/#website\",\"url\":\"https:\\\/\\\/www.eldiario.net\\\/portal\\\/\",\"name\":\"El Diario - Decano de la prensa nacional\",\"description\":\"El Diario - Decano de la prensa nacional\",\"publisher\":{\"@id\":\"https:\\\/\\\/www.eldiario.net\\\/portal\\\/#organization\"},\"potentialAction\":[{\"@type\":\"SearchAction\",\"target\":{\"@type\":\"EntryPoint\",\"urlTemplate\":\"https:\\\/\\\/www.eldiario.net\\\/portal\\\/?s={search_term_string}\"},\"query-input\":{\"@type\":\"PropertyValueSpecification\",\"valueRequired\":true,\"valueName\":\"search_term_string\"}}],\"inLanguage\":\"es\"},{\"@type\":\"Organization\",\"@id\":\"https:\\\/\\\/www.eldiario.net\\\/portal\\\/#organization\",\"name\":\"El Diario - Decano de la prensa nacional\",\"url\":\"https:\\\/\\\/www.eldiario.net\\\/portal\\\/\",\"logo\":{\"@type\":\"ImageObject\",\"inLanguage\":\"es\",\"@id\":\"https:\\\/\\\/www.eldiario.net\\\/portal\\\/#\\\/schema\\\/logo\\\/image\\\/\",\"url\":\"https:\\\/\\\/www.eldiario.net\\\/portal\\\/wp-content\\\/uploads\\\/2023\\\/07\\\/logo_ED.jpg\",\"contentUrl\":\"https:\\\/\\\/www.eldiario.net\\\/portal\\\/wp-content\\\/uploads\\\/2023\\\/07\\\/logo_ED.jpg\",\"width\":272,\"height\":52,\"caption\":\"El Diario - Decano de la prensa nacional\"},\"image\":{\"@id\":\"https:\\\/\\\/www.eldiario.net\\\/portal\\\/#\\\/schema\\\/logo\\\/image\\\/\"},\"sameAs\":[\"https:\\\/\\\/www.facebook.com\\\/eldiario.bolivia\\\/\",\"https:\\\/\\\/x.com\\\/eldiario_net\"]},{\"@type\":\"Person\",\"@id\":\"https:\\\/\\\/www.eldiario.net\\\/portal\\\/#\\\/schema\\\/person\\\/2c57cf2b7a7ae032e449e4c9b1019eac\",\"name\":\"Jeanette\",\"image\":{\"@type\":\"ImageObject\",\"inLanguage\":\"es\",\"@id\":\"https:\\\/\\\/secure.gravatar.com\\\/avatar\\\/3ea2118a5f7dad2b7138b1187a6b7ee55f160b9968b66013c3a3ef39dd7e5798?s=96&d=mm&r=g\",\"url\":\"https:\\\/\\\/secure.gravatar.com\\\/avatar\\\/3ea2118a5f7dad2b7138b1187a6b7ee55f160b9968b66013c3a3ef39dd7e5798?s=96&d=mm&r=g\",\"contentUrl\":\"https:\\\/\\\/secure.gravatar.com\\\/avatar\\\/3ea2118a5f7dad2b7138b1187a6b7ee55f160b9968b66013c3a3ef39dd7e5798?s=96&d=mm&r=g\",\"caption\":\"Jeanette\"},\"sameAs\":[\"https:\\\/\\\/www.eldiario.net\\\/portal\"],\"url\":\"https:\\\/\\\/www.eldiario.net\\\/portal\\\/author\\\/jeanette\\\/\"}]}<\/script>\n<!-- \/ Yoast SEO plugin. -->","yoast_head_json":{"title":"Brasil defiende su liderato ante el aguerrido Ecuador - El Diario - Bolivia","robots":{"index":"index","follow":"follow","max-snippet":"max-snippet:-1","max-image-preview":"max-image-preview:large","max-video-preview":"max-video-preview:-1"},"canonical":"https:\/\/www.eldiario.net\/portal\/2021\/06\/04\/brasil-defiende-su-liderato-ante-el-aguerrido-ecuador\/","og_locale":"es_ES","og_type":"article","og_title":"Brasil defiende su liderato ante el aguerrido Ecuador - El Diario - Bolivia","og_description":"El l\u00edder invicto Brasil, que posee el ciento por ciento de eficacia al vencer en sus cuatro presentaciones, intentar\u00e1 ratificar su dominio hoy en las Eliminatorias Sudamericana para el Mundial de Qatar 2022 cuando reciba a Ecuador, dirigido por el argentino Gustavo Alfaro y sorpresa del inicio de la clasificaci\u00f3n. El partido, v\u00e1lido por la [&hellip;]","og_url":"https:\/\/www.eldiario.net\/portal\/2021\/06\/04\/brasil-defiende-su-liderato-ante-el-aguerrido-ecuador\/","og_site_name":"El Diario - Bolivia","article_publisher":"https:\/\/www.facebook.com\/eldiario.bolivia\/","article_published_time":"2021-06-04T09:16:20+00:00","author":"Jeanette","twitter_card":"summary_large_image","twitter_creator":"@eldiario_net","twitter_site":"@eldiario_net","twitter_misc":{"Escrito por":"Jeanette","Tiempo de lectura":"3 minutos"},"schema":{"@context":"https:\/\/schema.org","@graph":[{"@type":"Article","@id":"https:\/\/www.eldiario.net\/portal\/2021\/06\/04\/brasil-defiende-su-liderato-ante-el-aguerrido-ecuador\/#article","isPartOf":{"@id":"https:\/\/www.eldiario.net\/portal\/2021\/06\/04\/brasil-defiende-su-liderato-ante-el-aguerrido-ecuador\/"},"author":{"name":"Jeanette","@id":"https:\/\/www.eldiario.net\/portal\/#\/schema\/person\/2c57cf2b7a7ae032e449e4c9b1019eac"},"headline":"Brasil defiende su liderato ante el aguerrido Ecuador","datePublished":"2021-06-04T09:16:20+00:00","mainEntityOfPage":{"@id":"https:\/\/www.eldiario.net\/portal\/2021\/06\/04\/brasil-defiende-su-liderato-ante-el-aguerrido-ecuador\/"},"wordCount":598,"publisher":{"@id":"https:\/\/www.eldiario.net\/portal\/#organization"},"image":{"@id":"https:\/\/www.eldiario.net\/portal\/2021\/06\/04\/brasil-defiende-su-liderato-ante-el-aguerrido-ecuador\/#primaryimage"},"thumbnailUrl":"","articleSection":["Deportes"],"inLanguage":"es"},{"@type":"WebPage","@id":"https:\/\/www.eldiario.net\/portal\/2021\/06\/04\/brasil-defiende-su-liderato-ante-el-aguerrido-ecuador\/","url":"https:\/\/www.eldiario.net\/portal\/2021\/06\/04\/brasil-defiende-su-liderato-ante-el-aguerrido-ecuador\/","name":"Brasil defiende su liderato ante el aguerrido Ecuador - El Diario - Bolivia","isPartOf":{"@id":"https:\/\/www.eldiario.net\/portal\/#website"},"primaryImageOfPage":{"@id":"https:\/\/www.eldiario.net\/portal\/2021\/06\/04\/brasil-defiende-su-liderato-ante-el-aguerrido-ecuador\/#primaryimage"},"image":{"@id":"https:\/\/www.eldiario.net\/portal\/2021\/06\/04\/brasil-defiende-su-liderato-ante-el-aguerrido-ecuador\/#primaryimage"},"thumbnailUrl":"","datePublished":"2021-06-04T09:16:20+00:00","breadcrumb":{"@id":"https:\/\/www.eldiario.net\/portal\/2021\/06\/04\/brasil-defiende-su-liderato-ante-el-aguerrido-ecuador\/#breadcrumb"},"inLanguage":"es","potentialAction":[{"@type":"ReadAction","target":["https:\/\/www.eldiario.net\/portal\/2021\/06\/04\/brasil-defiende-su-liderato-ante-el-aguerrido-ecuador\/"]}]},{"@type":"ImageObject","inLanguage":"es","@id":"https:\/\/www.eldiario.net\/portal\/2021\/06\/04\/brasil-defiende-su-liderato-ante-el-aguerrido-ecuador\/#primaryimage","url":"","contentUrl":""},{"@type":"BreadcrumbList","@id":"https:\/\/www.eldiario.net\/portal\/2021\/06\/04\/brasil-defiende-su-liderato-ante-el-aguerrido-ecuador\/#breadcrumb","itemListElement":[{"@type":"ListItem","position":1,"name":"Portada","item":"https:\/\/www.eldiario.net\/portal\/"},{"@type":"ListItem","position":2,"name":"Brasil defiende su liderato ante el aguerrido Ecuador"}]},{"@type":"WebSite","@id":"https:\/\/www.eldiario.net\/portal\/#website","url":"https:\/\/www.eldiario.net\/portal\/","name":"El Diario - Decano de la prensa nacional","description":"El Diario - Decano de la prensa nacional","publisher":{"@id":"https:\/\/www.eldiario.net\/portal\/#organization"},"potentialAction":[{"@type":"SearchAction","target":{"@type":"EntryPoint","urlTemplate":"https:\/\/www.eldiario.net\/portal\/?s={search_term_string}"},"query-input":{"@type":"PropertyValueSpecification","valueRequired":true,"valueName":"search_term_string"}}],"inLanguage":"es"},{"@type":"Organization","@id":"https:\/\/www.eldiario.net\/portal\/#organization","name":"El Diario - Decano de la prensa nacional","url":"https:\/\/www.eldiario.net\/portal\/","logo":{"@type":"ImageObject","inLanguage":"es","@id":"https:\/\/www.eldiario.net\/portal\/#\/schema\/logo\/image\/","url":"https:\/\/www.eldiario.net\/portal\/wp-content\/uploads\/2023\/07\/logo_ED.jpg","contentUrl":"https:\/\/www.eldiario.net\/portal\/wp-content\/uploads\/2023\/07\/logo_ED.jpg","width":272,"height":52,"caption":"El Diario - Decano de la prensa nacional"},"image":{"@id":"https:\/\/www.eldiario.net\/portal\/#\/schema\/logo\/image\/"},"sameAs":["https:\/\/www.facebook.com\/eldiario.bolivia\/","https:\/\/x.com\/eldiario_net"]},{"@type":"Person","@id":"https:\/\/www.eldiario.net\/portal\/#\/schema\/person\/2c57cf2b7a7ae032e449e4c9b1019eac","name":"Jeanette","image":{"@type":"ImageObject","inLanguage":"es","@id":"https:\/\/secure.gravatar.com\/avatar\/3ea2118a5f7dad2b7138b1187a6b7ee55f160b9968b66013c3a3ef39dd7e5798?s=96&d=mm&r=g","url":"https:\/\/secure.gravatar.com\/avatar\/3ea2118a5f7dad2b7138b1187a6b7ee55f160b9968b66013c3a3ef39dd7e5798?s=96&d=mm&r=g","contentUrl":"https:\/\/secure.gravatar.com\/avatar\/3ea2118a5f7dad2b7138b1187a6b7ee55f160b9968b66013c3a3ef39dd7e5798?s=96&d=mm&r=g","caption":"Jeanette"},"sameAs":["https:\/\/www.eldiario.net\/portal"],"url":"https:\/\/www.eldiario.net\/portal\/author\/jeanette\/"}]}},"_links":{"self":[{"href":"https:\/\/www.eldiario.net\/portal\/wp-json\/wp\/v2\/posts\/8127","targetHints":{"allow":["GET"]}}],"collection":[{"href":"https:\/\/www.eldiario.net\/portal\/wp-json\/wp\/v2\/posts"}],"about":[{"href":"https:\/\/www.eldiario.net\/portal\/wp-json\/wp\/v2\/types\/post"}],"author":[{"embeddable":true,"href":"https:\/\/www.eldiario.net\/portal\/wp-json\/wp\/v2\/users\/1"}],"replies":[{"embeddable":true,"href":"https:\/\/www.eldiario.net\/portal\/wp-json\/wp\/v2\/comments?post=8127"}],"version-history":[{"count":0,"href":"https:\/\/www.eldiario.net\/portal\/wp-json\/wp\/v2\/posts\/8127\/revisions"}],"wp:attachment":[{"href":"https:\/\/www.eldiario.net\/portal\/wp-json\/wp\/v2\/media?parent=8127"}],"wp:term":[{"taxonomy":"category","embeddable":true,"href":"https:\/\/www.eldiario.net\/portal\/wp-json\/wp\/v2\/categories?post=8127"},{"taxonomy":"post_tag","embeddable":true,"href":"https:\/\/www.eldiario.net\/portal\/wp-json\/wp\/v2\/tags?post=8127"}],"curies":[{"name":"wp","href":"https:\/\/api.w.org\/{rel}","templated":true}]}}