{"id":80860,"date":"2022-05-03T05:03:38","date_gmt":"2022-05-03T09:03:38","guid":{"rendered":"https:\/\/www.eldiario.net\/portal\/?p=80860"},"modified":"2022-05-03T05:03:38","modified_gmt":"2022-05-03T09:03:38","slug":"el-gral-hilarion-daza-y-los-sucesos-de-camarones","status":"publish","type":"post","link":"https:\/\/www.eldiario.net\/portal\/2022\/05\/03\/el-gral-hilarion-daza-y-los-sucesos-de-camarones\/","title":{"rendered":"El Gral. Hilari\u00f3n Daza y los sucesos de Camarones"},"content":{"rendered":"<p>Mucho se ha hablado de los sucesos conocidos como \u00ab<em>La retirada de Camarones<\/em>\u00ab. Se ha acusado ah\u00ed una traici\u00f3n nefanda del Gral. Hilari\u00f3n Daza, versi\u00f3n seg\u00fan la cual, en connivencia con el gobierno chileno, habr\u00eda decidido esa contramarcha.<\/p>\n<p>Camarones es un paraje en el desierto entre Arica y Tarapac\u00e1. El Gral. Daza marchaba al mando de un importante contingente de oficiales, Sargentos y soldados bolivianos. Luego de una marcha forzada y asaz penosa, sin los medios y provisiones necesarias, la can\u00edcula y el tormento de la sed, l\u00f3grase llegar a Camarones, desde donde se pod\u00eda divisar una cuesta que el Ej\u00e9rcito deb\u00eda subir, todo desierto, para llegar a Chiza. Se estaba en la mitad del camino.<\/p>\n<p>Entonces, notoriamente contristado por la situaci\u00f3n de su Ej\u00e9rcito, el Gral. Daza resuelve continuar solo, con una peque\u00f1a fracci\u00f3n que iba a la vanguardia, y que el grueso de la tropa contramarche.<\/p>\n<p>Daza habr\u00eda tenido el plan de contramarchar a Carangas, hacia el sudeste, en Bolivia, departamento de Oruro, para de ah\u00ed continuar a Calama. Daza tom\u00f3 la convicci\u00f3n de que el Ej\u00e9rcito deb\u00eda ir a abrir campa\u00f1a en el litoral de Atacama, el litoral de Bolivia y no as\u00ed en el de Tarapac\u00e1, peruano a la saz\u00f3n, a donde se dirig\u00eda la expedici\u00f3n que, en Camarones, decide hacer contramarchar, no sin la aquiescencia y a\u00fan la exigencia de los jefes y oficiales de su Estado Mayor, en reuni\u00f3n convocada al efecto. En carta que dirige el Obispo de La Paz, don Miguel de los Santos Taborga, al Gral. Eliodoro Camacho, correspondencia que ha sido editada en raro libro, el a\u00f1o de 1889 (Enrique Vidaurre Retamoso, \u00abEl Presidente Daza\u00bb), el monse\u00f1or le dice al Gral. Camacho: \u00abNo recuerda esto involuntariamente lo que dice el General Daza que Ud. fue quien le anunci\u00f3 que el Ej\u00e9rcito no sub\u00eda esa cuesta (la de Camarones a Chiza)?\u00bb.<\/p>\n<p>El Gral. don Hilari\u00f3n Daza public\u00f3 un Manifiesto en Par\u00eds, a donde lleg\u00f3 en calidad de proscrito. En \u00e9l hace revelaciones que bien pueden arrojar cierta luz sobre los sucesos de Camarones. Dice Daza:<\/p>\n<p>\u00abTres mil hombres formaban los diez cuerpos residentes en Tacna.<\/p>\n<p>Bien, pues: el Ej\u00e9rcito anhelaba abrir una campa\u00f1a cualquiera, porque su permanencia indefinida en Tacna agotaba sus fuerzas, su energ\u00eda y su patriotismo. Adem\u00e1s, ya comenzaban a escasear los recursos de Bolivia, puesto que el gobierno, careciendo de prestigio y respeto, no pod\u00eda recaudar aun las contribuciones ordinarias.<\/p>\n<p>\u00bfQu\u00e9 hacer en tan dif\u00edcil situaci\u00f3n? La conciencia me se\u00f1alaba el camino que deb\u00eda tomar. Unirme a la quinta Divisi\u00f3n del General Campero; juntos marchar a recuperar nuestro litoral, resguardado con pocas fuerzas enemigas, y fortificarnos convenientemente en Caracoles, para privar al invasor de los recursos de esos grandes minerales, envidia de los chilenos y causa de la guerra; y si el enemigo mov\u00eda sus fuerzas sobre nosotros, tendr\u00eda que hacerlo en n\u00famero respetable, y entonces el ej\u00e9rcito aliado quedara entre Pisagua e Iquique. Dividida as\u00ed la atenci\u00f3n del enemigo, \u00e9ste hubiera tenido que reconcentrarse en un solo punto y un retroceso en sus operaciones hubiera sido una victoria positiva para nosotros\u00bb.<\/p>\n<p>Tal era el plan de operaciones que Daza hab\u00eda concebido en su cerebro de soldado. \u00c9l que hab\u00eda mostrado valor en no pocos hechos de armas, pertenecientes a los fastos de la historia militar de Bolivia en el Siglo XIX. Est\u00e1bamos ante uno que, ciertamente, sab\u00eda de lo que hablaba, o por lo menos lo pod\u00eda intuir.<\/p>\n<p>Pero estaba en el sino de esta naci\u00f3n desgraciada en ocasiones y grandiosa en otras, que suceda lo de diciembre de 1879. El golpe, el cerco, la traici\u00f3n o la conspiraci\u00f3n. \u00a1Ay!<\/p>\n<p>\u00ab<em>En la ma\u00f1ana del 27 de diciembre<\/em> &#8211;escribe Vidaurre&#8211;, <em>el Gral. Daza se dirige al puerto de Arica para dar a conocer su nuevo plan de acci\u00f3n al Contralmirante Montero (Jefe Superior, Jefe Pol\u00edtico y Militar de los Departamentos del Sur del Per\u00fa). <\/em><\/p>\n<p><em>En esa situaci\u00f3n, \u00e9ste \u00faltimo recibe el siguiente telegrama:<\/em><\/p>\n<p><em>Tacna, 28 de diciembre de 1879.<\/em><\/p>\n<p><em>El Ej\u00e9rcito boliviano ha desconocido la autoridad del General Daza y se pone a mis \u00f3rdenes, y yo a las de V. S. para cumplir nuestro deber en defensa de la Alianza. El Ej\u00e9rcito boliviano saluda a V. S. y en su persona, al heroico y valeroso Ej\u00e9rcito de su hermana aliada. <\/em><\/p>\n<p><em>S\u00edrvase V. S. trasmitir este suceso a S. E. el doctor Pi\u00e9rola, ofreci\u00e9ndole el homenaje de nuestros respetos. <\/em><\/p>\n<ol>\n<li><strong> Camacho<\/strong>\u00ab.<\/li>\n<\/ol>\n<p>&nbsp;<\/p>\n<p>Nos recuerda al cerco tendido a don Daniel Salamanca el 27 de noviembre de 1934, por el mando militar, en plena campa\u00f1a del Chaco. Salamanca empero pudo desahogarse lanzando una frase c\u00e1ustica que todos conocen.<\/p>\n<p>As\u00ed ca\u00eda el Gral. Hilari\u00f3n Daza, bravo soldado, de quien otro general, Luis Garc\u00eda Meza, dec\u00eda que era una reserva moral de la Patria. Leyendo estas l\u00edneas y sus motivos para no marchar a Tarapac\u00e1 por Camarones y Chiza, es posible que as\u00ed sea. Bolivia ya hab\u00eda dado muchos muertos en defensa de suelo peruano. Le tocaba abocarse ahora a su suelo, cosa que empero pudo hacer denodadamente. Y esta guerra ces\u00f3 con una condici\u00f3n: la de conservar Bolivia acceso soberano al Pac\u00edfico, seg\u00fan rezan nuevos descubrimientos. Pero esto es materia para otro art\u00edculo. Entre tanto, en lo que a Daza, Camarones y Atacama se refiere, bienvenido el debate.<\/p>\n<p>&nbsp;<\/p>\n<p>librosnacion@gmail.com<\/p>\n","protected":false},"excerpt":{"rendered":"<p>Mucho se ha hablado de los sucesos conocidos como \u00abLa retirada de Camarones\u00ab. Se ha acusado ah\u00ed una traici\u00f3n nefanda del Gral. Hilari\u00f3n Daza, versi\u00f3n seg\u00fan la cual, en connivencia con el gobierno chileno, habr\u00eda decidido esa contramarcha. Camarones es un paraje en el desierto entre Arica y Tarapac\u00e1. El Gral. Daza marchaba al mando [&hellip;]<\/p>\n","protected":false},"author":1,"featured_media":0,"comment_status":"closed","ping_status":"closed","sticky":false,"template":"","format":"standard","meta":{"_acf_changed":false,"footnotes":""},"categories":[9],"tags":[],"class_list":["post-80860","post","type-post","status-publish","format-standard","category-opinion"],"acf":{"antetitulo":""},"yoast_head":"<!-- This site is optimized with the Yoast SEO plugin v28.4 - https:\/\/yoast.com\/product\/yoast-seo-wordpress\/ -->\n<title>El Gral. Hilari\u00f3n Daza y los sucesos de Camarones - El Diario - Bolivia<\/title>\n<meta name=\"robots\" content=\"index, follow, max-snippet:-1, max-image-preview:large, max-video-preview:-1\" \/>\n<link rel=\"canonical\" href=\"https:\/\/www.eldiario.net\/portal\/2022\/05\/03\/el-gral-hilarion-daza-y-los-sucesos-de-camarones\/\" \/>\n<meta property=\"og:locale\" content=\"es_ES\" \/>\n<meta property=\"og:type\" content=\"article\" \/>\n<meta property=\"og:title\" content=\"El Gral. Hilari\u00f3n Daza y los sucesos de Camarones - El Diario - Bolivia\" \/>\n<meta property=\"og:description\" content=\"Mucho se ha hablado de los sucesos conocidos como \u00abLa retirada de Camarones\u00ab. Se ha acusado ah\u00ed una traici\u00f3n nefanda del Gral. Hilari\u00f3n Daza, versi\u00f3n seg\u00fan la cual, en connivencia con el gobierno chileno, habr\u00eda decidido esa contramarcha. Camarones es un paraje en el desierto entre Arica y Tarapac\u00e1. El Gral. Daza marchaba al mando [&hellip;]\" \/>\n<meta property=\"og:url\" content=\"https:\/\/www.eldiario.net\/portal\/2022\/05\/03\/el-gral-hilarion-daza-y-los-sucesos-de-camarones\/\" \/>\n<meta property=\"og:site_name\" content=\"El Diario - Bolivia\" \/>\n<meta property=\"article:publisher\" content=\"https:\/\/www.facebook.com\/eldiario.bolivia\/\" \/>\n<meta property=\"article:published_time\" content=\"2022-05-03T09:03:38+00:00\" \/>\n<meta name=\"author\" content=\"Jeanette\" \/>\n<meta name=\"twitter:card\" content=\"summary_large_image\" \/>\n<meta name=\"twitter:creator\" content=\"@eldiario_net\" \/>\n<meta name=\"twitter:site\" content=\"@eldiario_net\" \/>\n<meta name=\"twitter:label1\" content=\"Escrito por\" \/>\n\t<meta name=\"twitter:data1\" content=\"Jeanette\" \/>\n\t<meta name=\"twitter:label2\" content=\"Tiempo de lectura\" \/>\n\t<meta name=\"twitter:data2\" content=\"5 minutos\" \/>\n<script type=\"application\/ld+json\" class=\"yoast-schema-graph\">{\"@context\":\"https:\\\/\\\/schema.org\",\"@graph\":[{\"@type\":\"Article\",\"@id\":\"https:\\\/\\\/www.eldiario.net\\\/portal\\\/2022\\\/05\\\/03\\\/el-gral-hilarion-daza-y-los-sucesos-de-camarones\\\/#article\",\"isPartOf\":{\"@id\":\"https:\\\/\\\/www.eldiario.net\\\/portal\\\/2022\\\/05\\\/03\\\/el-gral-hilarion-daza-y-los-sucesos-de-camarones\\\/\"},\"author\":{\"name\":\"Jeanette\",\"@id\":\"https:\\\/\\\/www.eldiario.net\\\/portal\\\/#\\\/schema\\\/person\\\/2c57cf2b7a7ae032e449e4c9b1019eac\"},\"headline\":\"El Gral. Hilari\u00f3n Daza y los sucesos de Camarones\",\"datePublished\":\"2022-05-03T09:03:38+00:00\",\"mainEntityOfPage\":{\"@id\":\"https:\\\/\\\/www.eldiario.net\\\/portal\\\/2022\\\/05\\\/03\\\/el-gral-hilarion-daza-y-los-sucesos-de-camarones\\\/\"},\"wordCount\":959,\"publisher\":{\"@id\":\"https:\\\/\\\/www.eldiario.net\\\/portal\\\/#organization\"},\"articleSection\":[\"Opini\u00f3n\"],\"inLanguage\":\"es\"},{\"@type\":\"WebPage\",\"@id\":\"https:\\\/\\\/www.eldiario.net\\\/portal\\\/2022\\\/05\\\/03\\\/el-gral-hilarion-daza-y-los-sucesos-de-camarones\\\/\",\"url\":\"https:\\\/\\\/www.eldiario.net\\\/portal\\\/2022\\\/05\\\/03\\\/el-gral-hilarion-daza-y-los-sucesos-de-camarones\\\/\",\"name\":\"El Gral. Hilari\u00f3n Daza y los sucesos de Camarones - El Diario - Bolivia\",\"isPartOf\":{\"@id\":\"https:\\\/\\\/www.eldiario.net\\\/portal\\\/#website\"},\"datePublished\":\"2022-05-03T09:03:38+00:00\",\"breadcrumb\":{\"@id\":\"https:\\\/\\\/www.eldiario.net\\\/portal\\\/2022\\\/05\\\/03\\\/el-gral-hilarion-daza-y-los-sucesos-de-camarones\\\/#breadcrumb\"},\"inLanguage\":\"es\",\"potentialAction\":[{\"@type\":\"ReadAction\",\"target\":[\"https:\\\/\\\/www.eldiario.net\\\/portal\\\/2022\\\/05\\\/03\\\/el-gral-hilarion-daza-y-los-sucesos-de-camarones\\\/\"]}]},{\"@type\":\"BreadcrumbList\",\"@id\":\"https:\\\/\\\/www.eldiario.net\\\/portal\\\/2022\\\/05\\\/03\\\/el-gral-hilarion-daza-y-los-sucesos-de-camarones\\\/#breadcrumb\",\"itemListElement\":[{\"@type\":\"ListItem\",\"position\":1,\"name\":\"Portada\",\"item\":\"https:\\\/\\\/www.eldiario.net\\\/portal\\\/\"},{\"@type\":\"ListItem\",\"position\":2,\"name\":\"El Gral. Hilari\u00f3n Daza y los sucesos de Camarones\"}]},{\"@type\":\"WebSite\",\"@id\":\"https:\\\/\\\/www.eldiario.net\\\/portal\\\/#website\",\"url\":\"https:\\\/\\\/www.eldiario.net\\\/portal\\\/\",\"name\":\"El Diario - Decano de la prensa nacional\",\"description\":\"El Diario - Decano de la prensa nacional\",\"publisher\":{\"@id\":\"https:\\\/\\\/www.eldiario.net\\\/portal\\\/#organization\"},\"potentialAction\":[{\"@type\":\"SearchAction\",\"target\":{\"@type\":\"EntryPoint\",\"urlTemplate\":\"https:\\\/\\\/www.eldiario.net\\\/portal\\\/?s={search_term_string}\"},\"query-input\":{\"@type\":\"PropertyValueSpecification\",\"valueRequired\":true,\"valueName\":\"search_term_string\"}}],\"inLanguage\":\"es\"},{\"@type\":\"Organization\",\"@id\":\"https:\\\/\\\/www.eldiario.net\\\/portal\\\/#organization\",\"name\":\"El Diario - Decano de la prensa nacional\",\"url\":\"https:\\\/\\\/www.eldiario.net\\\/portal\\\/\",\"logo\":{\"@type\":\"ImageObject\",\"inLanguage\":\"es\",\"@id\":\"https:\\\/\\\/www.eldiario.net\\\/portal\\\/#\\\/schema\\\/logo\\\/image\\\/\",\"url\":\"https:\\\/\\\/www.eldiario.net\\\/portal\\\/wp-content\\\/uploads\\\/2023\\\/07\\\/logo_ED.jpg\",\"contentUrl\":\"https:\\\/\\\/www.eldiario.net\\\/portal\\\/wp-content\\\/uploads\\\/2023\\\/07\\\/logo_ED.jpg\",\"width\":272,\"height\":52,\"caption\":\"El Diario - Decano de la prensa nacional\"},\"image\":{\"@id\":\"https:\\\/\\\/www.eldiario.net\\\/portal\\\/#\\\/schema\\\/logo\\\/image\\\/\"},\"sameAs\":[\"https:\\\/\\\/www.facebook.com\\\/eldiario.bolivia\\\/\",\"https:\\\/\\\/x.com\\\/eldiario_net\"]},{\"@type\":\"Person\",\"@id\":\"https:\\\/\\\/www.eldiario.net\\\/portal\\\/#\\\/schema\\\/person\\\/2c57cf2b7a7ae032e449e4c9b1019eac\",\"name\":\"Jeanette\",\"image\":{\"@type\":\"ImageObject\",\"inLanguage\":\"es\",\"@id\":\"https:\\\/\\\/secure.gravatar.com\\\/avatar\\\/3ea2118a5f7dad2b7138b1187a6b7ee55f160b9968b66013c3a3ef39dd7e5798?s=96&d=mm&r=g\",\"url\":\"https:\\\/\\\/secure.gravatar.com\\\/avatar\\\/3ea2118a5f7dad2b7138b1187a6b7ee55f160b9968b66013c3a3ef39dd7e5798?s=96&d=mm&r=g\",\"contentUrl\":\"https:\\\/\\\/secure.gravatar.com\\\/avatar\\\/3ea2118a5f7dad2b7138b1187a6b7ee55f160b9968b66013c3a3ef39dd7e5798?s=96&d=mm&r=g\",\"caption\":\"Jeanette\"},\"sameAs\":[\"https:\\\/\\\/www.eldiario.net\\\/portal\"],\"url\":\"https:\\\/\\\/www.eldiario.net\\\/portal\\\/author\\\/jeanette\\\/\"}]}<\/script>\n<!-- \/ Yoast SEO plugin. -->","yoast_head_json":{"title":"El Gral. Hilari\u00f3n Daza y los sucesos de Camarones - El Diario - Bolivia","robots":{"index":"index","follow":"follow","max-snippet":"max-snippet:-1","max-image-preview":"max-image-preview:large","max-video-preview":"max-video-preview:-1"},"canonical":"https:\/\/www.eldiario.net\/portal\/2022\/05\/03\/el-gral-hilarion-daza-y-los-sucesos-de-camarones\/","og_locale":"es_ES","og_type":"article","og_title":"El Gral. Hilari\u00f3n Daza y los sucesos de Camarones - El Diario - Bolivia","og_description":"Mucho se ha hablado de los sucesos conocidos como \u00abLa retirada de Camarones\u00ab. Se ha acusado ah\u00ed una traici\u00f3n nefanda del Gral. Hilari\u00f3n Daza, versi\u00f3n seg\u00fan la cual, en connivencia con el gobierno chileno, habr\u00eda decidido esa contramarcha. Camarones es un paraje en el desierto entre Arica y Tarapac\u00e1. El Gral. Daza marchaba al mando [&hellip;]","og_url":"https:\/\/www.eldiario.net\/portal\/2022\/05\/03\/el-gral-hilarion-daza-y-los-sucesos-de-camarones\/","og_site_name":"El Diario - Bolivia","article_publisher":"https:\/\/www.facebook.com\/eldiario.bolivia\/","article_published_time":"2022-05-03T09:03:38+00:00","author":"Jeanette","twitter_card":"summary_large_image","twitter_creator":"@eldiario_net","twitter_site":"@eldiario_net","twitter_misc":{"Escrito por":"Jeanette","Tiempo de lectura":"5 minutos"},"schema":{"@context":"https:\/\/schema.org","@graph":[{"@type":"Article","@id":"https:\/\/www.eldiario.net\/portal\/2022\/05\/03\/el-gral-hilarion-daza-y-los-sucesos-de-camarones\/#article","isPartOf":{"@id":"https:\/\/www.eldiario.net\/portal\/2022\/05\/03\/el-gral-hilarion-daza-y-los-sucesos-de-camarones\/"},"author":{"name":"Jeanette","@id":"https:\/\/www.eldiario.net\/portal\/#\/schema\/person\/2c57cf2b7a7ae032e449e4c9b1019eac"},"headline":"El Gral. Hilari\u00f3n Daza y los sucesos de Camarones","datePublished":"2022-05-03T09:03:38+00:00","mainEntityOfPage":{"@id":"https:\/\/www.eldiario.net\/portal\/2022\/05\/03\/el-gral-hilarion-daza-y-los-sucesos-de-camarones\/"},"wordCount":959,"publisher":{"@id":"https:\/\/www.eldiario.net\/portal\/#organization"},"articleSection":["Opini\u00f3n"],"inLanguage":"es"},{"@type":"WebPage","@id":"https:\/\/www.eldiario.net\/portal\/2022\/05\/03\/el-gral-hilarion-daza-y-los-sucesos-de-camarones\/","url":"https:\/\/www.eldiario.net\/portal\/2022\/05\/03\/el-gral-hilarion-daza-y-los-sucesos-de-camarones\/","name":"El Gral. Hilari\u00f3n Daza y los sucesos de Camarones - El Diario - Bolivia","isPartOf":{"@id":"https:\/\/www.eldiario.net\/portal\/#website"},"datePublished":"2022-05-03T09:03:38+00:00","breadcrumb":{"@id":"https:\/\/www.eldiario.net\/portal\/2022\/05\/03\/el-gral-hilarion-daza-y-los-sucesos-de-camarones\/#breadcrumb"},"inLanguage":"es","potentialAction":[{"@type":"ReadAction","target":["https:\/\/www.eldiario.net\/portal\/2022\/05\/03\/el-gral-hilarion-daza-y-los-sucesos-de-camarones\/"]}]},{"@type":"BreadcrumbList","@id":"https:\/\/www.eldiario.net\/portal\/2022\/05\/03\/el-gral-hilarion-daza-y-los-sucesos-de-camarones\/#breadcrumb","itemListElement":[{"@type":"ListItem","position":1,"name":"Portada","item":"https:\/\/www.eldiario.net\/portal\/"},{"@type":"ListItem","position":2,"name":"El Gral. Hilari\u00f3n Daza y los sucesos de Camarones"}]},{"@type":"WebSite","@id":"https:\/\/www.eldiario.net\/portal\/#website","url":"https:\/\/www.eldiario.net\/portal\/","name":"El Diario - Decano de la prensa nacional","description":"El Diario - Decano de la prensa nacional","publisher":{"@id":"https:\/\/www.eldiario.net\/portal\/#organization"},"potentialAction":[{"@type":"SearchAction","target":{"@type":"EntryPoint","urlTemplate":"https:\/\/www.eldiario.net\/portal\/?s={search_term_string}"},"query-input":{"@type":"PropertyValueSpecification","valueRequired":true,"valueName":"search_term_string"}}],"inLanguage":"es"},{"@type":"Organization","@id":"https:\/\/www.eldiario.net\/portal\/#organization","name":"El Diario - Decano de la prensa nacional","url":"https:\/\/www.eldiario.net\/portal\/","logo":{"@type":"ImageObject","inLanguage":"es","@id":"https:\/\/www.eldiario.net\/portal\/#\/schema\/logo\/image\/","url":"https:\/\/www.eldiario.net\/portal\/wp-content\/uploads\/2023\/07\/logo_ED.jpg","contentUrl":"https:\/\/www.eldiario.net\/portal\/wp-content\/uploads\/2023\/07\/logo_ED.jpg","width":272,"height":52,"caption":"El Diario - Decano de la prensa nacional"},"image":{"@id":"https:\/\/www.eldiario.net\/portal\/#\/schema\/logo\/image\/"},"sameAs":["https:\/\/www.facebook.com\/eldiario.bolivia\/","https:\/\/x.com\/eldiario_net"]},{"@type":"Person","@id":"https:\/\/www.eldiario.net\/portal\/#\/schema\/person\/2c57cf2b7a7ae032e449e4c9b1019eac","name":"Jeanette","image":{"@type":"ImageObject","inLanguage":"es","@id":"https:\/\/secure.gravatar.com\/avatar\/3ea2118a5f7dad2b7138b1187a6b7ee55f160b9968b66013c3a3ef39dd7e5798?s=96&d=mm&r=g","url":"https:\/\/secure.gravatar.com\/avatar\/3ea2118a5f7dad2b7138b1187a6b7ee55f160b9968b66013c3a3ef39dd7e5798?s=96&d=mm&r=g","contentUrl":"https:\/\/secure.gravatar.com\/avatar\/3ea2118a5f7dad2b7138b1187a6b7ee55f160b9968b66013c3a3ef39dd7e5798?s=96&d=mm&r=g","caption":"Jeanette"},"sameAs":["https:\/\/www.eldiario.net\/portal"],"url":"https:\/\/www.eldiario.net\/portal\/author\/jeanette\/"}]}},"_links":{"self":[{"href":"https:\/\/www.eldiario.net\/portal\/wp-json\/wp\/v2\/posts\/80860","targetHints":{"allow":["GET"]}}],"collection":[{"href":"https:\/\/www.eldiario.net\/portal\/wp-json\/wp\/v2\/posts"}],"about":[{"href":"https:\/\/www.eldiario.net\/portal\/wp-json\/wp\/v2\/types\/post"}],"author":[{"embeddable":true,"href":"https:\/\/www.eldiario.net\/portal\/wp-json\/wp\/v2\/users\/1"}],"replies":[{"embeddable":true,"href":"https:\/\/www.eldiario.net\/portal\/wp-json\/wp\/v2\/comments?post=80860"}],"version-history":[{"count":0,"href":"https:\/\/www.eldiario.net\/portal\/wp-json\/wp\/v2\/posts\/80860\/revisions"}],"wp:attachment":[{"href":"https:\/\/www.eldiario.net\/portal\/wp-json\/wp\/v2\/media?parent=80860"}],"wp:term":[{"taxonomy":"category","embeddable":true,"href":"https:\/\/www.eldiario.net\/portal\/wp-json\/wp\/v2\/categories?post=80860"},{"taxonomy":"post_tag","embeddable":true,"href":"https:\/\/www.eldiario.net\/portal\/wp-json\/wp\/v2\/tags?post=80860"}],"curies":[{"name":"wp","href":"https:\/\/api.w.org\/{rel}","templated":true}]}}