{"id":8086,"date":"2021-06-03T06:42:06","date_gmt":"2021-06-03T10:42:06","guid":{"rendered":"https:\/\/www.eldiario.net\/portal\/?p=8086"},"modified":"2021-06-03T06:42:06","modified_gmt":"2021-06-03T10:42:06","slug":"2-507-nuevos-fallecidos-por-covid-19-en-brasil","status":"publish","type":"post","link":"https:\/\/www.eldiario.net\/portal\/2021\/06\/03\/2-507-nuevos-fallecidos-por-covid-19-en-brasil\/","title":{"rendered":"2.507 nuevos fallecidos por Covid-19 en Brasil"},"content":{"rendered":"<p>S\u00e3o Paulo.- Brasil registr\u00f3 el mi\u00e9rcoles 2.507 nuevas muertes debido al Covid-19, lo que eleva el total de v\u00edctimas fatales por la enfermedad en el pa\u00eds a 467.706, inform\u00f3 el Ministerio de Salud.<\/p>\n<p>Seg\u00fan el organismo, tambi\u00e9n fueron contabilizados 95.601 nuevos casos de coronavirus, con el total de infecciones en el pa\u00eds avanzando a 16.720.081. La cifra del mi\u00e9rcoles es la segunda mayor para un \u00fanico d\u00eda desde el inicio de la pandemia, s\u00f3lo por debajo de los 100.158 casos registrados el 25 de marzo.<\/p>\n<p>Brasil registra el segundo mayor n\u00famero de muertes por Covid-19 en el mundo, por detr\u00e1s solamente de Estados Unidos, y la tercera mayor cifra de casos confirmados, luego de Estados Unidos e India.<\/p>\n<p>La Funda\u00e7\u00e3o Oswaldo Cruz (Fiocruz) alert\u00f3 en una nota publicada el mi\u00e9rcoles sobre el riesgo de propagaci\u00f3n de nuevas variantes de coronavirus por el pa\u00eds, especialmente la bautizada Delta, que inicialmente fue detectada en India.<\/p>\n<p>\u00abEstamos en medio de un gran y grave problema: las variantes tienden a propagarse por el pa\u00eds. Es muy probable que, de aqu\u00ed a algunos meses, la variante Delta est\u00e9 presente en todo el territorio nacional y surjan otras variantes\u00bb, dijo el coordinador de Vigilancia en Salud y Laboratorios de Referencia de Fiocruz, Rivaldo Ven\u00e2ncio, en una audiencia en la C\u00e1mara de Diputados en la v\u00edspera.<\/p>\n<p>S\u00e3o Paulo, el estado brasile\u00f1o m\u00e1s afectado por el Covid-19 en base a n\u00fameros absolutos, alcanz\u00f3 las marcas de 3.314.631 casos y 112.927 muertes.<\/p>\n<p>De acuerdo con los datos del Ministerio de Salud, Minas Gerais es el segundo estado con mayor n\u00famero de infecciones de coronavirus registradas, con 1.594.420 casos, pero R\u00edo de Janeiro se ubica segundo en la cifra de decesos, con 51.096.<\/p>\n<p>El gobierno federal tambi\u00e9n informa 15.168.330 personas recuperadas de Covid-19 y 1.084.045 pacientes en seguimiento. (Reuters)<\/p>\n<p>&nbsp;<\/p>\n","protected":false},"excerpt":{"rendered":"<p>S\u00e3o Paulo.- Brasil registr\u00f3 el mi\u00e9rcoles 2.507 nuevas muertes debido al Covid-19, lo que eleva el total de v\u00edctimas fatales por la enfermedad en el pa\u00eds a 467.706, inform\u00f3 el Ministerio de Salud. Seg\u00fan el organismo, tambi\u00e9n fueron contabilizados 95.601 nuevos casos de coronavirus, con el total de infecciones en el pa\u00eds avanzando a 16.720.081. [&hellip;]<\/p>\n","protected":false},"author":1,"featured_media":8087,"comment_status":"closed","ping_status":"closed","sticky":false,"template":"","format":"standard","meta":{"_acf_changed":false,"footnotes":""},"categories":[3],"tags":[],"class_list":["post-8086","post","type-post","status-publish","format-standard","has-post-thumbnail","category-internacional"],"acf":{"antetitulo":""},"yoast_head":"<!-- This site is optimized with the Yoast SEO plugin v28.4 - https:\/\/yoast.com\/product\/yoast-seo-wordpress\/ -->\n<title>2.507 nuevos fallecidos por Covid-19 en Brasil - El Diario - Bolivia<\/title>\n<meta name=\"robots\" content=\"index, follow, max-snippet:-1, max-image-preview:large, max-video-preview:-1\" \/>\n<link rel=\"canonical\" href=\"https:\/\/www.eldiario.net\/portal\/2021\/06\/03\/2-507-nuevos-fallecidos-por-covid-19-en-brasil\/\" \/>\n<meta property=\"og:locale\" content=\"es_ES\" \/>\n<meta property=\"og:type\" content=\"article\" \/>\n<meta property=\"og:title\" content=\"2.507 nuevos fallecidos por Covid-19 en Brasil - El Diario - Bolivia\" \/>\n<meta property=\"og:description\" content=\"S\u00e3o Paulo.- Brasil registr\u00f3 el mi\u00e9rcoles 2.507 nuevas muertes debido al Covid-19, lo que eleva el total de v\u00edctimas fatales por la enfermedad en el pa\u00eds a 467.706, inform\u00f3 el Ministerio de Salud. Seg\u00fan el organismo, tambi\u00e9n fueron contabilizados 95.601 nuevos casos de coronavirus, con el total de infecciones en el pa\u00eds avanzando a 16.720.081. [&hellip;]\" \/>\n<meta property=\"og:url\" content=\"https:\/\/www.eldiario.net\/portal\/2021\/06\/03\/2-507-nuevos-fallecidos-por-covid-19-en-brasil\/\" \/>\n<meta property=\"og:site_name\" content=\"El Diario - Bolivia\" \/>\n<meta property=\"article:publisher\" content=\"https:\/\/www.facebook.com\/eldiario.bolivia\/\" \/>\n<meta property=\"article:published_time\" content=\"2021-06-03T10:42:06+00:00\" \/>\n<meta name=\"author\" content=\"Jeanette\" \/>\n<meta name=\"twitter:card\" content=\"summary_large_image\" \/>\n<meta name=\"twitter:creator\" content=\"@eldiario_net\" \/>\n<meta name=\"twitter:site\" content=\"@eldiario_net\" \/>\n<meta name=\"twitter:label1\" content=\"Escrito por\" \/>\n\t<meta name=\"twitter:data1\" content=\"Jeanette\" \/>\n\t<meta name=\"twitter:label2\" content=\"Tiempo de lectura\" \/>\n\t<meta name=\"twitter:data2\" content=\"2 minutos\" \/>\n<script type=\"application\/ld+json\" class=\"yoast-schema-graph\">{\"@context\":\"https:\\\/\\\/schema.org\",\"@graph\":[{\"@type\":\"Article\",\"@id\":\"https:\\\/\\\/www.eldiario.net\\\/portal\\\/2021\\\/06\\\/03\\\/2-507-nuevos-fallecidos-por-covid-19-en-brasil\\\/#article\",\"isPartOf\":{\"@id\":\"https:\\\/\\\/www.eldiario.net\\\/portal\\\/2021\\\/06\\\/03\\\/2-507-nuevos-fallecidos-por-covid-19-en-brasil\\\/\"},\"author\":{\"name\":\"Jeanette\",\"@id\":\"https:\\\/\\\/www.eldiario.net\\\/portal\\\/#\\\/schema\\\/person\\\/f46445640444750d7d753ccd04ae01b7\"},\"headline\":\"2.507 nuevos fallecidos por Covid-19 en Brasil\",\"datePublished\":\"2021-06-03T10:42:06+00:00\",\"mainEntityOfPage\":{\"@id\":\"https:\\\/\\\/www.eldiario.net\\\/portal\\\/2021\\\/06\\\/03\\\/2-507-nuevos-fallecidos-por-covid-19-en-brasil\\\/\"},\"wordCount\":322,\"publisher\":{\"@id\":\"https:\\\/\\\/www.eldiario.net\\\/portal\\\/#organization\"},\"image\":{\"@id\":\"https:\\\/\\\/www.eldiario.net\\\/portal\\\/2021\\\/06\\\/03\\\/2-507-nuevos-fallecidos-por-covid-19-en-brasil\\\/#primaryimage\"},\"thumbnailUrl\":\"\",\"articleSection\":[\"Internacional\"],\"inLanguage\":\"es\"},{\"@type\":\"WebPage\",\"@id\":\"https:\\\/\\\/www.eldiario.net\\\/portal\\\/2021\\\/06\\\/03\\\/2-507-nuevos-fallecidos-por-covid-19-en-brasil\\\/\",\"url\":\"https:\\\/\\\/www.eldiario.net\\\/portal\\\/2021\\\/06\\\/03\\\/2-507-nuevos-fallecidos-por-covid-19-en-brasil\\\/\",\"name\":\"2.507 nuevos fallecidos por Covid-19 en Brasil - El Diario - Bolivia\",\"isPartOf\":{\"@id\":\"https:\\\/\\\/www.eldiario.net\\\/portal\\\/#website\"},\"primaryImageOfPage\":{\"@id\":\"https:\\\/\\\/www.eldiario.net\\\/portal\\\/2021\\\/06\\\/03\\\/2-507-nuevos-fallecidos-por-covid-19-en-brasil\\\/#primaryimage\"},\"image\":{\"@id\":\"https:\\\/\\\/www.eldiario.net\\\/portal\\\/2021\\\/06\\\/03\\\/2-507-nuevos-fallecidos-por-covid-19-en-brasil\\\/#primaryimage\"},\"thumbnailUrl\":\"\",\"datePublished\":\"2021-06-03T10:42:06+00:00\",\"breadcrumb\":{\"@id\":\"https:\\\/\\\/www.eldiario.net\\\/portal\\\/2021\\\/06\\\/03\\\/2-507-nuevos-fallecidos-por-covid-19-en-brasil\\\/#breadcrumb\"},\"inLanguage\":\"es\",\"potentialAction\":[{\"@type\":\"ReadAction\",\"target\":[\"https:\\\/\\\/www.eldiario.net\\\/portal\\\/2021\\\/06\\\/03\\\/2-507-nuevos-fallecidos-por-covid-19-en-brasil\\\/\"]}]},{\"@type\":\"ImageObject\",\"inLanguage\":\"es\",\"@id\":\"https:\\\/\\\/www.eldiario.net\\\/portal\\\/2021\\\/06\\\/03\\\/2-507-nuevos-fallecidos-por-covid-19-en-brasil\\\/#primaryimage\",\"url\":\"\",\"contentUrl\":\"\"},{\"@type\":\"BreadcrumbList\",\"@id\":\"https:\\\/\\\/www.eldiario.net\\\/portal\\\/2021\\\/06\\\/03\\\/2-507-nuevos-fallecidos-por-covid-19-en-brasil\\\/#breadcrumb\",\"itemListElement\":[{\"@type\":\"ListItem\",\"position\":1,\"name\":\"Portada\",\"item\":\"https:\\\/\\\/www.eldiario.net\\\/portal\\\/\"},{\"@type\":\"ListItem\",\"position\":2,\"name\":\"2.507 nuevos fallecidos por Covid-19 en Brasil\"}]},{\"@type\":\"WebSite\",\"@id\":\"https:\\\/\\\/www.eldiario.net\\\/portal\\\/#website\",\"url\":\"https:\\\/\\\/www.eldiario.net\\\/portal\\\/\",\"name\":\"El Diario - Decano de la prensa nacional\",\"description\":\"El Diario - Decano de la prensa nacional\",\"publisher\":{\"@id\":\"https:\\\/\\\/www.eldiario.net\\\/portal\\\/#organization\"},\"potentialAction\":[{\"@type\":\"SearchAction\",\"target\":{\"@type\":\"EntryPoint\",\"urlTemplate\":\"https:\\\/\\\/www.eldiario.net\\\/portal\\\/?s={search_term_string}\"},\"query-input\":{\"@type\":\"PropertyValueSpecification\",\"valueRequired\":true,\"valueName\":\"search_term_string\"}}],\"inLanguage\":\"es\"},{\"@type\":\"Organization\",\"@id\":\"https:\\\/\\\/www.eldiario.net\\\/portal\\\/#organization\",\"name\":\"El Diario - Decano de la prensa nacional\",\"url\":\"https:\\\/\\\/www.eldiario.net\\\/portal\\\/\",\"logo\":{\"@type\":\"ImageObject\",\"inLanguage\":\"es\",\"@id\":\"https:\\\/\\\/www.eldiario.net\\\/portal\\\/#\\\/schema\\\/logo\\\/image\\\/\",\"url\":\"https:\\\/\\\/www.eldiario.net\\\/portal\\\/wp-content\\\/uploads\\\/2023\\\/07\\\/logo_ED.jpg\",\"contentUrl\":\"https:\\\/\\\/www.eldiario.net\\\/portal\\\/wp-content\\\/uploads\\\/2023\\\/07\\\/logo_ED.jpg\",\"width\":272,\"height\":52,\"caption\":\"El Diario - Decano de la prensa nacional\"},\"image\":{\"@id\":\"https:\\\/\\\/www.eldiario.net\\\/portal\\\/#\\\/schema\\\/logo\\\/image\\\/\"},\"sameAs\":[\"https:\\\/\\\/www.facebook.com\\\/eldiario.bolivia\\\/\",\"https:\\\/\\\/x.com\\\/eldiario_net\"]},{\"@type\":\"Person\",\"@id\":\"https:\\\/\\\/www.eldiario.net\\\/portal\\\/#\\\/schema\\\/person\\\/f46445640444750d7d753ccd04ae01b7\",\"name\":\"Jeanette\",\"image\":{\"@type\":\"ImageObject\",\"inLanguage\":\"es\",\"@id\":\"https:\\\/\\\/secure.gravatar.com\\\/avatar\\\/3ea2118a5f7dad2b7138b1187a6b7ee55f160b9968b66013c3a3ef39dd7e5798?s=96&d=mm&r=g\",\"url\":\"https:\\\/\\\/secure.gravatar.com\\\/avatar\\\/3ea2118a5f7dad2b7138b1187a6b7ee55f160b9968b66013c3a3ef39dd7e5798?s=96&d=mm&r=g\",\"contentUrl\":\"https:\\\/\\\/secure.gravatar.com\\\/avatar\\\/3ea2118a5f7dad2b7138b1187a6b7ee55f160b9968b66013c3a3ef39dd7e5798?s=96&d=mm&r=g\",\"caption\":\"Jeanette\"},\"sameAs\":[\"https:\\\/\\\/www.eldiario.net\\\/portal\"],\"url\":\"https:\\\/\\\/www.eldiario.net\\\/portal\\\/author\\\/jeanette\\\/\"}]}<\/script>\n<!-- \/ Yoast SEO plugin. -->","yoast_head_json":{"title":"2.507 nuevos fallecidos por Covid-19 en Brasil - El Diario - Bolivia","robots":{"index":"index","follow":"follow","max-snippet":"max-snippet:-1","max-image-preview":"max-image-preview:large","max-video-preview":"max-video-preview:-1"},"canonical":"https:\/\/www.eldiario.net\/portal\/2021\/06\/03\/2-507-nuevos-fallecidos-por-covid-19-en-brasil\/","og_locale":"es_ES","og_type":"article","og_title":"2.507 nuevos fallecidos por Covid-19 en Brasil - El Diario - Bolivia","og_description":"S\u00e3o Paulo.- Brasil registr\u00f3 el mi\u00e9rcoles 2.507 nuevas muertes debido al Covid-19, lo que eleva el total de v\u00edctimas fatales por la enfermedad en el pa\u00eds a 467.706, inform\u00f3 el Ministerio de Salud. Seg\u00fan el organismo, tambi\u00e9n fueron contabilizados 95.601 nuevos casos de coronavirus, con el total de infecciones en el pa\u00eds avanzando a 16.720.081. [&hellip;]","og_url":"https:\/\/www.eldiario.net\/portal\/2021\/06\/03\/2-507-nuevos-fallecidos-por-covid-19-en-brasil\/","og_site_name":"El Diario - Bolivia","article_publisher":"https:\/\/www.facebook.com\/eldiario.bolivia\/","article_published_time":"2021-06-03T10:42:06+00:00","author":"Jeanette","twitter_card":"summary_large_image","twitter_creator":"@eldiario_net","twitter_site":"@eldiario_net","twitter_misc":{"Escrito por":"Jeanette","Tiempo de lectura":"2 minutos"},"schema":{"@context":"https:\/\/schema.org","@graph":[{"@type":"Article","@id":"https:\/\/www.eldiario.net\/portal\/2021\/06\/03\/2-507-nuevos-fallecidos-por-covid-19-en-brasil\/#article","isPartOf":{"@id":"https:\/\/www.eldiario.net\/portal\/2021\/06\/03\/2-507-nuevos-fallecidos-por-covid-19-en-brasil\/"},"author":{"name":"Jeanette","@id":"https:\/\/www.eldiario.net\/portal\/#\/schema\/person\/f46445640444750d7d753ccd04ae01b7"},"headline":"2.507 nuevos fallecidos por Covid-19 en Brasil","datePublished":"2021-06-03T10:42:06+00:00","mainEntityOfPage":{"@id":"https:\/\/www.eldiario.net\/portal\/2021\/06\/03\/2-507-nuevos-fallecidos-por-covid-19-en-brasil\/"},"wordCount":322,"publisher":{"@id":"https:\/\/www.eldiario.net\/portal\/#organization"},"image":{"@id":"https:\/\/www.eldiario.net\/portal\/2021\/06\/03\/2-507-nuevos-fallecidos-por-covid-19-en-brasil\/#primaryimage"},"thumbnailUrl":"","articleSection":["Internacional"],"inLanguage":"es"},{"@type":"WebPage","@id":"https:\/\/www.eldiario.net\/portal\/2021\/06\/03\/2-507-nuevos-fallecidos-por-covid-19-en-brasil\/","url":"https:\/\/www.eldiario.net\/portal\/2021\/06\/03\/2-507-nuevos-fallecidos-por-covid-19-en-brasil\/","name":"2.507 nuevos fallecidos por Covid-19 en Brasil - El Diario - Bolivia","isPartOf":{"@id":"https:\/\/www.eldiario.net\/portal\/#website"},"primaryImageOfPage":{"@id":"https:\/\/www.eldiario.net\/portal\/2021\/06\/03\/2-507-nuevos-fallecidos-por-covid-19-en-brasil\/#primaryimage"},"image":{"@id":"https:\/\/www.eldiario.net\/portal\/2021\/06\/03\/2-507-nuevos-fallecidos-por-covid-19-en-brasil\/#primaryimage"},"thumbnailUrl":"","datePublished":"2021-06-03T10:42:06+00:00","breadcrumb":{"@id":"https:\/\/www.eldiario.net\/portal\/2021\/06\/03\/2-507-nuevos-fallecidos-por-covid-19-en-brasil\/#breadcrumb"},"inLanguage":"es","potentialAction":[{"@type":"ReadAction","target":["https:\/\/www.eldiario.net\/portal\/2021\/06\/03\/2-507-nuevos-fallecidos-por-covid-19-en-brasil\/"]}]},{"@type":"ImageObject","inLanguage":"es","@id":"https:\/\/www.eldiario.net\/portal\/2021\/06\/03\/2-507-nuevos-fallecidos-por-covid-19-en-brasil\/#primaryimage","url":"","contentUrl":""},{"@type":"BreadcrumbList","@id":"https:\/\/www.eldiario.net\/portal\/2021\/06\/03\/2-507-nuevos-fallecidos-por-covid-19-en-brasil\/#breadcrumb","itemListElement":[{"@type":"ListItem","position":1,"name":"Portada","item":"https:\/\/www.eldiario.net\/portal\/"},{"@type":"ListItem","position":2,"name":"2.507 nuevos fallecidos por Covid-19 en Brasil"}]},{"@type":"WebSite","@id":"https:\/\/www.eldiario.net\/portal\/#website","url":"https:\/\/www.eldiario.net\/portal\/","name":"El Diario - Decano de la prensa nacional","description":"El Diario - Decano de la prensa nacional","publisher":{"@id":"https:\/\/www.eldiario.net\/portal\/#organization"},"potentialAction":[{"@type":"SearchAction","target":{"@type":"EntryPoint","urlTemplate":"https:\/\/www.eldiario.net\/portal\/?s={search_term_string}"},"query-input":{"@type":"PropertyValueSpecification","valueRequired":true,"valueName":"search_term_string"}}],"inLanguage":"es"},{"@type":"Organization","@id":"https:\/\/www.eldiario.net\/portal\/#organization","name":"El Diario - Decano de la prensa nacional","url":"https:\/\/www.eldiario.net\/portal\/","logo":{"@type":"ImageObject","inLanguage":"es","@id":"https:\/\/www.eldiario.net\/portal\/#\/schema\/logo\/image\/","url":"https:\/\/www.eldiario.net\/portal\/wp-content\/uploads\/2023\/07\/logo_ED.jpg","contentUrl":"https:\/\/www.eldiario.net\/portal\/wp-content\/uploads\/2023\/07\/logo_ED.jpg","width":272,"height":52,"caption":"El Diario - Decano de la prensa nacional"},"image":{"@id":"https:\/\/www.eldiario.net\/portal\/#\/schema\/logo\/image\/"},"sameAs":["https:\/\/www.facebook.com\/eldiario.bolivia\/","https:\/\/x.com\/eldiario_net"]},{"@type":"Person","@id":"https:\/\/www.eldiario.net\/portal\/#\/schema\/person\/f46445640444750d7d753ccd04ae01b7","name":"Jeanette","image":{"@type":"ImageObject","inLanguage":"es","@id":"https:\/\/secure.gravatar.com\/avatar\/3ea2118a5f7dad2b7138b1187a6b7ee55f160b9968b66013c3a3ef39dd7e5798?s=96&d=mm&r=g","url":"https:\/\/secure.gravatar.com\/avatar\/3ea2118a5f7dad2b7138b1187a6b7ee55f160b9968b66013c3a3ef39dd7e5798?s=96&d=mm&r=g","contentUrl":"https:\/\/secure.gravatar.com\/avatar\/3ea2118a5f7dad2b7138b1187a6b7ee55f160b9968b66013c3a3ef39dd7e5798?s=96&d=mm&r=g","caption":"Jeanette"},"sameAs":["https:\/\/www.eldiario.net\/portal"],"url":"https:\/\/www.eldiario.net\/portal\/author\/jeanette\/"}]}},"_links":{"self":[{"href":"https:\/\/www.eldiario.net\/portal\/wp-json\/wp\/v2\/posts\/8086","targetHints":{"allow":["GET"]}}],"collection":[{"href":"https:\/\/www.eldiario.net\/portal\/wp-json\/wp\/v2\/posts"}],"about":[{"href":"https:\/\/www.eldiario.net\/portal\/wp-json\/wp\/v2\/types\/post"}],"author":[{"embeddable":true,"href":"https:\/\/www.eldiario.net\/portal\/wp-json\/wp\/v2\/users\/1"}],"replies":[{"embeddable":true,"href":"https:\/\/www.eldiario.net\/portal\/wp-json\/wp\/v2\/comments?post=8086"}],"version-history":[{"count":0,"href":"https:\/\/www.eldiario.net\/portal\/wp-json\/wp\/v2\/posts\/8086\/revisions"}],"wp:attachment":[{"href":"https:\/\/www.eldiario.net\/portal\/wp-json\/wp\/v2\/media?parent=8086"}],"wp:term":[{"taxonomy":"category","embeddable":true,"href":"https:\/\/www.eldiario.net\/portal\/wp-json\/wp\/v2\/categories?post=8086"},{"taxonomy":"post_tag","embeddable":true,"href":"https:\/\/www.eldiario.net\/portal\/wp-json\/wp\/v2\/tags?post=8086"}],"curies":[{"name":"wp","href":"https:\/\/api.w.org\/{rel}","templated":true}]}}