{"id":8080,"date":"2021-06-03T06:36:47","date_gmt":"2021-06-03T10:36:47","guid":{"rendered":"https:\/\/www.eldiario.net\/portal\/?p=8080"},"modified":"2021-06-03T06:36:47","modified_gmt":"2021-06-03T10:36:47","slug":"justicia-de-brasil-autoriza-investigacion-contra-ministro-de-medio-ambiente","status":"publish","type":"post","link":"https:\/\/www.eldiario.net\/portal\/2021\/06\/03\/justicia-de-brasil-autoriza-investigacion-contra-ministro-de-medio-ambiente\/","title":{"rendered":"Justicia de Brasil autoriza investigaci\u00f3n  contra ministro de Medio Ambiente"},"content":{"rendered":"<p>Brasilia.- Un juez del m\u00e1ximo tribunal de Brasil autoriz\u00f3 una investigaci\u00f3n penal contra el ministro de Medio Ambiente, Ricardo Salles, por supuestamente obstruir una investigaci\u00f3n policial sobre una tala ilegal, seg\u00fan un documento al que tuvo acceso Reuters el mi\u00e9rcoles.<\/p>\n<p>La decisi\u00f3n de la jueza Carmen Luc\u00eda se produjo en respuesta a una solicitud de la m\u00e1xima fiscal\u00eda de Brasil, conocido como PGR. Tambi\u00e9n llega cuando el gobierno del presidente Jair Bolsonaro enfrenta cr\u00edticas por el alto n\u00famero de muertes y casos de Covid-19 en el pa\u00eds.<\/p>\n<p>Un representante de Salles no respondi\u00f3 de inmediato a una solicitud de comentarios.<\/p>\n<p>Salles ha liderado las conversaciones entre Estados Unidos y Brasil sobre la financiaci\u00f3n para proteger la selva amaz\u00f3nica, la selva tropical m\u00e1s grande del mundo, que est\u00e1 amenazada por la tala y los incendios.<\/p>\n<p>El mes pasado, la polic\u00eda registr\u00f3 propiedades relacionadas con Salles y otros funcionarios en una investigaci\u00f3n por las acusaciones de que se permit\u00edan exportaciones ilegales de madera de la regi\u00f3n amaz\u00f3nica a Estados Unidos y Europa.<\/p>\n<p>El martes, la PGR solicit\u00f3 al Supremo Tribunal Federal autorizaci\u00f3n para investigar a Salles por sospecha de delitos administrativos y por supuestamente obstaculizar tanto las inspecciones ambientales como la investigaci\u00f3n del crimen organizado.<\/p>\n<p>Un coro creciente de defensores del medioambiente e inversores centrados en la sostenibilidad han exigido que Salles sea destituido como ministro por sus esfuerzos por hacer retroceder las protecciones ambientales en el pa\u00eds.<\/p>\n<p>El a\u00f1o pasado, un video de una reuni\u00f3n de gabinete mostr\u00f3 a Salles diciendo que el gobierno deber\u00eda aliviar las regulaciones ambientales mientras el p\u00fablico estaba distra\u00eddo por Covid-19. (Reuters)<\/p>\n","protected":false},"excerpt":{"rendered":"<p>Brasilia.- Un juez del m\u00e1ximo tribunal de Brasil autoriz\u00f3 una investigaci\u00f3n penal contra el ministro de Medio Ambiente, Ricardo Salles, por supuestamente obstruir una investigaci\u00f3n policial sobre una tala ilegal, seg\u00fan un documento al que tuvo acceso Reuters el mi\u00e9rcoles. La decisi\u00f3n de la jueza Carmen Luc\u00eda se produjo en respuesta a una solicitud de [&hellip;]<\/p>\n","protected":false},"author":1,"featured_media":8081,"comment_status":"closed","ping_status":"closed","sticky":false,"template":"","format":"standard","meta":{"_acf_changed":false,"footnotes":""},"categories":[3],"tags":[],"class_list":["post-8080","post","type-post","status-publish","format-standard","has-post-thumbnail","category-internacional"],"acf":{"antetitulo":""},"yoast_head":"<!-- This site is optimized with the Yoast SEO plugin v28.4 - https:\/\/yoast.com\/product\/yoast-seo-wordpress\/ -->\n<title>Justicia de Brasil autoriza investigaci\u00f3n contra ministro de Medio Ambiente - El Diario - Bolivia<\/title>\n<meta name=\"robots\" content=\"index, follow, max-snippet:-1, max-image-preview:large, max-video-preview:-1\" \/>\n<link rel=\"canonical\" href=\"https:\/\/www.eldiario.net\/portal\/2021\/06\/03\/justicia-de-brasil-autoriza-investigacion-contra-ministro-de-medio-ambiente\/\" \/>\n<meta property=\"og:locale\" content=\"es_ES\" \/>\n<meta property=\"og:type\" content=\"article\" \/>\n<meta property=\"og:title\" content=\"Justicia de Brasil autoriza investigaci\u00f3n contra ministro de Medio Ambiente - El Diario - Bolivia\" \/>\n<meta property=\"og:description\" content=\"Brasilia.- Un juez del m\u00e1ximo tribunal de Brasil autoriz\u00f3 una investigaci\u00f3n penal contra el ministro de Medio Ambiente, Ricardo Salles, por supuestamente obstruir una investigaci\u00f3n policial sobre una tala ilegal, seg\u00fan un documento al que tuvo acceso Reuters el mi\u00e9rcoles. La decisi\u00f3n de la jueza Carmen Luc\u00eda se produjo en respuesta a una solicitud de [&hellip;]\" \/>\n<meta property=\"og:url\" content=\"https:\/\/www.eldiario.net\/portal\/2021\/06\/03\/justicia-de-brasil-autoriza-investigacion-contra-ministro-de-medio-ambiente\/\" \/>\n<meta property=\"og:site_name\" content=\"El Diario - Bolivia\" \/>\n<meta property=\"article:publisher\" content=\"https:\/\/www.facebook.com\/eldiario.bolivia\/\" \/>\n<meta property=\"article:published_time\" content=\"2021-06-03T10:36:47+00:00\" \/>\n<meta name=\"author\" content=\"Jeanette\" \/>\n<meta name=\"twitter:card\" content=\"summary_large_image\" \/>\n<meta name=\"twitter:creator\" content=\"@eldiario_net\" \/>\n<meta name=\"twitter:site\" content=\"@eldiario_net\" \/>\n<meta name=\"twitter:label1\" content=\"Escrito por\" \/>\n\t<meta name=\"twitter:data1\" content=\"Jeanette\" \/>\n\t<meta name=\"twitter:label2\" content=\"Tiempo de lectura\" \/>\n\t<meta name=\"twitter:data2\" content=\"2 minutos\" \/>\n<script type=\"application\/ld+json\" class=\"yoast-schema-graph\">{\"@context\":\"https:\\\/\\\/schema.org\",\"@graph\":[{\"@type\":\"Article\",\"@id\":\"https:\\\/\\\/www.eldiario.net\\\/portal\\\/2021\\\/06\\\/03\\\/justicia-de-brasil-autoriza-investigacion-contra-ministro-de-medio-ambiente\\\/#article\",\"isPartOf\":{\"@id\":\"https:\\\/\\\/www.eldiario.net\\\/portal\\\/2021\\\/06\\\/03\\\/justicia-de-brasil-autoriza-investigacion-contra-ministro-de-medio-ambiente\\\/\"},\"author\":{\"name\":\"Jeanette\",\"@id\":\"https:\\\/\\\/www.eldiario.net\\\/portal\\\/#\\\/schema\\\/person\\\/f46445640444750d7d753ccd04ae01b7\"},\"headline\":\"Justicia de Brasil autoriza investigaci\u00f3n contra ministro de Medio Ambiente\",\"datePublished\":\"2021-06-03T10:36:47+00:00\",\"mainEntityOfPage\":{\"@id\":\"https:\\\/\\\/www.eldiario.net\\\/portal\\\/2021\\\/06\\\/03\\\/justicia-de-brasil-autoriza-investigacion-contra-ministro-de-medio-ambiente\\\/\"},\"wordCount\":307,\"publisher\":{\"@id\":\"https:\\\/\\\/www.eldiario.net\\\/portal\\\/#organization\"},\"image\":{\"@id\":\"https:\\\/\\\/www.eldiario.net\\\/portal\\\/2021\\\/06\\\/03\\\/justicia-de-brasil-autoriza-investigacion-contra-ministro-de-medio-ambiente\\\/#primaryimage\"},\"thumbnailUrl\":\"\",\"articleSection\":[\"Internacional\"],\"inLanguage\":\"es\"},{\"@type\":\"WebPage\",\"@id\":\"https:\\\/\\\/www.eldiario.net\\\/portal\\\/2021\\\/06\\\/03\\\/justicia-de-brasil-autoriza-investigacion-contra-ministro-de-medio-ambiente\\\/\",\"url\":\"https:\\\/\\\/www.eldiario.net\\\/portal\\\/2021\\\/06\\\/03\\\/justicia-de-brasil-autoriza-investigacion-contra-ministro-de-medio-ambiente\\\/\",\"name\":\"Justicia de Brasil autoriza investigaci\u00f3n contra ministro de Medio Ambiente - El Diario - Bolivia\",\"isPartOf\":{\"@id\":\"https:\\\/\\\/www.eldiario.net\\\/portal\\\/#website\"},\"primaryImageOfPage\":{\"@id\":\"https:\\\/\\\/www.eldiario.net\\\/portal\\\/2021\\\/06\\\/03\\\/justicia-de-brasil-autoriza-investigacion-contra-ministro-de-medio-ambiente\\\/#primaryimage\"},\"image\":{\"@id\":\"https:\\\/\\\/www.eldiario.net\\\/portal\\\/2021\\\/06\\\/03\\\/justicia-de-brasil-autoriza-investigacion-contra-ministro-de-medio-ambiente\\\/#primaryimage\"},\"thumbnailUrl\":\"\",\"datePublished\":\"2021-06-03T10:36:47+00:00\",\"breadcrumb\":{\"@id\":\"https:\\\/\\\/www.eldiario.net\\\/portal\\\/2021\\\/06\\\/03\\\/justicia-de-brasil-autoriza-investigacion-contra-ministro-de-medio-ambiente\\\/#breadcrumb\"},\"inLanguage\":\"es\",\"potentialAction\":[{\"@type\":\"ReadAction\",\"target\":[\"https:\\\/\\\/www.eldiario.net\\\/portal\\\/2021\\\/06\\\/03\\\/justicia-de-brasil-autoriza-investigacion-contra-ministro-de-medio-ambiente\\\/\"]}]},{\"@type\":\"ImageObject\",\"inLanguage\":\"es\",\"@id\":\"https:\\\/\\\/www.eldiario.net\\\/portal\\\/2021\\\/06\\\/03\\\/justicia-de-brasil-autoriza-investigacion-contra-ministro-de-medio-ambiente\\\/#primaryimage\",\"url\":\"\",\"contentUrl\":\"\"},{\"@type\":\"BreadcrumbList\",\"@id\":\"https:\\\/\\\/www.eldiario.net\\\/portal\\\/2021\\\/06\\\/03\\\/justicia-de-brasil-autoriza-investigacion-contra-ministro-de-medio-ambiente\\\/#breadcrumb\",\"itemListElement\":[{\"@type\":\"ListItem\",\"position\":1,\"name\":\"Portada\",\"item\":\"https:\\\/\\\/www.eldiario.net\\\/portal\\\/\"},{\"@type\":\"ListItem\",\"position\":2,\"name\":\"Justicia de Brasil autoriza investigaci\u00f3n contra ministro de Medio Ambiente\"}]},{\"@type\":\"WebSite\",\"@id\":\"https:\\\/\\\/www.eldiario.net\\\/portal\\\/#website\",\"url\":\"https:\\\/\\\/www.eldiario.net\\\/portal\\\/\",\"name\":\"El Diario - Decano de la prensa nacional\",\"description\":\"El Diario - Decano de la prensa nacional\",\"publisher\":{\"@id\":\"https:\\\/\\\/www.eldiario.net\\\/portal\\\/#organization\"},\"potentialAction\":[{\"@type\":\"SearchAction\",\"target\":{\"@type\":\"EntryPoint\",\"urlTemplate\":\"https:\\\/\\\/www.eldiario.net\\\/portal\\\/?s={search_term_string}\"},\"query-input\":{\"@type\":\"PropertyValueSpecification\",\"valueRequired\":true,\"valueName\":\"search_term_string\"}}],\"inLanguage\":\"es\"},{\"@type\":\"Organization\",\"@id\":\"https:\\\/\\\/www.eldiario.net\\\/portal\\\/#organization\",\"name\":\"El Diario - Decano de la prensa nacional\",\"url\":\"https:\\\/\\\/www.eldiario.net\\\/portal\\\/\",\"logo\":{\"@type\":\"ImageObject\",\"inLanguage\":\"es\",\"@id\":\"https:\\\/\\\/www.eldiario.net\\\/portal\\\/#\\\/schema\\\/logo\\\/image\\\/\",\"url\":\"https:\\\/\\\/www.eldiario.net\\\/portal\\\/wp-content\\\/uploads\\\/2023\\\/07\\\/logo_ED.jpg\",\"contentUrl\":\"https:\\\/\\\/www.eldiario.net\\\/portal\\\/wp-content\\\/uploads\\\/2023\\\/07\\\/logo_ED.jpg\",\"width\":272,\"height\":52,\"caption\":\"El Diario - Decano de la prensa nacional\"},\"image\":{\"@id\":\"https:\\\/\\\/www.eldiario.net\\\/portal\\\/#\\\/schema\\\/logo\\\/image\\\/\"},\"sameAs\":[\"https:\\\/\\\/www.facebook.com\\\/eldiario.bolivia\\\/\",\"https:\\\/\\\/x.com\\\/eldiario_net\"]},{\"@type\":\"Person\",\"@id\":\"https:\\\/\\\/www.eldiario.net\\\/portal\\\/#\\\/schema\\\/person\\\/f46445640444750d7d753ccd04ae01b7\",\"name\":\"Jeanette\",\"image\":{\"@type\":\"ImageObject\",\"inLanguage\":\"es\",\"@id\":\"https:\\\/\\\/secure.gravatar.com\\\/avatar\\\/3ea2118a5f7dad2b7138b1187a6b7ee55f160b9968b66013c3a3ef39dd7e5798?s=96&d=mm&r=g\",\"url\":\"https:\\\/\\\/secure.gravatar.com\\\/avatar\\\/3ea2118a5f7dad2b7138b1187a6b7ee55f160b9968b66013c3a3ef39dd7e5798?s=96&d=mm&r=g\",\"contentUrl\":\"https:\\\/\\\/secure.gravatar.com\\\/avatar\\\/3ea2118a5f7dad2b7138b1187a6b7ee55f160b9968b66013c3a3ef39dd7e5798?s=96&d=mm&r=g\",\"caption\":\"Jeanette\"},\"sameAs\":[\"https:\\\/\\\/www.eldiario.net\\\/portal\"],\"url\":\"https:\\\/\\\/www.eldiario.net\\\/portal\\\/author\\\/jeanette\\\/\"}]}<\/script>\n<!-- \/ Yoast SEO plugin. -->","yoast_head_json":{"title":"Justicia de Brasil autoriza investigaci\u00f3n contra ministro de Medio Ambiente - El Diario - Bolivia","robots":{"index":"index","follow":"follow","max-snippet":"max-snippet:-1","max-image-preview":"max-image-preview:large","max-video-preview":"max-video-preview:-1"},"canonical":"https:\/\/www.eldiario.net\/portal\/2021\/06\/03\/justicia-de-brasil-autoriza-investigacion-contra-ministro-de-medio-ambiente\/","og_locale":"es_ES","og_type":"article","og_title":"Justicia de Brasil autoriza investigaci\u00f3n contra ministro de Medio Ambiente - El Diario - Bolivia","og_description":"Brasilia.- Un juez del m\u00e1ximo tribunal de Brasil autoriz\u00f3 una investigaci\u00f3n penal contra el ministro de Medio Ambiente, Ricardo Salles, por supuestamente obstruir una investigaci\u00f3n policial sobre una tala ilegal, seg\u00fan un documento al que tuvo acceso Reuters el mi\u00e9rcoles. La decisi\u00f3n de la jueza Carmen Luc\u00eda se produjo en respuesta a una solicitud de [&hellip;]","og_url":"https:\/\/www.eldiario.net\/portal\/2021\/06\/03\/justicia-de-brasil-autoriza-investigacion-contra-ministro-de-medio-ambiente\/","og_site_name":"El Diario - Bolivia","article_publisher":"https:\/\/www.facebook.com\/eldiario.bolivia\/","article_published_time":"2021-06-03T10:36:47+00:00","author":"Jeanette","twitter_card":"summary_large_image","twitter_creator":"@eldiario_net","twitter_site":"@eldiario_net","twitter_misc":{"Escrito por":"Jeanette","Tiempo de lectura":"2 minutos"},"schema":{"@context":"https:\/\/schema.org","@graph":[{"@type":"Article","@id":"https:\/\/www.eldiario.net\/portal\/2021\/06\/03\/justicia-de-brasil-autoriza-investigacion-contra-ministro-de-medio-ambiente\/#article","isPartOf":{"@id":"https:\/\/www.eldiario.net\/portal\/2021\/06\/03\/justicia-de-brasil-autoriza-investigacion-contra-ministro-de-medio-ambiente\/"},"author":{"name":"Jeanette","@id":"https:\/\/www.eldiario.net\/portal\/#\/schema\/person\/f46445640444750d7d753ccd04ae01b7"},"headline":"Justicia de Brasil autoriza investigaci\u00f3n contra ministro de Medio Ambiente","datePublished":"2021-06-03T10:36:47+00:00","mainEntityOfPage":{"@id":"https:\/\/www.eldiario.net\/portal\/2021\/06\/03\/justicia-de-brasil-autoriza-investigacion-contra-ministro-de-medio-ambiente\/"},"wordCount":307,"publisher":{"@id":"https:\/\/www.eldiario.net\/portal\/#organization"},"image":{"@id":"https:\/\/www.eldiario.net\/portal\/2021\/06\/03\/justicia-de-brasil-autoriza-investigacion-contra-ministro-de-medio-ambiente\/#primaryimage"},"thumbnailUrl":"","articleSection":["Internacional"],"inLanguage":"es"},{"@type":"WebPage","@id":"https:\/\/www.eldiario.net\/portal\/2021\/06\/03\/justicia-de-brasil-autoriza-investigacion-contra-ministro-de-medio-ambiente\/","url":"https:\/\/www.eldiario.net\/portal\/2021\/06\/03\/justicia-de-brasil-autoriza-investigacion-contra-ministro-de-medio-ambiente\/","name":"Justicia de Brasil autoriza investigaci\u00f3n contra ministro de Medio Ambiente - El Diario - Bolivia","isPartOf":{"@id":"https:\/\/www.eldiario.net\/portal\/#website"},"primaryImageOfPage":{"@id":"https:\/\/www.eldiario.net\/portal\/2021\/06\/03\/justicia-de-brasil-autoriza-investigacion-contra-ministro-de-medio-ambiente\/#primaryimage"},"image":{"@id":"https:\/\/www.eldiario.net\/portal\/2021\/06\/03\/justicia-de-brasil-autoriza-investigacion-contra-ministro-de-medio-ambiente\/#primaryimage"},"thumbnailUrl":"","datePublished":"2021-06-03T10:36:47+00:00","breadcrumb":{"@id":"https:\/\/www.eldiario.net\/portal\/2021\/06\/03\/justicia-de-brasil-autoriza-investigacion-contra-ministro-de-medio-ambiente\/#breadcrumb"},"inLanguage":"es","potentialAction":[{"@type":"ReadAction","target":["https:\/\/www.eldiario.net\/portal\/2021\/06\/03\/justicia-de-brasil-autoriza-investigacion-contra-ministro-de-medio-ambiente\/"]}]},{"@type":"ImageObject","inLanguage":"es","@id":"https:\/\/www.eldiario.net\/portal\/2021\/06\/03\/justicia-de-brasil-autoriza-investigacion-contra-ministro-de-medio-ambiente\/#primaryimage","url":"","contentUrl":""},{"@type":"BreadcrumbList","@id":"https:\/\/www.eldiario.net\/portal\/2021\/06\/03\/justicia-de-brasil-autoriza-investigacion-contra-ministro-de-medio-ambiente\/#breadcrumb","itemListElement":[{"@type":"ListItem","position":1,"name":"Portada","item":"https:\/\/www.eldiario.net\/portal\/"},{"@type":"ListItem","position":2,"name":"Justicia de Brasil autoriza investigaci\u00f3n contra ministro de Medio Ambiente"}]},{"@type":"WebSite","@id":"https:\/\/www.eldiario.net\/portal\/#website","url":"https:\/\/www.eldiario.net\/portal\/","name":"El Diario - Decano de la prensa nacional","description":"El Diario - Decano de la prensa nacional","publisher":{"@id":"https:\/\/www.eldiario.net\/portal\/#organization"},"potentialAction":[{"@type":"SearchAction","target":{"@type":"EntryPoint","urlTemplate":"https:\/\/www.eldiario.net\/portal\/?s={search_term_string}"},"query-input":{"@type":"PropertyValueSpecification","valueRequired":true,"valueName":"search_term_string"}}],"inLanguage":"es"},{"@type":"Organization","@id":"https:\/\/www.eldiario.net\/portal\/#organization","name":"El Diario - Decano de la prensa nacional","url":"https:\/\/www.eldiario.net\/portal\/","logo":{"@type":"ImageObject","inLanguage":"es","@id":"https:\/\/www.eldiario.net\/portal\/#\/schema\/logo\/image\/","url":"https:\/\/www.eldiario.net\/portal\/wp-content\/uploads\/2023\/07\/logo_ED.jpg","contentUrl":"https:\/\/www.eldiario.net\/portal\/wp-content\/uploads\/2023\/07\/logo_ED.jpg","width":272,"height":52,"caption":"El Diario - Decano de la prensa nacional"},"image":{"@id":"https:\/\/www.eldiario.net\/portal\/#\/schema\/logo\/image\/"},"sameAs":["https:\/\/www.facebook.com\/eldiario.bolivia\/","https:\/\/x.com\/eldiario_net"]},{"@type":"Person","@id":"https:\/\/www.eldiario.net\/portal\/#\/schema\/person\/f46445640444750d7d753ccd04ae01b7","name":"Jeanette","image":{"@type":"ImageObject","inLanguage":"es","@id":"https:\/\/secure.gravatar.com\/avatar\/3ea2118a5f7dad2b7138b1187a6b7ee55f160b9968b66013c3a3ef39dd7e5798?s=96&d=mm&r=g","url":"https:\/\/secure.gravatar.com\/avatar\/3ea2118a5f7dad2b7138b1187a6b7ee55f160b9968b66013c3a3ef39dd7e5798?s=96&d=mm&r=g","contentUrl":"https:\/\/secure.gravatar.com\/avatar\/3ea2118a5f7dad2b7138b1187a6b7ee55f160b9968b66013c3a3ef39dd7e5798?s=96&d=mm&r=g","caption":"Jeanette"},"sameAs":["https:\/\/www.eldiario.net\/portal"],"url":"https:\/\/www.eldiario.net\/portal\/author\/jeanette\/"}]}},"_links":{"self":[{"href":"https:\/\/www.eldiario.net\/portal\/wp-json\/wp\/v2\/posts\/8080","targetHints":{"allow":["GET"]}}],"collection":[{"href":"https:\/\/www.eldiario.net\/portal\/wp-json\/wp\/v2\/posts"}],"about":[{"href":"https:\/\/www.eldiario.net\/portal\/wp-json\/wp\/v2\/types\/post"}],"author":[{"embeddable":true,"href":"https:\/\/www.eldiario.net\/portal\/wp-json\/wp\/v2\/users\/1"}],"replies":[{"embeddable":true,"href":"https:\/\/www.eldiario.net\/portal\/wp-json\/wp\/v2\/comments?post=8080"}],"version-history":[{"count":0,"href":"https:\/\/www.eldiario.net\/portal\/wp-json\/wp\/v2\/posts\/8080\/revisions"}],"wp:attachment":[{"href":"https:\/\/www.eldiario.net\/portal\/wp-json\/wp\/v2\/media?parent=8080"}],"wp:term":[{"taxonomy":"category","embeddable":true,"href":"https:\/\/www.eldiario.net\/portal\/wp-json\/wp\/v2\/categories?post=8080"},{"taxonomy":"post_tag","embeddable":true,"href":"https:\/\/www.eldiario.net\/portal\/wp-json\/wp\/v2\/tags?post=8080"}],"curies":[{"name":"wp","href":"https:\/\/api.w.org\/{rel}","templated":true}]}}